{"id":36168,"date":"2018-02-09T12:04:21","date_gmt":"2018-02-09T11:04:21","guid":{"rendered":"http:\/\/marieclaire.be\/fr\/?p=36168"},"modified":"2018-02-09T12:00:07","modified_gmt":"2018-02-09T11:00:07","slug":"nyden-afound-nouvelles-marques-hm","status":"publish","type":"post","link":"https:\/\/marieclaire.be\/fr\/nyden-afound-nouvelles-marques-hm\/","title":{"rendered":"Ce que l&#8217;on sait sur \/Nyden et Afound, les deux nouvelles marques d&#8217;H&#038;M"},"content":{"rendered":"","protected":false},"excerpt":{"rendered":"H&amp;M continue d&#8217;\u00e9tendre son empire. ...","protected":false},"author":8,"featured_media":36176,"comment_status":"closed","ping_status":"closed","sticky":false,"template":"","format":"standard","meta":{"_acf_changed":false,"footnotes":""},"categories":[6,24],"tags":[3089,3090,1347,374,122],"class_list":["post-36168","post","type-post","status-publish","format-standard","has-post-thumbnail","hentry","category-mode","category-tendances","tag-nyden","tag-afound","tag-arket","tag-hm","tag-mode"],"acf":[],"_yoast_wpseo_title":"Ce qu'on sait sur \/Nyden et Afound, les deux nouvelles marques d'H&M","_yoast_wpseo_metadesc":"H&M continue d'\u00e9tendre son empire. Prochainement, le groupe su\u00e9dois lancera deux nouveaux concepts; \/Nyden et Afound.","image_verticale":null,"yoast_head":"<!-- This site is optimized with the Yoast SEO plugin v27.3 - https:\/\/yoast.com\/product\/yoast-seo-wordpress\/ -->\n<title>Ce qu&#039;on sait sur \/Nyden et Afound, les deux nouvelles marques d&#039;H&amp;M<\/title>\n<meta name=\"description\" content=\"H&amp;M continue d&#039;\u00e9tendre son empire. Prochainement, le groupe su\u00e9dois lancera deux nouveaux concepts; \/Nyden et Afound.\" \/>\n<meta name=\"robots\" content=\"index, follow, max-snippet:-1, max-image-preview:large, max-video-preview:-1\" \/>\n<link rel=\"canonical\" href=\"https:\/\/marieclaire.be\/fr\/nyden-afound-nouvelles-marques-hm\/\" \/>\n<meta property=\"og:locale\" content=\"fr_FR\" \/>\n<meta property=\"og:type\" content=\"article\" \/>\n<meta property=\"og:title\" content=\"Ce qu&#039;on sait sur \/Nyden et Afound, les deux nouvelles marques d&#039;H&amp;M\" \/>\n<meta property=\"og:description\" content=\"H&amp;M continue d&#039;\u00e9tendre son empire. Prochainement, le groupe su\u00e9dois lancera deux nouveaux concepts; \/Nyden et Afound.\" \/>\n<meta property=\"og:url\" content=\"https:\/\/marieclaire.be\/fr\/nyden-afound-nouvelles-marques-hm\/\" \/>\n<meta property=\"og:site_name\" content=\"Marie Claire Belgique\" \/>\n<meta property=\"article:publisher\" content=\"https:\/\/www.facebook.com\/MarieClaire.Belgique\/\" \/>\n<meta property=\"article:published_time\" content=\"2018-02-09T11:04:21+00:00\" \/>\n<meta property=\"og:image\" content=\"https:\/\/marieclaire.be\/fr\/wp-content\/uploads\/2018\/02\/marieclaire_nyden.png\" \/>\n\t<meta property=\"og:image:width\" content=\"1050\" \/>\n\t<meta property=\"og:image:height\" content=\"550\" \/>\n\t<meta property=\"og:image:type\" content=\"image\/png\" \/>\n<meta name=\"author\" content=\"Marie Claire\" \/>\n<meta name=\"twitter:label1\" content=\"\u00c9crit par\" \/>\n\t<meta name=\"twitter:data1\" content=\"Marie Claire\" \/>\n\t<meta name=\"twitter:label2\" content=\"Dur\u00e9e de lecture estim\u00e9e\" \/>\n\t<meta name=\"twitter:data2\" content=\"2 minutes\" \/>\n<script type=\"application\/ld+json\" class=\"yoast-schema-graph\">{\"@context\":\"https:\\\/\\\/schema.org\",\"@graph\":[{\"@type\":\"NewsArticle\",\"@id\":\"https:\\\/\\\/marieclaire.be\\\/fr\\\/nyden-afound-nouvelles-marques-hm\\\/#article\",\"isPartOf\":{\"@id\":\"https:\\\/\\\/marieclaire.be\\\/fr\\\/nyden-afound-nouvelles-marques-hm\\\/\"},\"author\":{\"name\":\"Marie Claire\",\"@id\":\"https:\\\/\\\/marieclaire.be\\\/fr\\\/#\\\/schema\\\/person\\\/6a5bc4eb4707dbc5cb47d17804a85f8c\"},\"headline\":\"Ce que l&#8217;on sait sur \\\/Nyden et Afound, les deux nouvelles marques d&#8217;H&#038;M\",\"datePublished\":\"2018-02-09T11:04:21+00:00\",\"mainEntityOfPage\":{\"@id\":\"https:\\\/\\\/marieclaire.be\\\/fr\\\/nyden-afound-nouvelles-marques-hm\\\/\"},\"wordCount\":467,\"publisher\":{\"@id\":\"https:\\\/\\\/marieclaire.be\\\/fr\\\/#organization\"},\"image\":{\"@id\":\"https:\\\/\\\/marieclaire.be\\\/fr\\\/nyden-afound-nouvelles-marques-hm\\\/#primaryimage\"},\"thumbnailUrl\":\"https:\\\/\\\/marieclaire.be\\\/fr\\\/wp-content\\\/uploads\\\/2018\\\/02\\\/marieclaire_nyden.png\",\"keywords\":[\"\\\/Nyden\",\"Afound\",\"Arket\",\"H&amp;M\",\"mode\"],\"articleSection\":[\"Mode\",\"Tendances\"],\"inLanguage\":\"fr-FR\"},{\"@type\":\"WebPage\",\"@id\":\"https:\\\/\\\/marieclaire.be\\\/fr\\\/nyden-afound-nouvelles-marques-hm\\\/\",\"url\":\"https:\\\/\\\/marieclaire.be\\\/fr\\\/nyden-afound-nouvelles-marques-hm\\\/\",\"name\":\"Ce qu'on sait sur \\\/Nyden et Afound, les deux nouvelles marques d'H&M\",\"isPartOf\":{\"@id\":\"https:\\\/\\\/marieclaire.be\\\/fr\\\/#website\"},\"primaryImageOfPage\":{\"@id\":\"https:\\\/\\\/marieclaire.be\\\/fr\\\/nyden-afound-nouvelles-marques-hm\\\/#primaryimage\"},\"image\":{\"@id\":\"https:\\\/\\\/marieclaire.be\\\/fr\\\/nyden-afound-nouvelles-marques-hm\\\/#primaryimage\"},\"thumbnailUrl\":\"https:\\\/\\\/marieclaire.be\\\/fr\\\/wp-content\\\/uploads\\\/2018\\\/02\\\/marieclaire_nyden.png\",\"datePublished\":\"2018-02-09T11:04:21+00:00\",\"description\":\"H&M continue d'\u00e9tendre son empire. Prochainement, le groupe su\u00e9dois lancera deux nouveaux concepts; \\\/Nyden et Afound.\",\"breadcrumb\":{\"@id\":\"https:\\\/\\\/marieclaire.be\\\/fr\\\/nyden-afound-nouvelles-marques-hm\\\/#breadcrumb\"},\"inLanguage\":\"fr-FR\",\"potentialAction\":[{\"@type\":\"ReadAction\",\"target\":[\"https:\\\/\\\/marieclaire.be\\\/fr\\\/nyden-afound-nouvelles-marques-hm\\\/\"]}]},{\"@type\":\"ImageObject\",\"inLanguage\":\"fr-FR\",\"@id\":\"https:\\\/\\\/marieclaire.be\\\/fr\\\/nyden-afound-nouvelles-marques-hm\\\/#primaryimage\",\"url\":\"https:\\\/\\\/marieclaire.be\\\/fr\\\/wp-content\\\/uploads\\\/2018\\\/02\\\/marieclaire_nyden.png\",\"contentUrl\":\"https:\\\/\\\/marieclaire.be\\\/fr\\\/wp-content\\\/uploads\\\/2018\\\/02\\\/marieclaire_nyden.png\",\"width\":1050,\"height\":550,\"caption\":\"A.g. Instagram @wearenyden - A.d. Instagram @afoundofficial\"},{\"@type\":\"BreadcrumbList\",\"@id\":\"https:\\\/\\\/marieclaire.be\\\/fr\\\/nyden-afound-nouvelles-marques-hm\\\/#breadcrumb\",\"itemListElement\":[{\"@type\":\"ListItem\",\"position\":1,\"name\":\"Accueil\",\"item\":\"https:\\\/\\\/marieclaire.be\\\/fr\\\/\"},{\"@type\":\"ListItem\",\"position\":2,\"name\":\"Ce que l&rsquo;on sait sur \\\/Nyden et Afound, les deux nouvelles marques d&rsquo;H&#038;M\"}]},{\"@type\":\"WebSite\",\"@id\":\"https:\\\/\\\/marieclaire.be\\\/fr\\\/#website\",\"url\":\"https:\\\/\\\/marieclaire.be\\\/fr\\\/\",\"name\":\"Marie Claire Belgique\",\"description\":\"Marie Claire Belgique, le magazine du style et de l\u2019intelligence qui parle de mode, des tendances, de la beaut\u00e9, de l\u2019actualit\u00e9 et de la culture\",\"publisher\":{\"@id\":\"https:\\\/\\\/marieclaire.be\\\/fr\\\/#organization\"},\"potentialAction\":[{\"@type\":\"SearchAction\",\"target\":{\"@type\":\"EntryPoint\",\"urlTemplate\":\"https:\\\/\\\/marieclaire.be\\\/fr\\\/?s={search_term_string}\"},\"query-input\":{\"@type\":\"PropertyValueSpecification\",\"valueRequired\":true,\"valueName\":\"search_term_string\"}}],\"inLanguage\":\"fr-FR\"},{\"@type\":\"Organization\",\"@id\":\"https:\\\/\\\/marieclaire.be\\\/fr\\\/#organization\",\"name\":\"Marie Claire\",\"url\":\"https:\\\/\\\/marieclaire.be\\\/fr\\\/\",\"logo\":{\"@type\":\"ImageObject\",\"inLanguage\":\"fr-FR\",\"@id\":\"https:\\\/\\\/marieclaire.be\\\/fr\\\/#\\\/schema\\\/logo\\\/image\\\/\",\"url\":\"https:\\\/\\\/marieclaire.be\\\/fr\\\/wp-content\\\/uploads\\\/2018\\\/05\\\/mc-logo2.png\",\"contentUrl\":\"https:\\\/\\\/marieclaire.be\\\/fr\\\/wp-content\\\/uploads\\\/2018\\\/05\\\/mc-logo2.png\",\"width\":1001,\"height\":189,\"caption\":\"Marie Claire\"},\"image\":{\"@id\":\"https:\\\/\\\/marieclaire.be\\\/fr\\\/#\\\/schema\\\/logo\\\/image\\\/\"},\"sameAs\":[\"https:\\\/\\\/www.facebook.com\\\/MarieClaire.Belgique\\\/\",\"https:\\\/\\\/www.instagram.com\\\/marieclaire_belgique\\\/\",\"https:\\\/\\\/fr.pinterest.com\\\/marieclairebe\\\/\",\"https:\\\/\\\/www.youtube.com\\\/user\\\/BelgiumMarieClaire\"]},{\"@type\":\"Person\",\"@id\":\"https:\\\/\\\/marieclaire.be\\\/fr\\\/#\\\/schema\\\/person\\\/6a5bc4eb4707dbc5cb47d17804a85f8c\",\"name\":\"Marie Claire\",\"image\":{\"@type\":\"ImageObject\",\"inLanguage\":\"fr-FR\",\"@id\":\"https:\\\/\\\/marieclaire.be\\\/fr\\\/wp-content\\\/uploads\\\/2016\\\/11\\\/mclogo-96x96.jpg\",\"url\":\"https:\\\/\\\/marieclaire.be\\\/fr\\\/wp-content\\\/uploads\\\/2016\\\/11\\\/mclogo-96x96.jpg\",\"contentUrl\":\"https:\\\/\\\/marieclaire.be\\\/fr\\\/wp-content\\\/uploads\\\/2016\\\/11\\\/mclogo-96x96.jpg\",\"caption\":\"Marie Claire\"},\"url\":\"https:\\\/\\\/marieclaire.be\\\/fr\\\/author\\\/stagiaire\\\/\"}]}<\/script>\n<!-- \/ Yoast SEO plugin. -->","yoast_head_json":{"title":"Ce qu'on sait sur \/Nyden et Afound, les deux nouvelles marques d'H&M","description":"H&M continue d'\u00e9tendre son empire. Prochainement, le groupe su\u00e9dois lancera deux nouveaux concepts; \/Nyden et Afound.","robots":{"index":"index","follow":"follow","max-snippet":"max-snippet:-1","max-image-preview":"max-image-preview:large","max-video-preview":"max-video-preview:-1"},"canonical":"https:\/\/marieclaire.be\/fr\/nyden-afound-nouvelles-marques-hm\/","og_locale":"fr_FR","og_type":"article","og_title":"Ce qu'on sait sur \/Nyden et Afound, les deux nouvelles marques d'H&M","og_description":"H&M continue d'\u00e9tendre son empire. Prochainement, le groupe su\u00e9dois lancera deux nouveaux concepts; \/Nyden et Afound.","og_url":"https:\/\/marieclaire.be\/fr\/nyden-afound-nouvelles-marques-hm\/","og_site_name":"Marie Claire Belgique","article_publisher":"https:\/\/www.facebook.com\/MarieClaire.Belgique\/","article_published_time":"2018-02-09T11:04:21+00:00","og_image":[{"width":1050,"height":550,"url":"https:\/\/marieclaire.be\/fr\/wp-content\/uploads\/2018\/02\/marieclaire_nyden.png","type":"image\/png"}],"author":"Marie Claire","twitter_misc":{"\u00c9crit par":"Marie Claire","Dur\u00e9e de lecture estim\u00e9e":"2 minutes"},"schema":{"@context":"https:\/\/schema.org","@graph":[{"@type":"NewsArticle","@id":"https:\/\/marieclaire.be\/fr\/nyden-afound-nouvelles-marques-hm\/#article","isPartOf":{"@id":"https:\/\/marieclaire.be\/fr\/nyden-afound-nouvelles-marques-hm\/"},"author":{"name":"Marie Claire","@id":"https:\/\/marieclaire.be\/fr\/#\/schema\/person\/6a5bc4eb4707dbc5cb47d17804a85f8c"},"headline":"Ce que l&#8217;on sait sur \/Nyden et Afound, les deux nouvelles marques d&#8217;H&#038;M","datePublished":"2018-02-09T11:04:21+00:00","mainEntityOfPage":{"@id":"https:\/\/marieclaire.be\/fr\/nyden-afound-nouvelles-marques-hm\/"},"wordCount":467,"publisher":{"@id":"https:\/\/marieclaire.be\/fr\/#organization"},"image":{"@id":"https:\/\/marieclaire.be\/fr\/nyden-afound-nouvelles-marques-hm\/#primaryimage"},"thumbnailUrl":"https:\/\/marieclaire.be\/fr\/wp-content\/uploads\/2018\/02\/marieclaire_nyden.png","keywords":["\/Nyden","Afound","Arket","H&amp;M","mode"],"articleSection":["Mode","Tendances"],"inLanguage":"fr-FR"},{"@type":"WebPage","@id":"https:\/\/marieclaire.be\/fr\/nyden-afound-nouvelles-marques-hm\/","url":"https:\/\/marieclaire.be\/fr\/nyden-afound-nouvelles-marques-hm\/","name":"Ce qu'on sait sur \/Nyden et Afound, les deux nouvelles marques d'H&M","isPartOf":{"@id":"https:\/\/marieclaire.be\/fr\/#website"},"primaryImageOfPage":{"@id":"https:\/\/marieclaire.be\/fr\/nyden-afound-nouvelles-marques-hm\/#primaryimage"},"image":{"@id":"https:\/\/marieclaire.be\/fr\/nyden-afound-nouvelles-marques-hm\/#primaryimage"},"thumbnailUrl":"https:\/\/marieclaire.be\/fr\/wp-content\/uploads\/2018\/02\/marieclaire_nyden.png","datePublished":"2018-02-09T11:04:21+00:00","description":"H&M continue d'\u00e9tendre son empire. Prochainement, le groupe su\u00e9dois lancera deux nouveaux concepts; \/Nyden et Afound.","breadcrumb":{"@id":"https:\/\/marieclaire.be\/fr\/nyden-afound-nouvelles-marques-hm\/#breadcrumb"},"inLanguage":"fr-FR","potentialAction":[{"@type":"ReadAction","target":["https:\/\/marieclaire.be\/fr\/nyden-afound-nouvelles-marques-hm\/"]}]},{"@type":"ImageObject","inLanguage":"fr-FR","@id":"https:\/\/marieclaire.be\/fr\/nyden-afound-nouvelles-marques-hm\/#primaryimage","url":"https:\/\/marieclaire.be\/fr\/wp-content\/uploads\/2018\/02\/marieclaire_nyden.png","contentUrl":"https:\/\/marieclaire.be\/fr\/wp-content\/uploads\/2018\/02\/marieclaire_nyden.png","width":1050,"height":550,"caption":"A.g. Instagram @wearenyden - A.d. Instagram @afoundofficial"},{"@type":"BreadcrumbList","@id":"https:\/\/marieclaire.be\/fr\/nyden-afound-nouvelles-marques-hm\/#breadcrumb","itemListElement":[{"@type":"ListItem","position":1,"name":"Accueil","item":"https:\/\/marieclaire.be\/fr\/"},{"@type":"ListItem","position":2,"name":"Ce que l&rsquo;on sait sur \/Nyden et Afound, les deux nouvelles marques d&rsquo;H&#038;M"}]},{"@type":"WebSite","@id":"https:\/\/marieclaire.be\/fr\/#website","url":"https:\/\/marieclaire.be\/fr\/","name":"Marie Claire Belgique","description":"Marie Claire Belgique, le magazine du style et de l\u2019intelligence qui parle de mode, des tendances, de la beaut\u00e9, de l\u2019actualit\u00e9 et de la culture","publisher":{"@id":"https:\/\/marieclaire.be\/fr\/#organization"},"potentialAction":[{"@type":"SearchAction","target":{"@type":"EntryPoint","urlTemplate":"https:\/\/marieclaire.be\/fr\/?s={search_term_string}"},"query-input":{"@type":"PropertyValueSpecification","valueRequired":true,"valueName":"search_term_string"}}],"inLanguage":"fr-FR"},{"@type":"Organization","@id":"https:\/\/marieclaire.be\/fr\/#organization","name":"Marie Claire","url":"https:\/\/marieclaire.be\/fr\/","logo":{"@type":"ImageObject","inLanguage":"fr-FR","@id":"https:\/\/marieclaire.be\/fr\/#\/schema\/logo\/image\/","url":"https:\/\/marieclaire.be\/fr\/wp-content\/uploads\/2018\/05\/mc-logo2.png","contentUrl":"https:\/\/marieclaire.be\/fr\/wp-content\/uploads\/2018\/05\/mc-logo2.png","width":1001,"height":189,"caption":"Marie Claire"},"image":{"@id":"https:\/\/marieclaire.be\/fr\/#\/schema\/logo\/image\/"},"sameAs":["https:\/\/www.facebook.com\/MarieClaire.Belgique\/","https:\/\/www.instagram.com\/marieclaire_belgique\/","https:\/\/fr.pinterest.com\/marieclairebe\/","https:\/\/www.youtube.com\/user\/BelgiumMarieClaire"]},{"@type":"Person","@id":"https:\/\/marieclaire.be\/fr\/#\/schema\/person\/6a5bc4eb4707dbc5cb47d17804a85f8c","name":"Marie Claire","image":{"@type":"ImageObject","inLanguage":"fr-FR","@id":"https:\/\/marieclaire.be\/fr\/wp-content\/uploads\/2016\/11\/mclogo-96x96.jpg","url":"https:\/\/marieclaire.be\/fr\/wp-content\/uploads\/2016\/11\/mclogo-96x96.jpg","contentUrl":"https:\/\/marieclaire.be\/fr\/wp-content\/uploads\/2016\/11\/mclogo-96x96.jpg","caption":"Marie Claire"},"url":"https:\/\/marieclaire.be\/fr\/author\/stagiaire\/"}]}},"_links":{"self":[{"href":"https:\/\/marieclaire.be\/fr\/wp-json\/wp\/v2\/posts\/36168","targetHints":{"allow":["GET"]}}],"collection":[{"href":"https:\/\/marieclaire.be\/fr\/wp-json\/wp\/v2\/posts"}],"about":[{"href":"https:\/\/marieclaire.be\/fr\/wp-json\/wp\/v2\/types\/post"}],"author":[{"embeddable":true,"href":"https:\/\/marieclaire.be\/fr\/wp-json\/wp\/v2\/users\/8"}],"replies":[{"embeddable":true,"href":"https:\/\/marieclaire.be\/fr\/wp-json\/wp\/v2\/comments?post=36168"}],"version-history":[{"count":0,"href":"https:\/\/marieclaire.be\/fr\/wp-json\/wp\/v2\/posts\/36168\/revisions"}],"wp:featuredmedia":[{"embeddable":true,"href":"https:\/\/marieclaire.be\/fr\/wp-json\/wp\/v2\/media\/36176"}],"wp:attachment":[{"href":"https:\/\/marieclaire.be\/fr\/wp-json\/wp\/v2\/media?parent=36168"}],"wp:term":[{"taxonomy":"category","embeddable":true,"href":"https:\/\/marieclaire.be\/fr\/wp-json\/wp\/v2\/categories?post=36168"},{"taxonomy":"post_tag","embeddable":true,"href":"https:\/\/marieclaire.be\/fr\/wp-json\/wp\/v2\/tags?post=36168"}],"curies":[{"name":"wp","href":"https:\/\/api.w.org\/{rel}","templated":true}]}}