{"id":35054,"date":"2018-01-28T09:19:15","date_gmt":"2018-01-28T08:19:15","guid":{"rendered":"http:\/\/marieclaire.be\/fr\/?p=35054"},"modified":"2019-01-21T12:43:18","modified_gmt":"2019-01-21T11:43:18","slug":"lagom-bien-etre-a-suedoise","status":"publish","type":"post","link":"https:\/\/marieclaire.be\/fr\/lagom-bien-etre-a-suedoise\/","title":{"rendered":"&#8220;Lagom&#8221;, le bien-\u00eatre \u00e0 la su\u00e9doise"},"content":{"rendered":"","protected":false},"excerpt":{"rendered":"Apr\u00e8s le &#8220;Hygge&#8221; Danois, on retrouve le &#8220;Lagom&#8221; Su\u00e9dois. ...","protected":false},"author":8,"featured_media":35135,"comment_status":"closed","ping_status":"closed","sticky":false,"template":"","format":"standard","meta":{"_acf_changed":false,"footnotes":""},"categories":[21,1433],"tags":[1221,3032,3031,3033,653,739,351],"class_list":["post-35054","post","type-post","status-publish","format-standard","has-post-thumbnail","hentry","category-wellness","category-sante","tag-bien-etre","tag-lagom","tag-philosophie","tag-psychologique","tag-sante","tag-suedois","tag-tendance"],"acf":[],"_yoast_wpseo_title":null,"_yoast_wpseo_metadesc":"Apr\u00e8s le \"Hygge\" Danois, on retrouve le \"Lagom\" Su\u00e9dois. Mais d'o\u00f9 vient-il ? On vous explique cette philosophie su\u00e9doise.\u00a0","image_verticale":null,"yoast_head":"<!-- This site is optimized with the Yoast SEO plugin v27.3 - https:\/\/yoast.com\/product\/yoast-seo-wordpress\/ -->\n<title>&quot;Lagom&quot;, le bien-\u00eatre \u00e0 la su\u00e9doise - Marie Claire Belgique<\/title>\n<meta name=\"description\" content=\"Apr\u00e8s le &quot;Hygge&quot; Danois, on retrouve le &quot;Lagom&quot; Su\u00e9dois. Mais d&#039;o\u00f9 vient-il ? On vous explique cette philosophie su\u00e9doise.\u00a0\" \/>\n<meta name=\"robots\" content=\"index, follow, max-snippet:-1, max-image-preview:large, max-video-preview:-1\" \/>\n<link rel=\"canonical\" href=\"https:\/\/marieclaire.be\/fr\/lagom-bien-etre-a-suedoise\/\" \/>\n<link rel=\"next\" href=\"https:\/\/marieclaire.be\/fr\/lagom-bien-etre-a-suedoise\/2\/\" \/>\n<meta property=\"og:locale\" content=\"fr_FR\" \/>\n<meta property=\"og:type\" content=\"article\" \/>\n<meta property=\"og:title\" content=\"&quot;Lagom&quot;, le bien-\u00eatre \u00e0 la su\u00e9doise - Marie Claire Belgique\" \/>\n<meta property=\"og:description\" content=\"Apr\u00e8s le &quot;Hygge&quot; Danois, on retrouve le &quot;Lagom&quot; Su\u00e9dois. Mais d&#039;o\u00f9 vient-il ? On vous explique cette philosophie su\u00e9doise.\u00a0\" \/>\n<meta property=\"og:url\" content=\"https:\/\/marieclaire.be\/fr\/lagom-bien-etre-a-suedoise\/\" \/>\n<meta property=\"og:site_name\" content=\"Marie Claire Belgique\" \/>\n<meta property=\"article:publisher\" content=\"https:\/\/www.facebook.com\/MarieClaire.Belgique\/\" \/>\n<meta property=\"article:published_time\" content=\"2018-01-28T08:19:15+00:00\" \/>\n<meta property=\"article:modified_time\" content=\"2019-01-21T11:43:18+00:00\" \/>\n<meta property=\"og:image\" content=\"https:\/\/marieclaire.be\/fr\/wp-content\/uploads\/2018\/01\/marieclaire_lagom.png\" \/>\n\t<meta property=\"og:image:width\" content=\"1050\" \/>\n\t<meta property=\"og:image:height\" content=\"550\" \/>\n\t<meta property=\"og:image:type\" content=\"image\/png\" \/>\n<meta name=\"author\" content=\"Marie Claire\" \/>\n<meta name=\"twitter:label1\" content=\"\u00c9crit par\" \/>\n\t<meta name=\"twitter:data1\" content=\"Marie Claire\" \/>\n\t<meta name=\"twitter:label2\" content=\"Dur\u00e9e de lecture estim\u00e9e\" \/>\n\t<meta name=\"twitter:data2\" content=\"3 minutes\" \/>\n<script type=\"application\/ld+json\" class=\"yoast-schema-graph\">{\"@context\":\"https:\\\/\\\/schema.org\",\"@graph\":[{\"@type\":\"NewsArticle\",\"@id\":\"https:\\\/\\\/marieclaire.be\\\/fr\\\/lagom-bien-etre-a-suedoise\\\/#article\",\"isPartOf\":{\"@id\":\"https:\\\/\\\/marieclaire.be\\\/fr\\\/lagom-bien-etre-a-suedoise\\\/\"},\"author\":{\"name\":\"Marie Claire\",\"@id\":\"https:\\\/\\\/marieclaire.be\\\/fr\\\/#\\\/schema\\\/person\\\/6a5bc4eb4707dbc5cb47d17804a85f8c\"},\"headline\":\"&#8220;Lagom&#8221;, le bien-\u00eatre \u00e0 la su\u00e9doise\",\"datePublished\":\"2018-01-28T08:19:15+00:00\",\"dateModified\":\"2019-01-21T11:43:18+00:00\",\"mainEntityOfPage\":{\"@id\":\"https:\\\/\\\/marieclaire.be\\\/fr\\\/lagom-bien-etre-a-suedoise\\\/\"},\"wordCount\":577,\"publisher\":{\"@id\":\"https:\\\/\\\/marieclaire.be\\\/fr\\\/#organization\"},\"image\":{\"@id\":\"https:\\\/\\\/marieclaire.be\\\/fr\\\/lagom-bien-etre-a-suedoise\\\/#primaryimage\"},\"thumbnailUrl\":\"https:\\\/\\\/marieclaire.be\\\/fr\\\/wp-content\\\/uploads\\\/2018\\\/01\\\/marieclaire_lagom.png\",\"keywords\":[\"bien-\u00eatre\",\"lagom\",\"philosophie\",\"psychologique\",\"sant\u00e9\",\"su\u00e9dois\",\"tendance\"],\"articleSection\":[\"Bien-\u00eatre\",\"Sant\u00e9\"],\"inLanguage\":\"fr-FR\"},{\"@type\":\"WebPage\",\"@id\":\"https:\\\/\\\/marieclaire.be\\\/fr\\\/lagom-bien-etre-a-suedoise\\\/\",\"url\":\"https:\\\/\\\/marieclaire.be\\\/fr\\\/lagom-bien-etre-a-suedoise\\\/\",\"name\":\"\\\"Lagom\\\", le bien-\u00eatre \u00e0 la su\u00e9doise - Marie Claire Belgique\",\"isPartOf\":{\"@id\":\"https:\\\/\\\/marieclaire.be\\\/fr\\\/#website\"},\"primaryImageOfPage\":{\"@id\":\"https:\\\/\\\/marieclaire.be\\\/fr\\\/lagom-bien-etre-a-suedoise\\\/#primaryimage\"},\"image\":{\"@id\":\"https:\\\/\\\/marieclaire.be\\\/fr\\\/lagom-bien-etre-a-suedoise\\\/#primaryimage\"},\"thumbnailUrl\":\"https:\\\/\\\/marieclaire.be\\\/fr\\\/wp-content\\\/uploads\\\/2018\\\/01\\\/marieclaire_lagom.png\",\"datePublished\":\"2018-01-28T08:19:15+00:00\",\"dateModified\":\"2019-01-21T11:43:18+00:00\",\"description\":\"Apr\u00e8s le \\\"Hygge\\\" Danois, on retrouve le \\\"Lagom\\\" Su\u00e9dois. Mais d'o\u00f9 vient-il ? On vous explique cette philosophie su\u00e9doise.\u00a0\",\"inLanguage\":\"fr-FR\",\"potentialAction\":[{\"@type\":\"ReadAction\",\"target\":[\"https:\\\/\\\/marieclaire.be\\\/fr\\\/lagom-bien-etre-a-suedoise\\\/\"]}]},{\"@type\":\"ImageObject\",\"inLanguage\":\"fr-FR\",\"@id\":\"https:\\\/\\\/marieclaire.be\\\/fr\\\/lagom-bien-etre-a-suedoise\\\/#primaryimage\",\"url\":\"https:\\\/\\\/marieclaire.be\\\/fr\\\/wp-content\\\/uploads\\\/2018\\\/01\\\/marieclaire_lagom.png\",\"contentUrl\":\"https:\\\/\\\/marieclaire.be\\\/fr\\\/wp-content\\\/uploads\\\/2018\\\/01\\\/marieclaire_lagom.png\",\"width\":1050,\"height\":550,\"caption\":\"Instagram @lagomist.co & @cloudykitchen\"},{\"@type\":\"WebSite\",\"@id\":\"https:\\\/\\\/marieclaire.be\\\/fr\\\/#website\",\"url\":\"https:\\\/\\\/marieclaire.be\\\/fr\\\/\",\"name\":\"Marie Claire Belgique\",\"description\":\"Marie Claire Belgique, le magazine du style et de l\u2019intelligence qui parle de mode, des tendances, de la beaut\u00e9, de l\u2019actualit\u00e9 et de la culture\",\"publisher\":{\"@id\":\"https:\\\/\\\/marieclaire.be\\\/fr\\\/#organization\"},\"potentialAction\":[{\"@type\":\"SearchAction\",\"target\":{\"@type\":\"EntryPoint\",\"urlTemplate\":\"https:\\\/\\\/marieclaire.be\\\/fr\\\/?s={search_term_string}\"},\"query-input\":{\"@type\":\"PropertyValueSpecification\",\"valueRequired\":true,\"valueName\":\"search_term_string\"}}],\"inLanguage\":\"fr-FR\"},{\"@type\":\"Organization\",\"@id\":\"https:\\\/\\\/marieclaire.be\\\/fr\\\/#organization\",\"name\":\"Marie Claire\",\"url\":\"https:\\\/\\\/marieclaire.be\\\/fr\\\/\",\"logo\":{\"@type\":\"ImageObject\",\"inLanguage\":\"fr-FR\",\"@id\":\"https:\\\/\\\/marieclaire.be\\\/fr\\\/#\\\/schema\\\/logo\\\/image\\\/\",\"url\":\"https:\\\/\\\/marieclaire.be\\\/fr\\\/wp-content\\\/uploads\\\/2018\\\/05\\\/mc-logo2.png\",\"contentUrl\":\"https:\\\/\\\/marieclaire.be\\\/fr\\\/wp-content\\\/uploads\\\/2018\\\/05\\\/mc-logo2.png\",\"width\":1001,\"height\":189,\"caption\":\"Marie Claire\"},\"image\":{\"@id\":\"https:\\\/\\\/marieclaire.be\\\/fr\\\/#\\\/schema\\\/logo\\\/image\\\/\"},\"sameAs\":[\"https:\\\/\\\/www.facebook.com\\\/MarieClaire.Belgique\\\/\",\"https:\\\/\\\/www.instagram.com\\\/marieclaire_belgique\\\/\",\"https:\\\/\\\/fr.pinterest.com\\\/marieclairebe\\\/\",\"https:\\\/\\\/www.youtube.com\\\/user\\\/BelgiumMarieClaire\"]},{\"@type\":\"Person\",\"@id\":\"https:\\\/\\\/marieclaire.be\\\/fr\\\/#\\\/schema\\\/person\\\/6a5bc4eb4707dbc5cb47d17804a85f8c\",\"name\":\"Marie Claire\",\"image\":{\"@type\":\"ImageObject\",\"inLanguage\":\"fr-FR\",\"@id\":\"https:\\\/\\\/marieclaire.be\\\/fr\\\/wp-content\\\/uploads\\\/2016\\\/11\\\/mclogo-96x96.jpg\",\"url\":\"https:\\\/\\\/marieclaire.be\\\/fr\\\/wp-content\\\/uploads\\\/2016\\\/11\\\/mclogo-96x96.jpg\",\"contentUrl\":\"https:\\\/\\\/marieclaire.be\\\/fr\\\/wp-content\\\/uploads\\\/2016\\\/11\\\/mclogo-96x96.jpg\",\"caption\":\"Marie Claire\"},\"url\":\"https:\\\/\\\/marieclaire.be\\\/fr\\\/author\\\/stagiaire\\\/\"}]}<\/script>\n<!-- \/ Yoast SEO plugin. -->","yoast_head_json":{"title":"\"Lagom\", le bien-\u00eatre \u00e0 la su\u00e9doise - Marie Claire Belgique","description":"Apr\u00e8s le \"Hygge\" Danois, on retrouve le \"Lagom\" Su\u00e9dois. Mais d'o\u00f9 vient-il ? On vous explique cette philosophie su\u00e9doise.\u00a0","robots":{"index":"index","follow":"follow","max-snippet":"max-snippet:-1","max-image-preview":"max-image-preview:large","max-video-preview":"max-video-preview:-1"},"canonical":"https:\/\/marieclaire.be\/fr\/lagom-bien-etre-a-suedoise\/","next":"https:\/\/marieclaire.be\/fr\/lagom-bien-etre-a-suedoise\/2\/","og_locale":"fr_FR","og_type":"article","og_title":"\"Lagom\", le bien-\u00eatre \u00e0 la su\u00e9doise - Marie Claire Belgique","og_description":"Apr\u00e8s le \"Hygge\" Danois, on retrouve le \"Lagom\" Su\u00e9dois. Mais d'o\u00f9 vient-il ? On vous explique cette philosophie su\u00e9doise.\u00a0","og_url":"https:\/\/marieclaire.be\/fr\/lagom-bien-etre-a-suedoise\/","og_site_name":"Marie Claire Belgique","article_publisher":"https:\/\/www.facebook.com\/MarieClaire.Belgique\/","article_published_time":"2018-01-28T08:19:15+00:00","article_modified_time":"2019-01-21T11:43:18+00:00","og_image":[{"width":1050,"height":550,"url":"https:\/\/marieclaire.be\/fr\/wp-content\/uploads\/2018\/01\/marieclaire_lagom.png","type":"image\/png"}],"author":"Marie Claire","twitter_misc":{"\u00c9crit par":"Marie Claire","Dur\u00e9e de lecture estim\u00e9e":"3 minutes"},"schema":{"@context":"https:\/\/schema.org","@graph":[{"@type":"NewsArticle","@id":"https:\/\/marieclaire.be\/fr\/lagom-bien-etre-a-suedoise\/#article","isPartOf":{"@id":"https:\/\/marieclaire.be\/fr\/lagom-bien-etre-a-suedoise\/"},"author":{"name":"Marie Claire","@id":"https:\/\/marieclaire.be\/fr\/#\/schema\/person\/6a5bc4eb4707dbc5cb47d17804a85f8c"},"headline":"&#8220;Lagom&#8221;, le bien-\u00eatre \u00e0 la su\u00e9doise","datePublished":"2018-01-28T08:19:15+00:00","dateModified":"2019-01-21T11:43:18+00:00","mainEntityOfPage":{"@id":"https:\/\/marieclaire.be\/fr\/lagom-bien-etre-a-suedoise\/"},"wordCount":577,"publisher":{"@id":"https:\/\/marieclaire.be\/fr\/#organization"},"image":{"@id":"https:\/\/marieclaire.be\/fr\/lagom-bien-etre-a-suedoise\/#primaryimage"},"thumbnailUrl":"https:\/\/marieclaire.be\/fr\/wp-content\/uploads\/2018\/01\/marieclaire_lagom.png","keywords":["bien-\u00eatre","lagom","philosophie","psychologique","sant\u00e9","su\u00e9dois","tendance"],"articleSection":["Bien-\u00eatre","Sant\u00e9"],"inLanguage":"fr-FR"},{"@type":"WebPage","@id":"https:\/\/marieclaire.be\/fr\/lagom-bien-etre-a-suedoise\/","url":"https:\/\/marieclaire.be\/fr\/lagom-bien-etre-a-suedoise\/","name":"\"Lagom\", le bien-\u00eatre \u00e0 la su\u00e9doise - Marie Claire Belgique","isPartOf":{"@id":"https:\/\/marieclaire.be\/fr\/#website"},"primaryImageOfPage":{"@id":"https:\/\/marieclaire.be\/fr\/lagom-bien-etre-a-suedoise\/#primaryimage"},"image":{"@id":"https:\/\/marieclaire.be\/fr\/lagom-bien-etre-a-suedoise\/#primaryimage"},"thumbnailUrl":"https:\/\/marieclaire.be\/fr\/wp-content\/uploads\/2018\/01\/marieclaire_lagom.png","datePublished":"2018-01-28T08:19:15+00:00","dateModified":"2019-01-21T11:43:18+00:00","description":"Apr\u00e8s le \"Hygge\" Danois, on retrouve le \"Lagom\" Su\u00e9dois. Mais d'o\u00f9 vient-il ? On vous explique cette philosophie su\u00e9doise.\u00a0","inLanguage":"fr-FR","potentialAction":[{"@type":"ReadAction","target":["https:\/\/marieclaire.be\/fr\/lagom-bien-etre-a-suedoise\/"]}]},{"@type":"ImageObject","inLanguage":"fr-FR","@id":"https:\/\/marieclaire.be\/fr\/lagom-bien-etre-a-suedoise\/#primaryimage","url":"https:\/\/marieclaire.be\/fr\/wp-content\/uploads\/2018\/01\/marieclaire_lagom.png","contentUrl":"https:\/\/marieclaire.be\/fr\/wp-content\/uploads\/2018\/01\/marieclaire_lagom.png","width":1050,"height":550,"caption":"Instagram @lagomist.co & @cloudykitchen"},{"@type":"WebSite","@id":"https:\/\/marieclaire.be\/fr\/#website","url":"https:\/\/marieclaire.be\/fr\/","name":"Marie Claire Belgique","description":"Marie Claire Belgique, le magazine du style et de l\u2019intelligence qui parle de mode, des tendances, de la beaut\u00e9, de l\u2019actualit\u00e9 et de la culture","publisher":{"@id":"https:\/\/marieclaire.be\/fr\/#organization"},"potentialAction":[{"@type":"SearchAction","target":{"@type":"EntryPoint","urlTemplate":"https:\/\/marieclaire.be\/fr\/?s={search_term_string}"},"query-input":{"@type":"PropertyValueSpecification","valueRequired":true,"valueName":"search_term_string"}}],"inLanguage":"fr-FR"},{"@type":"Organization","@id":"https:\/\/marieclaire.be\/fr\/#organization","name":"Marie Claire","url":"https:\/\/marieclaire.be\/fr\/","logo":{"@type":"ImageObject","inLanguage":"fr-FR","@id":"https:\/\/marieclaire.be\/fr\/#\/schema\/logo\/image\/","url":"https:\/\/marieclaire.be\/fr\/wp-content\/uploads\/2018\/05\/mc-logo2.png","contentUrl":"https:\/\/marieclaire.be\/fr\/wp-content\/uploads\/2018\/05\/mc-logo2.png","width":1001,"height":189,"caption":"Marie Claire"},"image":{"@id":"https:\/\/marieclaire.be\/fr\/#\/schema\/logo\/image\/"},"sameAs":["https:\/\/www.facebook.com\/MarieClaire.Belgique\/","https:\/\/www.instagram.com\/marieclaire_belgique\/","https:\/\/fr.pinterest.com\/marieclairebe\/","https:\/\/www.youtube.com\/user\/BelgiumMarieClaire"]},{"@type":"Person","@id":"https:\/\/marieclaire.be\/fr\/#\/schema\/person\/6a5bc4eb4707dbc5cb47d17804a85f8c","name":"Marie Claire","image":{"@type":"ImageObject","inLanguage":"fr-FR","@id":"https:\/\/marieclaire.be\/fr\/wp-content\/uploads\/2016\/11\/mclogo-96x96.jpg","url":"https:\/\/marieclaire.be\/fr\/wp-content\/uploads\/2016\/11\/mclogo-96x96.jpg","contentUrl":"https:\/\/marieclaire.be\/fr\/wp-content\/uploads\/2016\/11\/mclogo-96x96.jpg","caption":"Marie Claire"},"url":"https:\/\/marieclaire.be\/fr\/author\/stagiaire\/"}]}},"_links":{"self":[{"href":"https:\/\/marieclaire.be\/fr\/wp-json\/wp\/v2\/posts\/35054","targetHints":{"allow":["GET"]}}],"collection":[{"href":"https:\/\/marieclaire.be\/fr\/wp-json\/wp\/v2\/posts"}],"about":[{"href":"https:\/\/marieclaire.be\/fr\/wp-json\/wp\/v2\/types\/post"}],"author":[{"embeddable":true,"href":"https:\/\/marieclaire.be\/fr\/wp-json\/wp\/v2\/users\/8"}],"replies":[{"embeddable":true,"href":"https:\/\/marieclaire.be\/fr\/wp-json\/wp\/v2\/comments?post=35054"}],"version-history":[{"count":0,"href":"https:\/\/marieclaire.be\/fr\/wp-json\/wp\/v2\/posts\/35054\/revisions"}],"wp:featuredmedia":[{"embeddable":true,"href":"https:\/\/marieclaire.be\/fr\/wp-json\/wp\/v2\/media\/35135"}],"wp:attachment":[{"href":"https:\/\/marieclaire.be\/fr\/wp-json\/wp\/v2\/media?parent=35054"}],"wp:term":[{"taxonomy":"category","embeddable":true,"href":"https:\/\/marieclaire.be\/fr\/wp-json\/wp\/v2\/categories?post=35054"},{"taxonomy":"post_tag","embeddable":true,"href":"https:\/\/marieclaire.be\/fr\/wp-json\/wp\/v2\/tags?post=35054"}],"curies":[{"name":"wp","href":"https:\/\/api.w.org\/{rel}","templated":true}]}}