{"id":3224,"date":"2016-09-29T17:00:46","date_gmt":"2016-09-29T15:00:46","guid":{"rendered":"http:\/\/marieclaire.be\/fr\/?p=3224"},"modified":"2016-09-29T15:47:06","modified_gmt":"2016-09-29T13:47:06","slug":"2-mamans-1-papa-premiere-mondiale","status":"publish","type":"post","link":"https:\/\/marieclaire.be\/fr\/2-mamans-1-papa-premiere-mondiale\/","title":{"rendered":"2 mamans, 1 papa: une premi\u00e8re mondiale"},"content":{"rendered":"","protected":false},"excerpt":{"rendered":"Une premi\u00e8re mondiale dans le milieu de la technologie m\u00e9dicale vient d\u2019\u00eatre d\u00e9voil\u00e9e par le magazine scientifique britannique New Scientist : un b\u00e9b\u00e9 con\u00e7u par deux \u201cmamans\u201d et un papa est n\u00e9 au Mexique en avril dernier, sous les yeux d\u2019une \u00e9quipe m\u00e9dicale men\u00e9e par le Dr Zhong, du centre New Hope Fertility \u00e0 New-York.","protected":false},"author":17,"featured_media":3229,"comment_status":"open","ping_status":"open","sticky":false,"template":"","format":"standard","meta":{"_acf_changed":false,"footnotes":""},"categories":[67],"tags":[173,170,172,171],"class_list":["post-3224","post","type-post","status-publish","format-standard","has-post-thumbnail","hentry","category-lifestyle","tag-deux-mamans","tag-naissance","tag-premiere-mondiale","tag-technologie-medicale"],"acf":[],"_yoast_wpseo_title":null,"_yoast_wpseo_metadesc":null,"image_verticale":null,"yoast_head":"<!-- This site is optimized with the Yoast SEO plugin v27.3 - https:\/\/yoast.com\/product\/yoast-seo-wordpress\/ -->\n<title>2 mamans, 1 papa: une premi\u00e8re mondiale - Marie Claire Belgique<\/title>\n<meta name=\"robots\" content=\"index, follow, max-snippet:-1, max-image-preview:large, max-video-preview:-1\" \/>\n<link rel=\"canonical\" href=\"https:\/\/marieclaire.be\/fr\/2-mamans-1-papa-premiere-mondiale\/\" \/>\n<meta property=\"og:locale\" content=\"fr_FR\" \/>\n<meta property=\"og:type\" content=\"article\" \/>\n<meta property=\"og:title\" content=\"2 mamans, 1 papa: une premi\u00e8re mondiale - Marie Claire Belgique\" \/>\n<meta property=\"og:description\" content=\"Une premi\u00e8re mondiale dans le milieu de la technologie m\u00e9dicale vient d\u2019\u00eatre d\u00e9voil\u00e9e par le magazine scientifique britannique New Scientist : un b\u00e9b\u00e9 con\u00e7u par deux \u201cmamans\u201d et un papa est n\u00e9 au Mexique en avril dernier, sous les yeux d\u2019une \u00e9quipe m\u00e9dicale men\u00e9e par le Dr Zhong, du centre New Hope Fertility \u00e0 New-York.\" \/>\n<meta property=\"og:url\" content=\"https:\/\/marieclaire.be\/fr\/2-mamans-1-papa-premiere-mondiale\/\" \/>\n<meta property=\"og:site_name\" content=\"Marie Claire Belgique\" \/>\n<meta property=\"article:publisher\" content=\"https:\/\/www.facebook.com\/MarieClaire.Belgique\/\" \/>\n<meta property=\"article:published_time\" content=\"2016-09-29T15:00:46+00:00\" \/>\n<meta property=\"og:image\" content=\"https:\/\/marieclaire.be\/fr\/wp-content\/uploads\/2016\/09\/bebe-marie-claire.png\" \/>\n\t<meta property=\"og:image:width\" content=\"690\" \/>\n\t<meta property=\"og:image:height\" content=\"361\" \/>\n\t<meta property=\"og:image:type\" content=\"image\/png\" \/>\n<meta name=\"author\" content=\"Rachel Moreau\" \/>\n<meta name=\"twitter:label1\" content=\"\u00c9crit par\" \/>\n\t<meta name=\"twitter:data1\" content=\"Rachel Moreau\" \/>\n\t<meta name=\"twitter:label2\" content=\"Dur\u00e9e de lecture estim\u00e9e\" \/>\n\t<meta name=\"twitter:data2\" content=\"2 minutes\" \/>\n<script type=\"application\/ld+json\" class=\"yoast-schema-graph\">{\"@context\":\"https:\\\/\\\/schema.org\",\"@graph\":[{\"@type\":\"NewsArticle\",\"@id\":\"https:\\\/\\\/marieclaire.be\\\/fr\\\/2-mamans-1-papa-premiere-mondiale\\\/#article\",\"isPartOf\":{\"@id\":\"https:\\\/\\\/marieclaire.be\\\/fr\\\/2-mamans-1-papa-premiere-mondiale\\\/\"},\"author\":{\"name\":\"Rachel Moreau\",\"@id\":\"https:\\\/\\\/marieclaire.be\\\/fr\\\/#\\\/schema\\\/person\\\/65ec2d3ff4fd2a933917b4c8f0aaebc9\"},\"headline\":\"2 mamans, 1 papa: une premi\u00e8re mondiale\",\"datePublished\":\"2016-09-29T15:00:46+00:00\",\"mainEntityOfPage\":{\"@id\":\"https:\\\/\\\/marieclaire.be\\\/fr\\\/2-mamans-1-papa-premiere-mondiale\\\/\"},\"wordCount\":311,\"commentCount\":0,\"publisher\":{\"@id\":\"https:\\\/\\\/marieclaire.be\\\/fr\\\/#organization\"},\"image\":{\"@id\":\"https:\\\/\\\/marieclaire.be\\\/fr\\\/2-mamans-1-papa-premiere-mondiale\\\/#primaryimage\"},\"thumbnailUrl\":\"https:\\\/\\\/marieclaire.be\\\/fr\\\/wp-content\\\/uploads\\\/2016\\\/09\\\/bebe-marie-claire.png\",\"keywords\":[\"deux mamans\",\"naissance\",\"premi\u00e8re mondiale\",\"technologie m\u00e9dicale\"],\"articleSection\":[\"Lifestyle\"],\"inLanguage\":\"fr-FR\",\"potentialAction\":[{\"@type\":\"CommentAction\",\"name\":\"Comment\",\"target\":[\"https:\\\/\\\/marieclaire.be\\\/fr\\\/2-mamans-1-papa-premiere-mondiale\\\/#respond\"]}]},{\"@type\":\"WebPage\",\"@id\":\"https:\\\/\\\/marieclaire.be\\\/fr\\\/2-mamans-1-papa-premiere-mondiale\\\/\",\"url\":\"https:\\\/\\\/marieclaire.be\\\/fr\\\/2-mamans-1-papa-premiere-mondiale\\\/\",\"name\":\"2 mamans, 1 papa: une premi\u00e8re mondiale - Marie Claire Belgique\",\"isPartOf\":{\"@id\":\"https:\\\/\\\/marieclaire.be\\\/fr\\\/#website\"},\"primaryImageOfPage\":{\"@id\":\"https:\\\/\\\/marieclaire.be\\\/fr\\\/2-mamans-1-papa-premiere-mondiale\\\/#primaryimage\"},\"image\":{\"@id\":\"https:\\\/\\\/marieclaire.be\\\/fr\\\/2-mamans-1-papa-premiere-mondiale\\\/#primaryimage\"},\"thumbnailUrl\":\"https:\\\/\\\/marieclaire.be\\\/fr\\\/wp-content\\\/uploads\\\/2016\\\/09\\\/bebe-marie-claire.png\",\"datePublished\":\"2016-09-29T15:00:46+00:00\",\"breadcrumb\":{\"@id\":\"https:\\\/\\\/marieclaire.be\\\/fr\\\/2-mamans-1-papa-premiere-mondiale\\\/#breadcrumb\"},\"inLanguage\":\"fr-FR\",\"potentialAction\":[{\"@type\":\"ReadAction\",\"target\":[\"https:\\\/\\\/marieclaire.be\\\/fr\\\/2-mamans-1-papa-premiere-mondiale\\\/\"]}]},{\"@type\":\"ImageObject\",\"inLanguage\":\"fr-FR\",\"@id\":\"https:\\\/\\\/marieclaire.be\\\/fr\\\/2-mamans-1-papa-premiere-mondiale\\\/#primaryimage\",\"url\":\"https:\\\/\\\/marieclaire.be\\\/fr\\\/wp-content\\\/uploads\\\/2016\\\/09\\\/bebe-marie-claire.png\",\"contentUrl\":\"https:\\\/\\\/marieclaire.be\\\/fr\\\/wp-content\\\/uploads\\\/2016\\\/09\\\/bebe-marie-claire.png\",\"width\":690,\"height\":361},{\"@type\":\"BreadcrumbList\",\"@id\":\"https:\\\/\\\/marieclaire.be\\\/fr\\\/2-mamans-1-papa-premiere-mondiale\\\/#breadcrumb\",\"itemListElement\":[{\"@type\":\"ListItem\",\"position\":1,\"name\":\"Accueil\",\"item\":\"https:\\\/\\\/marieclaire.be\\\/fr\\\/\"},{\"@type\":\"ListItem\",\"position\":2,\"name\":\"2 mamans, 1 papa: une premi\u00e8re mondiale\"}]},{\"@type\":\"WebSite\",\"@id\":\"https:\\\/\\\/marieclaire.be\\\/fr\\\/#website\",\"url\":\"https:\\\/\\\/marieclaire.be\\\/fr\\\/\",\"name\":\"Marie Claire Belgique\",\"description\":\"Marie Claire Belgique, le magazine du style et de l\u2019intelligence qui parle de mode, des tendances, de la beaut\u00e9, de l\u2019actualit\u00e9 et de la culture\",\"publisher\":{\"@id\":\"https:\\\/\\\/marieclaire.be\\\/fr\\\/#organization\"},\"potentialAction\":[{\"@type\":\"SearchAction\",\"target\":{\"@type\":\"EntryPoint\",\"urlTemplate\":\"https:\\\/\\\/marieclaire.be\\\/fr\\\/?s={search_term_string}\"},\"query-input\":{\"@type\":\"PropertyValueSpecification\",\"valueRequired\":true,\"valueName\":\"search_term_string\"}}],\"inLanguage\":\"fr-FR\"},{\"@type\":\"Organization\",\"@id\":\"https:\\\/\\\/marieclaire.be\\\/fr\\\/#organization\",\"name\":\"Marie Claire\",\"url\":\"https:\\\/\\\/marieclaire.be\\\/fr\\\/\",\"logo\":{\"@type\":\"ImageObject\",\"inLanguage\":\"fr-FR\",\"@id\":\"https:\\\/\\\/marieclaire.be\\\/fr\\\/#\\\/schema\\\/logo\\\/image\\\/\",\"url\":\"https:\\\/\\\/marieclaire.be\\\/fr\\\/wp-content\\\/uploads\\\/2018\\\/05\\\/mc-logo2.png\",\"contentUrl\":\"https:\\\/\\\/marieclaire.be\\\/fr\\\/wp-content\\\/uploads\\\/2018\\\/05\\\/mc-logo2.png\",\"width\":1001,\"height\":189,\"caption\":\"Marie Claire\"},\"image\":{\"@id\":\"https:\\\/\\\/marieclaire.be\\\/fr\\\/#\\\/schema\\\/logo\\\/image\\\/\"},\"sameAs\":[\"https:\\\/\\\/www.facebook.com\\\/MarieClaire.Belgique\\\/\",\"https:\\\/\\\/www.instagram.com\\\/marieclaire_belgique\\\/\",\"https:\\\/\\\/fr.pinterest.com\\\/marieclairebe\\\/\",\"https:\\\/\\\/www.youtube.com\\\/user\\\/BelgiumMarieClaire\"]},{\"@type\":\"Person\",\"@id\":\"https:\\\/\\\/marieclaire.be\\\/fr\\\/#\\\/schema\\\/person\\\/65ec2d3ff4fd2a933917b4c8f0aaebc9\",\"name\":\"Rachel Moreau\",\"image\":{\"@type\":\"ImageObject\",\"inLanguage\":\"fr-FR\",\"@id\":\"https:\\\/\\\/marieclaire.be\\\/fr\\\/wp-content\\\/uploads\\\/2016\\\/11\\\/mclogo-96x96.jpg\",\"url\":\"https:\\\/\\\/marieclaire.be\\\/fr\\\/wp-content\\\/uploads\\\/2016\\\/11\\\/mclogo-96x96.jpg\",\"contentUrl\":\"https:\\\/\\\/marieclaire.be\\\/fr\\\/wp-content\\\/uploads\\\/2016\\\/11\\\/mclogo-96x96.jpg\",\"caption\":\"Rachel Moreau\"},\"url\":\"https:\\\/\\\/marieclaire.be\\\/fr\\\/author\\\/rachel-m\\\/\"}]}<\/script>\n<!-- \/ Yoast SEO plugin. -->","yoast_head_json":{"title":"2 mamans, 1 papa: une premi\u00e8re mondiale - Marie Claire Belgique","robots":{"index":"index","follow":"follow","max-snippet":"max-snippet:-1","max-image-preview":"max-image-preview:large","max-video-preview":"max-video-preview:-1"},"canonical":"https:\/\/marieclaire.be\/fr\/2-mamans-1-papa-premiere-mondiale\/","og_locale":"fr_FR","og_type":"article","og_title":"2 mamans, 1 papa: une premi\u00e8re mondiale - Marie Claire Belgique","og_description":"Une premi\u00e8re mondiale dans le milieu de la technologie m\u00e9dicale vient d\u2019\u00eatre d\u00e9voil\u00e9e par le magazine scientifique britannique New Scientist : un b\u00e9b\u00e9 con\u00e7u par deux \u201cmamans\u201d et un papa est n\u00e9 au Mexique en avril dernier, sous les yeux d\u2019une \u00e9quipe m\u00e9dicale men\u00e9e par le Dr Zhong, du centre New Hope Fertility \u00e0 New-York.","og_url":"https:\/\/marieclaire.be\/fr\/2-mamans-1-papa-premiere-mondiale\/","og_site_name":"Marie Claire Belgique","article_publisher":"https:\/\/www.facebook.com\/MarieClaire.Belgique\/","article_published_time":"2016-09-29T15:00:46+00:00","og_image":[{"width":690,"height":361,"url":"https:\/\/marieclaire.be\/fr\/wp-content\/uploads\/2016\/09\/bebe-marie-claire.png","type":"image\/png"}],"author":"Rachel Moreau","twitter_misc":{"\u00c9crit par":"Rachel Moreau","Dur\u00e9e de lecture estim\u00e9e":"2 minutes"},"schema":{"@context":"https:\/\/schema.org","@graph":[{"@type":"NewsArticle","@id":"https:\/\/marieclaire.be\/fr\/2-mamans-1-papa-premiere-mondiale\/#article","isPartOf":{"@id":"https:\/\/marieclaire.be\/fr\/2-mamans-1-papa-premiere-mondiale\/"},"author":{"name":"Rachel Moreau","@id":"https:\/\/marieclaire.be\/fr\/#\/schema\/person\/65ec2d3ff4fd2a933917b4c8f0aaebc9"},"headline":"2 mamans, 1 papa: une premi\u00e8re mondiale","datePublished":"2016-09-29T15:00:46+00:00","mainEntityOfPage":{"@id":"https:\/\/marieclaire.be\/fr\/2-mamans-1-papa-premiere-mondiale\/"},"wordCount":311,"commentCount":0,"publisher":{"@id":"https:\/\/marieclaire.be\/fr\/#organization"},"image":{"@id":"https:\/\/marieclaire.be\/fr\/2-mamans-1-papa-premiere-mondiale\/#primaryimage"},"thumbnailUrl":"https:\/\/marieclaire.be\/fr\/wp-content\/uploads\/2016\/09\/bebe-marie-claire.png","keywords":["deux mamans","naissance","premi\u00e8re mondiale","technologie m\u00e9dicale"],"articleSection":["Lifestyle"],"inLanguage":"fr-FR","potentialAction":[{"@type":"CommentAction","name":"Comment","target":["https:\/\/marieclaire.be\/fr\/2-mamans-1-papa-premiere-mondiale\/#respond"]}]},{"@type":"WebPage","@id":"https:\/\/marieclaire.be\/fr\/2-mamans-1-papa-premiere-mondiale\/","url":"https:\/\/marieclaire.be\/fr\/2-mamans-1-papa-premiere-mondiale\/","name":"2 mamans, 1 papa: une premi\u00e8re mondiale - Marie Claire Belgique","isPartOf":{"@id":"https:\/\/marieclaire.be\/fr\/#website"},"primaryImageOfPage":{"@id":"https:\/\/marieclaire.be\/fr\/2-mamans-1-papa-premiere-mondiale\/#primaryimage"},"image":{"@id":"https:\/\/marieclaire.be\/fr\/2-mamans-1-papa-premiere-mondiale\/#primaryimage"},"thumbnailUrl":"https:\/\/marieclaire.be\/fr\/wp-content\/uploads\/2016\/09\/bebe-marie-claire.png","datePublished":"2016-09-29T15:00:46+00:00","breadcrumb":{"@id":"https:\/\/marieclaire.be\/fr\/2-mamans-1-papa-premiere-mondiale\/#breadcrumb"},"inLanguage":"fr-FR","potentialAction":[{"@type":"ReadAction","target":["https:\/\/marieclaire.be\/fr\/2-mamans-1-papa-premiere-mondiale\/"]}]},{"@type":"ImageObject","inLanguage":"fr-FR","@id":"https:\/\/marieclaire.be\/fr\/2-mamans-1-papa-premiere-mondiale\/#primaryimage","url":"https:\/\/marieclaire.be\/fr\/wp-content\/uploads\/2016\/09\/bebe-marie-claire.png","contentUrl":"https:\/\/marieclaire.be\/fr\/wp-content\/uploads\/2016\/09\/bebe-marie-claire.png","width":690,"height":361},{"@type":"BreadcrumbList","@id":"https:\/\/marieclaire.be\/fr\/2-mamans-1-papa-premiere-mondiale\/#breadcrumb","itemListElement":[{"@type":"ListItem","position":1,"name":"Accueil","item":"https:\/\/marieclaire.be\/fr\/"},{"@type":"ListItem","position":2,"name":"2 mamans, 1 papa: une premi\u00e8re mondiale"}]},{"@type":"WebSite","@id":"https:\/\/marieclaire.be\/fr\/#website","url":"https:\/\/marieclaire.be\/fr\/","name":"Marie Claire Belgique","description":"Marie Claire Belgique, le magazine du style et de l\u2019intelligence qui parle de mode, des tendances, de la beaut\u00e9, de l\u2019actualit\u00e9 et de la culture","publisher":{"@id":"https:\/\/marieclaire.be\/fr\/#organization"},"potentialAction":[{"@type":"SearchAction","target":{"@type":"EntryPoint","urlTemplate":"https:\/\/marieclaire.be\/fr\/?s={search_term_string}"},"query-input":{"@type":"PropertyValueSpecification","valueRequired":true,"valueName":"search_term_string"}}],"inLanguage":"fr-FR"},{"@type":"Organization","@id":"https:\/\/marieclaire.be\/fr\/#organization","name":"Marie Claire","url":"https:\/\/marieclaire.be\/fr\/","logo":{"@type":"ImageObject","inLanguage":"fr-FR","@id":"https:\/\/marieclaire.be\/fr\/#\/schema\/logo\/image\/","url":"https:\/\/marieclaire.be\/fr\/wp-content\/uploads\/2018\/05\/mc-logo2.png","contentUrl":"https:\/\/marieclaire.be\/fr\/wp-content\/uploads\/2018\/05\/mc-logo2.png","width":1001,"height":189,"caption":"Marie Claire"},"image":{"@id":"https:\/\/marieclaire.be\/fr\/#\/schema\/logo\/image\/"},"sameAs":["https:\/\/www.facebook.com\/MarieClaire.Belgique\/","https:\/\/www.instagram.com\/marieclaire_belgique\/","https:\/\/fr.pinterest.com\/marieclairebe\/","https:\/\/www.youtube.com\/user\/BelgiumMarieClaire"]},{"@type":"Person","@id":"https:\/\/marieclaire.be\/fr\/#\/schema\/person\/65ec2d3ff4fd2a933917b4c8f0aaebc9","name":"Rachel Moreau","image":{"@type":"ImageObject","inLanguage":"fr-FR","@id":"https:\/\/marieclaire.be\/fr\/wp-content\/uploads\/2016\/11\/mclogo-96x96.jpg","url":"https:\/\/marieclaire.be\/fr\/wp-content\/uploads\/2016\/11\/mclogo-96x96.jpg","contentUrl":"https:\/\/marieclaire.be\/fr\/wp-content\/uploads\/2016\/11\/mclogo-96x96.jpg","caption":"Rachel Moreau"},"url":"https:\/\/marieclaire.be\/fr\/author\/rachel-m\/"}]}},"_links":{"self":[{"href":"https:\/\/marieclaire.be\/fr\/wp-json\/wp\/v2\/posts\/3224","targetHints":{"allow":["GET"]}}],"collection":[{"href":"https:\/\/marieclaire.be\/fr\/wp-json\/wp\/v2\/posts"}],"about":[{"href":"https:\/\/marieclaire.be\/fr\/wp-json\/wp\/v2\/types\/post"}],"author":[{"embeddable":true,"href":"https:\/\/marieclaire.be\/fr\/wp-json\/wp\/v2\/users\/17"}],"replies":[{"embeddable":true,"href":"https:\/\/marieclaire.be\/fr\/wp-json\/wp\/v2\/comments?post=3224"}],"version-history":[{"count":0,"href":"https:\/\/marieclaire.be\/fr\/wp-json\/wp\/v2\/posts\/3224\/revisions"}],"wp:featuredmedia":[{"embeddable":true,"href":"https:\/\/marieclaire.be\/fr\/wp-json\/wp\/v2\/media\/3229"}],"wp:attachment":[{"href":"https:\/\/marieclaire.be\/fr\/wp-json\/wp\/v2\/media?parent=3224"}],"wp:term":[{"taxonomy":"category","embeddable":true,"href":"https:\/\/marieclaire.be\/fr\/wp-json\/wp\/v2\/categories?post=3224"},{"taxonomy":"post_tag","embeddable":true,"href":"https:\/\/marieclaire.be\/fr\/wp-json\/wp\/v2\/tags?post=3224"}],"curies":[{"name":"wp","href":"https:\/\/api.w.org\/{rel}","templated":true}]}}