{"id":31798,"date":"2025-12-08T07:27:57","date_gmt":"2025-12-08T06:27:57","guid":{"rendered":"http:\/\/marieclaire.be\/fr\/?p=31798"},"modified":"2025-12-08T11:24:02","modified_gmt":"2025-12-08T10:24:02","slug":"viree-paris-bonnes-adresses-fetes","status":"publish","type":"post","link":"https:\/\/marieclaire.be\/fr\/viree-paris-bonnes-adresses-fetes\/","title":{"rendered":"5 exp\u00e9riences \u00e0 vivre \u00e0 Paris pour des f\u00eates f\u00e9eriques"},"content":{"rendered":"","protected":false},"excerpt":{"rendered":"Paris pendant les f\u00eates, c&#8217;est un peu Paris \u00e0 son paroxysme : l&#8217;expression &#8220;Ville Lumi\u00e8re&#8221; prend tout son sens pour d\u00e9crire la capitale fran\u00e7aise.","protected":false},"author":30,"featured_media":132423,"comment_status":"closed","ping_status":"closed","sticky":false,"template":"","format":"standard","meta":{"_acf_changed":false,"footnotes":""},"categories":[29,67],"tags":[553,118],"class_list":["post-31798","post","type-post","status-publish","format-standard","has-post-thumbnail","hentry","category-voyages","category-lifestyle","tag-noel","tag-paris"],"acf":[],"_yoast_wpseo_title":null,"_yoast_wpseo_metadesc":"Nous nous sommes rendues \u00e0 Paris le temps d'une journ\u00e9e, pour d\u00e9couvrir les illuminations et les meilleurs adresses shopping de No\u00ebl!","image_verticale":"132421","yoast_head":"<!-- This site is optimized with the Yoast SEO plugin v27.3 - https:\/\/yoast.com\/product\/yoast-seo-wordpress\/ -->\n<title>5 exp\u00e9riences \u00e0 vivre \u00e0 Paris pour des f\u00eates f\u00e9eriques - Marie Claire Belgique<\/title>\n<meta name=\"description\" content=\"Nous nous sommes rendues \u00e0 Paris le temps d&#039;une journ\u00e9e, pour d\u00e9couvrir les illuminations et les meilleurs adresses shopping de No\u00ebl!\" \/>\n<meta name=\"robots\" content=\"index, follow, max-snippet:-1, max-image-preview:large, max-video-preview:-1\" \/>\n<link rel=\"canonical\" href=\"https:\/\/marieclaire.be\/fr\/viree-paris-bonnes-adresses-fetes\/\" \/>\n<link rel=\"next\" href=\"https:\/\/marieclaire.be\/fr\/viree-paris-bonnes-adresses-fetes\/2\/\" \/>\n<meta property=\"og:locale\" content=\"fr_FR\" \/>\n<meta property=\"og:type\" content=\"article\" \/>\n<meta property=\"og:title\" content=\"5 exp\u00e9riences \u00e0 vivre \u00e0 Paris pour des f\u00eates f\u00e9eriques - Marie Claire Belgique\" \/>\n<meta property=\"og:description\" content=\"Nous nous sommes rendues \u00e0 Paris le temps d&#039;une journ\u00e9e, pour d\u00e9couvrir les illuminations et les meilleurs adresses shopping de No\u00ebl!\" \/>\n<meta property=\"og:url\" content=\"https:\/\/marieclaire.be\/fr\/viree-paris-bonnes-adresses-fetes\/\" \/>\n<meta property=\"og:site_name\" content=\"Marie Claire Belgique\" \/>\n<meta property=\"article:publisher\" content=\"https:\/\/www.facebook.com\/MarieClaire.Belgique\/\" \/>\n<meta property=\"article:published_time\" content=\"2025-12-08T06:27:57+00:00\" \/>\n<meta property=\"article:modified_time\" content=\"2025-12-08T10:24:02+00:00\" \/>\n<meta property=\"og:image\" content=\"https:\/\/marieclaire.be\/fr\/wp-content\/uploads\/2017\/12\/paris-fetes.png\" \/>\n\t<meta property=\"og:image:width\" content=\"1200\" \/>\n\t<meta property=\"og:image:height\" content=\"628\" \/>\n\t<meta property=\"og:image:type\" content=\"image\/png\" \/>\n<meta name=\"author\" content=\"Malvine Sevrin\" \/>\n<meta name=\"twitter:label1\" content=\"\u00c9crit par\" \/>\n\t<meta name=\"twitter:data1\" content=\"Malvine Sevrin\" \/>\n\t<meta name=\"twitter:label2\" content=\"Dur\u00e9e de lecture estim\u00e9e\" \/>\n\t<meta name=\"twitter:data2\" content=\"5 minutes\" \/>\n<script type=\"application\/ld+json\" class=\"yoast-schema-graph\">{\"@context\":\"https:\\\/\\\/schema.org\",\"@graph\":[{\"@type\":\"NewsArticle\",\"@id\":\"https:\\\/\\\/marieclaire.be\\\/fr\\\/viree-paris-bonnes-adresses-fetes\\\/#article\",\"isPartOf\":{\"@id\":\"https:\\\/\\\/marieclaire.be\\\/fr\\\/viree-paris-bonnes-adresses-fetes\\\/\"},\"author\":{\"name\":\"Malvine Sevrin\",\"@id\":\"https:\\\/\\\/marieclaire.be\\\/fr\\\/#\\\/schema\\\/person\\\/c71bd7a8c3e622513c7531a39292a34e\"},\"headline\":\"5 exp\u00e9riences \u00e0 vivre \u00e0 Paris pour des f\u00eates f\u00e9eriques\",\"datePublished\":\"2025-12-08T06:27:57+00:00\",\"dateModified\":\"2025-12-08T10:24:02+00:00\",\"mainEntityOfPage\":{\"@id\":\"https:\\\/\\\/marieclaire.be\\\/fr\\\/viree-paris-bonnes-adresses-fetes\\\/\"},\"wordCount\":1013,\"publisher\":{\"@id\":\"https:\\\/\\\/marieclaire.be\\\/fr\\\/#organization\"},\"image\":{\"@id\":\"https:\\\/\\\/marieclaire.be\\\/fr\\\/viree-paris-bonnes-adresses-fetes\\\/#primaryimage\"},\"thumbnailUrl\":\"https:\\\/\\\/marieclaire.be\\\/fr\\\/wp-content\\\/uploads\\\/2017\\\/12\\\/paris-fetes.png\",\"keywords\":[\"No\u00ebl\",\"Paris\"],\"articleSection\":[\"Evasion\",\"Lifestyle\"],\"inLanguage\":\"fr-FR\"},{\"@type\":\"WebPage\",\"@id\":\"https:\\\/\\\/marieclaire.be\\\/fr\\\/viree-paris-bonnes-adresses-fetes\\\/\",\"url\":\"https:\\\/\\\/marieclaire.be\\\/fr\\\/viree-paris-bonnes-adresses-fetes\\\/\",\"name\":\"5 exp\u00e9riences \u00e0 vivre \u00e0 Paris pour des f\u00eates f\u00e9eriques - Marie Claire Belgique\",\"isPartOf\":{\"@id\":\"https:\\\/\\\/marieclaire.be\\\/fr\\\/#website\"},\"primaryImageOfPage\":{\"@id\":\"https:\\\/\\\/marieclaire.be\\\/fr\\\/viree-paris-bonnes-adresses-fetes\\\/#primaryimage\"},\"image\":{\"@id\":\"https:\\\/\\\/marieclaire.be\\\/fr\\\/viree-paris-bonnes-adresses-fetes\\\/#primaryimage\"},\"thumbnailUrl\":\"https:\\\/\\\/marieclaire.be\\\/fr\\\/wp-content\\\/uploads\\\/2017\\\/12\\\/paris-fetes.png\",\"datePublished\":\"2025-12-08T06:27:57+00:00\",\"dateModified\":\"2025-12-08T10:24:02+00:00\",\"description\":\"Nous nous sommes rendues \u00e0 Paris le temps d'une journ\u00e9e, pour d\u00e9couvrir les illuminations et les meilleurs adresses shopping de No\u00ebl!\",\"inLanguage\":\"fr-FR\",\"potentialAction\":[{\"@type\":\"ReadAction\",\"target\":[\"https:\\\/\\\/marieclaire.be\\\/fr\\\/viree-paris-bonnes-adresses-fetes\\\/\"]}]},{\"@type\":\"ImageObject\",\"inLanguage\":\"fr-FR\",\"@id\":\"https:\\\/\\\/marieclaire.be\\\/fr\\\/viree-paris-bonnes-adresses-fetes\\\/#primaryimage\",\"url\":\"https:\\\/\\\/marieclaire.be\\\/fr\\\/wp-content\\\/uploads\\\/2017\\\/12\\\/paris-fetes.png\",\"contentUrl\":\"https:\\\/\\\/marieclaire.be\\\/fr\\\/wp-content\\\/uploads\\\/2017\\\/12\\\/paris-fetes.png\",\"width\":1200,\"height\":628,\"caption\":\"Unsplash\"},{\"@type\":\"WebSite\",\"@id\":\"https:\\\/\\\/marieclaire.be\\\/fr\\\/#website\",\"url\":\"https:\\\/\\\/marieclaire.be\\\/fr\\\/\",\"name\":\"Marie Claire Belgique\",\"description\":\"Marie Claire Belgique, le magazine du style et de l\u2019intelligence qui parle de mode, des tendances, de la beaut\u00e9, de l\u2019actualit\u00e9 et de la culture\",\"publisher\":{\"@id\":\"https:\\\/\\\/marieclaire.be\\\/fr\\\/#organization\"},\"potentialAction\":[{\"@type\":\"SearchAction\",\"target\":{\"@type\":\"EntryPoint\",\"urlTemplate\":\"https:\\\/\\\/marieclaire.be\\\/fr\\\/?s={search_term_string}\"},\"query-input\":{\"@type\":\"PropertyValueSpecification\",\"valueRequired\":true,\"valueName\":\"search_term_string\"}}],\"inLanguage\":\"fr-FR\"},{\"@type\":\"Organization\",\"@id\":\"https:\\\/\\\/marieclaire.be\\\/fr\\\/#organization\",\"name\":\"Marie Claire\",\"url\":\"https:\\\/\\\/marieclaire.be\\\/fr\\\/\",\"logo\":{\"@type\":\"ImageObject\",\"inLanguage\":\"fr-FR\",\"@id\":\"https:\\\/\\\/marieclaire.be\\\/fr\\\/#\\\/schema\\\/logo\\\/image\\\/\",\"url\":\"https:\\\/\\\/marieclaire.be\\\/fr\\\/wp-content\\\/uploads\\\/2018\\\/05\\\/mc-logo2.png\",\"contentUrl\":\"https:\\\/\\\/marieclaire.be\\\/fr\\\/wp-content\\\/uploads\\\/2018\\\/05\\\/mc-logo2.png\",\"width\":1001,\"height\":189,\"caption\":\"Marie Claire\"},\"image\":{\"@id\":\"https:\\\/\\\/marieclaire.be\\\/fr\\\/#\\\/schema\\\/logo\\\/image\\\/\"},\"sameAs\":[\"https:\\\/\\\/www.facebook.com\\\/MarieClaire.Belgique\\\/\",\"https:\\\/\\\/www.instagram.com\\\/marieclaire_belgique\\\/\",\"https:\\\/\\\/fr.pinterest.com\\\/marieclairebe\\\/\",\"https:\\\/\\\/www.youtube.com\\\/user\\\/BelgiumMarieClaire\"]},{\"@type\":\"Person\",\"@id\":\"https:\\\/\\\/marieclaire.be\\\/fr\\\/#\\\/schema\\\/person\\\/c71bd7a8c3e622513c7531a39292a34e\",\"name\":\"Malvine Sevrin\",\"image\":{\"@type\":\"ImageObject\",\"inLanguage\":\"fr-FR\",\"@id\":\"https:\\\/\\\/marieclaire.be\\\/fr\\\/wp-content\\\/uploads\\\/2017\\\/05\\\/capture-decran-2024-02-13-a-145920-96x96.png\",\"url\":\"https:\\\/\\\/marieclaire.be\\\/fr\\\/wp-content\\\/uploads\\\/2017\\\/05\\\/capture-decran-2024-02-13-a-145920-96x96.png\",\"contentUrl\":\"https:\\\/\\\/marieclaire.be\\\/fr\\\/wp-content\\\/uploads\\\/2017\\\/05\\\/capture-decran-2024-02-13-a-145920-96x96.png\",\"caption\":\"Malvine Sevrin\"},\"description\":\"Des podiums parisiens aux derni\u00e8res nouveaut\u00e9s skincare qui enflamment TikTok, je d\u00e9crypte les tendances pour Marie Claire Belgique. Passionn\u00e9e de voyage, de mode et de beaut\u00e9, je partage mes coups de coeur d\u00e9nich\u00e9s aux quatre coins du globe. En tant que r\u00e9dactrice en chef digital, j'ai \u00e9galement \u00e0 coeur de mettre en lumi\u00e8re les histoires inspirantes de femmes \u00e0 travers notre site et sur nos r\u00e9seaux sociaux.\",\"sameAs\":[\"https:\\\/\\\/www.instagram.com\\\/malvinesev\\\/\"],\"url\":\"https:\\\/\\\/marieclaire.be\\\/fr\\\/author\\\/malvine\\\/\"}]}<\/script>\n<!-- \/ Yoast SEO plugin. -->","yoast_head_json":{"title":"5 exp\u00e9riences \u00e0 vivre \u00e0 Paris pour des f\u00eates f\u00e9eriques - Marie Claire Belgique","description":"Nous nous sommes rendues \u00e0 Paris le temps d'une journ\u00e9e, pour d\u00e9couvrir les illuminations et les meilleurs adresses shopping de No\u00ebl!","robots":{"index":"index","follow":"follow","max-snippet":"max-snippet:-1","max-image-preview":"max-image-preview:large","max-video-preview":"max-video-preview:-1"},"canonical":"https:\/\/marieclaire.be\/fr\/viree-paris-bonnes-adresses-fetes\/","next":"https:\/\/marieclaire.be\/fr\/viree-paris-bonnes-adresses-fetes\/2\/","og_locale":"fr_FR","og_type":"article","og_title":"5 exp\u00e9riences \u00e0 vivre \u00e0 Paris pour des f\u00eates f\u00e9eriques - Marie Claire Belgique","og_description":"Nous nous sommes rendues \u00e0 Paris le temps d'une journ\u00e9e, pour d\u00e9couvrir les illuminations et les meilleurs adresses shopping de No\u00ebl!","og_url":"https:\/\/marieclaire.be\/fr\/viree-paris-bonnes-adresses-fetes\/","og_site_name":"Marie Claire Belgique","article_publisher":"https:\/\/www.facebook.com\/MarieClaire.Belgique\/","article_published_time":"2025-12-08T06:27:57+00:00","article_modified_time":"2025-12-08T10:24:02+00:00","og_image":[{"width":1200,"height":628,"url":"https:\/\/marieclaire.be\/fr\/wp-content\/uploads\/2017\/12\/paris-fetes.png","type":"image\/png"}],"author":"Malvine Sevrin","twitter_misc":{"\u00c9crit par":"Malvine Sevrin","Dur\u00e9e de lecture estim\u00e9e":"5 minutes"},"schema":{"@context":"https:\/\/schema.org","@graph":[{"@type":"NewsArticle","@id":"https:\/\/marieclaire.be\/fr\/viree-paris-bonnes-adresses-fetes\/#article","isPartOf":{"@id":"https:\/\/marieclaire.be\/fr\/viree-paris-bonnes-adresses-fetes\/"},"author":{"name":"Malvine Sevrin","@id":"https:\/\/marieclaire.be\/fr\/#\/schema\/person\/c71bd7a8c3e622513c7531a39292a34e"},"headline":"5 exp\u00e9riences \u00e0 vivre \u00e0 Paris pour des f\u00eates f\u00e9eriques","datePublished":"2025-12-08T06:27:57+00:00","dateModified":"2025-12-08T10:24:02+00:00","mainEntityOfPage":{"@id":"https:\/\/marieclaire.be\/fr\/viree-paris-bonnes-adresses-fetes\/"},"wordCount":1013,"publisher":{"@id":"https:\/\/marieclaire.be\/fr\/#organization"},"image":{"@id":"https:\/\/marieclaire.be\/fr\/viree-paris-bonnes-adresses-fetes\/#primaryimage"},"thumbnailUrl":"https:\/\/marieclaire.be\/fr\/wp-content\/uploads\/2017\/12\/paris-fetes.png","keywords":["No\u00ebl","Paris"],"articleSection":["Evasion","Lifestyle"],"inLanguage":"fr-FR"},{"@type":"WebPage","@id":"https:\/\/marieclaire.be\/fr\/viree-paris-bonnes-adresses-fetes\/","url":"https:\/\/marieclaire.be\/fr\/viree-paris-bonnes-adresses-fetes\/","name":"5 exp\u00e9riences \u00e0 vivre \u00e0 Paris pour des f\u00eates f\u00e9eriques - Marie Claire Belgique","isPartOf":{"@id":"https:\/\/marieclaire.be\/fr\/#website"},"primaryImageOfPage":{"@id":"https:\/\/marieclaire.be\/fr\/viree-paris-bonnes-adresses-fetes\/#primaryimage"},"image":{"@id":"https:\/\/marieclaire.be\/fr\/viree-paris-bonnes-adresses-fetes\/#primaryimage"},"thumbnailUrl":"https:\/\/marieclaire.be\/fr\/wp-content\/uploads\/2017\/12\/paris-fetes.png","datePublished":"2025-12-08T06:27:57+00:00","dateModified":"2025-12-08T10:24:02+00:00","description":"Nous nous sommes rendues \u00e0 Paris le temps d'une journ\u00e9e, pour d\u00e9couvrir les illuminations et les meilleurs adresses shopping de No\u00ebl!","inLanguage":"fr-FR","potentialAction":[{"@type":"ReadAction","target":["https:\/\/marieclaire.be\/fr\/viree-paris-bonnes-adresses-fetes\/"]}]},{"@type":"ImageObject","inLanguage":"fr-FR","@id":"https:\/\/marieclaire.be\/fr\/viree-paris-bonnes-adresses-fetes\/#primaryimage","url":"https:\/\/marieclaire.be\/fr\/wp-content\/uploads\/2017\/12\/paris-fetes.png","contentUrl":"https:\/\/marieclaire.be\/fr\/wp-content\/uploads\/2017\/12\/paris-fetes.png","width":1200,"height":628,"caption":"Unsplash"},{"@type":"WebSite","@id":"https:\/\/marieclaire.be\/fr\/#website","url":"https:\/\/marieclaire.be\/fr\/","name":"Marie Claire Belgique","description":"Marie Claire Belgique, le magazine du style et de l\u2019intelligence qui parle de mode, des tendances, de la beaut\u00e9, de l\u2019actualit\u00e9 et de la culture","publisher":{"@id":"https:\/\/marieclaire.be\/fr\/#organization"},"potentialAction":[{"@type":"SearchAction","target":{"@type":"EntryPoint","urlTemplate":"https:\/\/marieclaire.be\/fr\/?s={search_term_string}"},"query-input":{"@type":"PropertyValueSpecification","valueRequired":true,"valueName":"search_term_string"}}],"inLanguage":"fr-FR"},{"@type":"Organization","@id":"https:\/\/marieclaire.be\/fr\/#organization","name":"Marie Claire","url":"https:\/\/marieclaire.be\/fr\/","logo":{"@type":"ImageObject","inLanguage":"fr-FR","@id":"https:\/\/marieclaire.be\/fr\/#\/schema\/logo\/image\/","url":"https:\/\/marieclaire.be\/fr\/wp-content\/uploads\/2018\/05\/mc-logo2.png","contentUrl":"https:\/\/marieclaire.be\/fr\/wp-content\/uploads\/2018\/05\/mc-logo2.png","width":1001,"height":189,"caption":"Marie Claire"},"image":{"@id":"https:\/\/marieclaire.be\/fr\/#\/schema\/logo\/image\/"},"sameAs":["https:\/\/www.facebook.com\/MarieClaire.Belgique\/","https:\/\/www.instagram.com\/marieclaire_belgique\/","https:\/\/fr.pinterest.com\/marieclairebe\/","https:\/\/www.youtube.com\/user\/BelgiumMarieClaire"]},{"@type":"Person","@id":"https:\/\/marieclaire.be\/fr\/#\/schema\/person\/c71bd7a8c3e622513c7531a39292a34e","name":"Malvine Sevrin","image":{"@type":"ImageObject","inLanguage":"fr-FR","@id":"https:\/\/marieclaire.be\/fr\/wp-content\/uploads\/2017\/05\/capture-decran-2024-02-13-a-145920-96x96.png","url":"https:\/\/marieclaire.be\/fr\/wp-content\/uploads\/2017\/05\/capture-decran-2024-02-13-a-145920-96x96.png","contentUrl":"https:\/\/marieclaire.be\/fr\/wp-content\/uploads\/2017\/05\/capture-decran-2024-02-13-a-145920-96x96.png","caption":"Malvine Sevrin"},"description":"Des podiums parisiens aux derni\u00e8res nouveaut\u00e9s skincare qui enflamment TikTok, je d\u00e9crypte les tendances pour Marie Claire Belgique. Passionn\u00e9e de voyage, de mode et de beaut\u00e9, je partage mes coups de coeur d\u00e9nich\u00e9s aux quatre coins du globe. En tant que r\u00e9dactrice en chef digital, j'ai \u00e9galement \u00e0 coeur de mettre en lumi\u00e8re les histoires inspirantes de femmes \u00e0 travers notre site et sur nos r\u00e9seaux sociaux.","sameAs":["https:\/\/www.instagram.com\/malvinesev\/"],"url":"https:\/\/marieclaire.be\/fr\/author\/malvine\/"}]}},"_links":{"self":[{"href":"https:\/\/marieclaire.be\/fr\/wp-json\/wp\/v2\/posts\/31798","targetHints":{"allow":["GET"]}}],"collection":[{"href":"https:\/\/marieclaire.be\/fr\/wp-json\/wp\/v2\/posts"}],"about":[{"href":"https:\/\/marieclaire.be\/fr\/wp-json\/wp\/v2\/types\/post"}],"author":[{"embeddable":true,"href":"https:\/\/marieclaire.be\/fr\/wp-json\/wp\/v2\/users\/30"}],"replies":[{"embeddable":true,"href":"https:\/\/marieclaire.be\/fr\/wp-json\/wp\/v2\/comments?post=31798"}],"version-history":[{"count":17,"href":"https:\/\/marieclaire.be\/fr\/wp-json\/wp\/v2\/posts\/31798\/revisions"}],"predecessor-version":[{"id":146603,"href":"https:\/\/marieclaire.be\/fr\/wp-json\/wp\/v2\/posts\/31798\/revisions\/146603"}],"wp:featuredmedia":[{"embeddable":true,"href":"https:\/\/marieclaire.be\/fr\/wp-json\/wp\/v2\/media\/132423"}],"wp:attachment":[{"href":"https:\/\/marieclaire.be\/fr\/wp-json\/wp\/v2\/media?parent=31798"}],"wp:term":[{"taxonomy":"category","embeddable":true,"href":"https:\/\/marieclaire.be\/fr\/wp-json\/wp\/v2\/categories?post=31798"},{"taxonomy":"post_tag","embeddable":true,"href":"https:\/\/marieclaire.be\/fr\/wp-json\/wp\/v2\/tags?post=31798"}],"curies":[{"name":"wp","href":"https:\/\/api.w.org\/{rel}","templated":true}]}}