{"id":30636,"date":"2017-12-06T12:10:49","date_gmt":"2017-12-06T11:10:49","guid":{"rendered":"http:\/\/marieclaire.be\/fr\/?p=30636"},"modified":"2017-12-06T15:52:20","modified_gmt":"2017-12-06T14:52:20","slug":"jolies-buches-de-noel-2017","status":"publish","type":"post","link":"https:\/\/marieclaire.be\/fr\/jolies-buches-de-noel-2017\/","title":{"rendered":"Les plus jolies b\u00fbches de No\u00ebl: pour faire durer la f\u00eate jusqu&#8217;au dessert"},"content":{"rendered":"","protected":false},"excerpt":{"rendered":"Votre d\u00e9fi cette ann\u00e9e, c&#8217;est d&#8217;\u00e9pater vos convives avec une b\u00fbche de No\u00ebl belle visuellement mais aussi d\u00e9licieuse? Vous \u00eates bien tomb\u00e9(e) parce que Marie Claire vous fait une s\u00e9lection des plus belles b\u00fbches de No\u00ebl.","protected":false},"author":8,"featured_media":31076,"comment_status":"closed","ping_status":"closed","sticky":false,"template":"","format":"standard","meta":{"_acf_changed":false,"footnotes":""},"categories":[806,67],"tags":[2754,2756,2755,553,675],"class_list":["post-30636","post","type-post","status-publish","format-standard","has-post-thumbnail","hentry","category-food","category-lifestyle","tag-buche","tag-chic","tag-dessert","tag-noel","tag-original"],"acf":[],"_yoast_wpseo_title":null,"_yoast_wpseo_metadesc":"Votre d\u00e9fi : \u00e9pater vos convives avec une b\u00fbche de No\u00ebl chic et originale? Marie Claire a fait une s\u00e9lection des plus belles buches de No\u00ebl.","image_verticale":null,"yoast_head":"<!-- This site is optimized with the Yoast SEO plugin v27.3 - https:\/\/yoast.com\/product\/yoast-seo-wordpress\/ -->\n<title>Les plus jolies b\u00fbches de No\u00ebl: pour faire durer la f\u00eate jusqu&#039;au dessert - Marie Claire Belgique<\/title>\n<meta name=\"description\" content=\"Votre d\u00e9fi : \u00e9pater vos convives avec une b\u00fbche de No\u00ebl chic et originale? Marie Claire a fait une s\u00e9lection des plus belles buches de No\u00ebl.\" \/>\n<meta name=\"robots\" content=\"index, follow, max-snippet:-1, max-image-preview:large, max-video-preview:-1\" \/>\n<link rel=\"canonical\" href=\"https:\/\/marieclaire.be\/fr\/jolies-buches-de-noel-2017\/\" \/>\n<link rel=\"next\" href=\"https:\/\/marieclaire.be\/fr\/jolies-buches-de-noel-2017\/2\/\" \/>\n<meta property=\"og:locale\" content=\"fr_FR\" \/>\n<meta property=\"og:type\" content=\"article\" \/>\n<meta property=\"og:title\" content=\"Les plus jolies b\u00fbches de No\u00ebl: pour faire durer la f\u00eate jusqu&#039;au dessert - Marie Claire Belgique\" \/>\n<meta property=\"og:description\" content=\"Votre d\u00e9fi : \u00e9pater vos convives avec une b\u00fbche de No\u00ebl chic et originale? Marie Claire a fait une s\u00e9lection des plus belles buches de No\u00ebl.\" \/>\n<meta property=\"og:url\" content=\"https:\/\/marieclaire.be\/fr\/jolies-buches-de-noel-2017\/\" \/>\n<meta property=\"og:site_name\" content=\"Marie Claire Belgique\" \/>\n<meta property=\"article:publisher\" content=\"https:\/\/www.facebook.com\/MarieClaire.Belgique\/\" \/>\n<meta property=\"article:published_time\" content=\"2017-12-06T11:10:49+00:00\" \/>\n<meta property=\"article:modified_time\" content=\"2017-12-06T14:52:20+00:00\" \/>\n<meta property=\"og:image\" content=\"https:\/\/marieclaire.be\/fr\/wp-content\/uploads\/2017\/12\/marieclaire_buchesdenoel.png\" \/>\n\t<meta property=\"og:image:width\" content=\"1050\" \/>\n\t<meta property=\"og:image:height\" content=\"550\" \/>\n\t<meta property=\"og:image:type\" content=\"image\/png\" \/>\n<meta name=\"author\" content=\"Marie Claire\" \/>\n<meta name=\"twitter:label1\" content=\"\u00c9crit par\" \/>\n\t<meta name=\"twitter:data1\" content=\"Marie Claire\" \/>\n\t<meta name=\"twitter:label2\" content=\"Dur\u00e9e de lecture estim\u00e9e\" \/>\n\t<meta name=\"twitter:data2\" content=\"4 minutes\" \/>\n<script type=\"application\/ld+json\" class=\"yoast-schema-graph\">{\"@context\":\"https:\\\/\\\/schema.org\",\"@graph\":[{\"@type\":\"NewsArticle\",\"@id\":\"https:\\\/\\\/marieclaire.be\\\/fr\\\/jolies-buches-de-noel-2017\\\/#article\",\"isPartOf\":{\"@id\":\"https:\\\/\\\/marieclaire.be\\\/fr\\\/jolies-buches-de-noel-2017\\\/\"},\"author\":{\"name\":\"Marie Claire\",\"@id\":\"https:\\\/\\\/marieclaire.be\\\/fr\\\/#\\\/schema\\\/person\\\/6a5bc4eb4707dbc5cb47d17804a85f8c\"},\"headline\":\"Les plus jolies b\u00fbches de No\u00ebl: pour faire durer la f\u00eate jusqu&#8217;au dessert\",\"datePublished\":\"2017-12-06T11:10:49+00:00\",\"dateModified\":\"2017-12-06T14:52:20+00:00\",\"mainEntityOfPage\":{\"@id\":\"https:\\\/\\\/marieclaire.be\\\/fr\\\/jolies-buches-de-noel-2017\\\/\"},\"wordCount\":907,\"publisher\":{\"@id\":\"https:\\\/\\\/marieclaire.be\\\/fr\\\/#organization\"},\"image\":{\"@id\":\"https:\\\/\\\/marieclaire.be\\\/fr\\\/jolies-buches-de-noel-2017\\\/#primaryimage\"},\"thumbnailUrl\":\"https:\\\/\\\/marieclaire.be\\\/fr\\\/wp-content\\\/uploads\\\/2017\\\/12\\\/marieclaire_buchesdenoel.png\",\"keywords\":[\"b\u00fbche\",\"chic\",\"dessert\",\"No\u00ebl\",\"original\"],\"articleSection\":[\"Food\",\"Lifestyle\"],\"inLanguage\":\"fr-FR\"},{\"@type\":\"WebPage\",\"@id\":\"https:\\\/\\\/marieclaire.be\\\/fr\\\/jolies-buches-de-noel-2017\\\/\",\"url\":\"https:\\\/\\\/marieclaire.be\\\/fr\\\/jolies-buches-de-noel-2017\\\/\",\"name\":\"Les plus jolies b\u00fbches de No\u00ebl: pour faire durer la f\u00eate jusqu'au dessert - Marie Claire Belgique\",\"isPartOf\":{\"@id\":\"https:\\\/\\\/marieclaire.be\\\/fr\\\/#website\"},\"primaryImageOfPage\":{\"@id\":\"https:\\\/\\\/marieclaire.be\\\/fr\\\/jolies-buches-de-noel-2017\\\/#primaryimage\"},\"image\":{\"@id\":\"https:\\\/\\\/marieclaire.be\\\/fr\\\/jolies-buches-de-noel-2017\\\/#primaryimage\"},\"thumbnailUrl\":\"https:\\\/\\\/marieclaire.be\\\/fr\\\/wp-content\\\/uploads\\\/2017\\\/12\\\/marieclaire_buchesdenoel.png\",\"datePublished\":\"2017-12-06T11:10:49+00:00\",\"dateModified\":\"2017-12-06T14:52:20+00:00\",\"description\":\"Votre d\u00e9fi : \u00e9pater vos convives avec une b\u00fbche de No\u00ebl chic et originale? Marie Claire a fait une s\u00e9lection des plus belles buches de No\u00ebl.\",\"inLanguage\":\"fr-FR\",\"potentialAction\":[{\"@type\":\"ReadAction\",\"target\":[\"https:\\\/\\\/marieclaire.be\\\/fr\\\/jolies-buches-de-noel-2017\\\/\"]}]},{\"@type\":\"ImageObject\",\"inLanguage\":\"fr-FR\",\"@id\":\"https:\\\/\\\/marieclaire.be\\\/fr\\\/jolies-buches-de-noel-2017\\\/#primaryimage\",\"url\":\"https:\\\/\\\/marieclaire.be\\\/fr\\\/wp-content\\\/uploads\\\/2017\\\/12\\\/marieclaire_buchesdenoel.png\",\"contentUrl\":\"https:\\\/\\\/marieclaire.be\\\/fr\\\/wp-content\\\/uploads\\\/2017\\\/12\\\/marieclaire_buchesdenoel.png\",\"width\":1050,\"height\":550,\"caption\":\"Cokoa - Ana\u00efs Gaudemer\"},{\"@type\":\"WebSite\",\"@id\":\"https:\\\/\\\/marieclaire.be\\\/fr\\\/#website\",\"url\":\"https:\\\/\\\/marieclaire.be\\\/fr\\\/\",\"name\":\"Marie Claire Belgique\",\"description\":\"Marie Claire Belgique, le magazine du style et de l\u2019intelligence qui parle de mode, des tendances, de la beaut\u00e9, de l\u2019actualit\u00e9 et de la culture\",\"publisher\":{\"@id\":\"https:\\\/\\\/marieclaire.be\\\/fr\\\/#organization\"},\"potentialAction\":[{\"@type\":\"SearchAction\",\"target\":{\"@type\":\"EntryPoint\",\"urlTemplate\":\"https:\\\/\\\/marieclaire.be\\\/fr\\\/?s={search_term_string}\"},\"query-input\":{\"@type\":\"PropertyValueSpecification\",\"valueRequired\":true,\"valueName\":\"search_term_string\"}}],\"inLanguage\":\"fr-FR\"},{\"@type\":\"Organization\",\"@id\":\"https:\\\/\\\/marieclaire.be\\\/fr\\\/#organization\",\"name\":\"Marie Claire\",\"url\":\"https:\\\/\\\/marieclaire.be\\\/fr\\\/\",\"logo\":{\"@type\":\"ImageObject\",\"inLanguage\":\"fr-FR\",\"@id\":\"https:\\\/\\\/marieclaire.be\\\/fr\\\/#\\\/schema\\\/logo\\\/image\\\/\",\"url\":\"https:\\\/\\\/marieclaire.be\\\/fr\\\/wp-content\\\/uploads\\\/2018\\\/05\\\/mc-logo2.png\",\"contentUrl\":\"https:\\\/\\\/marieclaire.be\\\/fr\\\/wp-content\\\/uploads\\\/2018\\\/05\\\/mc-logo2.png\",\"width\":1001,\"height\":189,\"caption\":\"Marie Claire\"},\"image\":{\"@id\":\"https:\\\/\\\/marieclaire.be\\\/fr\\\/#\\\/schema\\\/logo\\\/image\\\/\"},\"sameAs\":[\"https:\\\/\\\/www.facebook.com\\\/MarieClaire.Belgique\\\/\",\"https:\\\/\\\/www.instagram.com\\\/marieclaire_belgique\\\/\",\"https:\\\/\\\/fr.pinterest.com\\\/marieclairebe\\\/\",\"https:\\\/\\\/www.youtube.com\\\/user\\\/BelgiumMarieClaire\"]},{\"@type\":\"Person\",\"@id\":\"https:\\\/\\\/marieclaire.be\\\/fr\\\/#\\\/schema\\\/person\\\/6a5bc4eb4707dbc5cb47d17804a85f8c\",\"name\":\"Marie Claire\",\"image\":{\"@type\":\"ImageObject\",\"inLanguage\":\"fr-FR\",\"@id\":\"https:\\\/\\\/marieclaire.be\\\/fr\\\/wp-content\\\/uploads\\\/2016\\\/11\\\/mclogo-96x96.jpg\",\"url\":\"https:\\\/\\\/marieclaire.be\\\/fr\\\/wp-content\\\/uploads\\\/2016\\\/11\\\/mclogo-96x96.jpg\",\"contentUrl\":\"https:\\\/\\\/marieclaire.be\\\/fr\\\/wp-content\\\/uploads\\\/2016\\\/11\\\/mclogo-96x96.jpg\",\"caption\":\"Marie Claire\"},\"url\":\"https:\\\/\\\/marieclaire.be\\\/fr\\\/author\\\/stagiaire\\\/\"}]}<\/script>\n<!-- \/ Yoast SEO plugin. -->","yoast_head_json":{"title":"Les plus jolies b\u00fbches de No\u00ebl: pour faire durer la f\u00eate jusqu'au dessert - Marie Claire Belgique","description":"Votre d\u00e9fi : \u00e9pater vos convives avec une b\u00fbche de No\u00ebl chic et originale? Marie Claire a fait une s\u00e9lection des plus belles buches de No\u00ebl.","robots":{"index":"index","follow":"follow","max-snippet":"max-snippet:-1","max-image-preview":"max-image-preview:large","max-video-preview":"max-video-preview:-1"},"canonical":"https:\/\/marieclaire.be\/fr\/jolies-buches-de-noel-2017\/","next":"https:\/\/marieclaire.be\/fr\/jolies-buches-de-noel-2017\/2\/","og_locale":"fr_FR","og_type":"article","og_title":"Les plus jolies b\u00fbches de No\u00ebl: pour faire durer la f\u00eate jusqu'au dessert - Marie Claire Belgique","og_description":"Votre d\u00e9fi : \u00e9pater vos convives avec une b\u00fbche de No\u00ebl chic et originale? Marie Claire a fait une s\u00e9lection des plus belles buches de No\u00ebl.","og_url":"https:\/\/marieclaire.be\/fr\/jolies-buches-de-noel-2017\/","og_site_name":"Marie Claire Belgique","article_publisher":"https:\/\/www.facebook.com\/MarieClaire.Belgique\/","article_published_time":"2017-12-06T11:10:49+00:00","article_modified_time":"2017-12-06T14:52:20+00:00","og_image":[{"width":1050,"height":550,"url":"https:\/\/marieclaire.be\/fr\/wp-content\/uploads\/2017\/12\/marieclaire_buchesdenoel.png","type":"image\/png"}],"author":"Marie Claire","twitter_misc":{"\u00c9crit par":"Marie Claire","Dur\u00e9e de lecture estim\u00e9e":"4 minutes"},"schema":{"@context":"https:\/\/schema.org","@graph":[{"@type":"NewsArticle","@id":"https:\/\/marieclaire.be\/fr\/jolies-buches-de-noel-2017\/#article","isPartOf":{"@id":"https:\/\/marieclaire.be\/fr\/jolies-buches-de-noel-2017\/"},"author":{"name":"Marie Claire","@id":"https:\/\/marieclaire.be\/fr\/#\/schema\/person\/6a5bc4eb4707dbc5cb47d17804a85f8c"},"headline":"Les plus jolies b\u00fbches de No\u00ebl: pour faire durer la f\u00eate jusqu&#8217;au dessert","datePublished":"2017-12-06T11:10:49+00:00","dateModified":"2017-12-06T14:52:20+00:00","mainEntityOfPage":{"@id":"https:\/\/marieclaire.be\/fr\/jolies-buches-de-noel-2017\/"},"wordCount":907,"publisher":{"@id":"https:\/\/marieclaire.be\/fr\/#organization"},"image":{"@id":"https:\/\/marieclaire.be\/fr\/jolies-buches-de-noel-2017\/#primaryimage"},"thumbnailUrl":"https:\/\/marieclaire.be\/fr\/wp-content\/uploads\/2017\/12\/marieclaire_buchesdenoel.png","keywords":["b\u00fbche","chic","dessert","No\u00ebl","original"],"articleSection":["Food","Lifestyle"],"inLanguage":"fr-FR"},{"@type":"WebPage","@id":"https:\/\/marieclaire.be\/fr\/jolies-buches-de-noel-2017\/","url":"https:\/\/marieclaire.be\/fr\/jolies-buches-de-noel-2017\/","name":"Les plus jolies b\u00fbches de No\u00ebl: pour faire durer la f\u00eate jusqu'au dessert - Marie Claire Belgique","isPartOf":{"@id":"https:\/\/marieclaire.be\/fr\/#website"},"primaryImageOfPage":{"@id":"https:\/\/marieclaire.be\/fr\/jolies-buches-de-noel-2017\/#primaryimage"},"image":{"@id":"https:\/\/marieclaire.be\/fr\/jolies-buches-de-noel-2017\/#primaryimage"},"thumbnailUrl":"https:\/\/marieclaire.be\/fr\/wp-content\/uploads\/2017\/12\/marieclaire_buchesdenoel.png","datePublished":"2017-12-06T11:10:49+00:00","dateModified":"2017-12-06T14:52:20+00:00","description":"Votre d\u00e9fi : \u00e9pater vos convives avec une b\u00fbche de No\u00ebl chic et originale? Marie Claire a fait une s\u00e9lection des plus belles buches de No\u00ebl.","inLanguage":"fr-FR","potentialAction":[{"@type":"ReadAction","target":["https:\/\/marieclaire.be\/fr\/jolies-buches-de-noel-2017\/"]}]},{"@type":"ImageObject","inLanguage":"fr-FR","@id":"https:\/\/marieclaire.be\/fr\/jolies-buches-de-noel-2017\/#primaryimage","url":"https:\/\/marieclaire.be\/fr\/wp-content\/uploads\/2017\/12\/marieclaire_buchesdenoel.png","contentUrl":"https:\/\/marieclaire.be\/fr\/wp-content\/uploads\/2017\/12\/marieclaire_buchesdenoel.png","width":1050,"height":550,"caption":"Cokoa - Ana\u00efs Gaudemer"},{"@type":"WebSite","@id":"https:\/\/marieclaire.be\/fr\/#website","url":"https:\/\/marieclaire.be\/fr\/","name":"Marie Claire Belgique","description":"Marie Claire Belgique, le magazine du style et de l\u2019intelligence qui parle de mode, des tendances, de la beaut\u00e9, de l\u2019actualit\u00e9 et de la culture","publisher":{"@id":"https:\/\/marieclaire.be\/fr\/#organization"},"potentialAction":[{"@type":"SearchAction","target":{"@type":"EntryPoint","urlTemplate":"https:\/\/marieclaire.be\/fr\/?s={search_term_string}"},"query-input":{"@type":"PropertyValueSpecification","valueRequired":true,"valueName":"search_term_string"}}],"inLanguage":"fr-FR"},{"@type":"Organization","@id":"https:\/\/marieclaire.be\/fr\/#organization","name":"Marie Claire","url":"https:\/\/marieclaire.be\/fr\/","logo":{"@type":"ImageObject","inLanguage":"fr-FR","@id":"https:\/\/marieclaire.be\/fr\/#\/schema\/logo\/image\/","url":"https:\/\/marieclaire.be\/fr\/wp-content\/uploads\/2018\/05\/mc-logo2.png","contentUrl":"https:\/\/marieclaire.be\/fr\/wp-content\/uploads\/2018\/05\/mc-logo2.png","width":1001,"height":189,"caption":"Marie Claire"},"image":{"@id":"https:\/\/marieclaire.be\/fr\/#\/schema\/logo\/image\/"},"sameAs":["https:\/\/www.facebook.com\/MarieClaire.Belgique\/","https:\/\/www.instagram.com\/marieclaire_belgique\/","https:\/\/fr.pinterest.com\/marieclairebe\/","https:\/\/www.youtube.com\/user\/BelgiumMarieClaire"]},{"@type":"Person","@id":"https:\/\/marieclaire.be\/fr\/#\/schema\/person\/6a5bc4eb4707dbc5cb47d17804a85f8c","name":"Marie Claire","image":{"@type":"ImageObject","inLanguage":"fr-FR","@id":"https:\/\/marieclaire.be\/fr\/wp-content\/uploads\/2016\/11\/mclogo-96x96.jpg","url":"https:\/\/marieclaire.be\/fr\/wp-content\/uploads\/2016\/11\/mclogo-96x96.jpg","contentUrl":"https:\/\/marieclaire.be\/fr\/wp-content\/uploads\/2016\/11\/mclogo-96x96.jpg","caption":"Marie Claire"},"url":"https:\/\/marieclaire.be\/fr\/author\/stagiaire\/"}]}},"_links":{"self":[{"href":"https:\/\/marieclaire.be\/fr\/wp-json\/wp\/v2\/posts\/30636","targetHints":{"allow":["GET"]}}],"collection":[{"href":"https:\/\/marieclaire.be\/fr\/wp-json\/wp\/v2\/posts"}],"about":[{"href":"https:\/\/marieclaire.be\/fr\/wp-json\/wp\/v2\/types\/post"}],"author":[{"embeddable":true,"href":"https:\/\/marieclaire.be\/fr\/wp-json\/wp\/v2\/users\/8"}],"replies":[{"embeddable":true,"href":"https:\/\/marieclaire.be\/fr\/wp-json\/wp\/v2\/comments?post=30636"}],"version-history":[{"count":0,"href":"https:\/\/marieclaire.be\/fr\/wp-json\/wp\/v2\/posts\/30636\/revisions"}],"wp:featuredmedia":[{"embeddable":true,"href":"https:\/\/marieclaire.be\/fr\/wp-json\/wp\/v2\/media\/31076"}],"wp:attachment":[{"href":"https:\/\/marieclaire.be\/fr\/wp-json\/wp\/v2\/media?parent=30636"}],"wp:term":[{"taxonomy":"category","embeddable":true,"href":"https:\/\/marieclaire.be\/fr\/wp-json\/wp\/v2\/categories?post=30636"},{"taxonomy":"post_tag","embeddable":true,"href":"https:\/\/marieclaire.be\/fr\/wp-json\/wp\/v2\/tags?post=30636"}],"curies":[{"name":"wp","href":"https:\/\/api.w.org\/{rel}","templated":true}]}}