{"id":30453,"date":"2017-12-03T13:29:59","date_gmt":"2017-12-03T12:29:59","guid":{"rendered":"http:\/\/marieclaire.be\/fr\/?p=30453"},"modified":"2017-12-01T17:59:59","modified_gmt":"2017-12-01T16:59:59","slug":"nouveau-soin-visage-pour-moi","status":"publish","type":"post","link":"https:\/\/marieclaire.be\/fr\/nouveau-soin-visage-pour-moi\/","title":{"rendered":"Quel nouveau soin visage cocooning pour moi?"},"content":{"rendered":"","protected":false},"excerpt":{"rendered":"Un nouveau soin visage, \u00e7a vous dit? Si comme nous, vous avez envie de rester sous la couette, d&#8217;envoyer balader Madame Big Boss et Monsieur Moustache, il est temps de vous offrir un petit moment rien qu&#8217;\u00e0 vous.","protected":false},"author":26,"featured_media":30545,"comment_status":"closed","ping_status":"closed","sticky":false,"template":"","format":"standard","meta":{"_acf_changed":false,"footnotes":""},"categories":[7,20],"tags":[2742,2743,2741,2587,672],"class_list":["post-30453","post","type-post","status-publish","format-standard","has-post-thumbnail","hentry","category-beaute","category-soins","tag-decleor","tag-ella-bache","tag-instituts-de-beaute","tag-shiseido","tag-soin-visage"],"acf":[],"_yoast_wpseo_title":null,"_yoast_wpseo_metadesc":"Un nouveau soin visage, \u00e7a vous dit? Cap sur les nouveaut\u00e9s en institut de beaut\u00e9 pour un moment cocooning garanti\u2026","image_verticale":null,"yoast_head":"<!-- This site is optimized with the Yoast SEO plugin v27.3 - https:\/\/yoast.com\/product\/yoast-seo-wordpress\/ -->\n<title>Quel nouveau soin visage cocooning pour moi? - Marie Claire Belgique<\/title>\n<meta name=\"description\" content=\"Un nouveau soin visage, \u00e7a vous dit? Cap sur les nouveaut\u00e9s en institut de beaut\u00e9 pour un moment cocooning garanti\u2026\" \/>\n<meta name=\"robots\" content=\"index, follow, max-snippet:-1, max-image-preview:large, max-video-preview:-1\" \/>\n<link rel=\"canonical\" href=\"https:\/\/marieclaire.be\/fr\/nouveau-soin-visage-pour-moi\/\" \/>\n<link rel=\"next\" href=\"https:\/\/marieclaire.be\/fr\/nouveau-soin-visage-pour-moi\/2\/\" \/>\n<meta property=\"og:locale\" content=\"fr_FR\" \/>\n<meta property=\"og:type\" content=\"article\" \/>\n<meta property=\"og:title\" content=\"Quel nouveau soin visage cocooning pour moi? - Marie Claire Belgique\" \/>\n<meta property=\"og:description\" content=\"Un nouveau soin visage, \u00e7a vous dit? Cap sur les nouveaut\u00e9s en institut de beaut\u00e9 pour un moment cocooning garanti\u2026\" \/>\n<meta property=\"og:url\" content=\"https:\/\/marieclaire.be\/fr\/nouveau-soin-visage-pour-moi\/\" \/>\n<meta property=\"og:site_name\" content=\"Marie Claire Belgique\" \/>\n<meta property=\"article:publisher\" content=\"https:\/\/www.facebook.com\/MarieClaire.Belgique\/\" \/>\n<meta property=\"article:author\" content=\"https:\/\/www.facebook.com\/Belen Ucros\" \/>\n<meta property=\"article:published_time\" content=\"2017-12-03T12:29:59+00:00\" \/>\n<meta property=\"og:image\" content=\"https:\/\/marieclaire.be\/fr\/wp-content\/uploads\/2017\/11\/marieclaire_soinvisage_cover.jpg\" \/>\n\t<meta property=\"og:image:width\" content=\"1050\" \/>\n\t<meta property=\"og:image:height\" content=\"550\" \/>\n\t<meta property=\"og:image:type\" content=\"image\/jpeg\" \/>\n<meta name=\"author\" content=\"Belen Ucros\" \/>\n<meta name=\"twitter:label1\" content=\"\u00c9crit par\" \/>\n\t<meta name=\"twitter:data1\" content=\"Belen Ucros\" \/>\n\t<meta name=\"twitter:label2\" content=\"Dur\u00e9e de lecture estim\u00e9e\" \/>\n\t<meta name=\"twitter:data2\" content=\"5 minutes\" \/>\n<script type=\"application\/ld+json\" class=\"yoast-schema-graph\">{\"@context\":\"https:\\\/\\\/schema.org\",\"@graph\":[{\"@type\":\"NewsArticle\",\"@id\":\"https:\\\/\\\/marieclaire.be\\\/fr\\\/nouveau-soin-visage-pour-moi\\\/#article\",\"isPartOf\":{\"@id\":\"https:\\\/\\\/marieclaire.be\\\/fr\\\/nouveau-soin-visage-pour-moi\\\/\"},\"author\":{\"name\":\"Belen Ucros\",\"@id\":\"https:\\\/\\\/marieclaire.be\\\/fr\\\/#\\\/schema\\\/person\\\/38e8a21628b635dc5ba91615bac53430\"},\"headline\":\"Quel nouveau soin visage cocooning pour moi?\",\"datePublished\":\"2017-12-03T12:29:59+00:00\",\"mainEntityOfPage\":{\"@id\":\"https:\\\/\\\/marieclaire.be\\\/fr\\\/nouveau-soin-visage-pour-moi\\\/\"},\"wordCount\":1024,\"publisher\":{\"@id\":\"https:\\\/\\\/marieclaire.be\\\/fr\\\/#organization\"},\"image\":{\"@id\":\"https:\\\/\\\/marieclaire.be\\\/fr\\\/nouveau-soin-visage-pour-moi\\\/#primaryimage\"},\"thumbnailUrl\":\"https:\\\/\\\/marieclaire.be\\\/fr\\\/wp-content\\\/uploads\\\/2017\\\/11\\\/marieclaire_soinvisage_cover.jpg\",\"keywords\":[\"Decl\u00e9or\",\"Ella Bach\u00e9\",\"Instituts de beaut\u00e9\",\"shiseido\",\"Soin visage\"],\"articleSection\":[\"Beaut\u00e9\",\"Soins\"],\"inLanguage\":\"fr-FR\"},{\"@type\":\"WebPage\",\"@id\":\"https:\\\/\\\/marieclaire.be\\\/fr\\\/nouveau-soin-visage-pour-moi\\\/\",\"url\":\"https:\\\/\\\/marieclaire.be\\\/fr\\\/nouveau-soin-visage-pour-moi\\\/\",\"name\":\"Quel nouveau soin visage cocooning pour moi? - Marie Claire Belgique\",\"isPartOf\":{\"@id\":\"https:\\\/\\\/marieclaire.be\\\/fr\\\/#website\"},\"primaryImageOfPage\":{\"@id\":\"https:\\\/\\\/marieclaire.be\\\/fr\\\/nouveau-soin-visage-pour-moi\\\/#primaryimage\"},\"image\":{\"@id\":\"https:\\\/\\\/marieclaire.be\\\/fr\\\/nouveau-soin-visage-pour-moi\\\/#primaryimage\"},\"thumbnailUrl\":\"https:\\\/\\\/marieclaire.be\\\/fr\\\/wp-content\\\/uploads\\\/2017\\\/11\\\/marieclaire_soinvisage_cover.jpg\",\"datePublished\":\"2017-12-03T12:29:59+00:00\",\"description\":\"Un nouveau soin visage, \u00e7a vous dit? Cap sur les nouveaut\u00e9s en institut de beaut\u00e9 pour un moment cocooning garanti\u2026\",\"inLanguage\":\"fr-FR\",\"potentialAction\":[{\"@type\":\"ReadAction\",\"target\":[\"https:\\\/\\\/marieclaire.be\\\/fr\\\/nouveau-soin-visage-pour-moi\\\/\"]}]},{\"@type\":\"ImageObject\",\"inLanguage\":\"fr-FR\",\"@id\":\"https:\\\/\\\/marieclaire.be\\\/fr\\\/nouveau-soin-visage-pour-moi\\\/#primaryimage\",\"url\":\"https:\\\/\\\/marieclaire.be\\\/fr\\\/wp-content\\\/uploads\\\/2017\\\/11\\\/marieclaire_soinvisage_cover.jpg\",\"contentUrl\":\"https:\\\/\\\/marieclaire.be\\\/fr\\\/wp-content\\\/uploads\\\/2017\\\/11\\\/marieclaire_soinvisage_cover.jpg\",\"width\":1050,\"height\":550,\"caption\":\"Planet Parfum\"},{\"@type\":\"WebSite\",\"@id\":\"https:\\\/\\\/marieclaire.be\\\/fr\\\/#website\",\"url\":\"https:\\\/\\\/marieclaire.be\\\/fr\\\/\",\"name\":\"Marie Claire Belgique\",\"description\":\"Marie Claire Belgique, le magazine du style et de l\u2019intelligence qui parle de mode, des tendances, de la beaut\u00e9, de l\u2019actualit\u00e9 et de la culture\",\"publisher\":{\"@id\":\"https:\\\/\\\/marieclaire.be\\\/fr\\\/#organization\"},\"potentialAction\":[{\"@type\":\"SearchAction\",\"target\":{\"@type\":\"EntryPoint\",\"urlTemplate\":\"https:\\\/\\\/marieclaire.be\\\/fr\\\/?s={search_term_string}\"},\"query-input\":{\"@type\":\"PropertyValueSpecification\",\"valueRequired\":true,\"valueName\":\"search_term_string\"}}],\"inLanguage\":\"fr-FR\"},{\"@type\":\"Organization\",\"@id\":\"https:\\\/\\\/marieclaire.be\\\/fr\\\/#organization\",\"name\":\"Marie Claire\",\"url\":\"https:\\\/\\\/marieclaire.be\\\/fr\\\/\",\"logo\":{\"@type\":\"ImageObject\",\"inLanguage\":\"fr-FR\",\"@id\":\"https:\\\/\\\/marieclaire.be\\\/fr\\\/#\\\/schema\\\/logo\\\/image\\\/\",\"url\":\"https:\\\/\\\/marieclaire.be\\\/fr\\\/wp-content\\\/uploads\\\/2018\\\/05\\\/mc-logo2.png\",\"contentUrl\":\"https:\\\/\\\/marieclaire.be\\\/fr\\\/wp-content\\\/uploads\\\/2018\\\/05\\\/mc-logo2.png\",\"width\":1001,\"height\":189,\"caption\":\"Marie Claire\"},\"image\":{\"@id\":\"https:\\\/\\\/marieclaire.be\\\/fr\\\/#\\\/schema\\\/logo\\\/image\\\/\"},\"sameAs\":[\"https:\\\/\\\/www.facebook.com\\\/MarieClaire.Belgique\\\/\",\"https:\\\/\\\/www.instagram.com\\\/marieclaire_belgique\\\/\",\"https:\\\/\\\/fr.pinterest.com\\\/marieclairebe\\\/\",\"https:\\\/\\\/www.youtube.com\\\/user\\\/BelgiumMarieClaire\"]},{\"@type\":\"Person\",\"@id\":\"https:\\\/\\\/marieclaire.be\\\/fr\\\/#\\\/schema\\\/person\\\/38e8a21628b635dc5ba91615bac53430\",\"name\":\"Belen Ucros\",\"image\":{\"@type\":\"ImageObject\",\"inLanguage\":\"fr-FR\",\"@id\":\"https:\\\/\\\/marieclaire.be\\\/fr\\\/wp-content\\\/uploads\\\/2016\\\/12\\\/belen-96x96.jpg\",\"url\":\"https:\\\/\\\/marieclaire.be\\\/fr\\\/wp-content\\\/uploads\\\/2016\\\/12\\\/belen-96x96.jpg\",\"contentUrl\":\"https:\\\/\\\/marieclaire.be\\\/fr\\\/wp-content\\\/uploads\\\/2016\\\/12\\\/belen-96x96.jpg\",\"caption\":\"Belen Ucros\"},\"description\":\"Experte dans le domaine de la beaut\u00e9 et du bien-\u00eatre, je n'h\u00e9site pas \u00e0 mouiller mon maillot pour vous aider \u00e0 faire le tri dans l'abondance de nouveaut\u00e9s.\",\"sameAs\":[\"https:\\\/\\\/www.facebook.com\\\/Belen Ucros\",\"https:\\\/\\\/www.instagram.com\\\/belenucros\",\"https:\\\/\\\/www.pinterest.com\\\/Belen Ucros\",\"https:\\\/\\\/x.com\\\/BelenUcros\"],\"url\":\"https:\\\/\\\/marieclaire.be\\\/fr\\\/author\\\/belen\\\/\"}]}<\/script>\n<!-- \/ Yoast SEO plugin. -->","yoast_head_json":{"title":"Quel nouveau soin visage cocooning pour moi? - Marie Claire Belgique","description":"Un nouveau soin visage, \u00e7a vous dit? Cap sur les nouveaut\u00e9s en institut de beaut\u00e9 pour un moment cocooning garanti\u2026","robots":{"index":"index","follow":"follow","max-snippet":"max-snippet:-1","max-image-preview":"max-image-preview:large","max-video-preview":"max-video-preview:-1"},"canonical":"https:\/\/marieclaire.be\/fr\/nouveau-soin-visage-pour-moi\/","next":"https:\/\/marieclaire.be\/fr\/nouveau-soin-visage-pour-moi\/2\/","og_locale":"fr_FR","og_type":"article","og_title":"Quel nouveau soin visage cocooning pour moi? - Marie Claire Belgique","og_description":"Un nouveau soin visage, \u00e7a vous dit? Cap sur les nouveaut\u00e9s en institut de beaut\u00e9 pour un moment cocooning garanti\u2026","og_url":"https:\/\/marieclaire.be\/fr\/nouveau-soin-visage-pour-moi\/","og_site_name":"Marie Claire Belgique","article_publisher":"https:\/\/www.facebook.com\/MarieClaire.Belgique\/","article_author":"https:\/\/www.facebook.com\/Belen Ucros","article_published_time":"2017-12-03T12:29:59+00:00","og_image":[{"width":1050,"height":550,"url":"https:\/\/marieclaire.be\/fr\/wp-content\/uploads\/2017\/11\/marieclaire_soinvisage_cover.jpg","type":"image\/jpeg"}],"author":"Belen Ucros","twitter_misc":{"\u00c9crit par":"Belen Ucros","Dur\u00e9e de lecture estim\u00e9e":"5 minutes"},"schema":{"@context":"https:\/\/schema.org","@graph":[{"@type":"NewsArticle","@id":"https:\/\/marieclaire.be\/fr\/nouveau-soin-visage-pour-moi\/#article","isPartOf":{"@id":"https:\/\/marieclaire.be\/fr\/nouveau-soin-visage-pour-moi\/"},"author":{"name":"Belen Ucros","@id":"https:\/\/marieclaire.be\/fr\/#\/schema\/person\/38e8a21628b635dc5ba91615bac53430"},"headline":"Quel nouveau soin visage cocooning pour moi?","datePublished":"2017-12-03T12:29:59+00:00","mainEntityOfPage":{"@id":"https:\/\/marieclaire.be\/fr\/nouveau-soin-visage-pour-moi\/"},"wordCount":1024,"publisher":{"@id":"https:\/\/marieclaire.be\/fr\/#organization"},"image":{"@id":"https:\/\/marieclaire.be\/fr\/nouveau-soin-visage-pour-moi\/#primaryimage"},"thumbnailUrl":"https:\/\/marieclaire.be\/fr\/wp-content\/uploads\/2017\/11\/marieclaire_soinvisage_cover.jpg","keywords":["Decl\u00e9or","Ella Bach\u00e9","Instituts de beaut\u00e9","shiseido","Soin visage"],"articleSection":["Beaut\u00e9","Soins"],"inLanguage":"fr-FR"},{"@type":"WebPage","@id":"https:\/\/marieclaire.be\/fr\/nouveau-soin-visage-pour-moi\/","url":"https:\/\/marieclaire.be\/fr\/nouveau-soin-visage-pour-moi\/","name":"Quel nouveau soin visage cocooning pour moi? - Marie Claire Belgique","isPartOf":{"@id":"https:\/\/marieclaire.be\/fr\/#website"},"primaryImageOfPage":{"@id":"https:\/\/marieclaire.be\/fr\/nouveau-soin-visage-pour-moi\/#primaryimage"},"image":{"@id":"https:\/\/marieclaire.be\/fr\/nouveau-soin-visage-pour-moi\/#primaryimage"},"thumbnailUrl":"https:\/\/marieclaire.be\/fr\/wp-content\/uploads\/2017\/11\/marieclaire_soinvisage_cover.jpg","datePublished":"2017-12-03T12:29:59+00:00","description":"Un nouveau soin visage, \u00e7a vous dit? Cap sur les nouveaut\u00e9s en institut de beaut\u00e9 pour un moment cocooning garanti\u2026","inLanguage":"fr-FR","potentialAction":[{"@type":"ReadAction","target":["https:\/\/marieclaire.be\/fr\/nouveau-soin-visage-pour-moi\/"]}]},{"@type":"ImageObject","inLanguage":"fr-FR","@id":"https:\/\/marieclaire.be\/fr\/nouveau-soin-visage-pour-moi\/#primaryimage","url":"https:\/\/marieclaire.be\/fr\/wp-content\/uploads\/2017\/11\/marieclaire_soinvisage_cover.jpg","contentUrl":"https:\/\/marieclaire.be\/fr\/wp-content\/uploads\/2017\/11\/marieclaire_soinvisage_cover.jpg","width":1050,"height":550,"caption":"Planet Parfum"},{"@type":"WebSite","@id":"https:\/\/marieclaire.be\/fr\/#website","url":"https:\/\/marieclaire.be\/fr\/","name":"Marie Claire Belgique","description":"Marie Claire Belgique, le magazine du style et de l\u2019intelligence qui parle de mode, des tendances, de la beaut\u00e9, de l\u2019actualit\u00e9 et de la culture","publisher":{"@id":"https:\/\/marieclaire.be\/fr\/#organization"},"potentialAction":[{"@type":"SearchAction","target":{"@type":"EntryPoint","urlTemplate":"https:\/\/marieclaire.be\/fr\/?s={search_term_string}"},"query-input":{"@type":"PropertyValueSpecification","valueRequired":true,"valueName":"search_term_string"}}],"inLanguage":"fr-FR"},{"@type":"Organization","@id":"https:\/\/marieclaire.be\/fr\/#organization","name":"Marie Claire","url":"https:\/\/marieclaire.be\/fr\/","logo":{"@type":"ImageObject","inLanguage":"fr-FR","@id":"https:\/\/marieclaire.be\/fr\/#\/schema\/logo\/image\/","url":"https:\/\/marieclaire.be\/fr\/wp-content\/uploads\/2018\/05\/mc-logo2.png","contentUrl":"https:\/\/marieclaire.be\/fr\/wp-content\/uploads\/2018\/05\/mc-logo2.png","width":1001,"height":189,"caption":"Marie Claire"},"image":{"@id":"https:\/\/marieclaire.be\/fr\/#\/schema\/logo\/image\/"},"sameAs":["https:\/\/www.facebook.com\/MarieClaire.Belgique\/","https:\/\/www.instagram.com\/marieclaire_belgique\/","https:\/\/fr.pinterest.com\/marieclairebe\/","https:\/\/www.youtube.com\/user\/BelgiumMarieClaire"]},{"@type":"Person","@id":"https:\/\/marieclaire.be\/fr\/#\/schema\/person\/38e8a21628b635dc5ba91615bac53430","name":"Belen Ucros","image":{"@type":"ImageObject","inLanguage":"fr-FR","@id":"https:\/\/marieclaire.be\/fr\/wp-content\/uploads\/2016\/12\/belen-96x96.jpg","url":"https:\/\/marieclaire.be\/fr\/wp-content\/uploads\/2016\/12\/belen-96x96.jpg","contentUrl":"https:\/\/marieclaire.be\/fr\/wp-content\/uploads\/2016\/12\/belen-96x96.jpg","caption":"Belen Ucros"},"description":"Experte dans le domaine de la beaut\u00e9 et du bien-\u00eatre, je n'h\u00e9site pas \u00e0 mouiller mon maillot pour vous aider \u00e0 faire le tri dans l'abondance de nouveaut\u00e9s.","sameAs":["https:\/\/www.facebook.com\/Belen Ucros","https:\/\/www.instagram.com\/belenucros","https:\/\/www.pinterest.com\/Belen Ucros","https:\/\/x.com\/BelenUcros"],"url":"https:\/\/marieclaire.be\/fr\/author\/belen\/"}]}},"_links":{"self":[{"href":"https:\/\/marieclaire.be\/fr\/wp-json\/wp\/v2\/posts\/30453","targetHints":{"allow":["GET"]}}],"collection":[{"href":"https:\/\/marieclaire.be\/fr\/wp-json\/wp\/v2\/posts"}],"about":[{"href":"https:\/\/marieclaire.be\/fr\/wp-json\/wp\/v2\/types\/post"}],"author":[{"embeddable":true,"href":"https:\/\/marieclaire.be\/fr\/wp-json\/wp\/v2\/users\/26"}],"replies":[{"embeddable":true,"href":"https:\/\/marieclaire.be\/fr\/wp-json\/wp\/v2\/comments?post=30453"}],"version-history":[{"count":0,"href":"https:\/\/marieclaire.be\/fr\/wp-json\/wp\/v2\/posts\/30453\/revisions"}],"wp:featuredmedia":[{"embeddable":true,"href":"https:\/\/marieclaire.be\/fr\/wp-json\/wp\/v2\/media\/30545"}],"wp:attachment":[{"href":"https:\/\/marieclaire.be\/fr\/wp-json\/wp\/v2\/media?parent=30453"}],"wp:term":[{"taxonomy":"category","embeddable":true,"href":"https:\/\/marieclaire.be\/fr\/wp-json\/wp\/v2\/categories?post=30453"},{"taxonomy":"post_tag","embeddable":true,"href":"https:\/\/marieclaire.be\/fr\/wp-json\/wp\/v2\/tags?post=30453"}],"curies":[{"name":"wp","href":"https:\/\/api.w.org\/{rel}","templated":true}]}}