{"id":30166,"date":"2017-11-25T16:36:20","date_gmt":"2017-11-25T15:36:20","guid":{"rendered":"http:\/\/marieclaire.be\/fr\/?p=30166"},"modified":"2017-11-27T15:23:36","modified_gmt":"2017-11-27T14:23:36","slug":"duo-brigitte-raconte-linavouable","status":"publish","type":"post","link":"https:\/\/marieclaire.be\/fr\/duo-brigitte-raconte-linavouable\/","title":{"rendered":"Le duo Brigitte se met \u00e0 nu"},"content":{"rendered":"","protected":false},"excerpt":{"rendered":"Avec Nues, leur troisi\u00e8me album, Brigitte r\u00e9v\u00e8le ses fragilit\u00e9s. ...","protected":false},"author":7,"featured_media":30167,"comment_status":"closed","ping_status":"closed","sticky":false,"template":"","format":"standard","meta":{"_acf_changed":false,"footnotes":""},"categories":[26,67],"tags":[2710,2712,2711,365,366,1518,2714],"class_list":["post-30166","post","type-post","status-publish","format-standard","has-post-thumbnail","hentry","category-culture","category-lifestyle","tag-brigitte","tag-chanteuses","tag-duo","tag-interview","tag-musique","tag-rencontre","tag-tac-au-tac"],"acf":[],"_yoast_wpseo_title":null,"_yoast_wpseo_metadesc":"Avec Nues, leur troisi\u00e8me album, Brigitte r\u00e9v\u00e8le ses fragilit\u00e9s. Sans fard, ni strass, le duo livre ses blessures. Rencontre.","image_verticale":null,"yoast_head":"<!-- This site is optimized with the Yoast SEO plugin v27.3 - https:\/\/yoast.com\/product\/yoast-seo-wordpress\/ -->\n<title>Le duo Brigitte se met \u00e0 nu - Marie Claire Belgique<\/title>\n<meta name=\"description\" content=\"Avec Nues, leur troisi\u00e8me album, Brigitte r\u00e9v\u00e8le ses fragilit\u00e9s. Sans fard, ni strass, le duo livre ses blessures. Rencontre.\" \/>\n<meta name=\"robots\" content=\"index, follow, max-snippet:-1, max-image-preview:large, max-video-preview:-1\" \/>\n<link rel=\"canonical\" href=\"https:\/\/marieclaire.be\/fr\/duo-brigitte-raconte-linavouable\/\" \/>\n<meta property=\"og:locale\" content=\"fr_FR\" \/>\n<meta property=\"og:type\" content=\"article\" \/>\n<meta property=\"og:title\" content=\"Le duo Brigitte se met \u00e0 nu - Marie Claire Belgique\" \/>\n<meta property=\"og:description\" content=\"Avec Nues, leur troisi\u00e8me album, Brigitte r\u00e9v\u00e8le ses fragilit\u00e9s. Sans fard, ni strass, le duo livre ses blessures. Rencontre.\" \/>\n<meta property=\"og:url\" content=\"https:\/\/marieclaire.be\/fr\/duo-brigitte-raconte-linavouable\/\" \/>\n<meta property=\"og:site_name\" content=\"Marie Claire Belgique\" \/>\n<meta property=\"article:publisher\" content=\"https:\/\/www.facebook.com\/MarieClaire.Belgique\/\" \/>\n<meta property=\"article:published_time\" content=\"2017-11-25T15:36:20+00:00\" \/>\n<meta property=\"article:modified_time\" content=\"2017-11-27T14:23:36+00:00\" \/>\n<meta property=\"og:image\" content=\"https:\/\/marieclaire.be\/fr\/wp-content\/uploads\/2017\/11\/Nues-copie.jpg\" \/>\n\t<meta property=\"og:image:width\" content=\"1050\" \/>\n\t<meta property=\"og:image:height\" content=\"550\" \/>\n\t<meta property=\"og:image:type\" content=\"image\/jpeg\" \/>\n<meta name=\"author\" content=\"Valentine Van Gestel\" \/>\n<meta name=\"twitter:label1\" content=\"\u00c9crit par\" \/>\n\t<meta name=\"twitter:data1\" content=\"Valentine Van Gestel\" \/>\n\t<meta name=\"twitter:label2\" content=\"Dur\u00e9e de lecture estim\u00e9e\" \/>\n\t<meta name=\"twitter:data2\" content=\"2 minutes\" \/>\n<script type=\"application\/ld+json\" class=\"yoast-schema-graph\">{\"@context\":\"https:\\\/\\\/schema.org\",\"@graph\":[{\"@type\":\"NewsArticle\",\"@id\":\"https:\\\/\\\/marieclaire.be\\\/fr\\\/duo-brigitte-raconte-linavouable\\\/#article\",\"isPartOf\":{\"@id\":\"https:\\\/\\\/marieclaire.be\\\/fr\\\/duo-brigitte-raconte-linavouable\\\/\"},\"author\":{\"name\":\"Valentine Van Gestel\",\"@id\":\"https:\\\/\\\/marieclaire.be\\\/fr\\\/#\\\/schema\\\/person\\\/1c062fa509f6b9b0e842535bdbe82e6f\"},\"headline\":\"Le duo Brigitte se met \u00e0 nu\",\"datePublished\":\"2017-11-25T15:36:20+00:00\",\"dateModified\":\"2017-11-27T14:23:36+00:00\",\"mainEntityOfPage\":{\"@id\":\"https:\\\/\\\/marieclaire.be\\\/fr\\\/duo-brigitte-raconte-linavouable\\\/\"},\"wordCount\":315,\"publisher\":{\"@id\":\"https:\\\/\\\/marieclaire.be\\\/fr\\\/#organization\"},\"image\":{\"@id\":\"https:\\\/\\\/marieclaire.be\\\/fr\\\/duo-brigitte-raconte-linavouable\\\/#primaryimage\"},\"thumbnailUrl\":\"https:\\\/\\\/marieclaire.be\\\/fr\\\/wp-content\\\/uploads\\\/2017\\\/11\\\/Nues-copie.jpg\",\"keywords\":[\"Brigitte\",\"chanteuses\",\"duo\",\"interview\",\"musique\",\"rencontre\",\"tac au tac\"],\"articleSection\":[\"Culture\",\"Lifestyle\"],\"inLanguage\":\"fr-FR\"},{\"@type\":\"WebPage\",\"@id\":\"https:\\\/\\\/marieclaire.be\\\/fr\\\/duo-brigitte-raconte-linavouable\\\/\",\"url\":\"https:\\\/\\\/marieclaire.be\\\/fr\\\/duo-brigitte-raconte-linavouable\\\/\",\"name\":\"Le duo Brigitte se met \u00e0 nu - Marie Claire Belgique\",\"isPartOf\":{\"@id\":\"https:\\\/\\\/marieclaire.be\\\/fr\\\/#website\"},\"primaryImageOfPage\":{\"@id\":\"https:\\\/\\\/marieclaire.be\\\/fr\\\/duo-brigitte-raconte-linavouable\\\/#primaryimage\"},\"image\":{\"@id\":\"https:\\\/\\\/marieclaire.be\\\/fr\\\/duo-brigitte-raconte-linavouable\\\/#primaryimage\"},\"thumbnailUrl\":\"https:\\\/\\\/marieclaire.be\\\/fr\\\/wp-content\\\/uploads\\\/2017\\\/11\\\/Nues-copie.jpg\",\"datePublished\":\"2017-11-25T15:36:20+00:00\",\"dateModified\":\"2017-11-27T14:23:36+00:00\",\"description\":\"Avec Nues, leur troisi\u00e8me album, Brigitte r\u00e9v\u00e8le ses fragilit\u00e9s. Sans fard, ni strass, le duo livre ses blessures. Rencontre.\",\"breadcrumb\":{\"@id\":\"https:\\\/\\\/marieclaire.be\\\/fr\\\/duo-brigitte-raconte-linavouable\\\/#breadcrumb\"},\"inLanguage\":\"fr-FR\",\"potentialAction\":[{\"@type\":\"ReadAction\",\"target\":[\"https:\\\/\\\/marieclaire.be\\\/fr\\\/duo-brigitte-raconte-linavouable\\\/\"]}]},{\"@type\":\"ImageObject\",\"inLanguage\":\"fr-FR\",\"@id\":\"https:\\\/\\\/marieclaire.be\\\/fr\\\/duo-brigitte-raconte-linavouable\\\/#primaryimage\",\"url\":\"https:\\\/\\\/marieclaire.be\\\/fr\\\/wp-content\\\/uploads\\\/2017\\\/11\\\/Nues-copie.jpg\",\"contentUrl\":\"https:\\\/\\\/marieclaire.be\\\/fr\\\/wp-content\\\/uploads\\\/2017\\\/11\\\/Nues-copie.jpg\",\"width\":1050,\"height\":550,\"caption\":\"Brigitte\"},{\"@type\":\"BreadcrumbList\",\"@id\":\"https:\\\/\\\/marieclaire.be\\\/fr\\\/duo-brigitte-raconte-linavouable\\\/#breadcrumb\",\"itemListElement\":[{\"@type\":\"ListItem\",\"position\":1,\"name\":\"Accueil\",\"item\":\"https:\\\/\\\/marieclaire.be\\\/fr\\\/\"},{\"@type\":\"ListItem\",\"position\":2,\"name\":\"Le duo Brigitte se met \u00e0 nu\"}]},{\"@type\":\"WebSite\",\"@id\":\"https:\\\/\\\/marieclaire.be\\\/fr\\\/#website\",\"url\":\"https:\\\/\\\/marieclaire.be\\\/fr\\\/\",\"name\":\"Marie Claire Belgique\",\"description\":\"Marie Claire Belgique, le magazine du style et de l\u2019intelligence qui parle de mode, des tendances, de la beaut\u00e9, de l\u2019actualit\u00e9 et de la culture\",\"publisher\":{\"@id\":\"https:\\\/\\\/marieclaire.be\\\/fr\\\/#organization\"},\"potentialAction\":[{\"@type\":\"SearchAction\",\"target\":{\"@type\":\"EntryPoint\",\"urlTemplate\":\"https:\\\/\\\/marieclaire.be\\\/fr\\\/?s={search_term_string}\"},\"query-input\":{\"@type\":\"PropertyValueSpecification\",\"valueRequired\":true,\"valueName\":\"search_term_string\"}}],\"inLanguage\":\"fr-FR\"},{\"@type\":\"Organization\",\"@id\":\"https:\\\/\\\/marieclaire.be\\\/fr\\\/#organization\",\"name\":\"Marie Claire\",\"url\":\"https:\\\/\\\/marieclaire.be\\\/fr\\\/\",\"logo\":{\"@type\":\"ImageObject\",\"inLanguage\":\"fr-FR\",\"@id\":\"https:\\\/\\\/marieclaire.be\\\/fr\\\/#\\\/schema\\\/logo\\\/image\\\/\",\"url\":\"https:\\\/\\\/marieclaire.be\\\/fr\\\/wp-content\\\/uploads\\\/2018\\\/05\\\/mc-logo2.png\",\"contentUrl\":\"https:\\\/\\\/marieclaire.be\\\/fr\\\/wp-content\\\/uploads\\\/2018\\\/05\\\/mc-logo2.png\",\"width\":1001,\"height\":189,\"caption\":\"Marie Claire\"},\"image\":{\"@id\":\"https:\\\/\\\/marieclaire.be\\\/fr\\\/#\\\/schema\\\/logo\\\/image\\\/\"},\"sameAs\":[\"https:\\\/\\\/www.facebook.com\\\/MarieClaire.Belgique\\\/\",\"https:\\\/\\\/www.instagram.com\\\/marieclaire_belgique\\\/\",\"https:\\\/\\\/fr.pinterest.com\\\/marieclairebe\\\/\",\"https:\\\/\\\/www.youtube.com\\\/user\\\/BelgiumMarieClaire\"]},{\"@type\":\"Person\",\"@id\":\"https:\\\/\\\/marieclaire.be\\\/fr\\\/#\\\/schema\\\/person\\\/1c062fa509f6b9b0e842535bdbe82e6f\",\"name\":\"Valentine Van Gestel\",\"image\":{\"@type\":\"ImageObject\",\"inLanguage\":\"fr-FR\",\"@id\":\"https:\\\/\\\/marieclaire.be\\\/fr\\\/wp-content\\\/uploads\\\/2016\\\/11\\\/Valentine1-96x96.jpg\",\"url\":\"https:\\\/\\\/marieclaire.be\\\/fr\\\/wp-content\\\/uploads\\\/2016\\\/11\\\/Valentine1-96x96.jpg\",\"contentUrl\":\"https:\\\/\\\/marieclaire.be\\\/fr\\\/wp-content\\\/uploads\\\/2016\\\/11\\\/Valentine1-96x96.jpg\",\"caption\":\"Valentine Van Gestel\"},\"description\":\"Amoureuse de la diversit\u00e9, \u00e9ternelle gourmande, tendre passionn\u00e9e et maman curieuse et imparfaite, je partage avec enthousiasme mes d\u00e9couvertes.\",\"url\":\"https:\\\/\\\/marieclaire.be\\\/fr\\\/author\\\/valentine\\\/\"}]}<\/script>\n<!-- \/ Yoast SEO plugin. -->","yoast_head_json":{"title":"Le duo Brigitte se met \u00e0 nu - Marie Claire Belgique","description":"Avec Nues, leur troisi\u00e8me album, Brigitte r\u00e9v\u00e8le ses fragilit\u00e9s. Sans fard, ni strass, le duo livre ses blessures. Rencontre.","robots":{"index":"index","follow":"follow","max-snippet":"max-snippet:-1","max-image-preview":"max-image-preview:large","max-video-preview":"max-video-preview:-1"},"canonical":"https:\/\/marieclaire.be\/fr\/duo-brigitte-raconte-linavouable\/","og_locale":"fr_FR","og_type":"article","og_title":"Le duo Brigitte se met \u00e0 nu - Marie Claire Belgique","og_description":"Avec Nues, leur troisi\u00e8me album, Brigitte r\u00e9v\u00e8le ses fragilit\u00e9s. Sans fard, ni strass, le duo livre ses blessures. Rencontre.","og_url":"https:\/\/marieclaire.be\/fr\/duo-brigitte-raconte-linavouable\/","og_site_name":"Marie Claire Belgique","article_publisher":"https:\/\/www.facebook.com\/MarieClaire.Belgique\/","article_published_time":"2017-11-25T15:36:20+00:00","article_modified_time":"2017-11-27T14:23:36+00:00","og_image":[{"width":1050,"height":550,"url":"https:\/\/marieclaire.be\/fr\/wp-content\/uploads\/2017\/11\/Nues-copie.jpg","type":"image\/jpeg"}],"author":"Valentine Van Gestel","twitter_misc":{"\u00c9crit par":"Valentine Van Gestel","Dur\u00e9e de lecture estim\u00e9e":"2 minutes"},"schema":{"@context":"https:\/\/schema.org","@graph":[{"@type":"NewsArticle","@id":"https:\/\/marieclaire.be\/fr\/duo-brigitte-raconte-linavouable\/#article","isPartOf":{"@id":"https:\/\/marieclaire.be\/fr\/duo-brigitte-raconte-linavouable\/"},"author":{"name":"Valentine Van Gestel","@id":"https:\/\/marieclaire.be\/fr\/#\/schema\/person\/1c062fa509f6b9b0e842535bdbe82e6f"},"headline":"Le duo Brigitte se met \u00e0 nu","datePublished":"2017-11-25T15:36:20+00:00","dateModified":"2017-11-27T14:23:36+00:00","mainEntityOfPage":{"@id":"https:\/\/marieclaire.be\/fr\/duo-brigitte-raconte-linavouable\/"},"wordCount":315,"publisher":{"@id":"https:\/\/marieclaire.be\/fr\/#organization"},"image":{"@id":"https:\/\/marieclaire.be\/fr\/duo-brigitte-raconte-linavouable\/#primaryimage"},"thumbnailUrl":"https:\/\/marieclaire.be\/fr\/wp-content\/uploads\/2017\/11\/Nues-copie.jpg","keywords":["Brigitte","chanteuses","duo","interview","musique","rencontre","tac au tac"],"articleSection":["Culture","Lifestyle"],"inLanguage":"fr-FR"},{"@type":"WebPage","@id":"https:\/\/marieclaire.be\/fr\/duo-brigitte-raconte-linavouable\/","url":"https:\/\/marieclaire.be\/fr\/duo-brigitte-raconte-linavouable\/","name":"Le duo Brigitte se met \u00e0 nu - Marie Claire Belgique","isPartOf":{"@id":"https:\/\/marieclaire.be\/fr\/#website"},"primaryImageOfPage":{"@id":"https:\/\/marieclaire.be\/fr\/duo-brigitte-raconte-linavouable\/#primaryimage"},"image":{"@id":"https:\/\/marieclaire.be\/fr\/duo-brigitte-raconte-linavouable\/#primaryimage"},"thumbnailUrl":"https:\/\/marieclaire.be\/fr\/wp-content\/uploads\/2017\/11\/Nues-copie.jpg","datePublished":"2017-11-25T15:36:20+00:00","dateModified":"2017-11-27T14:23:36+00:00","description":"Avec Nues, leur troisi\u00e8me album, Brigitte r\u00e9v\u00e8le ses fragilit\u00e9s. Sans fard, ni strass, le duo livre ses blessures. Rencontre.","breadcrumb":{"@id":"https:\/\/marieclaire.be\/fr\/duo-brigitte-raconte-linavouable\/#breadcrumb"},"inLanguage":"fr-FR","potentialAction":[{"@type":"ReadAction","target":["https:\/\/marieclaire.be\/fr\/duo-brigitte-raconte-linavouable\/"]}]},{"@type":"ImageObject","inLanguage":"fr-FR","@id":"https:\/\/marieclaire.be\/fr\/duo-brigitte-raconte-linavouable\/#primaryimage","url":"https:\/\/marieclaire.be\/fr\/wp-content\/uploads\/2017\/11\/Nues-copie.jpg","contentUrl":"https:\/\/marieclaire.be\/fr\/wp-content\/uploads\/2017\/11\/Nues-copie.jpg","width":1050,"height":550,"caption":"Brigitte"},{"@type":"BreadcrumbList","@id":"https:\/\/marieclaire.be\/fr\/duo-brigitte-raconte-linavouable\/#breadcrumb","itemListElement":[{"@type":"ListItem","position":1,"name":"Accueil","item":"https:\/\/marieclaire.be\/fr\/"},{"@type":"ListItem","position":2,"name":"Le duo Brigitte se met \u00e0 nu"}]},{"@type":"WebSite","@id":"https:\/\/marieclaire.be\/fr\/#website","url":"https:\/\/marieclaire.be\/fr\/","name":"Marie Claire Belgique","description":"Marie Claire Belgique, le magazine du style et de l\u2019intelligence qui parle de mode, des tendances, de la beaut\u00e9, de l\u2019actualit\u00e9 et de la culture","publisher":{"@id":"https:\/\/marieclaire.be\/fr\/#organization"},"potentialAction":[{"@type":"SearchAction","target":{"@type":"EntryPoint","urlTemplate":"https:\/\/marieclaire.be\/fr\/?s={search_term_string}"},"query-input":{"@type":"PropertyValueSpecification","valueRequired":true,"valueName":"search_term_string"}}],"inLanguage":"fr-FR"},{"@type":"Organization","@id":"https:\/\/marieclaire.be\/fr\/#organization","name":"Marie Claire","url":"https:\/\/marieclaire.be\/fr\/","logo":{"@type":"ImageObject","inLanguage":"fr-FR","@id":"https:\/\/marieclaire.be\/fr\/#\/schema\/logo\/image\/","url":"https:\/\/marieclaire.be\/fr\/wp-content\/uploads\/2018\/05\/mc-logo2.png","contentUrl":"https:\/\/marieclaire.be\/fr\/wp-content\/uploads\/2018\/05\/mc-logo2.png","width":1001,"height":189,"caption":"Marie Claire"},"image":{"@id":"https:\/\/marieclaire.be\/fr\/#\/schema\/logo\/image\/"},"sameAs":["https:\/\/www.facebook.com\/MarieClaire.Belgique\/","https:\/\/www.instagram.com\/marieclaire_belgique\/","https:\/\/fr.pinterest.com\/marieclairebe\/","https:\/\/www.youtube.com\/user\/BelgiumMarieClaire"]},{"@type":"Person","@id":"https:\/\/marieclaire.be\/fr\/#\/schema\/person\/1c062fa509f6b9b0e842535bdbe82e6f","name":"Valentine Van Gestel","image":{"@type":"ImageObject","inLanguage":"fr-FR","@id":"https:\/\/marieclaire.be\/fr\/wp-content\/uploads\/2016\/11\/Valentine1-96x96.jpg","url":"https:\/\/marieclaire.be\/fr\/wp-content\/uploads\/2016\/11\/Valentine1-96x96.jpg","contentUrl":"https:\/\/marieclaire.be\/fr\/wp-content\/uploads\/2016\/11\/Valentine1-96x96.jpg","caption":"Valentine Van Gestel"},"description":"Amoureuse de la diversit\u00e9, \u00e9ternelle gourmande, tendre passionn\u00e9e et maman curieuse et imparfaite, je partage avec enthousiasme mes d\u00e9couvertes.","url":"https:\/\/marieclaire.be\/fr\/author\/valentine\/"}]}},"_links":{"self":[{"href":"https:\/\/marieclaire.be\/fr\/wp-json\/wp\/v2\/posts\/30166","targetHints":{"allow":["GET"]}}],"collection":[{"href":"https:\/\/marieclaire.be\/fr\/wp-json\/wp\/v2\/posts"}],"about":[{"href":"https:\/\/marieclaire.be\/fr\/wp-json\/wp\/v2\/types\/post"}],"author":[{"embeddable":true,"href":"https:\/\/marieclaire.be\/fr\/wp-json\/wp\/v2\/users\/7"}],"replies":[{"embeddable":true,"href":"https:\/\/marieclaire.be\/fr\/wp-json\/wp\/v2\/comments?post=30166"}],"version-history":[{"count":0,"href":"https:\/\/marieclaire.be\/fr\/wp-json\/wp\/v2\/posts\/30166\/revisions"}],"wp:featuredmedia":[{"embeddable":true,"href":"https:\/\/marieclaire.be\/fr\/wp-json\/wp\/v2\/media\/30167"}],"wp:attachment":[{"href":"https:\/\/marieclaire.be\/fr\/wp-json\/wp\/v2\/media?parent=30166"}],"wp:term":[{"taxonomy":"category","embeddable":true,"href":"https:\/\/marieclaire.be\/fr\/wp-json\/wp\/v2\/categories?post=30166"},{"taxonomy":"post_tag","embeddable":true,"href":"https:\/\/marieclaire.be\/fr\/wp-json\/wp\/v2\/tags?post=30166"}],"curies":[{"name":"wp","href":"https:\/\/api.w.org\/{rel}","templated":true}]}}