{"id":28056,"date":"2017-10-25T08:43:08","date_gmt":"2017-10-25T06:43:08","guid":{"rendered":"http:\/\/marieclaire.be\/fr\/?p=28056"},"modified":"2018-02-02T18:46:25","modified_gmt":"2018-02-02T17:46:25","slug":"cara-delevingne-visage-capture-dior","status":"publish","type":"post","link":"https:\/\/marieclaire.be\/fr\/cara-delevingne-visage-capture-dior\/","title":{"rendered":"Cara Delevingne, le nouveau visage de la gamme Capture Youth de Dior"},"content":{"rendered":"","protected":false},"excerpt":{"rendered":"Cara Delevingne, top model r\u00e9volutionnaire, com\u00e9dienne et jeune femme engag\u00e9e pr\u00eate sa beaut\u00e9 moderne et son charisme magn\u00e9tique \u00e0 la nouvelle ligne Capture Youth de Dior.","protected":false},"author":26,"featured_media":28059,"comment_status":"closed","ping_status":"closed","sticky":false,"template":"","format":"standard","meta":{"_acf_changed":false,"footnotes":""},"categories":[7,1453,20],"tags":[2566,905,551,1098],"class_list":["post-28056","post","type-post","status-publish","format-standard","has-post-thumbnail","hentry","category-beaute","category-enbref","category-soins","tag-capture-youth","tag-cara-delevingne","tag-dior","tag-egerie"],"acf":[],"_yoast_wpseo_title":null,"_yoast_wpseo_metadesc":"Cara Delevingne, top model r\u00e9volutionnaire, com\u00e9dienne et jeune femme engag\u00e9e pr\u00eate sa beaut\u00e9 et son charisme \u00e0 la nouvelle ligne Capture Youth de Dior.","image_verticale":null,"yoast_head":"<!-- This site is optimized with the Yoast SEO plugin v27.3 - https:\/\/yoast.com\/product\/yoast-seo-wordpress\/ -->\n<title>Cara Delevingne, le nouveau visage de la gamme Capture Youth de Dior - Marie Claire Belgique<\/title>\n<meta name=\"description\" content=\"Cara Delevingne, top model r\u00e9volutionnaire, com\u00e9dienne et jeune femme engag\u00e9e pr\u00eate sa beaut\u00e9 et son charisme \u00e0 la nouvelle ligne Capture Youth de Dior.\" \/>\n<meta name=\"robots\" content=\"index, follow, max-snippet:-1, max-image-preview:large, max-video-preview:-1\" \/>\n<link rel=\"canonical\" href=\"https:\/\/marieclaire.be\/fr\/cara-delevingne-visage-capture-dior\/\" \/>\n<meta property=\"og:locale\" content=\"fr_FR\" \/>\n<meta property=\"og:type\" content=\"article\" \/>\n<meta property=\"og:title\" content=\"Cara Delevingne, le nouveau visage de la gamme Capture Youth de Dior - Marie Claire Belgique\" \/>\n<meta property=\"og:description\" content=\"Cara Delevingne, top model r\u00e9volutionnaire, com\u00e9dienne et jeune femme engag\u00e9e pr\u00eate sa beaut\u00e9 et son charisme \u00e0 la nouvelle ligne Capture Youth de Dior.\" \/>\n<meta property=\"og:url\" content=\"https:\/\/marieclaire.be\/fr\/cara-delevingne-visage-capture-dior\/\" \/>\n<meta property=\"og:site_name\" content=\"Marie Claire Belgique\" \/>\n<meta property=\"article:publisher\" content=\"https:\/\/www.facebook.com\/MarieClaire.Belgique\/\" \/>\n<meta property=\"article:author\" content=\"https:\/\/www.facebook.com\/Belen Ucros\" \/>\n<meta property=\"article:published_time\" content=\"2017-10-25T06:43:08+00:00\" \/>\n<meta property=\"article:modified_time\" content=\"2018-02-02T17:46:25+00:00\" \/>\n<meta property=\"og:image\" content=\"https:\/\/marieclaire.be\/fr\/wp-content\/uploads\/2017\/10\/marieclaire-caradelevingne-cover.jpg\" \/>\n\t<meta property=\"og:image:width\" content=\"1050\" \/>\n\t<meta property=\"og:image:height\" content=\"550\" \/>\n\t<meta property=\"og:image:type\" content=\"image\/jpeg\" \/>\n<meta name=\"author\" content=\"Belen Ucros\" \/>\n<meta name=\"twitter:label1\" content=\"\u00c9crit par\" \/>\n\t<meta name=\"twitter:data1\" content=\"Belen Ucros\" \/>\n\t<meta name=\"twitter:label2\" content=\"Dur\u00e9e de lecture estim\u00e9e\" \/>\n\t<meta name=\"twitter:data2\" content=\"1 minute\" \/>\n<script type=\"application\/ld+json\" class=\"yoast-schema-graph\">{\"@context\":\"https:\\\/\\\/schema.org\",\"@graph\":[{\"@type\":\"NewsArticle\",\"@id\":\"https:\\\/\\\/marieclaire.be\\\/fr\\\/cara-delevingne-visage-capture-dior\\\/#article\",\"isPartOf\":{\"@id\":\"https:\\\/\\\/marieclaire.be\\\/fr\\\/cara-delevingne-visage-capture-dior\\\/\"},\"author\":{\"name\":\"Belen Ucros\",\"@id\":\"https:\\\/\\\/marieclaire.be\\\/fr\\\/#\\\/schema\\\/person\\\/38e8a21628b635dc5ba91615bac53430\"},\"headline\":\"Cara Delevingne, le nouveau visage de la gamme Capture Youth de Dior\",\"datePublished\":\"2017-10-25T06:43:08+00:00\",\"dateModified\":\"2018-02-02T17:46:25+00:00\",\"mainEntityOfPage\":{\"@id\":\"https:\\\/\\\/marieclaire.be\\\/fr\\\/cara-delevingne-visage-capture-dior\\\/\"},\"wordCount\":258,\"publisher\":{\"@id\":\"https:\\\/\\\/marieclaire.be\\\/fr\\\/#organization\"},\"image\":{\"@id\":\"https:\\\/\\\/marieclaire.be\\\/fr\\\/cara-delevingne-visage-capture-dior\\\/#primaryimage\"},\"thumbnailUrl\":\"https:\\\/\\\/marieclaire.be\\\/fr\\\/wp-content\\\/uploads\\\/2017\\\/10\\\/marieclaire-caradelevingne-cover.jpg\",\"keywords\":[\"Capture Youth\",\"Cara Delevingne\",\"Dior\",\"\u00e9g\u00e9rie\"],\"articleSection\":[\"Beaut\u00e9\",\"En bref\",\"Soins\"],\"inLanguage\":\"fr-FR\"},{\"@type\":\"WebPage\",\"@id\":\"https:\\\/\\\/marieclaire.be\\\/fr\\\/cara-delevingne-visage-capture-dior\\\/\",\"url\":\"https:\\\/\\\/marieclaire.be\\\/fr\\\/cara-delevingne-visage-capture-dior\\\/\",\"name\":\"Cara Delevingne, le nouveau visage de la gamme Capture Youth de Dior - Marie Claire Belgique\",\"isPartOf\":{\"@id\":\"https:\\\/\\\/marieclaire.be\\\/fr\\\/#website\"},\"primaryImageOfPage\":{\"@id\":\"https:\\\/\\\/marieclaire.be\\\/fr\\\/cara-delevingne-visage-capture-dior\\\/#primaryimage\"},\"image\":{\"@id\":\"https:\\\/\\\/marieclaire.be\\\/fr\\\/cara-delevingne-visage-capture-dior\\\/#primaryimage\"},\"thumbnailUrl\":\"https:\\\/\\\/marieclaire.be\\\/fr\\\/wp-content\\\/uploads\\\/2017\\\/10\\\/marieclaire-caradelevingne-cover.jpg\",\"datePublished\":\"2017-10-25T06:43:08+00:00\",\"dateModified\":\"2018-02-02T17:46:25+00:00\",\"description\":\"Cara Delevingne, top model r\u00e9volutionnaire, com\u00e9dienne et jeune femme engag\u00e9e pr\u00eate sa beaut\u00e9 et son charisme \u00e0 la nouvelle ligne Capture Youth de Dior.\",\"breadcrumb\":{\"@id\":\"https:\\\/\\\/marieclaire.be\\\/fr\\\/cara-delevingne-visage-capture-dior\\\/#breadcrumb\"},\"inLanguage\":\"fr-FR\",\"potentialAction\":[{\"@type\":\"ReadAction\",\"target\":[\"https:\\\/\\\/marieclaire.be\\\/fr\\\/cara-delevingne-visage-capture-dior\\\/\"]}]},{\"@type\":\"ImageObject\",\"inLanguage\":\"fr-FR\",\"@id\":\"https:\\\/\\\/marieclaire.be\\\/fr\\\/cara-delevingne-visage-capture-dior\\\/#primaryimage\",\"url\":\"https:\\\/\\\/marieclaire.be\\\/fr\\\/wp-content\\\/uploads\\\/2017\\\/10\\\/marieclaire-caradelevingne-cover.jpg\",\"contentUrl\":\"https:\\\/\\\/marieclaire.be\\\/fr\\\/wp-content\\\/uploads\\\/2017\\\/10\\\/marieclaire-caradelevingne-cover.jpg\",\"width\":1050,\"height\":550,\"caption\":\"Presse\"},{\"@type\":\"BreadcrumbList\",\"@id\":\"https:\\\/\\\/marieclaire.be\\\/fr\\\/cara-delevingne-visage-capture-dior\\\/#breadcrumb\",\"itemListElement\":[{\"@type\":\"ListItem\",\"position\":1,\"name\":\"Accueil\",\"item\":\"https:\\\/\\\/marieclaire.be\\\/fr\\\/\"},{\"@type\":\"ListItem\",\"position\":2,\"name\":\"Cara Delevingne, le nouveau visage de la gamme Capture Youth de Dior\"}]},{\"@type\":\"WebSite\",\"@id\":\"https:\\\/\\\/marieclaire.be\\\/fr\\\/#website\",\"url\":\"https:\\\/\\\/marieclaire.be\\\/fr\\\/\",\"name\":\"Marie Claire Belgique\",\"description\":\"Marie Claire Belgique, le magazine du style et de l\u2019intelligence qui parle de mode, des tendances, de la beaut\u00e9, de l\u2019actualit\u00e9 et de la culture\",\"publisher\":{\"@id\":\"https:\\\/\\\/marieclaire.be\\\/fr\\\/#organization\"},\"potentialAction\":[{\"@type\":\"SearchAction\",\"target\":{\"@type\":\"EntryPoint\",\"urlTemplate\":\"https:\\\/\\\/marieclaire.be\\\/fr\\\/?s={search_term_string}\"},\"query-input\":{\"@type\":\"PropertyValueSpecification\",\"valueRequired\":true,\"valueName\":\"search_term_string\"}}],\"inLanguage\":\"fr-FR\"},{\"@type\":\"Organization\",\"@id\":\"https:\\\/\\\/marieclaire.be\\\/fr\\\/#organization\",\"name\":\"Marie Claire\",\"url\":\"https:\\\/\\\/marieclaire.be\\\/fr\\\/\",\"logo\":{\"@type\":\"ImageObject\",\"inLanguage\":\"fr-FR\",\"@id\":\"https:\\\/\\\/marieclaire.be\\\/fr\\\/#\\\/schema\\\/logo\\\/image\\\/\",\"url\":\"https:\\\/\\\/marieclaire.be\\\/fr\\\/wp-content\\\/uploads\\\/2018\\\/05\\\/mc-logo2.png\",\"contentUrl\":\"https:\\\/\\\/marieclaire.be\\\/fr\\\/wp-content\\\/uploads\\\/2018\\\/05\\\/mc-logo2.png\",\"width\":1001,\"height\":189,\"caption\":\"Marie Claire\"},\"image\":{\"@id\":\"https:\\\/\\\/marieclaire.be\\\/fr\\\/#\\\/schema\\\/logo\\\/image\\\/\"},\"sameAs\":[\"https:\\\/\\\/www.facebook.com\\\/MarieClaire.Belgique\\\/\",\"https:\\\/\\\/www.instagram.com\\\/marieclaire_belgique\\\/\",\"https:\\\/\\\/fr.pinterest.com\\\/marieclairebe\\\/\",\"https:\\\/\\\/www.youtube.com\\\/user\\\/BelgiumMarieClaire\"]},{\"@type\":\"Person\",\"@id\":\"https:\\\/\\\/marieclaire.be\\\/fr\\\/#\\\/schema\\\/person\\\/38e8a21628b635dc5ba91615bac53430\",\"name\":\"Belen Ucros\",\"image\":{\"@type\":\"ImageObject\",\"inLanguage\":\"fr-FR\",\"@id\":\"https:\\\/\\\/marieclaire.be\\\/fr\\\/wp-content\\\/uploads\\\/2016\\\/12\\\/belen-96x96.jpg\",\"url\":\"https:\\\/\\\/marieclaire.be\\\/fr\\\/wp-content\\\/uploads\\\/2016\\\/12\\\/belen-96x96.jpg\",\"contentUrl\":\"https:\\\/\\\/marieclaire.be\\\/fr\\\/wp-content\\\/uploads\\\/2016\\\/12\\\/belen-96x96.jpg\",\"caption\":\"Belen Ucros\"},\"description\":\"Experte dans le domaine de la beaut\u00e9 et du bien-\u00eatre, je n'h\u00e9site pas \u00e0 mouiller mon maillot pour vous aider \u00e0 faire le tri dans l'abondance de nouveaut\u00e9s.\",\"sameAs\":[\"https:\\\/\\\/www.facebook.com\\\/Belen Ucros\",\"https:\\\/\\\/www.instagram.com\\\/belenucros\",\"https:\\\/\\\/www.pinterest.com\\\/Belen Ucros\",\"https:\\\/\\\/x.com\\\/BelenUcros\"],\"url\":\"https:\\\/\\\/marieclaire.be\\\/fr\\\/author\\\/belen\\\/\"}]}<\/script>\n<!-- \/ Yoast SEO plugin. -->","yoast_head_json":{"title":"Cara Delevingne, le nouveau visage de la gamme Capture Youth de Dior - Marie Claire Belgique","description":"Cara Delevingne, top model r\u00e9volutionnaire, com\u00e9dienne et jeune femme engag\u00e9e pr\u00eate sa beaut\u00e9 et son charisme \u00e0 la nouvelle ligne Capture Youth de Dior.","robots":{"index":"index","follow":"follow","max-snippet":"max-snippet:-1","max-image-preview":"max-image-preview:large","max-video-preview":"max-video-preview:-1"},"canonical":"https:\/\/marieclaire.be\/fr\/cara-delevingne-visage-capture-dior\/","og_locale":"fr_FR","og_type":"article","og_title":"Cara Delevingne, le nouveau visage de la gamme Capture Youth de Dior - Marie Claire Belgique","og_description":"Cara Delevingne, top model r\u00e9volutionnaire, com\u00e9dienne et jeune femme engag\u00e9e pr\u00eate sa beaut\u00e9 et son charisme \u00e0 la nouvelle ligne Capture Youth de Dior.","og_url":"https:\/\/marieclaire.be\/fr\/cara-delevingne-visage-capture-dior\/","og_site_name":"Marie Claire Belgique","article_publisher":"https:\/\/www.facebook.com\/MarieClaire.Belgique\/","article_author":"https:\/\/www.facebook.com\/Belen Ucros","article_published_time":"2017-10-25T06:43:08+00:00","article_modified_time":"2018-02-02T17:46:25+00:00","og_image":[{"width":1050,"height":550,"url":"https:\/\/marieclaire.be\/fr\/wp-content\/uploads\/2017\/10\/marieclaire-caradelevingne-cover.jpg","type":"image\/jpeg"}],"author":"Belen Ucros","twitter_misc":{"\u00c9crit par":"Belen Ucros","Dur\u00e9e de lecture estim\u00e9e":"1 minute"},"schema":{"@context":"https:\/\/schema.org","@graph":[{"@type":"NewsArticle","@id":"https:\/\/marieclaire.be\/fr\/cara-delevingne-visage-capture-dior\/#article","isPartOf":{"@id":"https:\/\/marieclaire.be\/fr\/cara-delevingne-visage-capture-dior\/"},"author":{"name":"Belen Ucros","@id":"https:\/\/marieclaire.be\/fr\/#\/schema\/person\/38e8a21628b635dc5ba91615bac53430"},"headline":"Cara Delevingne, le nouveau visage de la gamme Capture Youth de Dior","datePublished":"2017-10-25T06:43:08+00:00","dateModified":"2018-02-02T17:46:25+00:00","mainEntityOfPage":{"@id":"https:\/\/marieclaire.be\/fr\/cara-delevingne-visage-capture-dior\/"},"wordCount":258,"publisher":{"@id":"https:\/\/marieclaire.be\/fr\/#organization"},"image":{"@id":"https:\/\/marieclaire.be\/fr\/cara-delevingne-visage-capture-dior\/#primaryimage"},"thumbnailUrl":"https:\/\/marieclaire.be\/fr\/wp-content\/uploads\/2017\/10\/marieclaire-caradelevingne-cover.jpg","keywords":["Capture Youth","Cara Delevingne","Dior","\u00e9g\u00e9rie"],"articleSection":["Beaut\u00e9","En bref","Soins"],"inLanguage":"fr-FR"},{"@type":"WebPage","@id":"https:\/\/marieclaire.be\/fr\/cara-delevingne-visage-capture-dior\/","url":"https:\/\/marieclaire.be\/fr\/cara-delevingne-visage-capture-dior\/","name":"Cara Delevingne, le nouveau visage de la gamme Capture Youth de Dior - Marie Claire Belgique","isPartOf":{"@id":"https:\/\/marieclaire.be\/fr\/#website"},"primaryImageOfPage":{"@id":"https:\/\/marieclaire.be\/fr\/cara-delevingne-visage-capture-dior\/#primaryimage"},"image":{"@id":"https:\/\/marieclaire.be\/fr\/cara-delevingne-visage-capture-dior\/#primaryimage"},"thumbnailUrl":"https:\/\/marieclaire.be\/fr\/wp-content\/uploads\/2017\/10\/marieclaire-caradelevingne-cover.jpg","datePublished":"2017-10-25T06:43:08+00:00","dateModified":"2018-02-02T17:46:25+00:00","description":"Cara Delevingne, top model r\u00e9volutionnaire, com\u00e9dienne et jeune femme engag\u00e9e pr\u00eate sa beaut\u00e9 et son charisme \u00e0 la nouvelle ligne Capture Youth de Dior.","breadcrumb":{"@id":"https:\/\/marieclaire.be\/fr\/cara-delevingne-visage-capture-dior\/#breadcrumb"},"inLanguage":"fr-FR","potentialAction":[{"@type":"ReadAction","target":["https:\/\/marieclaire.be\/fr\/cara-delevingne-visage-capture-dior\/"]}]},{"@type":"ImageObject","inLanguage":"fr-FR","@id":"https:\/\/marieclaire.be\/fr\/cara-delevingne-visage-capture-dior\/#primaryimage","url":"https:\/\/marieclaire.be\/fr\/wp-content\/uploads\/2017\/10\/marieclaire-caradelevingne-cover.jpg","contentUrl":"https:\/\/marieclaire.be\/fr\/wp-content\/uploads\/2017\/10\/marieclaire-caradelevingne-cover.jpg","width":1050,"height":550,"caption":"Presse"},{"@type":"BreadcrumbList","@id":"https:\/\/marieclaire.be\/fr\/cara-delevingne-visage-capture-dior\/#breadcrumb","itemListElement":[{"@type":"ListItem","position":1,"name":"Accueil","item":"https:\/\/marieclaire.be\/fr\/"},{"@type":"ListItem","position":2,"name":"Cara Delevingne, le nouveau visage de la gamme Capture Youth de Dior"}]},{"@type":"WebSite","@id":"https:\/\/marieclaire.be\/fr\/#website","url":"https:\/\/marieclaire.be\/fr\/","name":"Marie Claire Belgique","description":"Marie Claire Belgique, le magazine du style et de l\u2019intelligence qui parle de mode, des tendances, de la beaut\u00e9, de l\u2019actualit\u00e9 et de la culture","publisher":{"@id":"https:\/\/marieclaire.be\/fr\/#organization"},"potentialAction":[{"@type":"SearchAction","target":{"@type":"EntryPoint","urlTemplate":"https:\/\/marieclaire.be\/fr\/?s={search_term_string}"},"query-input":{"@type":"PropertyValueSpecification","valueRequired":true,"valueName":"search_term_string"}}],"inLanguage":"fr-FR"},{"@type":"Organization","@id":"https:\/\/marieclaire.be\/fr\/#organization","name":"Marie Claire","url":"https:\/\/marieclaire.be\/fr\/","logo":{"@type":"ImageObject","inLanguage":"fr-FR","@id":"https:\/\/marieclaire.be\/fr\/#\/schema\/logo\/image\/","url":"https:\/\/marieclaire.be\/fr\/wp-content\/uploads\/2018\/05\/mc-logo2.png","contentUrl":"https:\/\/marieclaire.be\/fr\/wp-content\/uploads\/2018\/05\/mc-logo2.png","width":1001,"height":189,"caption":"Marie Claire"},"image":{"@id":"https:\/\/marieclaire.be\/fr\/#\/schema\/logo\/image\/"},"sameAs":["https:\/\/www.facebook.com\/MarieClaire.Belgique\/","https:\/\/www.instagram.com\/marieclaire_belgique\/","https:\/\/fr.pinterest.com\/marieclairebe\/","https:\/\/www.youtube.com\/user\/BelgiumMarieClaire"]},{"@type":"Person","@id":"https:\/\/marieclaire.be\/fr\/#\/schema\/person\/38e8a21628b635dc5ba91615bac53430","name":"Belen Ucros","image":{"@type":"ImageObject","inLanguage":"fr-FR","@id":"https:\/\/marieclaire.be\/fr\/wp-content\/uploads\/2016\/12\/belen-96x96.jpg","url":"https:\/\/marieclaire.be\/fr\/wp-content\/uploads\/2016\/12\/belen-96x96.jpg","contentUrl":"https:\/\/marieclaire.be\/fr\/wp-content\/uploads\/2016\/12\/belen-96x96.jpg","caption":"Belen Ucros"},"description":"Experte dans le domaine de la beaut\u00e9 et du bien-\u00eatre, je n'h\u00e9site pas \u00e0 mouiller mon maillot pour vous aider \u00e0 faire le tri dans l'abondance de nouveaut\u00e9s.","sameAs":["https:\/\/www.facebook.com\/Belen Ucros","https:\/\/www.instagram.com\/belenucros","https:\/\/www.pinterest.com\/Belen Ucros","https:\/\/x.com\/BelenUcros"],"url":"https:\/\/marieclaire.be\/fr\/author\/belen\/"}]}},"_links":{"self":[{"href":"https:\/\/marieclaire.be\/fr\/wp-json\/wp\/v2\/posts\/28056","targetHints":{"allow":["GET"]}}],"collection":[{"href":"https:\/\/marieclaire.be\/fr\/wp-json\/wp\/v2\/posts"}],"about":[{"href":"https:\/\/marieclaire.be\/fr\/wp-json\/wp\/v2\/types\/post"}],"author":[{"embeddable":true,"href":"https:\/\/marieclaire.be\/fr\/wp-json\/wp\/v2\/users\/26"}],"replies":[{"embeddable":true,"href":"https:\/\/marieclaire.be\/fr\/wp-json\/wp\/v2\/comments?post=28056"}],"version-history":[{"count":0,"href":"https:\/\/marieclaire.be\/fr\/wp-json\/wp\/v2\/posts\/28056\/revisions"}],"wp:featuredmedia":[{"embeddable":true,"href":"https:\/\/marieclaire.be\/fr\/wp-json\/wp\/v2\/media\/28059"}],"wp:attachment":[{"href":"https:\/\/marieclaire.be\/fr\/wp-json\/wp\/v2\/media?parent=28056"}],"wp:term":[{"taxonomy":"category","embeddable":true,"href":"https:\/\/marieclaire.be\/fr\/wp-json\/wp\/v2\/categories?post=28056"},{"taxonomy":"post_tag","embeddable":true,"href":"https:\/\/marieclaire.be\/fr\/wp-json\/wp\/v2\/tags?post=28056"}],"curies":[{"name":"wp","href":"https:\/\/api.w.org\/{rel}","templated":true}]}}