{"id":27373,"date":"2017-10-19T15:51:15","date_gmt":"2017-10-19T13:51:15","guid":{"rendered":"http:\/\/marieclaire.be\/fr\/?p=27373"},"modified":"2017-10-19T18:08:01","modified_gmt":"2017-10-19T16:08:01","slug":"elixir-jeunesse-yves-rocher-gaelle_vp","status":"publish","type":"post","link":"https:\/\/marieclaire.be\/fr\/elixir-jeunesse-yves-rocher-gaelle_vp\/","title":{"rendered":"La routine Elixir Jeunesse Yves Rocher de Gaelle_VP"},"content":{"rendered":"","protected":false},"excerpt":{"rendered":"Dur dur la vie de blogueuse globe-trotteuse! Entre jet-lag, gros coups de stress et pollution urbaine, la\u00a0peau de Gaelle_VP est soumise \u00e0 rude \u00e9preuve.","protected":false},"author":2,"featured_media":27396,"comment_status":"closed","ping_status":"closed","sticky":false,"template":"","format":"standard","meta":{"_acf_changed":false,"footnotes":""},"categories":[7,20],"tags":[2374,930,2513,2375],"class_list":["post-27373","post","type-post","status-publish","format-standard","has-post-thumbnail","hentry","category-beaute","category-soins","tag-elixir-jeunesse","tag-gaelle-vp","tag-routine-beaute","tag-yves-rocher"],"acf":[],"_yoast_wpseo_title":null,"_yoast_wpseo_metadesc":"Curieuse de conna\u00eetre le secret beaut\u00e9 Gaelle_VP? Suivez sa routine de nuit avec Elixir Jeunesse, la gamme anti-pollution d'Yves Rocher.","image_verticale":null,"yoast_head":"<!-- This site is optimized with the Yoast SEO plugin v27.3 - https:\/\/yoast.com\/product\/yoast-seo-wordpress\/ -->\n<title>La routine Elixir Jeunesse Yves Rocher de Gaelle_VP - Marie Claire Belgique<\/title>\n<meta name=\"description\" content=\"Curieuse de conna\u00eetre le secret beaut\u00e9 Gaelle_VP? Suivez sa routine de nuit avec Elixir Jeunesse, la gamme anti-pollution d&#039;Yves Rocher.\" \/>\n<meta name=\"robots\" content=\"index, follow, max-snippet:-1, max-image-preview:large, max-video-preview:-1\" \/>\n<link rel=\"canonical\" href=\"https:\/\/marieclaire.be\/fr\/elixir-jeunesse-yves-rocher-gaelle_vp\/\" \/>\n<link rel=\"next\" href=\"https:\/\/marieclaire.be\/fr\/elixir-jeunesse-yves-rocher-gaelle_vp\/2\/\" \/>\n<meta property=\"og:locale\" content=\"fr_FR\" \/>\n<meta property=\"og:type\" content=\"article\" \/>\n<meta property=\"og:title\" content=\"La routine Elixir Jeunesse Yves Rocher de Gaelle_VP - Marie Claire Belgique\" \/>\n<meta property=\"og:description\" content=\"Curieuse de conna\u00eetre le secret beaut\u00e9 Gaelle_VP? Suivez sa routine de nuit avec Elixir Jeunesse, la gamme anti-pollution d&#039;Yves Rocher.\" \/>\n<meta property=\"og:url\" content=\"https:\/\/marieclaire.be\/fr\/elixir-jeunesse-yves-rocher-gaelle_vp\/\" \/>\n<meta property=\"og:site_name\" content=\"Marie Claire Belgique\" \/>\n<meta property=\"article:publisher\" content=\"https:\/\/www.facebook.com\/MarieClaire.Belgique\/\" \/>\n<meta property=\"article:published_time\" content=\"2017-10-19T13:51:15+00:00\" \/>\n<meta property=\"article:modified_time\" content=\"2017-10-19T16:08:01+00:00\" \/>\n<meta property=\"og:image\" content=\"https:\/\/marieclaire.be\/fr\/wp-content\/uploads\/2017\/10\/IMG_9052B-alaune.jpg\" \/>\n\t<meta property=\"og:image:width\" content=\"1050\" \/>\n\t<meta property=\"og:image:height\" content=\"550\" \/>\n\t<meta property=\"og:image:type\" content=\"image\/jpeg\" \/>\n<meta name=\"author\" content=\"Marieclaire\" \/>\n<meta name=\"twitter:label1\" content=\"\u00c9crit par\" \/>\n\t<meta name=\"twitter:data1\" content=\"Marieclaire\" \/>\n\t<meta name=\"twitter:label2\" content=\"Dur\u00e9e de lecture estim\u00e9e\" \/>\n\t<meta name=\"twitter:data2\" content=\"3 minutes\" \/>\n<script type=\"application\/ld+json\" class=\"yoast-schema-graph\">{\"@context\":\"https:\\\/\\\/schema.org\",\"@graph\":[{\"@type\":\"NewsArticle\",\"@id\":\"https:\\\/\\\/marieclaire.be\\\/fr\\\/elixir-jeunesse-yves-rocher-gaelle_vp\\\/#article\",\"isPartOf\":{\"@id\":\"https:\\\/\\\/marieclaire.be\\\/fr\\\/elixir-jeunesse-yves-rocher-gaelle_vp\\\/\"},\"author\":{\"name\":\"Marieclaire\",\"@id\":\"https:\\\/\\\/marieclaire.be\\\/fr\\\/#\\\/schema\\\/person\\\/be1fb0a9a9509ad07ea6321bf4bf3524\"},\"headline\":\"La routine Elixir Jeunesse Yves Rocher de Gaelle_VP\",\"datePublished\":\"2017-10-19T13:51:15+00:00\",\"dateModified\":\"2017-10-19T16:08:01+00:00\",\"mainEntityOfPage\":{\"@id\":\"https:\\\/\\\/marieclaire.be\\\/fr\\\/elixir-jeunesse-yves-rocher-gaelle_vp\\\/\"},\"wordCount\":633,\"publisher\":{\"@id\":\"https:\\\/\\\/marieclaire.be\\\/fr\\\/#organization\"},\"image\":{\"@id\":\"https:\\\/\\\/marieclaire.be\\\/fr\\\/elixir-jeunesse-yves-rocher-gaelle_vp\\\/#primaryimage\"},\"thumbnailUrl\":\"https:\\\/\\\/marieclaire.be\\\/fr\\\/wp-content\\\/uploads\\\/2017\\\/10\\\/IMG_9052B-alaune.jpg\",\"keywords\":[\"Elixir Jeunesse\",\"gaelle vp\",\"routine beaut\u00e9\",\"Yves Rocher\"],\"articleSection\":[\"Beaut\u00e9\",\"Soins\"],\"inLanguage\":\"fr-FR\"},{\"@type\":\"WebPage\",\"@id\":\"https:\\\/\\\/marieclaire.be\\\/fr\\\/elixir-jeunesse-yves-rocher-gaelle_vp\\\/\",\"url\":\"https:\\\/\\\/marieclaire.be\\\/fr\\\/elixir-jeunesse-yves-rocher-gaelle_vp\\\/\",\"name\":\"La routine Elixir Jeunesse Yves Rocher de Gaelle_VP - Marie Claire Belgique\",\"isPartOf\":{\"@id\":\"https:\\\/\\\/marieclaire.be\\\/fr\\\/#website\"},\"primaryImageOfPage\":{\"@id\":\"https:\\\/\\\/marieclaire.be\\\/fr\\\/elixir-jeunesse-yves-rocher-gaelle_vp\\\/#primaryimage\"},\"image\":{\"@id\":\"https:\\\/\\\/marieclaire.be\\\/fr\\\/elixir-jeunesse-yves-rocher-gaelle_vp\\\/#primaryimage\"},\"thumbnailUrl\":\"https:\\\/\\\/marieclaire.be\\\/fr\\\/wp-content\\\/uploads\\\/2017\\\/10\\\/IMG_9052B-alaune.jpg\",\"datePublished\":\"2017-10-19T13:51:15+00:00\",\"dateModified\":\"2017-10-19T16:08:01+00:00\",\"description\":\"Curieuse de conna\u00eetre le secret beaut\u00e9 Gaelle_VP? Suivez sa routine de nuit avec Elixir Jeunesse, la gamme anti-pollution d'Yves Rocher.\",\"inLanguage\":\"fr-FR\",\"potentialAction\":[{\"@type\":\"ReadAction\",\"target\":[\"https:\\\/\\\/marieclaire.be\\\/fr\\\/elixir-jeunesse-yves-rocher-gaelle_vp\\\/\"]}]},{\"@type\":\"ImageObject\",\"inLanguage\":\"fr-FR\",\"@id\":\"https:\\\/\\\/marieclaire.be\\\/fr\\\/elixir-jeunesse-yves-rocher-gaelle_vp\\\/#primaryimage\",\"url\":\"https:\\\/\\\/marieclaire.be\\\/fr\\\/wp-content\\\/uploads\\\/2017\\\/10\\\/IMG_9052B-alaune.jpg\",\"contentUrl\":\"https:\\\/\\\/marieclaire.be\\\/fr\\\/wp-content\\\/uploads\\\/2017\\\/10\\\/IMG_9052B-alaune.jpg\",\"width\":1050,\"height\":550,\"caption\":\"Yves Rocher\"},{\"@type\":\"WebSite\",\"@id\":\"https:\\\/\\\/marieclaire.be\\\/fr\\\/#website\",\"url\":\"https:\\\/\\\/marieclaire.be\\\/fr\\\/\",\"name\":\"Marie Claire Belgique\",\"description\":\"Marie Claire Belgique, le magazine du style et de l\u2019intelligence qui parle de mode, des tendances, de la beaut\u00e9, de l\u2019actualit\u00e9 et de la culture\",\"publisher\":{\"@id\":\"https:\\\/\\\/marieclaire.be\\\/fr\\\/#organization\"},\"potentialAction\":[{\"@type\":\"SearchAction\",\"target\":{\"@type\":\"EntryPoint\",\"urlTemplate\":\"https:\\\/\\\/marieclaire.be\\\/fr\\\/?s={search_term_string}\"},\"query-input\":{\"@type\":\"PropertyValueSpecification\",\"valueRequired\":true,\"valueName\":\"search_term_string\"}}],\"inLanguage\":\"fr-FR\"},{\"@type\":\"Organization\",\"@id\":\"https:\\\/\\\/marieclaire.be\\\/fr\\\/#organization\",\"name\":\"Marie Claire\",\"url\":\"https:\\\/\\\/marieclaire.be\\\/fr\\\/\",\"logo\":{\"@type\":\"ImageObject\",\"inLanguage\":\"fr-FR\",\"@id\":\"https:\\\/\\\/marieclaire.be\\\/fr\\\/#\\\/schema\\\/logo\\\/image\\\/\",\"url\":\"https:\\\/\\\/marieclaire.be\\\/fr\\\/wp-content\\\/uploads\\\/2018\\\/05\\\/mc-logo2.png\",\"contentUrl\":\"https:\\\/\\\/marieclaire.be\\\/fr\\\/wp-content\\\/uploads\\\/2018\\\/05\\\/mc-logo2.png\",\"width\":1001,\"height\":189,\"caption\":\"Marie Claire\"},\"image\":{\"@id\":\"https:\\\/\\\/marieclaire.be\\\/fr\\\/#\\\/schema\\\/logo\\\/image\\\/\"},\"sameAs\":[\"https:\\\/\\\/www.facebook.com\\\/MarieClaire.Belgique\\\/\",\"https:\\\/\\\/www.instagram.com\\\/marieclaire_belgique\\\/\",\"https:\\\/\\\/fr.pinterest.com\\\/marieclairebe\\\/\",\"https:\\\/\\\/www.youtube.com\\\/user\\\/BelgiumMarieClaire\"]},{\"@type\":\"Person\",\"@id\":\"https:\\\/\\\/marieclaire.be\\\/fr\\\/#\\\/schema\\\/person\\\/be1fb0a9a9509ad07ea6321bf4bf3524\",\"name\":\"Marieclaire\",\"image\":{\"@type\":\"ImageObject\",\"inLanguage\":\"fr-FR\",\"@id\":\"https:\\\/\\\/marieclaire.be\\\/fr\\\/wp-content\\\/uploads\\\/2016\\\/11\\\/mclogo-96x96.jpg\",\"url\":\"https:\\\/\\\/marieclaire.be\\\/fr\\\/wp-content\\\/uploads\\\/2016\\\/11\\\/mclogo-96x96.jpg\",\"contentUrl\":\"https:\\\/\\\/marieclaire.be\\\/fr\\\/wp-content\\\/uploads\\\/2016\\\/11\\\/mclogo-96x96.jpg\",\"caption\":\"Marieclaire\"},\"url\":\"https:\\\/\\\/marieclaire.be\\\/fr\\\/author\\\/marieclaire\\\/\"}]}<\/script>\n<!-- \/ Yoast SEO plugin. -->","yoast_head_json":{"title":"La routine Elixir Jeunesse Yves Rocher de Gaelle_VP - Marie Claire Belgique","description":"Curieuse de conna\u00eetre le secret beaut\u00e9 Gaelle_VP? Suivez sa routine de nuit avec Elixir Jeunesse, la gamme anti-pollution d'Yves Rocher.","robots":{"index":"index","follow":"follow","max-snippet":"max-snippet:-1","max-image-preview":"max-image-preview:large","max-video-preview":"max-video-preview:-1"},"canonical":"https:\/\/marieclaire.be\/fr\/elixir-jeunesse-yves-rocher-gaelle_vp\/","next":"https:\/\/marieclaire.be\/fr\/elixir-jeunesse-yves-rocher-gaelle_vp\/2\/","og_locale":"fr_FR","og_type":"article","og_title":"La routine Elixir Jeunesse Yves Rocher de Gaelle_VP - Marie Claire Belgique","og_description":"Curieuse de conna\u00eetre le secret beaut\u00e9 Gaelle_VP? Suivez sa routine de nuit avec Elixir Jeunesse, la gamme anti-pollution d'Yves Rocher.","og_url":"https:\/\/marieclaire.be\/fr\/elixir-jeunesse-yves-rocher-gaelle_vp\/","og_site_name":"Marie Claire Belgique","article_publisher":"https:\/\/www.facebook.com\/MarieClaire.Belgique\/","article_published_time":"2017-10-19T13:51:15+00:00","article_modified_time":"2017-10-19T16:08:01+00:00","og_image":[{"width":1050,"height":550,"url":"https:\/\/marieclaire.be\/fr\/wp-content\/uploads\/2017\/10\/IMG_9052B-alaune.jpg","type":"image\/jpeg"}],"author":"Marieclaire","twitter_misc":{"\u00c9crit par":"Marieclaire","Dur\u00e9e de lecture estim\u00e9e":"3 minutes"},"schema":{"@context":"https:\/\/schema.org","@graph":[{"@type":"NewsArticle","@id":"https:\/\/marieclaire.be\/fr\/elixir-jeunesse-yves-rocher-gaelle_vp\/#article","isPartOf":{"@id":"https:\/\/marieclaire.be\/fr\/elixir-jeunesse-yves-rocher-gaelle_vp\/"},"author":{"name":"Marieclaire","@id":"https:\/\/marieclaire.be\/fr\/#\/schema\/person\/be1fb0a9a9509ad07ea6321bf4bf3524"},"headline":"La routine Elixir Jeunesse Yves Rocher de Gaelle_VP","datePublished":"2017-10-19T13:51:15+00:00","dateModified":"2017-10-19T16:08:01+00:00","mainEntityOfPage":{"@id":"https:\/\/marieclaire.be\/fr\/elixir-jeunesse-yves-rocher-gaelle_vp\/"},"wordCount":633,"publisher":{"@id":"https:\/\/marieclaire.be\/fr\/#organization"},"image":{"@id":"https:\/\/marieclaire.be\/fr\/elixir-jeunesse-yves-rocher-gaelle_vp\/#primaryimage"},"thumbnailUrl":"https:\/\/marieclaire.be\/fr\/wp-content\/uploads\/2017\/10\/IMG_9052B-alaune.jpg","keywords":["Elixir Jeunesse","gaelle vp","routine beaut\u00e9","Yves Rocher"],"articleSection":["Beaut\u00e9","Soins"],"inLanguage":"fr-FR"},{"@type":"WebPage","@id":"https:\/\/marieclaire.be\/fr\/elixir-jeunesse-yves-rocher-gaelle_vp\/","url":"https:\/\/marieclaire.be\/fr\/elixir-jeunesse-yves-rocher-gaelle_vp\/","name":"La routine Elixir Jeunesse Yves Rocher de Gaelle_VP - Marie Claire Belgique","isPartOf":{"@id":"https:\/\/marieclaire.be\/fr\/#website"},"primaryImageOfPage":{"@id":"https:\/\/marieclaire.be\/fr\/elixir-jeunesse-yves-rocher-gaelle_vp\/#primaryimage"},"image":{"@id":"https:\/\/marieclaire.be\/fr\/elixir-jeunesse-yves-rocher-gaelle_vp\/#primaryimage"},"thumbnailUrl":"https:\/\/marieclaire.be\/fr\/wp-content\/uploads\/2017\/10\/IMG_9052B-alaune.jpg","datePublished":"2017-10-19T13:51:15+00:00","dateModified":"2017-10-19T16:08:01+00:00","description":"Curieuse de conna\u00eetre le secret beaut\u00e9 Gaelle_VP? Suivez sa routine de nuit avec Elixir Jeunesse, la gamme anti-pollution d'Yves Rocher.","inLanguage":"fr-FR","potentialAction":[{"@type":"ReadAction","target":["https:\/\/marieclaire.be\/fr\/elixir-jeunesse-yves-rocher-gaelle_vp\/"]}]},{"@type":"ImageObject","inLanguage":"fr-FR","@id":"https:\/\/marieclaire.be\/fr\/elixir-jeunesse-yves-rocher-gaelle_vp\/#primaryimage","url":"https:\/\/marieclaire.be\/fr\/wp-content\/uploads\/2017\/10\/IMG_9052B-alaune.jpg","contentUrl":"https:\/\/marieclaire.be\/fr\/wp-content\/uploads\/2017\/10\/IMG_9052B-alaune.jpg","width":1050,"height":550,"caption":"Yves Rocher"},{"@type":"WebSite","@id":"https:\/\/marieclaire.be\/fr\/#website","url":"https:\/\/marieclaire.be\/fr\/","name":"Marie Claire Belgique","description":"Marie Claire Belgique, le magazine du style et de l\u2019intelligence qui parle de mode, des tendances, de la beaut\u00e9, de l\u2019actualit\u00e9 et de la culture","publisher":{"@id":"https:\/\/marieclaire.be\/fr\/#organization"},"potentialAction":[{"@type":"SearchAction","target":{"@type":"EntryPoint","urlTemplate":"https:\/\/marieclaire.be\/fr\/?s={search_term_string}"},"query-input":{"@type":"PropertyValueSpecification","valueRequired":true,"valueName":"search_term_string"}}],"inLanguage":"fr-FR"},{"@type":"Organization","@id":"https:\/\/marieclaire.be\/fr\/#organization","name":"Marie Claire","url":"https:\/\/marieclaire.be\/fr\/","logo":{"@type":"ImageObject","inLanguage":"fr-FR","@id":"https:\/\/marieclaire.be\/fr\/#\/schema\/logo\/image\/","url":"https:\/\/marieclaire.be\/fr\/wp-content\/uploads\/2018\/05\/mc-logo2.png","contentUrl":"https:\/\/marieclaire.be\/fr\/wp-content\/uploads\/2018\/05\/mc-logo2.png","width":1001,"height":189,"caption":"Marie Claire"},"image":{"@id":"https:\/\/marieclaire.be\/fr\/#\/schema\/logo\/image\/"},"sameAs":["https:\/\/www.facebook.com\/MarieClaire.Belgique\/","https:\/\/www.instagram.com\/marieclaire_belgique\/","https:\/\/fr.pinterest.com\/marieclairebe\/","https:\/\/www.youtube.com\/user\/BelgiumMarieClaire"]},{"@type":"Person","@id":"https:\/\/marieclaire.be\/fr\/#\/schema\/person\/be1fb0a9a9509ad07ea6321bf4bf3524","name":"Marieclaire","image":{"@type":"ImageObject","inLanguage":"fr-FR","@id":"https:\/\/marieclaire.be\/fr\/wp-content\/uploads\/2016\/11\/mclogo-96x96.jpg","url":"https:\/\/marieclaire.be\/fr\/wp-content\/uploads\/2016\/11\/mclogo-96x96.jpg","contentUrl":"https:\/\/marieclaire.be\/fr\/wp-content\/uploads\/2016\/11\/mclogo-96x96.jpg","caption":"Marieclaire"},"url":"https:\/\/marieclaire.be\/fr\/author\/marieclaire\/"}]}},"_links":{"self":[{"href":"https:\/\/marieclaire.be\/fr\/wp-json\/wp\/v2\/posts\/27373","targetHints":{"allow":["GET"]}}],"collection":[{"href":"https:\/\/marieclaire.be\/fr\/wp-json\/wp\/v2\/posts"}],"about":[{"href":"https:\/\/marieclaire.be\/fr\/wp-json\/wp\/v2\/types\/post"}],"author":[{"embeddable":true,"href":"https:\/\/marieclaire.be\/fr\/wp-json\/wp\/v2\/users\/2"}],"replies":[{"embeddable":true,"href":"https:\/\/marieclaire.be\/fr\/wp-json\/wp\/v2\/comments?post=27373"}],"version-history":[{"count":0,"href":"https:\/\/marieclaire.be\/fr\/wp-json\/wp\/v2\/posts\/27373\/revisions"}],"wp:featuredmedia":[{"embeddable":true,"href":"https:\/\/marieclaire.be\/fr\/wp-json\/wp\/v2\/media\/27396"}],"wp:attachment":[{"href":"https:\/\/marieclaire.be\/fr\/wp-json\/wp\/v2\/media?parent=27373"}],"wp:term":[{"taxonomy":"category","embeddable":true,"href":"https:\/\/marieclaire.be\/fr\/wp-json\/wp\/v2\/categories?post=27373"},{"taxonomy":"post_tag","embeddable":true,"href":"https:\/\/marieclaire.be\/fr\/wp-json\/wp\/v2\/tags?post=27373"}],"curies":[{"name":"wp","href":"https:\/\/api.w.org\/{rel}","templated":true}]}}