{"id":26622,"date":"2017-10-06T15:12:41","date_gmt":"2017-10-06T13:12:41","guid":{"rendered":"http:\/\/marieclaire.be\/fr\/?p=26622"},"modified":"2017-10-06T15:13:25","modified_gmt":"2017-10-06T13:13:25","slug":"balmain-x-victorias-secret","status":"publish","type":"post","link":"https:\/\/marieclaire.be\/fr\/balmain-x-victorias-secret\/","title":{"rendered":"Balmain collabore avec Victoria&#8217;s Secret pour son prochain show"},"content":{"rendered":"","protected":false},"excerpt":{"rendered":"Comme si son casting de super mod\u00e8les et ses mises en sc\u00e8ne incroyables ne suffisaient pas, Victoria&#8217;s Secret vient d&#8217;annoncer sa collaboration avec Balmain pour son prochain show ! Autant dire qu&#8217;on tr\u00e9pigne d&#8217;impatience.","protected":false},"author":30,"featured_media":26635,"comment_status":"closed","ping_status":"closed","sticky":false,"template":"","format":"standard","meta":{"_acf_changed":false,"footnotes":""},"categories":[1453],"tags":[843,890,1043,122,2472],"class_list":["post-26622","post","type-post","status-publish","format-standard","has-post-thumbnail","hentry","category-enbref","tag-balmain","tag-defile","tag-lingerie","tag-mode","tag-victorias-secret"],"acf":[],"_yoast_wpseo_title":null,"_yoast_wpseo_metadesc":"Victoria's Secret collabore avec Balmain pour son prochain show \u00e0 Shanghai le 29 novembre. Autant dire qu'on tr\u00e9pigne d'impatience...","image_verticale":null,"yoast_head":"<!-- This site is optimized with the Yoast SEO plugin v27.3 - https:\/\/yoast.com\/product\/yoast-seo-wordpress\/ -->\n<title>Balmain collabore avec Victoria&#039;s Secret pour son prochain show - Marie Claire Belgique<\/title>\n<meta name=\"description\" content=\"Victoria&#039;s Secret collabore avec Balmain pour son prochain show \u00e0 Shanghai le 29 novembre. Autant dire qu&#039;on tr\u00e9pigne d&#039;impatience...\" \/>\n<meta name=\"robots\" content=\"index, follow, max-snippet:-1, max-image-preview:large, max-video-preview:-1\" \/>\n<link rel=\"canonical\" href=\"https:\/\/marieclaire.be\/fr\/balmain-x-victorias-secret\/\" \/>\n<meta property=\"og:locale\" content=\"fr_FR\" \/>\n<meta property=\"og:type\" content=\"article\" \/>\n<meta property=\"og:title\" content=\"Balmain collabore avec Victoria&#039;s Secret pour son prochain show - Marie Claire Belgique\" \/>\n<meta property=\"og:description\" content=\"Victoria&#039;s Secret collabore avec Balmain pour son prochain show \u00e0 Shanghai le 29 novembre. Autant dire qu&#039;on tr\u00e9pigne d&#039;impatience...\" \/>\n<meta property=\"og:url\" content=\"https:\/\/marieclaire.be\/fr\/balmain-x-victorias-secret\/\" \/>\n<meta property=\"og:site_name\" content=\"Marie Claire Belgique\" \/>\n<meta property=\"article:publisher\" content=\"https:\/\/www.facebook.com\/MarieClaire.Belgique\/\" \/>\n<meta property=\"article:published_time\" content=\"2017-10-06T13:12:41+00:00\" \/>\n<meta property=\"article:modified_time\" content=\"2017-10-06T13:13:25+00:00\" \/>\n<meta property=\"og:image\" content=\"https:\/\/marieclaire.be\/fr\/wp-content\/uploads\/2017\/10\/marieclaire_balmain.jpg\" \/>\n\t<meta property=\"og:image:width\" content=\"1050\" \/>\n\t<meta property=\"og:image:height\" content=\"550\" \/>\n\t<meta property=\"og:image:type\" content=\"image\/jpeg\" \/>\n<meta name=\"author\" content=\"Malvine Sevrin\" \/>\n<meta name=\"twitter:label1\" content=\"\u00c9crit par\" \/>\n\t<meta name=\"twitter:data1\" content=\"Malvine Sevrin\" \/>\n\t<meta name=\"twitter:label2\" content=\"Dur\u00e9e de lecture estim\u00e9e\" \/>\n\t<meta name=\"twitter:data2\" content=\"1 minute\" \/>\n<script type=\"application\/ld+json\" class=\"yoast-schema-graph\">{\"@context\":\"https:\\\/\\\/schema.org\",\"@graph\":[{\"@type\":\"NewsArticle\",\"@id\":\"https:\\\/\\\/marieclaire.be\\\/fr\\\/balmain-x-victorias-secret\\\/#article\",\"isPartOf\":{\"@id\":\"https:\\\/\\\/marieclaire.be\\\/fr\\\/balmain-x-victorias-secret\\\/\"},\"author\":{\"name\":\"Malvine Sevrin\",\"@id\":\"https:\\\/\\\/marieclaire.be\\\/fr\\\/#\\\/schema\\\/person\\\/c71bd7a8c3e622513c7531a39292a34e\"},\"headline\":\"Balmain collabore avec Victoria&#8217;s Secret pour son prochain show\",\"datePublished\":\"2017-10-06T13:12:41+00:00\",\"dateModified\":\"2017-10-06T13:13:25+00:00\",\"mainEntityOfPage\":{\"@id\":\"https:\\\/\\\/marieclaire.be\\\/fr\\\/balmain-x-victorias-secret\\\/\"},\"wordCount\":192,\"publisher\":{\"@id\":\"https:\\\/\\\/marieclaire.be\\\/fr\\\/#organization\"},\"image\":{\"@id\":\"https:\\\/\\\/marieclaire.be\\\/fr\\\/balmain-x-victorias-secret\\\/#primaryimage\"},\"thumbnailUrl\":\"https:\\\/\\\/marieclaire.be\\\/fr\\\/wp-content\\\/uploads\\\/2017\\\/10\\\/marieclaire_balmain.jpg\",\"keywords\":[\"Balmain\",\"d\u00e9fil\u00e9\",\"lingerie\",\"mode\",\"Victoria's Secret\"],\"articleSection\":[\"En bref\"],\"inLanguage\":\"fr-FR\"},{\"@type\":\"WebPage\",\"@id\":\"https:\\\/\\\/marieclaire.be\\\/fr\\\/balmain-x-victorias-secret\\\/\",\"url\":\"https:\\\/\\\/marieclaire.be\\\/fr\\\/balmain-x-victorias-secret\\\/\",\"name\":\"Balmain collabore avec Victoria's Secret pour son prochain show - Marie Claire Belgique\",\"isPartOf\":{\"@id\":\"https:\\\/\\\/marieclaire.be\\\/fr\\\/#website\"},\"primaryImageOfPage\":{\"@id\":\"https:\\\/\\\/marieclaire.be\\\/fr\\\/balmain-x-victorias-secret\\\/#primaryimage\"},\"image\":{\"@id\":\"https:\\\/\\\/marieclaire.be\\\/fr\\\/balmain-x-victorias-secret\\\/#primaryimage\"},\"thumbnailUrl\":\"https:\\\/\\\/marieclaire.be\\\/fr\\\/wp-content\\\/uploads\\\/2017\\\/10\\\/marieclaire_balmain.jpg\",\"datePublished\":\"2017-10-06T13:12:41+00:00\",\"dateModified\":\"2017-10-06T13:13:25+00:00\",\"description\":\"Victoria's Secret collabore avec Balmain pour son prochain show \u00e0 Shanghai le 29 novembre. Autant dire qu'on tr\u00e9pigne d'impatience...\",\"breadcrumb\":{\"@id\":\"https:\\\/\\\/marieclaire.be\\\/fr\\\/balmain-x-victorias-secret\\\/#breadcrumb\"},\"inLanguage\":\"fr-FR\",\"potentialAction\":[{\"@type\":\"ReadAction\",\"target\":[\"https:\\\/\\\/marieclaire.be\\\/fr\\\/balmain-x-victorias-secret\\\/\"]}]},{\"@type\":\"ImageObject\",\"inLanguage\":\"fr-FR\",\"@id\":\"https:\\\/\\\/marieclaire.be\\\/fr\\\/balmain-x-victorias-secret\\\/#primaryimage\",\"url\":\"https:\\\/\\\/marieclaire.be\\\/fr\\\/wp-content\\\/uploads\\\/2017\\\/10\\\/marieclaire_balmain.jpg\",\"contentUrl\":\"https:\\\/\\\/marieclaire.be\\\/fr\\\/wp-content\\\/uploads\\\/2017\\\/10\\\/marieclaire_balmain.jpg\",\"width\":1050,\"height\":550,\"caption\":\"Getty Images\"},{\"@type\":\"BreadcrumbList\",\"@id\":\"https:\\\/\\\/marieclaire.be\\\/fr\\\/balmain-x-victorias-secret\\\/#breadcrumb\",\"itemListElement\":[{\"@type\":\"ListItem\",\"position\":1,\"name\":\"Accueil\",\"item\":\"https:\\\/\\\/marieclaire.be\\\/fr\\\/\"},{\"@type\":\"ListItem\",\"position\":2,\"name\":\"Balmain collabore avec Victoria&rsquo;s Secret pour son prochain show\"}]},{\"@type\":\"WebSite\",\"@id\":\"https:\\\/\\\/marieclaire.be\\\/fr\\\/#website\",\"url\":\"https:\\\/\\\/marieclaire.be\\\/fr\\\/\",\"name\":\"Marie Claire Belgique\",\"description\":\"Marie Claire Belgique, le magazine du style et de l\u2019intelligence qui parle de mode, des tendances, de la beaut\u00e9, de l\u2019actualit\u00e9 et de la culture\",\"publisher\":{\"@id\":\"https:\\\/\\\/marieclaire.be\\\/fr\\\/#organization\"},\"potentialAction\":[{\"@type\":\"SearchAction\",\"target\":{\"@type\":\"EntryPoint\",\"urlTemplate\":\"https:\\\/\\\/marieclaire.be\\\/fr\\\/?s={search_term_string}\"},\"query-input\":{\"@type\":\"PropertyValueSpecification\",\"valueRequired\":true,\"valueName\":\"search_term_string\"}}],\"inLanguage\":\"fr-FR\"},{\"@type\":\"Organization\",\"@id\":\"https:\\\/\\\/marieclaire.be\\\/fr\\\/#organization\",\"name\":\"Marie Claire\",\"url\":\"https:\\\/\\\/marieclaire.be\\\/fr\\\/\",\"logo\":{\"@type\":\"ImageObject\",\"inLanguage\":\"fr-FR\",\"@id\":\"https:\\\/\\\/marieclaire.be\\\/fr\\\/#\\\/schema\\\/logo\\\/image\\\/\",\"url\":\"https:\\\/\\\/marieclaire.be\\\/fr\\\/wp-content\\\/uploads\\\/2018\\\/05\\\/mc-logo2.png\",\"contentUrl\":\"https:\\\/\\\/marieclaire.be\\\/fr\\\/wp-content\\\/uploads\\\/2018\\\/05\\\/mc-logo2.png\",\"width\":1001,\"height\":189,\"caption\":\"Marie Claire\"},\"image\":{\"@id\":\"https:\\\/\\\/marieclaire.be\\\/fr\\\/#\\\/schema\\\/logo\\\/image\\\/\"},\"sameAs\":[\"https:\\\/\\\/www.facebook.com\\\/MarieClaire.Belgique\\\/\",\"https:\\\/\\\/www.instagram.com\\\/marieclaire_belgique\\\/\",\"https:\\\/\\\/fr.pinterest.com\\\/marieclairebe\\\/\",\"https:\\\/\\\/www.youtube.com\\\/user\\\/BelgiumMarieClaire\"]},{\"@type\":\"Person\",\"@id\":\"https:\\\/\\\/marieclaire.be\\\/fr\\\/#\\\/schema\\\/person\\\/c71bd7a8c3e622513c7531a39292a34e\",\"name\":\"Malvine Sevrin\",\"image\":{\"@type\":\"ImageObject\",\"inLanguage\":\"fr-FR\",\"@id\":\"https:\\\/\\\/marieclaire.be\\\/fr\\\/wp-content\\\/uploads\\\/2017\\\/05\\\/capture-decran-2024-02-13-a-145920-96x96.png\",\"url\":\"https:\\\/\\\/marieclaire.be\\\/fr\\\/wp-content\\\/uploads\\\/2017\\\/05\\\/capture-decran-2024-02-13-a-145920-96x96.png\",\"contentUrl\":\"https:\\\/\\\/marieclaire.be\\\/fr\\\/wp-content\\\/uploads\\\/2017\\\/05\\\/capture-decran-2024-02-13-a-145920-96x96.png\",\"caption\":\"Malvine Sevrin\"},\"description\":\"Des podiums parisiens aux derni\u00e8res nouveaut\u00e9s skincare qui enflamment TikTok, je d\u00e9crypte les tendances pour Marie Claire Belgique. Passionn\u00e9e de voyage, de mode et de beaut\u00e9, je partage mes coups de coeur d\u00e9nich\u00e9s aux quatre coins du globe. En tant que r\u00e9dactrice en chef digital, j'ai \u00e9galement \u00e0 coeur de mettre en lumi\u00e8re les histoires inspirantes de femmes \u00e0 travers notre site et sur nos r\u00e9seaux sociaux.\",\"sameAs\":[\"https:\\\/\\\/www.instagram.com\\\/malvinesev\\\/\"],\"url\":\"https:\\\/\\\/marieclaire.be\\\/fr\\\/author\\\/malvine\\\/\"}]}<\/script>\n<!-- \/ Yoast SEO plugin. -->","yoast_head_json":{"title":"Balmain collabore avec Victoria's Secret pour son prochain show - Marie Claire Belgique","description":"Victoria's Secret collabore avec Balmain pour son prochain show \u00e0 Shanghai le 29 novembre. Autant dire qu'on tr\u00e9pigne d'impatience...","robots":{"index":"index","follow":"follow","max-snippet":"max-snippet:-1","max-image-preview":"max-image-preview:large","max-video-preview":"max-video-preview:-1"},"canonical":"https:\/\/marieclaire.be\/fr\/balmain-x-victorias-secret\/","og_locale":"fr_FR","og_type":"article","og_title":"Balmain collabore avec Victoria's Secret pour son prochain show - Marie Claire Belgique","og_description":"Victoria's Secret collabore avec Balmain pour son prochain show \u00e0 Shanghai le 29 novembre. Autant dire qu'on tr\u00e9pigne d'impatience...","og_url":"https:\/\/marieclaire.be\/fr\/balmain-x-victorias-secret\/","og_site_name":"Marie Claire Belgique","article_publisher":"https:\/\/www.facebook.com\/MarieClaire.Belgique\/","article_published_time":"2017-10-06T13:12:41+00:00","article_modified_time":"2017-10-06T13:13:25+00:00","og_image":[{"width":1050,"height":550,"url":"https:\/\/marieclaire.be\/fr\/wp-content\/uploads\/2017\/10\/marieclaire_balmain.jpg","type":"image\/jpeg"}],"author":"Malvine Sevrin","twitter_misc":{"\u00c9crit par":"Malvine Sevrin","Dur\u00e9e de lecture estim\u00e9e":"1 minute"},"schema":{"@context":"https:\/\/schema.org","@graph":[{"@type":"NewsArticle","@id":"https:\/\/marieclaire.be\/fr\/balmain-x-victorias-secret\/#article","isPartOf":{"@id":"https:\/\/marieclaire.be\/fr\/balmain-x-victorias-secret\/"},"author":{"name":"Malvine Sevrin","@id":"https:\/\/marieclaire.be\/fr\/#\/schema\/person\/c71bd7a8c3e622513c7531a39292a34e"},"headline":"Balmain collabore avec Victoria&#8217;s Secret pour son prochain show","datePublished":"2017-10-06T13:12:41+00:00","dateModified":"2017-10-06T13:13:25+00:00","mainEntityOfPage":{"@id":"https:\/\/marieclaire.be\/fr\/balmain-x-victorias-secret\/"},"wordCount":192,"publisher":{"@id":"https:\/\/marieclaire.be\/fr\/#organization"},"image":{"@id":"https:\/\/marieclaire.be\/fr\/balmain-x-victorias-secret\/#primaryimage"},"thumbnailUrl":"https:\/\/marieclaire.be\/fr\/wp-content\/uploads\/2017\/10\/marieclaire_balmain.jpg","keywords":["Balmain","d\u00e9fil\u00e9","lingerie","mode","Victoria's Secret"],"articleSection":["En bref"],"inLanguage":"fr-FR"},{"@type":"WebPage","@id":"https:\/\/marieclaire.be\/fr\/balmain-x-victorias-secret\/","url":"https:\/\/marieclaire.be\/fr\/balmain-x-victorias-secret\/","name":"Balmain collabore avec Victoria's Secret pour son prochain show - Marie Claire Belgique","isPartOf":{"@id":"https:\/\/marieclaire.be\/fr\/#website"},"primaryImageOfPage":{"@id":"https:\/\/marieclaire.be\/fr\/balmain-x-victorias-secret\/#primaryimage"},"image":{"@id":"https:\/\/marieclaire.be\/fr\/balmain-x-victorias-secret\/#primaryimage"},"thumbnailUrl":"https:\/\/marieclaire.be\/fr\/wp-content\/uploads\/2017\/10\/marieclaire_balmain.jpg","datePublished":"2017-10-06T13:12:41+00:00","dateModified":"2017-10-06T13:13:25+00:00","description":"Victoria's Secret collabore avec Balmain pour son prochain show \u00e0 Shanghai le 29 novembre. Autant dire qu'on tr\u00e9pigne d'impatience...","breadcrumb":{"@id":"https:\/\/marieclaire.be\/fr\/balmain-x-victorias-secret\/#breadcrumb"},"inLanguage":"fr-FR","potentialAction":[{"@type":"ReadAction","target":["https:\/\/marieclaire.be\/fr\/balmain-x-victorias-secret\/"]}]},{"@type":"ImageObject","inLanguage":"fr-FR","@id":"https:\/\/marieclaire.be\/fr\/balmain-x-victorias-secret\/#primaryimage","url":"https:\/\/marieclaire.be\/fr\/wp-content\/uploads\/2017\/10\/marieclaire_balmain.jpg","contentUrl":"https:\/\/marieclaire.be\/fr\/wp-content\/uploads\/2017\/10\/marieclaire_balmain.jpg","width":1050,"height":550,"caption":"Getty Images"},{"@type":"BreadcrumbList","@id":"https:\/\/marieclaire.be\/fr\/balmain-x-victorias-secret\/#breadcrumb","itemListElement":[{"@type":"ListItem","position":1,"name":"Accueil","item":"https:\/\/marieclaire.be\/fr\/"},{"@type":"ListItem","position":2,"name":"Balmain collabore avec Victoria&rsquo;s Secret pour son prochain show"}]},{"@type":"WebSite","@id":"https:\/\/marieclaire.be\/fr\/#website","url":"https:\/\/marieclaire.be\/fr\/","name":"Marie Claire Belgique","description":"Marie Claire Belgique, le magazine du style et de l\u2019intelligence qui parle de mode, des tendances, de la beaut\u00e9, de l\u2019actualit\u00e9 et de la culture","publisher":{"@id":"https:\/\/marieclaire.be\/fr\/#organization"},"potentialAction":[{"@type":"SearchAction","target":{"@type":"EntryPoint","urlTemplate":"https:\/\/marieclaire.be\/fr\/?s={search_term_string}"},"query-input":{"@type":"PropertyValueSpecification","valueRequired":true,"valueName":"search_term_string"}}],"inLanguage":"fr-FR"},{"@type":"Organization","@id":"https:\/\/marieclaire.be\/fr\/#organization","name":"Marie Claire","url":"https:\/\/marieclaire.be\/fr\/","logo":{"@type":"ImageObject","inLanguage":"fr-FR","@id":"https:\/\/marieclaire.be\/fr\/#\/schema\/logo\/image\/","url":"https:\/\/marieclaire.be\/fr\/wp-content\/uploads\/2018\/05\/mc-logo2.png","contentUrl":"https:\/\/marieclaire.be\/fr\/wp-content\/uploads\/2018\/05\/mc-logo2.png","width":1001,"height":189,"caption":"Marie Claire"},"image":{"@id":"https:\/\/marieclaire.be\/fr\/#\/schema\/logo\/image\/"},"sameAs":["https:\/\/www.facebook.com\/MarieClaire.Belgique\/","https:\/\/www.instagram.com\/marieclaire_belgique\/","https:\/\/fr.pinterest.com\/marieclairebe\/","https:\/\/www.youtube.com\/user\/BelgiumMarieClaire"]},{"@type":"Person","@id":"https:\/\/marieclaire.be\/fr\/#\/schema\/person\/c71bd7a8c3e622513c7531a39292a34e","name":"Malvine Sevrin","image":{"@type":"ImageObject","inLanguage":"fr-FR","@id":"https:\/\/marieclaire.be\/fr\/wp-content\/uploads\/2017\/05\/capture-decran-2024-02-13-a-145920-96x96.png","url":"https:\/\/marieclaire.be\/fr\/wp-content\/uploads\/2017\/05\/capture-decran-2024-02-13-a-145920-96x96.png","contentUrl":"https:\/\/marieclaire.be\/fr\/wp-content\/uploads\/2017\/05\/capture-decran-2024-02-13-a-145920-96x96.png","caption":"Malvine Sevrin"},"description":"Des podiums parisiens aux derni\u00e8res nouveaut\u00e9s skincare qui enflamment TikTok, je d\u00e9crypte les tendances pour Marie Claire Belgique. Passionn\u00e9e de voyage, de mode et de beaut\u00e9, je partage mes coups de coeur d\u00e9nich\u00e9s aux quatre coins du globe. En tant que r\u00e9dactrice en chef digital, j'ai \u00e9galement \u00e0 coeur de mettre en lumi\u00e8re les histoires inspirantes de femmes \u00e0 travers notre site et sur nos r\u00e9seaux sociaux.","sameAs":["https:\/\/www.instagram.com\/malvinesev\/"],"url":"https:\/\/marieclaire.be\/fr\/author\/malvine\/"}]}},"_links":{"self":[{"href":"https:\/\/marieclaire.be\/fr\/wp-json\/wp\/v2\/posts\/26622","targetHints":{"allow":["GET"]}}],"collection":[{"href":"https:\/\/marieclaire.be\/fr\/wp-json\/wp\/v2\/posts"}],"about":[{"href":"https:\/\/marieclaire.be\/fr\/wp-json\/wp\/v2\/types\/post"}],"author":[{"embeddable":true,"href":"https:\/\/marieclaire.be\/fr\/wp-json\/wp\/v2\/users\/30"}],"replies":[{"embeddable":true,"href":"https:\/\/marieclaire.be\/fr\/wp-json\/wp\/v2\/comments?post=26622"}],"version-history":[{"count":0,"href":"https:\/\/marieclaire.be\/fr\/wp-json\/wp\/v2\/posts\/26622\/revisions"}],"wp:featuredmedia":[{"embeddable":true,"href":"https:\/\/marieclaire.be\/fr\/wp-json\/wp\/v2\/media\/26635"}],"wp:attachment":[{"href":"https:\/\/marieclaire.be\/fr\/wp-json\/wp\/v2\/media?parent=26622"}],"wp:term":[{"taxonomy":"category","embeddable":true,"href":"https:\/\/marieclaire.be\/fr\/wp-json\/wp\/v2\/categories?post=26622"},{"taxonomy":"post_tag","embeddable":true,"href":"https:\/\/marieclaire.be\/fr\/wp-json\/wp\/v2\/tags?post=26622"}],"curies":[{"name":"wp","href":"https:\/\/api.w.org\/{rel}","templated":true}]}}