{"id":25087,"date":"2017-09-22T19:45:28","date_gmt":"2017-09-22T17:45:28","guid":{"rendered":"http:\/\/marieclaire.be\/fr\/?p=25087"},"modified":"2017-09-22T21:03:22","modified_gmt":"2017-09-22T19:03:22","slug":"on-pense-quoi-nouvel-orelsan","status":"publish","type":"post","link":"https:\/\/marieclaire.be\/fr\/on-pense-quoi-nouvel-orelsan\/","title":{"rendered":"On en pense quoi, du nouvel OrelSan?"},"content":{"rendered":"","protected":false},"excerpt":{"rendered":"L&#8217;un des rappeurs fran\u00e7ais les plus cools de la d\u00e9cennie revient avec un nouvel album le 20 octobre de cette ann\u00e9e. ...","protected":false},"author":19,"featured_media":25093,"comment_status":"closed","ping_status":"closed","sticky":false,"template":"","format":"standard","meta":{"_acf_changed":false,"footnotes":""},"categories":[1453],"tags":[366,2390],"class_list":["post-25087","post","type-post","status-publish","format-standard","has-post-thumbnail","hentry","category-enbref","tag-musique","tag-orelsan"],"acf":[],"_yoast_wpseo_title":null,"_yoast_wpseo_metadesc":"OrelSan revient avec un nouvel album et l'a annonc\u00e9 en vid\u00e9o et en musique, dans le clip de son morceau \"Basique\". Alors, \u00e7a donne quoi?","image_verticale":null,"yoast_head":"<!-- This site is optimized with the Yoast SEO plugin v27.3 - https:\/\/yoast.com\/product\/yoast-seo-wordpress\/ -->\n<title>On en pense quoi, du nouvel OrelSan? - Marie Claire Belgique<\/title>\n<meta name=\"description\" content=\"OrelSan revient avec un nouvel album et l&#039;a annonc\u00e9 en vid\u00e9o et en musique, dans le clip de son morceau &quot;Basique&quot;. Alors, \u00e7a donne quoi?\" \/>\n<meta name=\"robots\" content=\"index, follow, max-snippet:-1, max-image-preview:large, max-video-preview:-1\" \/>\n<link rel=\"canonical\" href=\"https:\/\/marieclaire.be\/fr\/on-pense-quoi-nouvel-orelsan\/\" \/>\n<meta property=\"og:locale\" content=\"fr_FR\" \/>\n<meta property=\"og:type\" content=\"article\" \/>\n<meta property=\"og:title\" content=\"On en pense quoi, du nouvel OrelSan? - Marie Claire Belgique\" \/>\n<meta property=\"og:description\" content=\"OrelSan revient avec un nouvel album et l&#039;a annonc\u00e9 en vid\u00e9o et en musique, dans le clip de son morceau &quot;Basique&quot;. Alors, \u00e7a donne quoi?\" \/>\n<meta property=\"og:url\" content=\"https:\/\/marieclaire.be\/fr\/on-pense-quoi-nouvel-orelsan\/\" \/>\n<meta property=\"og:site_name\" content=\"Marie Claire Belgique\" \/>\n<meta property=\"article:publisher\" content=\"https:\/\/www.facebook.com\/MarieClaire.Belgique\/\" \/>\n<meta property=\"article:published_time\" content=\"2017-09-22T17:45:28+00:00\" \/>\n<meta property=\"article:modified_time\" content=\"2017-09-22T19:03:22+00:00\" \/>\n<meta property=\"og:image\" content=\"https:\/\/marieclaire.be\/fr\/wp-content\/uploads\/2017\/09\/marieclaire_orelsan.png\" \/>\n\t<meta property=\"og:image:width\" content=\"1050\" \/>\n\t<meta property=\"og:image:height\" content=\"550\" \/>\n\t<meta property=\"og:image:type\" content=\"image\/png\" \/>\n<meta name=\"author\" content=\"Charlotte Deprez\" \/>\n<meta name=\"twitter:label1\" content=\"\u00c9crit par\" \/>\n\t<meta name=\"twitter:data1\" content=\"Charlotte Deprez\" \/>\n\t<meta name=\"twitter:label2\" content=\"Dur\u00e9e de lecture estim\u00e9e\" \/>\n\t<meta name=\"twitter:data2\" content=\"1 minute\" \/>\n<script type=\"application\/ld+json\" class=\"yoast-schema-graph\">{\"@context\":\"https:\\\/\\\/schema.org\",\"@graph\":[{\"@type\":\"NewsArticle\",\"@id\":\"https:\\\/\\\/marieclaire.be\\\/fr\\\/on-pense-quoi-nouvel-orelsan\\\/#article\",\"isPartOf\":{\"@id\":\"https:\\\/\\\/marieclaire.be\\\/fr\\\/on-pense-quoi-nouvel-orelsan\\\/\"},\"author\":{\"name\":\"Charlotte Deprez\",\"@id\":\"https:\\\/\\\/marieclaire.be\\\/fr\\\/#\\\/schema\\\/person\\\/0f2a2faab8a1cdf67c909271eb6dcb39\"},\"headline\":\"On en pense quoi, du nouvel OrelSan?\",\"datePublished\":\"2017-09-22T17:45:28+00:00\",\"dateModified\":\"2017-09-22T19:03:22+00:00\",\"mainEntityOfPage\":{\"@id\":\"https:\\\/\\\/marieclaire.be\\\/fr\\\/on-pense-quoi-nouvel-orelsan\\\/\"},\"wordCount\":218,\"publisher\":{\"@id\":\"https:\\\/\\\/marieclaire.be\\\/fr\\\/#organization\"},\"image\":{\"@id\":\"https:\\\/\\\/marieclaire.be\\\/fr\\\/on-pense-quoi-nouvel-orelsan\\\/#primaryimage\"},\"thumbnailUrl\":\"https:\\\/\\\/marieclaire.be\\\/fr\\\/wp-content\\\/uploads\\\/2017\\\/09\\\/marieclaire_orelsan.png\",\"keywords\":[\"musique\",\"orelsan\"],\"articleSection\":[\"En bref\"],\"inLanguage\":\"fr-FR\"},{\"@type\":\"WebPage\",\"@id\":\"https:\\\/\\\/marieclaire.be\\\/fr\\\/on-pense-quoi-nouvel-orelsan\\\/\",\"url\":\"https:\\\/\\\/marieclaire.be\\\/fr\\\/on-pense-quoi-nouvel-orelsan\\\/\",\"name\":\"On en pense quoi, du nouvel OrelSan? - Marie Claire Belgique\",\"isPartOf\":{\"@id\":\"https:\\\/\\\/marieclaire.be\\\/fr\\\/#website\"},\"primaryImageOfPage\":{\"@id\":\"https:\\\/\\\/marieclaire.be\\\/fr\\\/on-pense-quoi-nouvel-orelsan\\\/#primaryimage\"},\"image\":{\"@id\":\"https:\\\/\\\/marieclaire.be\\\/fr\\\/on-pense-quoi-nouvel-orelsan\\\/#primaryimage\"},\"thumbnailUrl\":\"https:\\\/\\\/marieclaire.be\\\/fr\\\/wp-content\\\/uploads\\\/2017\\\/09\\\/marieclaire_orelsan.png\",\"datePublished\":\"2017-09-22T17:45:28+00:00\",\"dateModified\":\"2017-09-22T19:03:22+00:00\",\"description\":\"OrelSan revient avec un nouvel album et l'a annonc\u00e9 en vid\u00e9o et en musique, dans le clip de son morceau \\\"Basique\\\". Alors, \u00e7a donne quoi?\",\"breadcrumb\":{\"@id\":\"https:\\\/\\\/marieclaire.be\\\/fr\\\/on-pense-quoi-nouvel-orelsan\\\/#breadcrumb\"},\"inLanguage\":\"fr-FR\",\"potentialAction\":[{\"@type\":\"ReadAction\",\"target\":[\"https:\\\/\\\/marieclaire.be\\\/fr\\\/on-pense-quoi-nouvel-orelsan\\\/\"]}]},{\"@type\":\"ImageObject\",\"inLanguage\":\"fr-FR\",\"@id\":\"https:\\\/\\\/marieclaire.be\\\/fr\\\/on-pense-quoi-nouvel-orelsan\\\/#primaryimage\",\"url\":\"https:\\\/\\\/marieclaire.be\\\/fr\\\/wp-content\\\/uploads\\\/2017\\\/09\\\/marieclaire_orelsan.png\",\"contentUrl\":\"https:\\\/\\\/marieclaire.be\\\/fr\\\/wp-content\\\/uploads\\\/2017\\\/09\\\/marieclaire_orelsan.png\",\"width\":1050,\"height\":550,\"caption\":\"YouTube - OrelSan\"},{\"@type\":\"BreadcrumbList\",\"@id\":\"https:\\\/\\\/marieclaire.be\\\/fr\\\/on-pense-quoi-nouvel-orelsan\\\/#breadcrumb\",\"itemListElement\":[{\"@type\":\"ListItem\",\"position\":1,\"name\":\"Accueil\",\"item\":\"https:\\\/\\\/marieclaire.be\\\/fr\\\/\"},{\"@type\":\"ListItem\",\"position\":2,\"name\":\"On en pense quoi, du nouvel OrelSan?\"}]},{\"@type\":\"WebSite\",\"@id\":\"https:\\\/\\\/marieclaire.be\\\/fr\\\/#website\",\"url\":\"https:\\\/\\\/marieclaire.be\\\/fr\\\/\",\"name\":\"Marie Claire Belgique\",\"description\":\"Marie Claire Belgique, le magazine du style et de l\u2019intelligence qui parle de mode, des tendances, de la beaut\u00e9, de l\u2019actualit\u00e9 et de la culture\",\"publisher\":{\"@id\":\"https:\\\/\\\/marieclaire.be\\\/fr\\\/#organization\"},\"potentialAction\":[{\"@type\":\"SearchAction\",\"target\":{\"@type\":\"EntryPoint\",\"urlTemplate\":\"https:\\\/\\\/marieclaire.be\\\/fr\\\/?s={search_term_string}\"},\"query-input\":{\"@type\":\"PropertyValueSpecification\",\"valueRequired\":true,\"valueName\":\"search_term_string\"}}],\"inLanguage\":\"fr-FR\"},{\"@type\":\"Organization\",\"@id\":\"https:\\\/\\\/marieclaire.be\\\/fr\\\/#organization\",\"name\":\"Marie Claire\",\"url\":\"https:\\\/\\\/marieclaire.be\\\/fr\\\/\",\"logo\":{\"@type\":\"ImageObject\",\"inLanguage\":\"fr-FR\",\"@id\":\"https:\\\/\\\/marieclaire.be\\\/fr\\\/#\\\/schema\\\/logo\\\/image\\\/\",\"url\":\"https:\\\/\\\/marieclaire.be\\\/fr\\\/wp-content\\\/uploads\\\/2018\\\/05\\\/mc-logo2.png\",\"contentUrl\":\"https:\\\/\\\/marieclaire.be\\\/fr\\\/wp-content\\\/uploads\\\/2018\\\/05\\\/mc-logo2.png\",\"width\":1001,\"height\":189,\"caption\":\"Marie Claire\"},\"image\":{\"@id\":\"https:\\\/\\\/marieclaire.be\\\/fr\\\/#\\\/schema\\\/logo\\\/image\\\/\"},\"sameAs\":[\"https:\\\/\\\/www.facebook.com\\\/MarieClaire.Belgique\\\/\",\"https:\\\/\\\/www.instagram.com\\\/marieclaire_belgique\\\/\",\"https:\\\/\\\/fr.pinterest.com\\\/marieclairebe\\\/\",\"https:\\\/\\\/www.youtube.com\\\/user\\\/BelgiumMarieClaire\"]},{\"@type\":\"Person\",\"@id\":\"https:\\\/\\\/marieclaire.be\\\/fr\\\/#\\\/schema\\\/person\\\/0f2a2faab8a1cdf67c909271eb6dcb39\",\"name\":\"Charlotte Deprez\",\"image\":{\"@type\":\"ImageObject\",\"inLanguage\":\"fr-FR\",\"@id\":\"https:\\\/\\\/marieclaire.be\\\/fr\\\/wp-content\\\/uploads\\\/2019\\\/09\\\/charlotte_deprez-96x96.jpg\",\"url\":\"https:\\\/\\\/marieclaire.be\\\/fr\\\/wp-content\\\/uploads\\\/2019\\\/09\\\/charlotte_deprez-96x96.jpg\",\"contentUrl\":\"https:\\\/\\\/marieclaire.be\\\/fr\\\/wp-content\\\/uploads\\\/2019\\\/09\\\/charlotte_deprez-96x96.jpg\",\"caption\":\"Charlotte Deprez\"},\"description\":\"Foodie assum\u00e9e, obs\u00e9d\u00e9e par les voyages, la photographie et la tech, toujours \u00e0 l'aff\u00fbt de la derni\u00e8re tendance Instagram qui va r\u00e9volutionner le monde.\",\"sameAs\":[\"http:\\\/\\\/www.thetinynomad.com\",\"https:\\\/\\\/www.instagram.com\\\/thetinynomad\",\"https:\\\/\\\/be.linkedin.com\\\/in\\\/charlottedeprez\",\"https:\\\/\\\/fr.pinterest.com\\\/chadeprez\\\/\",\"https:\\\/\\\/x.com\\\/chadeprez\"],\"url\":\"https:\\\/\\\/marieclaire.be\\\/fr\\\/author\\\/charlotte\\\/\"}]}<\/script>\n<!-- \/ Yoast SEO plugin. -->","yoast_head_json":{"title":"On en pense quoi, du nouvel OrelSan? - Marie Claire Belgique","description":"OrelSan revient avec un nouvel album et l'a annonc\u00e9 en vid\u00e9o et en musique, dans le clip de son morceau \"Basique\". Alors, \u00e7a donne quoi?","robots":{"index":"index","follow":"follow","max-snippet":"max-snippet:-1","max-image-preview":"max-image-preview:large","max-video-preview":"max-video-preview:-1"},"canonical":"https:\/\/marieclaire.be\/fr\/on-pense-quoi-nouvel-orelsan\/","og_locale":"fr_FR","og_type":"article","og_title":"On en pense quoi, du nouvel OrelSan? - Marie Claire Belgique","og_description":"OrelSan revient avec un nouvel album et l'a annonc\u00e9 en vid\u00e9o et en musique, dans le clip de son morceau \"Basique\". Alors, \u00e7a donne quoi?","og_url":"https:\/\/marieclaire.be\/fr\/on-pense-quoi-nouvel-orelsan\/","og_site_name":"Marie Claire Belgique","article_publisher":"https:\/\/www.facebook.com\/MarieClaire.Belgique\/","article_published_time":"2017-09-22T17:45:28+00:00","article_modified_time":"2017-09-22T19:03:22+00:00","og_image":[{"width":1050,"height":550,"url":"https:\/\/marieclaire.be\/fr\/wp-content\/uploads\/2017\/09\/marieclaire_orelsan.png","type":"image\/png"}],"author":"Charlotte Deprez","twitter_misc":{"\u00c9crit par":"Charlotte Deprez","Dur\u00e9e de lecture estim\u00e9e":"1 minute"},"schema":{"@context":"https:\/\/schema.org","@graph":[{"@type":"NewsArticle","@id":"https:\/\/marieclaire.be\/fr\/on-pense-quoi-nouvel-orelsan\/#article","isPartOf":{"@id":"https:\/\/marieclaire.be\/fr\/on-pense-quoi-nouvel-orelsan\/"},"author":{"name":"Charlotte Deprez","@id":"https:\/\/marieclaire.be\/fr\/#\/schema\/person\/0f2a2faab8a1cdf67c909271eb6dcb39"},"headline":"On en pense quoi, du nouvel OrelSan?","datePublished":"2017-09-22T17:45:28+00:00","dateModified":"2017-09-22T19:03:22+00:00","mainEntityOfPage":{"@id":"https:\/\/marieclaire.be\/fr\/on-pense-quoi-nouvel-orelsan\/"},"wordCount":218,"publisher":{"@id":"https:\/\/marieclaire.be\/fr\/#organization"},"image":{"@id":"https:\/\/marieclaire.be\/fr\/on-pense-quoi-nouvel-orelsan\/#primaryimage"},"thumbnailUrl":"https:\/\/marieclaire.be\/fr\/wp-content\/uploads\/2017\/09\/marieclaire_orelsan.png","keywords":["musique","orelsan"],"articleSection":["En bref"],"inLanguage":"fr-FR"},{"@type":"WebPage","@id":"https:\/\/marieclaire.be\/fr\/on-pense-quoi-nouvel-orelsan\/","url":"https:\/\/marieclaire.be\/fr\/on-pense-quoi-nouvel-orelsan\/","name":"On en pense quoi, du nouvel OrelSan? - Marie Claire Belgique","isPartOf":{"@id":"https:\/\/marieclaire.be\/fr\/#website"},"primaryImageOfPage":{"@id":"https:\/\/marieclaire.be\/fr\/on-pense-quoi-nouvel-orelsan\/#primaryimage"},"image":{"@id":"https:\/\/marieclaire.be\/fr\/on-pense-quoi-nouvel-orelsan\/#primaryimage"},"thumbnailUrl":"https:\/\/marieclaire.be\/fr\/wp-content\/uploads\/2017\/09\/marieclaire_orelsan.png","datePublished":"2017-09-22T17:45:28+00:00","dateModified":"2017-09-22T19:03:22+00:00","description":"OrelSan revient avec un nouvel album et l'a annonc\u00e9 en vid\u00e9o et en musique, dans le clip de son morceau \"Basique\". Alors, \u00e7a donne quoi?","breadcrumb":{"@id":"https:\/\/marieclaire.be\/fr\/on-pense-quoi-nouvel-orelsan\/#breadcrumb"},"inLanguage":"fr-FR","potentialAction":[{"@type":"ReadAction","target":["https:\/\/marieclaire.be\/fr\/on-pense-quoi-nouvel-orelsan\/"]}]},{"@type":"ImageObject","inLanguage":"fr-FR","@id":"https:\/\/marieclaire.be\/fr\/on-pense-quoi-nouvel-orelsan\/#primaryimage","url":"https:\/\/marieclaire.be\/fr\/wp-content\/uploads\/2017\/09\/marieclaire_orelsan.png","contentUrl":"https:\/\/marieclaire.be\/fr\/wp-content\/uploads\/2017\/09\/marieclaire_orelsan.png","width":1050,"height":550,"caption":"YouTube - OrelSan"},{"@type":"BreadcrumbList","@id":"https:\/\/marieclaire.be\/fr\/on-pense-quoi-nouvel-orelsan\/#breadcrumb","itemListElement":[{"@type":"ListItem","position":1,"name":"Accueil","item":"https:\/\/marieclaire.be\/fr\/"},{"@type":"ListItem","position":2,"name":"On en pense quoi, du nouvel OrelSan?"}]},{"@type":"WebSite","@id":"https:\/\/marieclaire.be\/fr\/#website","url":"https:\/\/marieclaire.be\/fr\/","name":"Marie Claire Belgique","description":"Marie Claire Belgique, le magazine du style et de l\u2019intelligence qui parle de mode, des tendances, de la beaut\u00e9, de l\u2019actualit\u00e9 et de la culture","publisher":{"@id":"https:\/\/marieclaire.be\/fr\/#organization"},"potentialAction":[{"@type":"SearchAction","target":{"@type":"EntryPoint","urlTemplate":"https:\/\/marieclaire.be\/fr\/?s={search_term_string}"},"query-input":{"@type":"PropertyValueSpecification","valueRequired":true,"valueName":"search_term_string"}}],"inLanguage":"fr-FR"},{"@type":"Organization","@id":"https:\/\/marieclaire.be\/fr\/#organization","name":"Marie Claire","url":"https:\/\/marieclaire.be\/fr\/","logo":{"@type":"ImageObject","inLanguage":"fr-FR","@id":"https:\/\/marieclaire.be\/fr\/#\/schema\/logo\/image\/","url":"https:\/\/marieclaire.be\/fr\/wp-content\/uploads\/2018\/05\/mc-logo2.png","contentUrl":"https:\/\/marieclaire.be\/fr\/wp-content\/uploads\/2018\/05\/mc-logo2.png","width":1001,"height":189,"caption":"Marie Claire"},"image":{"@id":"https:\/\/marieclaire.be\/fr\/#\/schema\/logo\/image\/"},"sameAs":["https:\/\/www.facebook.com\/MarieClaire.Belgique\/","https:\/\/www.instagram.com\/marieclaire_belgique\/","https:\/\/fr.pinterest.com\/marieclairebe\/","https:\/\/www.youtube.com\/user\/BelgiumMarieClaire"]},{"@type":"Person","@id":"https:\/\/marieclaire.be\/fr\/#\/schema\/person\/0f2a2faab8a1cdf67c909271eb6dcb39","name":"Charlotte Deprez","image":{"@type":"ImageObject","inLanguage":"fr-FR","@id":"https:\/\/marieclaire.be\/fr\/wp-content\/uploads\/2019\/09\/charlotte_deprez-96x96.jpg","url":"https:\/\/marieclaire.be\/fr\/wp-content\/uploads\/2019\/09\/charlotte_deprez-96x96.jpg","contentUrl":"https:\/\/marieclaire.be\/fr\/wp-content\/uploads\/2019\/09\/charlotte_deprez-96x96.jpg","caption":"Charlotte Deprez"},"description":"Foodie assum\u00e9e, obs\u00e9d\u00e9e par les voyages, la photographie et la tech, toujours \u00e0 l'aff\u00fbt de la derni\u00e8re tendance Instagram qui va r\u00e9volutionner le monde.","sameAs":["http:\/\/www.thetinynomad.com","https:\/\/www.instagram.com\/thetinynomad","https:\/\/be.linkedin.com\/in\/charlottedeprez","https:\/\/fr.pinterest.com\/chadeprez\/","https:\/\/x.com\/chadeprez"],"url":"https:\/\/marieclaire.be\/fr\/author\/charlotte\/"}]}},"_links":{"self":[{"href":"https:\/\/marieclaire.be\/fr\/wp-json\/wp\/v2\/posts\/25087","targetHints":{"allow":["GET"]}}],"collection":[{"href":"https:\/\/marieclaire.be\/fr\/wp-json\/wp\/v2\/posts"}],"about":[{"href":"https:\/\/marieclaire.be\/fr\/wp-json\/wp\/v2\/types\/post"}],"author":[{"embeddable":true,"href":"https:\/\/marieclaire.be\/fr\/wp-json\/wp\/v2\/users\/19"}],"replies":[{"embeddable":true,"href":"https:\/\/marieclaire.be\/fr\/wp-json\/wp\/v2\/comments?post=25087"}],"version-history":[{"count":0,"href":"https:\/\/marieclaire.be\/fr\/wp-json\/wp\/v2\/posts\/25087\/revisions"}],"wp:featuredmedia":[{"embeddable":true,"href":"https:\/\/marieclaire.be\/fr\/wp-json\/wp\/v2\/media\/25093"}],"wp:attachment":[{"href":"https:\/\/marieclaire.be\/fr\/wp-json\/wp\/v2\/media?parent=25087"}],"wp:term":[{"taxonomy":"category","embeddable":true,"href":"https:\/\/marieclaire.be\/fr\/wp-json\/wp\/v2\/categories?post=25087"},{"taxonomy":"post_tag","embeddable":true,"href":"https:\/\/marieclaire.be\/fr\/wp-json\/wp\/v2\/tags?post=25087"}],"curies":[{"name":"wp","href":"https:\/\/api.w.org\/{rel}","templated":true}]}}