{"id":24978,"date":"2017-10-15T17:17:11","date_gmt":"2017-10-15T15:17:11","guid":{"rendered":"http:\/\/marieclaire.be\/fr\/?p=24978"},"modified":"2017-10-12T15:03:51","modified_gmt":"2017-10-12T13:03:51","slug":"paris-marrakech-musee-ysl","status":"publish","type":"post","link":"https:\/\/marieclaire.be\/fr\/paris-marrakech-musee-ysl\/","title":{"rendered":"Paris et Marrakech accueillent un mus\u00e9e consacr\u00e9 \u00e0 Yves Saint Laurent"},"content":{"rendered":"","protected":false},"excerpt":{"rendered":"Jusqu&#8217;\u00e0 il y a peu, aucun mus\u00e9e ne mettait \u00e0 l&#8217;honneur l&#8217;incroyable talent du couturier. ...","protected":false},"author":30,"featured_media":26657,"comment_status":"closed","ping_status":"closed","sticky":false,"template":"","format":"standard","meta":{"_acf_changed":false,"footnotes":""},"categories":[23,6],"tags":[1474,1015,118,779],"class_list":["post-24978","post","type-post","status-publish","format-standard","has-post-thumbnail","hentry","category-designers","category-mode","tag-expo-mode","tag-marrakech","tag-paris","tag-yves-saint-laurent"],"acf":[],"_yoast_wpseo_title":null,"_yoast_wpseo_metadesc":"Deux mus\u00e9es d\u00e9di\u00e9s \u00e0 l\u2019\u0153uvre d'Yves Saint Laurent viennent d'ouvrir leurs portes. L'un \u00e0 Paris et l'autre \u00e0 Marrakech, ville de c\u0153ur du cr\u00e9ateur.","image_verticale":null,"yoast_head":"<!-- This site is optimized with the Yoast SEO plugin v27.3 - https:\/\/yoast.com\/product\/yoast-seo-wordpress\/ -->\n<title>Paris et Marrakech accueillent un mus\u00e9e consacr\u00e9 \u00e0 Yves Saint Laurent - Marie Claire Belgique<\/title>\n<meta name=\"description\" content=\"Deux mus\u00e9es d\u00e9di\u00e9s \u00e0 l\u2019\u0153uvre d&#039;Yves Saint Laurent viennent d&#039;ouvrir leurs portes. L&#039;un \u00e0 Paris et l&#039;autre \u00e0 Marrakech, ville de c\u0153ur du cr\u00e9ateur.\" \/>\n<meta name=\"robots\" content=\"index, follow, max-snippet:-1, max-image-preview:large, max-video-preview:-1\" \/>\n<link rel=\"canonical\" href=\"https:\/\/marieclaire.be\/fr\/paris-marrakech-musee-ysl\/\" \/>\n<meta property=\"og:locale\" content=\"fr_FR\" \/>\n<meta property=\"og:type\" content=\"article\" \/>\n<meta property=\"og:title\" content=\"Paris et Marrakech accueillent un mus\u00e9e consacr\u00e9 \u00e0 Yves Saint Laurent - Marie Claire Belgique\" \/>\n<meta property=\"og:description\" content=\"Deux mus\u00e9es d\u00e9di\u00e9s \u00e0 l\u2019\u0153uvre d&#039;Yves Saint Laurent viennent d&#039;ouvrir leurs portes. L&#039;un \u00e0 Paris et l&#039;autre \u00e0 Marrakech, ville de c\u0153ur du cr\u00e9ateur.\" \/>\n<meta property=\"og:url\" content=\"https:\/\/marieclaire.be\/fr\/paris-marrakech-musee-ysl\/\" \/>\n<meta property=\"og:site_name\" content=\"Marie Claire Belgique\" \/>\n<meta property=\"article:publisher\" content=\"https:\/\/www.facebook.com\/MarieClaire.Belgique\/\" \/>\n<meta property=\"article:published_time\" content=\"2017-10-15T15:17:11+00:00\" \/>\n<meta property=\"og:image\" content=\"https:\/\/marieclaire.be\/fr\/wp-content\/uploads\/2017\/09\/marieclaire_ysl.jpg\" \/>\n\t<meta property=\"og:image:width\" content=\"1050\" \/>\n\t<meta property=\"og:image:height\" content=\"550\" \/>\n\t<meta property=\"og:image:type\" content=\"image\/jpeg\" \/>\n<meta name=\"author\" content=\"Malvine Sevrin\" \/>\n<meta name=\"twitter:label1\" content=\"\u00c9crit par\" \/>\n\t<meta name=\"twitter:data1\" content=\"Malvine Sevrin\" \/>\n\t<meta name=\"twitter:label2\" content=\"Dur\u00e9e de lecture estim\u00e9e\" \/>\n\t<meta name=\"twitter:data2\" content=\"3 minutes\" \/>\n<script type=\"application\/ld+json\" class=\"yoast-schema-graph\">{\"@context\":\"https:\\\/\\\/schema.org\",\"@graph\":[{\"@type\":\"NewsArticle\",\"@id\":\"https:\\\/\\\/marieclaire.be\\\/fr\\\/paris-marrakech-musee-ysl\\\/#article\",\"isPartOf\":{\"@id\":\"https:\\\/\\\/marieclaire.be\\\/fr\\\/paris-marrakech-musee-ysl\\\/\"},\"author\":{\"name\":\"Malvine Sevrin\",\"@id\":\"https:\\\/\\\/marieclaire.be\\\/fr\\\/#\\\/schema\\\/person\\\/c71bd7a8c3e622513c7531a39292a34e\"},\"headline\":\"Paris et Marrakech accueillent un mus\u00e9e consacr\u00e9 \u00e0 Yves Saint Laurent\",\"datePublished\":\"2017-10-15T15:17:11+00:00\",\"mainEntityOfPage\":{\"@id\":\"https:\\\/\\\/marieclaire.be\\\/fr\\\/paris-marrakech-musee-ysl\\\/\"},\"wordCount\":574,\"publisher\":{\"@id\":\"https:\\\/\\\/marieclaire.be\\\/fr\\\/#organization\"},\"image\":{\"@id\":\"https:\\\/\\\/marieclaire.be\\\/fr\\\/paris-marrakech-musee-ysl\\\/#primaryimage\"},\"thumbnailUrl\":\"https:\\\/\\\/marieclaire.be\\\/fr\\\/wp-content\\\/uploads\\\/2017\\\/09\\\/marieclaire_ysl.jpg\",\"keywords\":[\"expo mode\",\"Marrakech\",\"Paris\",\"Yves Saint Laurent\"],\"articleSection\":[\"Designers\",\"Mode\"],\"inLanguage\":\"fr-FR\"},{\"@type\":\"WebPage\",\"@id\":\"https:\\\/\\\/marieclaire.be\\\/fr\\\/paris-marrakech-musee-ysl\\\/\",\"url\":\"https:\\\/\\\/marieclaire.be\\\/fr\\\/paris-marrakech-musee-ysl\\\/\",\"name\":\"Paris et Marrakech accueillent un mus\u00e9e consacr\u00e9 \u00e0 Yves Saint Laurent - Marie Claire Belgique\",\"isPartOf\":{\"@id\":\"https:\\\/\\\/marieclaire.be\\\/fr\\\/#website\"},\"primaryImageOfPage\":{\"@id\":\"https:\\\/\\\/marieclaire.be\\\/fr\\\/paris-marrakech-musee-ysl\\\/#primaryimage\"},\"image\":{\"@id\":\"https:\\\/\\\/marieclaire.be\\\/fr\\\/paris-marrakech-musee-ysl\\\/#primaryimage\"},\"thumbnailUrl\":\"https:\\\/\\\/marieclaire.be\\\/fr\\\/wp-content\\\/uploads\\\/2017\\\/09\\\/marieclaire_ysl.jpg\",\"datePublished\":\"2017-10-15T15:17:11+00:00\",\"description\":\"Deux mus\u00e9es d\u00e9di\u00e9s \u00e0 l\u2019\u0153uvre d'Yves Saint Laurent viennent d'ouvrir leurs portes. L'un \u00e0 Paris et l'autre \u00e0 Marrakech, ville de c\u0153ur du cr\u00e9ateur.\",\"breadcrumb\":{\"@id\":\"https:\\\/\\\/marieclaire.be\\\/fr\\\/paris-marrakech-musee-ysl\\\/#breadcrumb\"},\"inLanguage\":\"fr-FR\",\"potentialAction\":[{\"@type\":\"ReadAction\",\"target\":[\"https:\\\/\\\/marieclaire.be\\\/fr\\\/paris-marrakech-musee-ysl\\\/\"]}]},{\"@type\":\"ImageObject\",\"inLanguage\":\"fr-FR\",\"@id\":\"https:\\\/\\\/marieclaire.be\\\/fr\\\/paris-marrakech-musee-ysl\\\/#primaryimage\",\"url\":\"https:\\\/\\\/marieclaire.be\\\/fr\\\/wp-content\\\/uploads\\\/2017\\\/09\\\/marieclaire_ysl.jpg\",\"contentUrl\":\"https:\\\/\\\/marieclaire.be\\\/fr\\\/wp-content\\\/uploads\\\/2017\\\/09\\\/marieclaire_ysl.jpg\",\"width\":1050,\"height\":550,\"caption\":\"DR, Yves Saint Laurent dans son studio, 1986\"},{\"@type\":\"BreadcrumbList\",\"@id\":\"https:\\\/\\\/marieclaire.be\\\/fr\\\/paris-marrakech-musee-ysl\\\/#breadcrumb\",\"itemListElement\":[{\"@type\":\"ListItem\",\"position\":1,\"name\":\"Accueil\",\"item\":\"https:\\\/\\\/marieclaire.be\\\/fr\\\/\"},{\"@type\":\"ListItem\",\"position\":2,\"name\":\"Paris et Marrakech accueillent un mus\u00e9e consacr\u00e9 \u00e0 Yves Saint Laurent\"}]},{\"@type\":\"WebSite\",\"@id\":\"https:\\\/\\\/marieclaire.be\\\/fr\\\/#website\",\"url\":\"https:\\\/\\\/marieclaire.be\\\/fr\\\/\",\"name\":\"Marie Claire Belgique\",\"description\":\"Marie Claire Belgique, le magazine du style et de l\u2019intelligence qui parle de mode, des tendances, de la beaut\u00e9, de l\u2019actualit\u00e9 et de la culture\",\"publisher\":{\"@id\":\"https:\\\/\\\/marieclaire.be\\\/fr\\\/#organization\"},\"potentialAction\":[{\"@type\":\"SearchAction\",\"target\":{\"@type\":\"EntryPoint\",\"urlTemplate\":\"https:\\\/\\\/marieclaire.be\\\/fr\\\/?s={search_term_string}\"},\"query-input\":{\"@type\":\"PropertyValueSpecification\",\"valueRequired\":true,\"valueName\":\"search_term_string\"}}],\"inLanguage\":\"fr-FR\"},{\"@type\":\"Organization\",\"@id\":\"https:\\\/\\\/marieclaire.be\\\/fr\\\/#organization\",\"name\":\"Marie Claire\",\"url\":\"https:\\\/\\\/marieclaire.be\\\/fr\\\/\",\"logo\":{\"@type\":\"ImageObject\",\"inLanguage\":\"fr-FR\",\"@id\":\"https:\\\/\\\/marieclaire.be\\\/fr\\\/#\\\/schema\\\/logo\\\/image\\\/\",\"url\":\"https:\\\/\\\/marieclaire.be\\\/fr\\\/wp-content\\\/uploads\\\/2018\\\/05\\\/mc-logo2.png\",\"contentUrl\":\"https:\\\/\\\/marieclaire.be\\\/fr\\\/wp-content\\\/uploads\\\/2018\\\/05\\\/mc-logo2.png\",\"width\":1001,\"height\":189,\"caption\":\"Marie Claire\"},\"image\":{\"@id\":\"https:\\\/\\\/marieclaire.be\\\/fr\\\/#\\\/schema\\\/logo\\\/image\\\/\"},\"sameAs\":[\"https:\\\/\\\/www.facebook.com\\\/MarieClaire.Belgique\\\/\",\"https:\\\/\\\/www.instagram.com\\\/marieclaire_belgique\\\/\",\"https:\\\/\\\/fr.pinterest.com\\\/marieclairebe\\\/\",\"https:\\\/\\\/www.youtube.com\\\/user\\\/BelgiumMarieClaire\"]},{\"@type\":\"Person\",\"@id\":\"https:\\\/\\\/marieclaire.be\\\/fr\\\/#\\\/schema\\\/person\\\/c71bd7a8c3e622513c7531a39292a34e\",\"name\":\"Malvine Sevrin\",\"image\":{\"@type\":\"ImageObject\",\"inLanguage\":\"fr-FR\",\"@id\":\"https:\\\/\\\/marieclaire.be\\\/fr\\\/wp-content\\\/uploads\\\/2017\\\/05\\\/capture-decran-2024-02-13-a-145920-96x96.png\",\"url\":\"https:\\\/\\\/marieclaire.be\\\/fr\\\/wp-content\\\/uploads\\\/2017\\\/05\\\/capture-decran-2024-02-13-a-145920-96x96.png\",\"contentUrl\":\"https:\\\/\\\/marieclaire.be\\\/fr\\\/wp-content\\\/uploads\\\/2017\\\/05\\\/capture-decran-2024-02-13-a-145920-96x96.png\",\"caption\":\"Malvine Sevrin\"},\"description\":\"Des podiums parisiens aux derni\u00e8res nouveaut\u00e9s skincare qui enflamment TikTok, je d\u00e9crypte les tendances pour Marie Claire Belgique. Passionn\u00e9e de voyage, de mode et de beaut\u00e9, je partage mes coups de coeur d\u00e9nich\u00e9s aux quatre coins du globe. En tant que r\u00e9dactrice en chef digital, j'ai \u00e9galement \u00e0 coeur de mettre en lumi\u00e8re les histoires inspirantes de femmes \u00e0 travers notre site et sur nos r\u00e9seaux sociaux.\",\"sameAs\":[\"https:\\\/\\\/www.instagram.com\\\/malvinesev\\\/\"],\"url\":\"https:\\\/\\\/marieclaire.be\\\/fr\\\/author\\\/malvine\\\/\"}]}<\/script>\n<!-- \/ Yoast SEO plugin. -->","yoast_head_json":{"title":"Paris et Marrakech accueillent un mus\u00e9e consacr\u00e9 \u00e0 Yves Saint Laurent - Marie Claire Belgique","description":"Deux mus\u00e9es d\u00e9di\u00e9s \u00e0 l\u2019\u0153uvre d'Yves Saint Laurent viennent d'ouvrir leurs portes. L'un \u00e0 Paris et l'autre \u00e0 Marrakech, ville de c\u0153ur du cr\u00e9ateur.","robots":{"index":"index","follow":"follow","max-snippet":"max-snippet:-1","max-image-preview":"max-image-preview:large","max-video-preview":"max-video-preview:-1"},"canonical":"https:\/\/marieclaire.be\/fr\/paris-marrakech-musee-ysl\/","og_locale":"fr_FR","og_type":"article","og_title":"Paris et Marrakech accueillent un mus\u00e9e consacr\u00e9 \u00e0 Yves Saint Laurent - Marie Claire Belgique","og_description":"Deux mus\u00e9es d\u00e9di\u00e9s \u00e0 l\u2019\u0153uvre d'Yves Saint Laurent viennent d'ouvrir leurs portes. L'un \u00e0 Paris et l'autre \u00e0 Marrakech, ville de c\u0153ur du cr\u00e9ateur.","og_url":"https:\/\/marieclaire.be\/fr\/paris-marrakech-musee-ysl\/","og_site_name":"Marie Claire Belgique","article_publisher":"https:\/\/www.facebook.com\/MarieClaire.Belgique\/","article_published_time":"2017-10-15T15:17:11+00:00","og_image":[{"width":1050,"height":550,"url":"https:\/\/marieclaire.be\/fr\/wp-content\/uploads\/2017\/09\/marieclaire_ysl.jpg","type":"image\/jpeg"}],"author":"Malvine Sevrin","twitter_misc":{"\u00c9crit par":"Malvine Sevrin","Dur\u00e9e de lecture estim\u00e9e":"3 minutes"},"schema":{"@context":"https:\/\/schema.org","@graph":[{"@type":"NewsArticle","@id":"https:\/\/marieclaire.be\/fr\/paris-marrakech-musee-ysl\/#article","isPartOf":{"@id":"https:\/\/marieclaire.be\/fr\/paris-marrakech-musee-ysl\/"},"author":{"name":"Malvine Sevrin","@id":"https:\/\/marieclaire.be\/fr\/#\/schema\/person\/c71bd7a8c3e622513c7531a39292a34e"},"headline":"Paris et Marrakech accueillent un mus\u00e9e consacr\u00e9 \u00e0 Yves Saint Laurent","datePublished":"2017-10-15T15:17:11+00:00","mainEntityOfPage":{"@id":"https:\/\/marieclaire.be\/fr\/paris-marrakech-musee-ysl\/"},"wordCount":574,"publisher":{"@id":"https:\/\/marieclaire.be\/fr\/#organization"},"image":{"@id":"https:\/\/marieclaire.be\/fr\/paris-marrakech-musee-ysl\/#primaryimage"},"thumbnailUrl":"https:\/\/marieclaire.be\/fr\/wp-content\/uploads\/2017\/09\/marieclaire_ysl.jpg","keywords":["expo mode","Marrakech","Paris","Yves Saint Laurent"],"articleSection":["Designers","Mode"],"inLanguage":"fr-FR"},{"@type":"WebPage","@id":"https:\/\/marieclaire.be\/fr\/paris-marrakech-musee-ysl\/","url":"https:\/\/marieclaire.be\/fr\/paris-marrakech-musee-ysl\/","name":"Paris et Marrakech accueillent un mus\u00e9e consacr\u00e9 \u00e0 Yves Saint Laurent - Marie Claire Belgique","isPartOf":{"@id":"https:\/\/marieclaire.be\/fr\/#website"},"primaryImageOfPage":{"@id":"https:\/\/marieclaire.be\/fr\/paris-marrakech-musee-ysl\/#primaryimage"},"image":{"@id":"https:\/\/marieclaire.be\/fr\/paris-marrakech-musee-ysl\/#primaryimage"},"thumbnailUrl":"https:\/\/marieclaire.be\/fr\/wp-content\/uploads\/2017\/09\/marieclaire_ysl.jpg","datePublished":"2017-10-15T15:17:11+00:00","description":"Deux mus\u00e9es d\u00e9di\u00e9s \u00e0 l\u2019\u0153uvre d'Yves Saint Laurent viennent d'ouvrir leurs portes. L'un \u00e0 Paris et l'autre \u00e0 Marrakech, ville de c\u0153ur du cr\u00e9ateur.","breadcrumb":{"@id":"https:\/\/marieclaire.be\/fr\/paris-marrakech-musee-ysl\/#breadcrumb"},"inLanguage":"fr-FR","potentialAction":[{"@type":"ReadAction","target":["https:\/\/marieclaire.be\/fr\/paris-marrakech-musee-ysl\/"]}]},{"@type":"ImageObject","inLanguage":"fr-FR","@id":"https:\/\/marieclaire.be\/fr\/paris-marrakech-musee-ysl\/#primaryimage","url":"https:\/\/marieclaire.be\/fr\/wp-content\/uploads\/2017\/09\/marieclaire_ysl.jpg","contentUrl":"https:\/\/marieclaire.be\/fr\/wp-content\/uploads\/2017\/09\/marieclaire_ysl.jpg","width":1050,"height":550,"caption":"DR, Yves Saint Laurent dans son studio, 1986"},{"@type":"BreadcrumbList","@id":"https:\/\/marieclaire.be\/fr\/paris-marrakech-musee-ysl\/#breadcrumb","itemListElement":[{"@type":"ListItem","position":1,"name":"Accueil","item":"https:\/\/marieclaire.be\/fr\/"},{"@type":"ListItem","position":2,"name":"Paris et Marrakech accueillent un mus\u00e9e consacr\u00e9 \u00e0 Yves Saint Laurent"}]},{"@type":"WebSite","@id":"https:\/\/marieclaire.be\/fr\/#website","url":"https:\/\/marieclaire.be\/fr\/","name":"Marie Claire Belgique","description":"Marie Claire Belgique, le magazine du style et de l\u2019intelligence qui parle de mode, des tendances, de la beaut\u00e9, de l\u2019actualit\u00e9 et de la culture","publisher":{"@id":"https:\/\/marieclaire.be\/fr\/#organization"},"potentialAction":[{"@type":"SearchAction","target":{"@type":"EntryPoint","urlTemplate":"https:\/\/marieclaire.be\/fr\/?s={search_term_string}"},"query-input":{"@type":"PropertyValueSpecification","valueRequired":true,"valueName":"search_term_string"}}],"inLanguage":"fr-FR"},{"@type":"Organization","@id":"https:\/\/marieclaire.be\/fr\/#organization","name":"Marie Claire","url":"https:\/\/marieclaire.be\/fr\/","logo":{"@type":"ImageObject","inLanguage":"fr-FR","@id":"https:\/\/marieclaire.be\/fr\/#\/schema\/logo\/image\/","url":"https:\/\/marieclaire.be\/fr\/wp-content\/uploads\/2018\/05\/mc-logo2.png","contentUrl":"https:\/\/marieclaire.be\/fr\/wp-content\/uploads\/2018\/05\/mc-logo2.png","width":1001,"height":189,"caption":"Marie Claire"},"image":{"@id":"https:\/\/marieclaire.be\/fr\/#\/schema\/logo\/image\/"},"sameAs":["https:\/\/www.facebook.com\/MarieClaire.Belgique\/","https:\/\/www.instagram.com\/marieclaire_belgique\/","https:\/\/fr.pinterest.com\/marieclairebe\/","https:\/\/www.youtube.com\/user\/BelgiumMarieClaire"]},{"@type":"Person","@id":"https:\/\/marieclaire.be\/fr\/#\/schema\/person\/c71bd7a8c3e622513c7531a39292a34e","name":"Malvine Sevrin","image":{"@type":"ImageObject","inLanguage":"fr-FR","@id":"https:\/\/marieclaire.be\/fr\/wp-content\/uploads\/2017\/05\/capture-decran-2024-02-13-a-145920-96x96.png","url":"https:\/\/marieclaire.be\/fr\/wp-content\/uploads\/2017\/05\/capture-decran-2024-02-13-a-145920-96x96.png","contentUrl":"https:\/\/marieclaire.be\/fr\/wp-content\/uploads\/2017\/05\/capture-decran-2024-02-13-a-145920-96x96.png","caption":"Malvine Sevrin"},"description":"Des podiums parisiens aux derni\u00e8res nouveaut\u00e9s skincare qui enflamment TikTok, je d\u00e9crypte les tendances pour Marie Claire Belgique. Passionn\u00e9e de voyage, de mode et de beaut\u00e9, je partage mes coups de coeur d\u00e9nich\u00e9s aux quatre coins du globe. En tant que r\u00e9dactrice en chef digital, j'ai \u00e9galement \u00e0 coeur de mettre en lumi\u00e8re les histoires inspirantes de femmes \u00e0 travers notre site et sur nos r\u00e9seaux sociaux.","sameAs":["https:\/\/www.instagram.com\/malvinesev\/"],"url":"https:\/\/marieclaire.be\/fr\/author\/malvine\/"}]}},"_links":{"self":[{"href":"https:\/\/marieclaire.be\/fr\/wp-json\/wp\/v2\/posts\/24978","targetHints":{"allow":["GET"]}}],"collection":[{"href":"https:\/\/marieclaire.be\/fr\/wp-json\/wp\/v2\/posts"}],"about":[{"href":"https:\/\/marieclaire.be\/fr\/wp-json\/wp\/v2\/types\/post"}],"author":[{"embeddable":true,"href":"https:\/\/marieclaire.be\/fr\/wp-json\/wp\/v2\/users\/30"}],"replies":[{"embeddable":true,"href":"https:\/\/marieclaire.be\/fr\/wp-json\/wp\/v2\/comments?post=24978"}],"version-history":[{"count":0,"href":"https:\/\/marieclaire.be\/fr\/wp-json\/wp\/v2\/posts\/24978\/revisions"}],"wp:featuredmedia":[{"embeddable":true,"href":"https:\/\/marieclaire.be\/fr\/wp-json\/wp\/v2\/media\/26657"}],"wp:attachment":[{"href":"https:\/\/marieclaire.be\/fr\/wp-json\/wp\/v2\/media?parent=24978"}],"wp:term":[{"taxonomy":"category","embeddable":true,"href":"https:\/\/marieclaire.be\/fr\/wp-json\/wp\/v2\/categories?post=24978"},{"taxonomy":"post_tag","embeddable":true,"href":"https:\/\/marieclaire.be\/fr\/wp-json\/wp\/v2\/tags?post=24978"}],"curies":[{"name":"wp","href":"https:\/\/api.w.org\/{rel}","templated":true}]}}