{"id":20690,"date":"2017-08-16T08:20:17","date_gmt":"2017-08-16T06:20:17","guid":{"rendered":"http:\/\/marieclaire.be\/fr\/?p=20690"},"modified":"2017-08-15T14:02:59","modified_gmt":"2017-08-15T12:02:59","slug":"zara-recyclage-collab-shape-the-invisible","status":"publish","type":"post","link":"https:\/\/marieclaire.be\/fr\/zara-recyclage-collab-shape-the-invisible\/","title":{"rendered":"Zara se met (enfin) au recyclage avec sa collab&#8217; Shape The Invisible"},"content":{"rendered":"","protected":false},"excerpt":{"rendered":"Ressortez vos v\u00eatements de saisons pr\u00e9c\u00e9dentes, confiez-les \u00e0 60 nouveaux talents de la mode, patientez 3 mois et vous obtiendrez &#8220;Shape the Invisible&#8221;, la nouvelle collab&#8217; de Zara autour du recyclage!\n60 \u00e9tudiants, 3 mois de travail, 60 designs\nL&#8217;enseigne espagnole de pr\u00eat-\u00e0-porter a remis \u00e0 quatre prestigieuses \u00e9coles de stylisme,\u00a0l&#8217;Acad\u00e9mie royale\u00a0d&#8217;Anvers (petite fiert\u00e9 nationale), l&#8217;\u00e9cole Parsons de New York, EnsAD de Paris et Kingston University de Londres des pi\u00e8ces de collections pr\u00e9c\u00e9dentes.","protected":false},"author":8,"featured_media":20702,"comment_status":"closed","ping_status":"open","sticky":false,"template":"","format":"standard","meta":{"_acf_changed":false,"footnotes":""},"categories":[6,24],"tags":[1039,122,2074,631],"class_list":["post-20690","post","type-post","status-publish","format-standard","has-post-thumbnail","hentry","category-mode","category-tendances","tag-collaboration","tag-mode","tag-recyclage","tag-zara"],"acf":[],"_yoast_wpseo_title":null,"_yoast_wpseo_metadesc":"Ressortez vos v\u00eatements de saisons pr\u00e9c\u00e9dentes, confiez-les \u00e0 60 nouveaux talents de la mode, patientez 3 mois et vous obtiendrez \"Shape the invisible\".","image_verticale":null,"yoast_head":"<!-- This site is optimized with the Yoast SEO plugin v27.3 - https:\/\/yoast.com\/product\/yoast-seo-wordpress\/ -->\n<title>Zara se met (enfin) au recyclage avec sa collab&#039; Shape The Invisible - Marie Claire Belgique<\/title>\n<meta name=\"description\" content=\"Ressortez vos v\u00eatements de saisons pr\u00e9c\u00e9dentes, confiez-les \u00e0 60 nouveaux talents de la mode, patientez 3 mois et vous obtiendrez &quot;Shape the invisible&quot;.\" \/>\n<meta name=\"robots\" content=\"index, follow, max-snippet:-1, max-image-preview:large, max-video-preview:-1\" \/>\n<link rel=\"canonical\" href=\"https:\/\/marieclaire.be\/fr\/zara-recyclage-collab-shape-the-invisible\/\" \/>\n<meta property=\"og:locale\" content=\"fr_FR\" \/>\n<meta property=\"og:type\" content=\"article\" \/>\n<meta property=\"og:title\" content=\"Zara se met (enfin) au recyclage avec sa collab&#039; Shape The Invisible - Marie Claire Belgique\" \/>\n<meta property=\"og:description\" content=\"Ressortez vos v\u00eatements de saisons pr\u00e9c\u00e9dentes, confiez-les \u00e0 60 nouveaux talents de la mode, patientez 3 mois et vous obtiendrez &quot;Shape the invisible&quot;.\" \/>\n<meta property=\"og:url\" content=\"https:\/\/marieclaire.be\/fr\/zara-recyclage-collab-shape-the-invisible\/\" \/>\n<meta property=\"og:site_name\" content=\"Marie Claire Belgique\" \/>\n<meta property=\"article:publisher\" content=\"https:\/\/www.facebook.com\/MarieClaire.Belgique\/\" \/>\n<meta property=\"article:published_time\" content=\"2017-08-16T06:20:17+00:00\" \/>\n<meta property=\"og:image\" content=\"https:\/\/marieclaire.be\/fr\/wp-content\/uploads\/2017\/08\/marieclaire_recyclage.png\" \/>\n\t<meta property=\"og:image:width\" content=\"1050\" \/>\n\t<meta property=\"og:image:height\" content=\"550\" \/>\n\t<meta property=\"og:image:type\" content=\"image\/png\" \/>\n<meta name=\"author\" content=\"Marie Claire\" \/>\n<meta name=\"twitter:label1\" content=\"\u00c9crit par\" \/>\n\t<meta name=\"twitter:data1\" content=\"Marie Claire\" \/>\n\t<meta name=\"twitter:label2\" content=\"Dur\u00e9e de lecture estim\u00e9e\" \/>\n\t<meta name=\"twitter:data2\" content=\"1 minute\" \/>\n<script type=\"application\/ld+json\" class=\"yoast-schema-graph\">{\"@context\":\"https:\\\/\\\/schema.org\",\"@graph\":[{\"@type\":\"NewsArticle\",\"@id\":\"https:\\\/\\\/marieclaire.be\\\/fr\\\/zara-recyclage-collab-shape-the-invisible\\\/#article\",\"isPartOf\":{\"@id\":\"https:\\\/\\\/marieclaire.be\\\/fr\\\/zara-recyclage-collab-shape-the-invisible\\\/\"},\"author\":{\"name\":\"Marie Claire\",\"@id\":\"https:\\\/\\\/marieclaire.be\\\/fr\\\/#\\\/schema\\\/person\\\/6a5bc4eb4707dbc5cb47d17804a85f8c\"},\"headline\":\"Zara se met (enfin) au recyclage avec sa collab&#8217; Shape The Invisible\",\"datePublished\":\"2017-08-16T06:20:17+00:00\",\"mainEntityOfPage\":{\"@id\":\"https:\\\/\\\/marieclaire.be\\\/fr\\\/zara-recyclage-collab-shape-the-invisible\\\/\"},\"wordCount\":245,\"publisher\":{\"@id\":\"https:\\\/\\\/marieclaire.be\\\/fr\\\/#organization\"},\"image\":{\"@id\":\"https:\\\/\\\/marieclaire.be\\\/fr\\\/zara-recyclage-collab-shape-the-invisible\\\/#primaryimage\"},\"thumbnailUrl\":\"https:\\\/\\\/marieclaire.be\\\/fr\\\/wp-content\\\/uploads\\\/2017\\\/08\\\/marieclaire_recyclage.png\",\"keywords\":[\"collaboration\",\"mode\",\"recyclage\",\"Zara\"],\"articleSection\":[\"Mode\",\"Tendances\"],\"inLanguage\":\"fr-FR\"},{\"@type\":\"WebPage\",\"@id\":\"https:\\\/\\\/marieclaire.be\\\/fr\\\/zara-recyclage-collab-shape-the-invisible\\\/\",\"url\":\"https:\\\/\\\/marieclaire.be\\\/fr\\\/zara-recyclage-collab-shape-the-invisible\\\/\",\"name\":\"Zara se met (enfin) au recyclage avec sa collab' Shape The Invisible - Marie Claire Belgique\",\"isPartOf\":{\"@id\":\"https:\\\/\\\/marieclaire.be\\\/fr\\\/#website\"},\"primaryImageOfPage\":{\"@id\":\"https:\\\/\\\/marieclaire.be\\\/fr\\\/zara-recyclage-collab-shape-the-invisible\\\/#primaryimage\"},\"image\":{\"@id\":\"https:\\\/\\\/marieclaire.be\\\/fr\\\/zara-recyclage-collab-shape-the-invisible\\\/#primaryimage\"},\"thumbnailUrl\":\"https:\\\/\\\/marieclaire.be\\\/fr\\\/wp-content\\\/uploads\\\/2017\\\/08\\\/marieclaire_recyclage.png\",\"datePublished\":\"2017-08-16T06:20:17+00:00\",\"description\":\"Ressortez vos v\u00eatements de saisons pr\u00e9c\u00e9dentes, confiez-les \u00e0 60 nouveaux talents de la mode, patientez 3 mois et vous obtiendrez \\\"Shape the invisible\\\".\",\"breadcrumb\":{\"@id\":\"https:\\\/\\\/marieclaire.be\\\/fr\\\/zara-recyclage-collab-shape-the-invisible\\\/#breadcrumb\"},\"inLanguage\":\"fr-FR\",\"potentialAction\":[{\"@type\":\"ReadAction\",\"target\":[\"https:\\\/\\\/marieclaire.be\\\/fr\\\/zara-recyclage-collab-shape-the-invisible\\\/\"]}]},{\"@type\":\"ImageObject\",\"inLanguage\":\"fr-FR\",\"@id\":\"https:\\\/\\\/marieclaire.be\\\/fr\\\/zara-recyclage-collab-shape-the-invisible\\\/#primaryimage\",\"url\":\"https:\\\/\\\/marieclaire.be\\\/fr\\\/wp-content\\\/uploads\\\/2017\\\/08\\\/marieclaire_recyclage.png\",\"contentUrl\":\"https:\\\/\\\/marieclaire.be\\\/fr\\\/wp-content\\\/uploads\\\/2017\\\/08\\\/marieclaire_recyclage.png\",\"width\":1050,\"height\":550,\"caption\":\"Zara\"},{\"@type\":\"BreadcrumbList\",\"@id\":\"https:\\\/\\\/marieclaire.be\\\/fr\\\/zara-recyclage-collab-shape-the-invisible\\\/#breadcrumb\",\"itemListElement\":[{\"@type\":\"ListItem\",\"position\":1,\"name\":\"Accueil\",\"item\":\"https:\\\/\\\/marieclaire.be\\\/fr\\\/\"},{\"@type\":\"ListItem\",\"position\":2,\"name\":\"Zara se met (enfin) au recyclage avec sa collab&rsquo; Shape The Invisible\"}]},{\"@type\":\"WebSite\",\"@id\":\"https:\\\/\\\/marieclaire.be\\\/fr\\\/#website\",\"url\":\"https:\\\/\\\/marieclaire.be\\\/fr\\\/\",\"name\":\"Marie Claire Belgique\",\"description\":\"Marie Claire Belgique, le magazine du style et de l\u2019intelligence qui parle de mode, des tendances, de la beaut\u00e9, de l\u2019actualit\u00e9 et de la culture\",\"publisher\":{\"@id\":\"https:\\\/\\\/marieclaire.be\\\/fr\\\/#organization\"},\"potentialAction\":[{\"@type\":\"SearchAction\",\"target\":{\"@type\":\"EntryPoint\",\"urlTemplate\":\"https:\\\/\\\/marieclaire.be\\\/fr\\\/?s={search_term_string}\"},\"query-input\":{\"@type\":\"PropertyValueSpecification\",\"valueRequired\":true,\"valueName\":\"search_term_string\"}}],\"inLanguage\":\"fr-FR\"},{\"@type\":\"Organization\",\"@id\":\"https:\\\/\\\/marieclaire.be\\\/fr\\\/#organization\",\"name\":\"Marie Claire\",\"url\":\"https:\\\/\\\/marieclaire.be\\\/fr\\\/\",\"logo\":{\"@type\":\"ImageObject\",\"inLanguage\":\"fr-FR\",\"@id\":\"https:\\\/\\\/marieclaire.be\\\/fr\\\/#\\\/schema\\\/logo\\\/image\\\/\",\"url\":\"https:\\\/\\\/marieclaire.be\\\/fr\\\/wp-content\\\/uploads\\\/2018\\\/05\\\/mc-logo2.png\",\"contentUrl\":\"https:\\\/\\\/marieclaire.be\\\/fr\\\/wp-content\\\/uploads\\\/2018\\\/05\\\/mc-logo2.png\",\"width\":1001,\"height\":189,\"caption\":\"Marie Claire\"},\"image\":{\"@id\":\"https:\\\/\\\/marieclaire.be\\\/fr\\\/#\\\/schema\\\/logo\\\/image\\\/\"},\"sameAs\":[\"https:\\\/\\\/www.facebook.com\\\/MarieClaire.Belgique\\\/\",\"https:\\\/\\\/www.instagram.com\\\/marieclaire_belgique\\\/\",\"https:\\\/\\\/fr.pinterest.com\\\/marieclairebe\\\/\",\"https:\\\/\\\/www.youtube.com\\\/user\\\/BelgiumMarieClaire\"]},{\"@type\":\"Person\",\"@id\":\"https:\\\/\\\/marieclaire.be\\\/fr\\\/#\\\/schema\\\/person\\\/6a5bc4eb4707dbc5cb47d17804a85f8c\",\"name\":\"Marie Claire\",\"image\":{\"@type\":\"ImageObject\",\"inLanguage\":\"fr-FR\",\"@id\":\"https:\\\/\\\/marieclaire.be\\\/fr\\\/wp-content\\\/uploads\\\/2016\\\/11\\\/mclogo-96x96.jpg\",\"url\":\"https:\\\/\\\/marieclaire.be\\\/fr\\\/wp-content\\\/uploads\\\/2016\\\/11\\\/mclogo-96x96.jpg\",\"contentUrl\":\"https:\\\/\\\/marieclaire.be\\\/fr\\\/wp-content\\\/uploads\\\/2016\\\/11\\\/mclogo-96x96.jpg\",\"caption\":\"Marie Claire\"},\"url\":\"https:\\\/\\\/marieclaire.be\\\/fr\\\/author\\\/stagiaire\\\/\"}]}<\/script>\n<!-- \/ Yoast SEO plugin. -->","yoast_head_json":{"title":"Zara se met (enfin) au recyclage avec sa collab' Shape The Invisible - Marie Claire Belgique","description":"Ressortez vos v\u00eatements de saisons pr\u00e9c\u00e9dentes, confiez-les \u00e0 60 nouveaux talents de la mode, patientez 3 mois et vous obtiendrez \"Shape the invisible\".","robots":{"index":"index","follow":"follow","max-snippet":"max-snippet:-1","max-image-preview":"max-image-preview:large","max-video-preview":"max-video-preview:-1"},"canonical":"https:\/\/marieclaire.be\/fr\/zara-recyclage-collab-shape-the-invisible\/","og_locale":"fr_FR","og_type":"article","og_title":"Zara se met (enfin) au recyclage avec sa collab' Shape The Invisible - Marie Claire Belgique","og_description":"Ressortez vos v\u00eatements de saisons pr\u00e9c\u00e9dentes, confiez-les \u00e0 60 nouveaux talents de la mode, patientez 3 mois et vous obtiendrez \"Shape the invisible\".","og_url":"https:\/\/marieclaire.be\/fr\/zara-recyclage-collab-shape-the-invisible\/","og_site_name":"Marie Claire Belgique","article_publisher":"https:\/\/www.facebook.com\/MarieClaire.Belgique\/","article_published_time":"2017-08-16T06:20:17+00:00","og_image":[{"width":1050,"height":550,"url":"https:\/\/marieclaire.be\/fr\/wp-content\/uploads\/2017\/08\/marieclaire_recyclage.png","type":"image\/png"}],"author":"Marie Claire","twitter_misc":{"\u00c9crit par":"Marie Claire","Dur\u00e9e de lecture estim\u00e9e":"1 minute"},"schema":{"@context":"https:\/\/schema.org","@graph":[{"@type":"NewsArticle","@id":"https:\/\/marieclaire.be\/fr\/zara-recyclage-collab-shape-the-invisible\/#article","isPartOf":{"@id":"https:\/\/marieclaire.be\/fr\/zara-recyclage-collab-shape-the-invisible\/"},"author":{"name":"Marie Claire","@id":"https:\/\/marieclaire.be\/fr\/#\/schema\/person\/6a5bc4eb4707dbc5cb47d17804a85f8c"},"headline":"Zara se met (enfin) au recyclage avec sa collab&#8217; Shape The Invisible","datePublished":"2017-08-16T06:20:17+00:00","mainEntityOfPage":{"@id":"https:\/\/marieclaire.be\/fr\/zara-recyclage-collab-shape-the-invisible\/"},"wordCount":245,"publisher":{"@id":"https:\/\/marieclaire.be\/fr\/#organization"},"image":{"@id":"https:\/\/marieclaire.be\/fr\/zara-recyclage-collab-shape-the-invisible\/#primaryimage"},"thumbnailUrl":"https:\/\/marieclaire.be\/fr\/wp-content\/uploads\/2017\/08\/marieclaire_recyclage.png","keywords":["collaboration","mode","recyclage","Zara"],"articleSection":["Mode","Tendances"],"inLanguage":"fr-FR"},{"@type":"WebPage","@id":"https:\/\/marieclaire.be\/fr\/zara-recyclage-collab-shape-the-invisible\/","url":"https:\/\/marieclaire.be\/fr\/zara-recyclage-collab-shape-the-invisible\/","name":"Zara se met (enfin) au recyclage avec sa collab' Shape The Invisible - Marie Claire Belgique","isPartOf":{"@id":"https:\/\/marieclaire.be\/fr\/#website"},"primaryImageOfPage":{"@id":"https:\/\/marieclaire.be\/fr\/zara-recyclage-collab-shape-the-invisible\/#primaryimage"},"image":{"@id":"https:\/\/marieclaire.be\/fr\/zara-recyclage-collab-shape-the-invisible\/#primaryimage"},"thumbnailUrl":"https:\/\/marieclaire.be\/fr\/wp-content\/uploads\/2017\/08\/marieclaire_recyclage.png","datePublished":"2017-08-16T06:20:17+00:00","description":"Ressortez vos v\u00eatements de saisons pr\u00e9c\u00e9dentes, confiez-les \u00e0 60 nouveaux talents de la mode, patientez 3 mois et vous obtiendrez \"Shape the invisible\".","breadcrumb":{"@id":"https:\/\/marieclaire.be\/fr\/zara-recyclage-collab-shape-the-invisible\/#breadcrumb"},"inLanguage":"fr-FR","potentialAction":[{"@type":"ReadAction","target":["https:\/\/marieclaire.be\/fr\/zara-recyclage-collab-shape-the-invisible\/"]}]},{"@type":"ImageObject","inLanguage":"fr-FR","@id":"https:\/\/marieclaire.be\/fr\/zara-recyclage-collab-shape-the-invisible\/#primaryimage","url":"https:\/\/marieclaire.be\/fr\/wp-content\/uploads\/2017\/08\/marieclaire_recyclage.png","contentUrl":"https:\/\/marieclaire.be\/fr\/wp-content\/uploads\/2017\/08\/marieclaire_recyclage.png","width":1050,"height":550,"caption":"Zara"},{"@type":"BreadcrumbList","@id":"https:\/\/marieclaire.be\/fr\/zara-recyclage-collab-shape-the-invisible\/#breadcrumb","itemListElement":[{"@type":"ListItem","position":1,"name":"Accueil","item":"https:\/\/marieclaire.be\/fr\/"},{"@type":"ListItem","position":2,"name":"Zara se met (enfin) au recyclage avec sa collab&rsquo; Shape The Invisible"}]},{"@type":"WebSite","@id":"https:\/\/marieclaire.be\/fr\/#website","url":"https:\/\/marieclaire.be\/fr\/","name":"Marie Claire Belgique","description":"Marie Claire Belgique, le magazine du style et de l\u2019intelligence qui parle de mode, des tendances, de la beaut\u00e9, de l\u2019actualit\u00e9 et de la culture","publisher":{"@id":"https:\/\/marieclaire.be\/fr\/#organization"},"potentialAction":[{"@type":"SearchAction","target":{"@type":"EntryPoint","urlTemplate":"https:\/\/marieclaire.be\/fr\/?s={search_term_string}"},"query-input":{"@type":"PropertyValueSpecification","valueRequired":true,"valueName":"search_term_string"}}],"inLanguage":"fr-FR"},{"@type":"Organization","@id":"https:\/\/marieclaire.be\/fr\/#organization","name":"Marie Claire","url":"https:\/\/marieclaire.be\/fr\/","logo":{"@type":"ImageObject","inLanguage":"fr-FR","@id":"https:\/\/marieclaire.be\/fr\/#\/schema\/logo\/image\/","url":"https:\/\/marieclaire.be\/fr\/wp-content\/uploads\/2018\/05\/mc-logo2.png","contentUrl":"https:\/\/marieclaire.be\/fr\/wp-content\/uploads\/2018\/05\/mc-logo2.png","width":1001,"height":189,"caption":"Marie Claire"},"image":{"@id":"https:\/\/marieclaire.be\/fr\/#\/schema\/logo\/image\/"},"sameAs":["https:\/\/www.facebook.com\/MarieClaire.Belgique\/","https:\/\/www.instagram.com\/marieclaire_belgique\/","https:\/\/fr.pinterest.com\/marieclairebe\/","https:\/\/www.youtube.com\/user\/BelgiumMarieClaire"]},{"@type":"Person","@id":"https:\/\/marieclaire.be\/fr\/#\/schema\/person\/6a5bc4eb4707dbc5cb47d17804a85f8c","name":"Marie Claire","image":{"@type":"ImageObject","inLanguage":"fr-FR","@id":"https:\/\/marieclaire.be\/fr\/wp-content\/uploads\/2016\/11\/mclogo-96x96.jpg","url":"https:\/\/marieclaire.be\/fr\/wp-content\/uploads\/2016\/11\/mclogo-96x96.jpg","contentUrl":"https:\/\/marieclaire.be\/fr\/wp-content\/uploads\/2016\/11\/mclogo-96x96.jpg","caption":"Marie Claire"},"url":"https:\/\/marieclaire.be\/fr\/author\/stagiaire\/"}]}},"_links":{"self":[{"href":"https:\/\/marieclaire.be\/fr\/wp-json\/wp\/v2\/posts\/20690","targetHints":{"allow":["GET"]}}],"collection":[{"href":"https:\/\/marieclaire.be\/fr\/wp-json\/wp\/v2\/posts"}],"about":[{"href":"https:\/\/marieclaire.be\/fr\/wp-json\/wp\/v2\/types\/post"}],"author":[{"embeddable":true,"href":"https:\/\/marieclaire.be\/fr\/wp-json\/wp\/v2\/users\/8"}],"replies":[{"embeddable":true,"href":"https:\/\/marieclaire.be\/fr\/wp-json\/wp\/v2\/comments?post=20690"}],"version-history":[{"count":0,"href":"https:\/\/marieclaire.be\/fr\/wp-json\/wp\/v2\/posts\/20690\/revisions"}],"wp:featuredmedia":[{"embeddable":true,"href":"https:\/\/marieclaire.be\/fr\/wp-json\/wp\/v2\/media\/20702"}],"wp:attachment":[{"href":"https:\/\/marieclaire.be\/fr\/wp-json\/wp\/v2\/media?parent=20690"}],"wp:term":[{"taxonomy":"category","embeddable":true,"href":"https:\/\/marieclaire.be\/fr\/wp-json\/wp\/v2\/categories?post=20690"},{"taxonomy":"post_tag","embeddable":true,"href":"https:\/\/marieclaire.be\/fr\/wp-json\/wp\/v2\/tags?post=20690"}],"curies":[{"name":"wp","href":"https:\/\/api.w.org\/{rel}","templated":true}]}}