{"id":17626,"date":"2017-06-18T09:07:20","date_gmt":"2017-06-18T07:07:20","guid":{"rendered":"http:\/\/marieclaire.be\/fr\/?p=17626"},"modified":"2017-06-17T00:34:27","modified_gmt":"2017-06-16T22:34:27","slug":"indispensables-valise-ete","status":"publish","type":"post","link":"https:\/\/marieclaire.be\/fr\/indispensables-valise-ete\/","title":{"rendered":"Les indispensables de la valise d&#8217;\u00e9t\u00e9"},"content":{"rendered":"","protected":false},"excerpt":{"rendered":"&#8216;J&#8217;ai dans ma valise, j&#8217;ai\u2026&#8217;. ...","protected":false},"author":7,"featured_media":17636,"comment_status":"closed","ping_status":"open","sticky":false,"template":"","format":"standard","meta":{"_acf_changed":false,"footnotes":""},"categories":[67,1725],"tags":[72,1270,400],"class_list":["post-17626","post","type-post","status-publish","format-standard","has-post-thumbnail","hentry","category-lifestyle","category-vie-pratique","tag-ete","tag-vacances","tag-valise"],"acf":[],"_yoast_wpseo_title":null,"_yoast_wpseo_metadesc":"Le compte \u00e0 rebours final avant les grandes vacances a d\u00e9marr\u00e9. Pr\u00e9parer sa valise permet de d\u00e9j\u00e0 s\u2019\u00e9vader\u2026 S\u00e9lection de cinq indispensables de l\u2019\u00e9t\u00e9.","image_verticale":null,"yoast_head":"<!-- This site is optimized with the Yoast SEO plugin v27.3 - https:\/\/yoast.com\/product\/yoast-seo-wordpress\/ -->\n<title>Les indispensables de la valise d&#039;\u00e9t\u00e9 - Marie Claire Belgique<\/title>\n<meta name=\"description\" content=\"Le compte \u00e0 rebours final avant les grandes vacances a d\u00e9marr\u00e9. Pr\u00e9parer sa valise permet de d\u00e9j\u00e0 s\u2019\u00e9vader\u2026 S\u00e9lection de cinq indispensables de l\u2019\u00e9t\u00e9.\" \/>\n<meta name=\"robots\" content=\"index, follow, max-snippet:-1, max-image-preview:large, max-video-preview:-1\" \/>\n<link rel=\"canonical\" href=\"https:\/\/marieclaire.be\/fr\/indispensables-valise-ete\/\" \/>\n<link rel=\"next\" href=\"https:\/\/marieclaire.be\/fr\/indispensables-valise-ete\/2\/\" \/>\n<meta property=\"og:locale\" content=\"fr_FR\" \/>\n<meta property=\"og:type\" content=\"article\" \/>\n<meta property=\"og:title\" content=\"Les indispensables de la valise d&#039;\u00e9t\u00e9 - Marie Claire Belgique\" \/>\n<meta property=\"og:description\" content=\"Le compte \u00e0 rebours final avant les grandes vacances a d\u00e9marr\u00e9. Pr\u00e9parer sa valise permet de d\u00e9j\u00e0 s\u2019\u00e9vader\u2026 S\u00e9lection de cinq indispensables de l\u2019\u00e9t\u00e9.\" \/>\n<meta property=\"og:url\" content=\"https:\/\/marieclaire.be\/fr\/indispensables-valise-ete\/\" \/>\n<meta property=\"og:site_name\" content=\"Marie Claire Belgique\" \/>\n<meta property=\"article:publisher\" content=\"https:\/\/www.facebook.com\/MarieClaire.Belgique\/\" \/>\n<meta property=\"article:published_time\" content=\"2017-06-18T07:07:20+00:00\" \/>\n<meta property=\"og:image\" content=\"https:\/\/marieclaire.be\/fr\/wp-content\/uploads\/2017\/06\/marie_claire_valise.jpg\" \/>\n\t<meta property=\"og:image:width\" content=\"1050\" \/>\n\t<meta property=\"og:image:height\" content=\"550\" \/>\n\t<meta property=\"og:image:type\" content=\"image\/jpeg\" \/>\n<meta name=\"author\" content=\"Valentine Van Gestel\" \/>\n<meta name=\"twitter:label1\" content=\"\u00c9crit par\" \/>\n\t<meta name=\"twitter:data1\" content=\"Valentine Van Gestel\" \/>\n\t<meta name=\"twitter:label2\" content=\"Dur\u00e9e de lecture estim\u00e9e\" \/>\n\t<meta name=\"twitter:data2\" content=\"2 minutes\" \/>\n<script type=\"application\/ld+json\" class=\"yoast-schema-graph\">{\"@context\":\"https:\\\/\\\/schema.org\",\"@graph\":[{\"@type\":\"NewsArticle\",\"@id\":\"https:\\\/\\\/marieclaire.be\\\/fr\\\/indispensables-valise-ete\\\/#article\",\"isPartOf\":{\"@id\":\"https:\\\/\\\/marieclaire.be\\\/fr\\\/indispensables-valise-ete\\\/\"},\"author\":{\"name\":\"Valentine Van Gestel\",\"@id\":\"https:\\\/\\\/marieclaire.be\\\/fr\\\/#\\\/schema\\\/person\\\/1c062fa509f6b9b0e842535bdbe82e6f\"},\"headline\":\"Les indispensables de la valise d&#8217;\u00e9t\u00e9\",\"datePublished\":\"2017-06-18T07:07:20+00:00\",\"mainEntityOfPage\":{\"@id\":\"https:\\\/\\\/marieclaire.be\\\/fr\\\/indispensables-valise-ete\\\/\"},\"wordCount\":365,\"publisher\":{\"@id\":\"https:\\\/\\\/marieclaire.be\\\/fr\\\/#organization\"},\"image\":{\"@id\":\"https:\\\/\\\/marieclaire.be\\\/fr\\\/indispensables-valise-ete\\\/#primaryimage\"},\"thumbnailUrl\":\"https:\\\/\\\/marieclaire.be\\\/fr\\\/wp-content\\\/uploads\\\/2017\\\/06\\\/marie_claire_valise.jpg\",\"keywords\":[\"\u00e9t\u00e9\",\"Vacances\",\"Valise\"],\"articleSection\":[\"Lifestyle\",\"Vie pratique\"],\"inLanguage\":\"fr-FR\"},{\"@type\":\"WebPage\",\"@id\":\"https:\\\/\\\/marieclaire.be\\\/fr\\\/indispensables-valise-ete\\\/\",\"url\":\"https:\\\/\\\/marieclaire.be\\\/fr\\\/indispensables-valise-ete\\\/\",\"name\":\"Les indispensables de la valise d'\u00e9t\u00e9 - Marie Claire Belgique\",\"isPartOf\":{\"@id\":\"https:\\\/\\\/marieclaire.be\\\/fr\\\/#website\"},\"primaryImageOfPage\":{\"@id\":\"https:\\\/\\\/marieclaire.be\\\/fr\\\/indispensables-valise-ete\\\/#primaryimage\"},\"image\":{\"@id\":\"https:\\\/\\\/marieclaire.be\\\/fr\\\/indispensables-valise-ete\\\/#primaryimage\"},\"thumbnailUrl\":\"https:\\\/\\\/marieclaire.be\\\/fr\\\/wp-content\\\/uploads\\\/2017\\\/06\\\/marie_claire_valise.jpg\",\"datePublished\":\"2017-06-18T07:07:20+00:00\",\"description\":\"Le compte \u00e0 rebours final avant les grandes vacances a d\u00e9marr\u00e9. Pr\u00e9parer sa valise permet de d\u00e9j\u00e0 s\u2019\u00e9vader\u2026 S\u00e9lection de cinq indispensables de l\u2019\u00e9t\u00e9.\",\"inLanguage\":\"fr-FR\",\"potentialAction\":[{\"@type\":\"ReadAction\",\"target\":[\"https:\\\/\\\/marieclaire.be\\\/fr\\\/indispensables-valise-ete\\\/\"]}]},{\"@type\":\"ImageObject\",\"inLanguage\":\"fr-FR\",\"@id\":\"https:\\\/\\\/marieclaire.be\\\/fr\\\/indispensables-valise-ete\\\/#primaryimage\",\"url\":\"https:\\\/\\\/marieclaire.be\\\/fr\\\/wp-content\\\/uploads\\\/2017\\\/06\\\/marie_claire_valise.jpg\",\"contentUrl\":\"https:\\\/\\\/marieclaire.be\\\/fr\\\/wp-content\\\/uploads\\\/2017\\\/06\\\/marie_claire_valise.jpg\",\"width\":1050,\"height\":550},{\"@type\":\"WebSite\",\"@id\":\"https:\\\/\\\/marieclaire.be\\\/fr\\\/#website\",\"url\":\"https:\\\/\\\/marieclaire.be\\\/fr\\\/\",\"name\":\"Marie Claire Belgique\",\"description\":\"Marie Claire Belgique, le magazine du style et de l\u2019intelligence qui parle de mode, des tendances, de la beaut\u00e9, de l\u2019actualit\u00e9 et de la culture\",\"publisher\":{\"@id\":\"https:\\\/\\\/marieclaire.be\\\/fr\\\/#organization\"},\"potentialAction\":[{\"@type\":\"SearchAction\",\"target\":{\"@type\":\"EntryPoint\",\"urlTemplate\":\"https:\\\/\\\/marieclaire.be\\\/fr\\\/?s={search_term_string}\"},\"query-input\":{\"@type\":\"PropertyValueSpecification\",\"valueRequired\":true,\"valueName\":\"search_term_string\"}}],\"inLanguage\":\"fr-FR\"},{\"@type\":\"Organization\",\"@id\":\"https:\\\/\\\/marieclaire.be\\\/fr\\\/#organization\",\"name\":\"Marie Claire\",\"url\":\"https:\\\/\\\/marieclaire.be\\\/fr\\\/\",\"logo\":{\"@type\":\"ImageObject\",\"inLanguage\":\"fr-FR\",\"@id\":\"https:\\\/\\\/marieclaire.be\\\/fr\\\/#\\\/schema\\\/logo\\\/image\\\/\",\"url\":\"https:\\\/\\\/marieclaire.be\\\/fr\\\/wp-content\\\/uploads\\\/2018\\\/05\\\/mc-logo2.png\",\"contentUrl\":\"https:\\\/\\\/marieclaire.be\\\/fr\\\/wp-content\\\/uploads\\\/2018\\\/05\\\/mc-logo2.png\",\"width\":1001,\"height\":189,\"caption\":\"Marie Claire\"},\"image\":{\"@id\":\"https:\\\/\\\/marieclaire.be\\\/fr\\\/#\\\/schema\\\/logo\\\/image\\\/\"},\"sameAs\":[\"https:\\\/\\\/www.facebook.com\\\/MarieClaire.Belgique\\\/\",\"https:\\\/\\\/www.instagram.com\\\/marieclaire_belgique\\\/\",\"https:\\\/\\\/fr.pinterest.com\\\/marieclairebe\\\/\",\"https:\\\/\\\/www.youtube.com\\\/user\\\/BelgiumMarieClaire\"]},{\"@type\":\"Person\",\"@id\":\"https:\\\/\\\/marieclaire.be\\\/fr\\\/#\\\/schema\\\/person\\\/1c062fa509f6b9b0e842535bdbe82e6f\",\"name\":\"Valentine Van Gestel\",\"image\":{\"@type\":\"ImageObject\",\"inLanguage\":\"fr-FR\",\"@id\":\"https:\\\/\\\/marieclaire.be\\\/fr\\\/wp-content\\\/uploads\\\/2016\\\/11\\\/Valentine1-96x96.jpg\",\"url\":\"https:\\\/\\\/marieclaire.be\\\/fr\\\/wp-content\\\/uploads\\\/2016\\\/11\\\/Valentine1-96x96.jpg\",\"contentUrl\":\"https:\\\/\\\/marieclaire.be\\\/fr\\\/wp-content\\\/uploads\\\/2016\\\/11\\\/Valentine1-96x96.jpg\",\"caption\":\"Valentine Van Gestel\"},\"description\":\"Amoureuse de la diversit\u00e9, \u00e9ternelle gourmande, tendre passionn\u00e9e et maman curieuse et imparfaite, je partage avec enthousiasme mes d\u00e9couvertes.\",\"url\":\"https:\\\/\\\/marieclaire.be\\\/fr\\\/author\\\/valentine\\\/\"}]}<\/script>\n<!-- \/ Yoast SEO plugin. -->","yoast_head_json":{"title":"Les indispensables de la valise d'\u00e9t\u00e9 - Marie Claire Belgique","description":"Le compte \u00e0 rebours final avant les grandes vacances a d\u00e9marr\u00e9. Pr\u00e9parer sa valise permet de d\u00e9j\u00e0 s\u2019\u00e9vader\u2026 S\u00e9lection de cinq indispensables de l\u2019\u00e9t\u00e9.","robots":{"index":"index","follow":"follow","max-snippet":"max-snippet:-1","max-image-preview":"max-image-preview:large","max-video-preview":"max-video-preview:-1"},"canonical":"https:\/\/marieclaire.be\/fr\/indispensables-valise-ete\/","next":"https:\/\/marieclaire.be\/fr\/indispensables-valise-ete\/2\/","og_locale":"fr_FR","og_type":"article","og_title":"Les indispensables de la valise d'\u00e9t\u00e9 - Marie Claire Belgique","og_description":"Le compte \u00e0 rebours final avant les grandes vacances a d\u00e9marr\u00e9. Pr\u00e9parer sa valise permet de d\u00e9j\u00e0 s\u2019\u00e9vader\u2026 S\u00e9lection de cinq indispensables de l\u2019\u00e9t\u00e9.","og_url":"https:\/\/marieclaire.be\/fr\/indispensables-valise-ete\/","og_site_name":"Marie Claire Belgique","article_publisher":"https:\/\/www.facebook.com\/MarieClaire.Belgique\/","article_published_time":"2017-06-18T07:07:20+00:00","og_image":[{"width":1050,"height":550,"url":"https:\/\/marieclaire.be\/fr\/wp-content\/uploads\/2017\/06\/marie_claire_valise.jpg","type":"image\/jpeg"}],"author":"Valentine Van Gestel","twitter_misc":{"\u00c9crit par":"Valentine Van Gestel","Dur\u00e9e de lecture estim\u00e9e":"2 minutes"},"schema":{"@context":"https:\/\/schema.org","@graph":[{"@type":"NewsArticle","@id":"https:\/\/marieclaire.be\/fr\/indispensables-valise-ete\/#article","isPartOf":{"@id":"https:\/\/marieclaire.be\/fr\/indispensables-valise-ete\/"},"author":{"name":"Valentine Van Gestel","@id":"https:\/\/marieclaire.be\/fr\/#\/schema\/person\/1c062fa509f6b9b0e842535bdbe82e6f"},"headline":"Les indispensables de la valise d&#8217;\u00e9t\u00e9","datePublished":"2017-06-18T07:07:20+00:00","mainEntityOfPage":{"@id":"https:\/\/marieclaire.be\/fr\/indispensables-valise-ete\/"},"wordCount":365,"publisher":{"@id":"https:\/\/marieclaire.be\/fr\/#organization"},"image":{"@id":"https:\/\/marieclaire.be\/fr\/indispensables-valise-ete\/#primaryimage"},"thumbnailUrl":"https:\/\/marieclaire.be\/fr\/wp-content\/uploads\/2017\/06\/marie_claire_valise.jpg","keywords":["\u00e9t\u00e9","Vacances","Valise"],"articleSection":["Lifestyle","Vie pratique"],"inLanguage":"fr-FR"},{"@type":"WebPage","@id":"https:\/\/marieclaire.be\/fr\/indispensables-valise-ete\/","url":"https:\/\/marieclaire.be\/fr\/indispensables-valise-ete\/","name":"Les indispensables de la valise d'\u00e9t\u00e9 - Marie Claire Belgique","isPartOf":{"@id":"https:\/\/marieclaire.be\/fr\/#website"},"primaryImageOfPage":{"@id":"https:\/\/marieclaire.be\/fr\/indispensables-valise-ete\/#primaryimage"},"image":{"@id":"https:\/\/marieclaire.be\/fr\/indispensables-valise-ete\/#primaryimage"},"thumbnailUrl":"https:\/\/marieclaire.be\/fr\/wp-content\/uploads\/2017\/06\/marie_claire_valise.jpg","datePublished":"2017-06-18T07:07:20+00:00","description":"Le compte \u00e0 rebours final avant les grandes vacances a d\u00e9marr\u00e9. Pr\u00e9parer sa valise permet de d\u00e9j\u00e0 s\u2019\u00e9vader\u2026 S\u00e9lection de cinq indispensables de l\u2019\u00e9t\u00e9.","inLanguage":"fr-FR","potentialAction":[{"@type":"ReadAction","target":["https:\/\/marieclaire.be\/fr\/indispensables-valise-ete\/"]}]},{"@type":"ImageObject","inLanguage":"fr-FR","@id":"https:\/\/marieclaire.be\/fr\/indispensables-valise-ete\/#primaryimage","url":"https:\/\/marieclaire.be\/fr\/wp-content\/uploads\/2017\/06\/marie_claire_valise.jpg","contentUrl":"https:\/\/marieclaire.be\/fr\/wp-content\/uploads\/2017\/06\/marie_claire_valise.jpg","width":1050,"height":550},{"@type":"WebSite","@id":"https:\/\/marieclaire.be\/fr\/#website","url":"https:\/\/marieclaire.be\/fr\/","name":"Marie Claire Belgique","description":"Marie Claire Belgique, le magazine du style et de l\u2019intelligence qui parle de mode, des tendances, de la beaut\u00e9, de l\u2019actualit\u00e9 et de la culture","publisher":{"@id":"https:\/\/marieclaire.be\/fr\/#organization"},"potentialAction":[{"@type":"SearchAction","target":{"@type":"EntryPoint","urlTemplate":"https:\/\/marieclaire.be\/fr\/?s={search_term_string}"},"query-input":{"@type":"PropertyValueSpecification","valueRequired":true,"valueName":"search_term_string"}}],"inLanguage":"fr-FR"},{"@type":"Organization","@id":"https:\/\/marieclaire.be\/fr\/#organization","name":"Marie Claire","url":"https:\/\/marieclaire.be\/fr\/","logo":{"@type":"ImageObject","inLanguage":"fr-FR","@id":"https:\/\/marieclaire.be\/fr\/#\/schema\/logo\/image\/","url":"https:\/\/marieclaire.be\/fr\/wp-content\/uploads\/2018\/05\/mc-logo2.png","contentUrl":"https:\/\/marieclaire.be\/fr\/wp-content\/uploads\/2018\/05\/mc-logo2.png","width":1001,"height":189,"caption":"Marie Claire"},"image":{"@id":"https:\/\/marieclaire.be\/fr\/#\/schema\/logo\/image\/"},"sameAs":["https:\/\/www.facebook.com\/MarieClaire.Belgique\/","https:\/\/www.instagram.com\/marieclaire_belgique\/","https:\/\/fr.pinterest.com\/marieclairebe\/","https:\/\/www.youtube.com\/user\/BelgiumMarieClaire"]},{"@type":"Person","@id":"https:\/\/marieclaire.be\/fr\/#\/schema\/person\/1c062fa509f6b9b0e842535bdbe82e6f","name":"Valentine Van Gestel","image":{"@type":"ImageObject","inLanguage":"fr-FR","@id":"https:\/\/marieclaire.be\/fr\/wp-content\/uploads\/2016\/11\/Valentine1-96x96.jpg","url":"https:\/\/marieclaire.be\/fr\/wp-content\/uploads\/2016\/11\/Valentine1-96x96.jpg","contentUrl":"https:\/\/marieclaire.be\/fr\/wp-content\/uploads\/2016\/11\/Valentine1-96x96.jpg","caption":"Valentine Van Gestel"},"description":"Amoureuse de la diversit\u00e9, \u00e9ternelle gourmande, tendre passionn\u00e9e et maman curieuse et imparfaite, je partage avec enthousiasme mes d\u00e9couvertes.","url":"https:\/\/marieclaire.be\/fr\/author\/valentine\/"}]}},"_links":{"self":[{"href":"https:\/\/marieclaire.be\/fr\/wp-json\/wp\/v2\/posts\/17626","targetHints":{"allow":["GET"]}}],"collection":[{"href":"https:\/\/marieclaire.be\/fr\/wp-json\/wp\/v2\/posts"}],"about":[{"href":"https:\/\/marieclaire.be\/fr\/wp-json\/wp\/v2\/types\/post"}],"author":[{"embeddable":true,"href":"https:\/\/marieclaire.be\/fr\/wp-json\/wp\/v2\/users\/7"}],"replies":[{"embeddable":true,"href":"https:\/\/marieclaire.be\/fr\/wp-json\/wp\/v2\/comments?post=17626"}],"version-history":[{"count":0,"href":"https:\/\/marieclaire.be\/fr\/wp-json\/wp\/v2\/posts\/17626\/revisions"}],"wp:featuredmedia":[{"embeddable":true,"href":"https:\/\/marieclaire.be\/fr\/wp-json\/wp\/v2\/media\/17636"}],"wp:attachment":[{"href":"https:\/\/marieclaire.be\/fr\/wp-json\/wp\/v2\/media?parent=17626"}],"wp:term":[{"taxonomy":"category","embeddable":true,"href":"https:\/\/marieclaire.be\/fr\/wp-json\/wp\/v2\/categories?post=17626"},{"taxonomy":"post_tag","embeddable":true,"href":"https:\/\/marieclaire.be\/fr\/wp-json\/wp\/v2\/tags?post=17626"}],"curies":[{"name":"wp","href":"https:\/\/api.w.org\/{rel}","templated":true}]}}