{"id":147933,"date":"2026-03-12T19:27:48","date_gmt":"2026-03-12T18:27:48","guid":{"rendered":"https:\/\/marieclaire.be\/fr\/?p=147933"},"modified":"2026-03-12T19:28:02","modified_gmt":"2026-03-12T18:28:02","slug":"blu-samu-artiste-belgo-portugaise-interview","status":"publish","type":"post","link":"https:\/\/marieclaire.be\/fr\/blu-samu-artiste-belgo-portugaise-interview\/","title":{"rendered":"Blu Samu, l&#8217;artiste belgo-portugaise \u00e0 l&#8217;univers inclassable"},"content":{"rendered":"","protected":false},"excerpt":{"rendered":"Cette Belgo-portugaise \u00e9volue dans le rap depuis une dizaine d\u2019ann\u00e9es. ...","protected":false},"author":73,"featured_media":147990,"comment_status":"closed","ping_status":"closed","sticky":false,"template":"","format":"standard","meta":{"_acf_changed":false,"footnotes":""},"categories":[26,5169],"tags":[],"class_list":["post-147933","post","type-post","status-publish","format-standard","has-post-thumbnail","hentry","category-culture","category-musique"],"acf":[],"_yoast_wpseo_title":null,"_yoast_wpseo_metadesc":"Dans son premier album (K)NOT, Blu Samu mixe des genres musicaux tr\u00e8s diff\u00e9rents en y mettant toute sa fougue. Interview.","image_verticale":"147989","yoast_head":"<!-- This site is optimized with the Yoast SEO plugin v27.3 - https:\/\/yoast.com\/product\/yoast-seo-wordpress\/ -->\n<title>Blu Samu, l&#039;artiste belgo-portugaise \u00e0 l&#039;univers inclassable - Marie Claire Belgique<\/title>\n<meta name=\"description\" content=\"Dans son premier album (K)NOT, Blu Samu mixe des genres musicaux tr\u00e8s diff\u00e9rents en y mettant toute sa fougue. Interview.\" \/>\n<meta name=\"robots\" content=\"index, follow, max-snippet:-1, max-image-preview:large, max-video-preview:-1\" \/>\n<link rel=\"canonical\" href=\"https:\/\/marieclaire.be\/fr\/blu-samu-artiste-belgo-portugaise-interview\/\" \/>\n<meta property=\"og:locale\" content=\"fr_FR\" \/>\n<meta property=\"og:type\" content=\"article\" \/>\n<meta property=\"og:title\" content=\"Blu Samu, l&#039;artiste belgo-portugaise \u00e0 l&#039;univers inclassable - Marie Claire Belgique\" \/>\n<meta property=\"og:description\" content=\"Dans son premier album (K)NOT, Blu Samu mixe des genres musicaux tr\u00e8s diff\u00e9rents en y mettant toute sa fougue. Interview.\" \/>\n<meta property=\"og:url\" content=\"https:\/\/marieclaire.be\/fr\/blu-samu-artiste-belgo-portugaise-interview\/\" \/>\n<meta property=\"og:site_name\" content=\"Marie Claire Belgique\" \/>\n<meta property=\"article:publisher\" content=\"https:\/\/www.facebook.com\/MarieClaire.Belgique\/\" \/>\n<meta property=\"article:published_time\" content=\"2026-03-12T18:27:48+00:00\" \/>\n<meta property=\"article:modified_time\" content=\"2026-03-12T18:28:02+00:00\" \/>\n<meta property=\"og:image\" content=\"https:\/\/marieclaire.be\/fr\/wp-content\/uploads\/2026\/03\/itw-blu-samu.png\" \/>\n\t<meta property=\"og:image:width\" content=\"1200\" \/>\n\t<meta property=\"og:image:height\" content=\"628\" \/>\n\t<meta property=\"og:image:type\" content=\"image\/png\" \/>\n<meta name=\"author\" content=\"Jo\u00eblle Lehrer\" \/>\n<meta name=\"twitter:label1\" content=\"\u00c9crit par\" \/>\n\t<meta name=\"twitter:data1\" content=\"Jo\u00eblle Lehrer\" \/>\n\t<meta name=\"twitter:label2\" content=\"Dur\u00e9e de lecture estim\u00e9e\" \/>\n\t<meta name=\"twitter:data2\" content=\"6 minutes\" \/>\n<script type=\"application\/ld+json\" class=\"yoast-schema-graph\">{\"@context\":\"https:\\\/\\\/schema.org\",\"@graph\":[{\"@type\":\"NewsArticle\",\"@id\":\"https:\\\/\\\/marieclaire.be\\\/fr\\\/blu-samu-artiste-belgo-portugaise-interview\\\/#article\",\"isPartOf\":{\"@id\":\"https:\\\/\\\/marieclaire.be\\\/fr\\\/blu-samu-artiste-belgo-portugaise-interview\\\/\"},\"author\":{\"name\":\"Jo\u00eblle Lehrer\",\"@id\":\"https:\\\/\\\/marieclaire.be\\\/fr\\\/#\\\/schema\\\/person\\\/bad27ee00b53a1ed2f74f19a74d7f5af\"},\"headline\":\"Blu Samu, l&#8217;artiste belgo-portugaise \u00e0 l&#8217;univers inclassable\",\"datePublished\":\"2026-03-12T18:27:48+00:00\",\"dateModified\":\"2026-03-12T18:28:02+00:00\",\"mainEntityOfPage\":{\"@id\":\"https:\\\/\\\/marieclaire.be\\\/fr\\\/blu-samu-artiste-belgo-portugaise-interview\\\/\"},\"wordCount\":1007,\"publisher\":{\"@id\":\"https:\\\/\\\/marieclaire.be\\\/fr\\\/#organization\"},\"image\":{\"@id\":\"https:\\\/\\\/marieclaire.be\\\/fr\\\/blu-samu-artiste-belgo-portugaise-interview\\\/#primaryimage\"},\"thumbnailUrl\":\"https:\\\/\\\/marieclaire.be\\\/fr\\\/wp-content\\\/uploads\\\/2026\\\/03\\\/itw-blu-samu.png\",\"articleSection\":[\"Culture\",\"Musique\"],\"inLanguage\":\"fr-FR\"},{\"@type\":\"WebPage\",\"@id\":\"https:\\\/\\\/marieclaire.be\\\/fr\\\/blu-samu-artiste-belgo-portugaise-interview\\\/\",\"url\":\"https:\\\/\\\/marieclaire.be\\\/fr\\\/blu-samu-artiste-belgo-portugaise-interview\\\/\",\"name\":\"Blu Samu, l'artiste belgo-portugaise \u00e0 l'univers inclassable - Marie Claire Belgique\",\"isPartOf\":{\"@id\":\"https:\\\/\\\/marieclaire.be\\\/fr\\\/#website\"},\"primaryImageOfPage\":{\"@id\":\"https:\\\/\\\/marieclaire.be\\\/fr\\\/blu-samu-artiste-belgo-portugaise-interview\\\/#primaryimage\"},\"image\":{\"@id\":\"https:\\\/\\\/marieclaire.be\\\/fr\\\/blu-samu-artiste-belgo-portugaise-interview\\\/#primaryimage\"},\"thumbnailUrl\":\"https:\\\/\\\/marieclaire.be\\\/fr\\\/wp-content\\\/uploads\\\/2026\\\/03\\\/itw-blu-samu.png\",\"datePublished\":\"2026-03-12T18:27:48+00:00\",\"dateModified\":\"2026-03-12T18:28:02+00:00\",\"description\":\"Dans son premier album (K)NOT, Blu Samu mixe des genres musicaux tr\u00e8s diff\u00e9rents en y mettant toute sa fougue. Interview.\",\"breadcrumb\":{\"@id\":\"https:\\\/\\\/marieclaire.be\\\/fr\\\/blu-samu-artiste-belgo-portugaise-interview\\\/#breadcrumb\"},\"inLanguage\":\"fr-FR\",\"potentialAction\":[{\"@type\":\"ReadAction\",\"target\":[\"https:\\\/\\\/marieclaire.be\\\/fr\\\/blu-samu-artiste-belgo-portugaise-interview\\\/\"]}]},{\"@type\":\"ImageObject\",\"inLanguage\":\"fr-FR\",\"@id\":\"https:\\\/\\\/marieclaire.be\\\/fr\\\/blu-samu-artiste-belgo-portugaise-interview\\\/#primaryimage\",\"url\":\"https:\\\/\\\/marieclaire.be\\\/fr\\\/wp-content\\\/uploads\\\/2026\\\/03\\\/itw-blu-samu.png\",\"contentUrl\":\"https:\\\/\\\/marieclaire.be\\\/fr\\\/wp-content\\\/uploads\\\/2026\\\/03\\\/itw-blu-samu.png\",\"width\":1200,\"height\":628,\"caption\":\"Presse\"},{\"@type\":\"BreadcrumbList\",\"@id\":\"https:\\\/\\\/marieclaire.be\\\/fr\\\/blu-samu-artiste-belgo-portugaise-interview\\\/#breadcrumb\",\"itemListElement\":[{\"@type\":\"ListItem\",\"position\":1,\"name\":\"Accueil\",\"item\":\"https:\\\/\\\/marieclaire.be\\\/fr\\\/\"},{\"@type\":\"ListItem\",\"position\":2,\"name\":\"Blu Samu, l&#8217;artiste belgo-portugaise \u00e0 l&#8217;univers inclassable\"}]},{\"@type\":\"WebSite\",\"@id\":\"https:\\\/\\\/marieclaire.be\\\/fr\\\/#website\",\"url\":\"https:\\\/\\\/marieclaire.be\\\/fr\\\/\",\"name\":\"Marie Claire Belgique\",\"description\":\"Marie Claire Belgique, le magazine du style et de l\u2019intelligence qui parle de mode, des tendances, de la beaut\u00e9, de l\u2019actualit\u00e9 et de la culture\",\"publisher\":{\"@id\":\"https:\\\/\\\/marieclaire.be\\\/fr\\\/#organization\"},\"potentialAction\":[{\"@type\":\"SearchAction\",\"target\":{\"@type\":\"EntryPoint\",\"urlTemplate\":\"https:\\\/\\\/marieclaire.be\\\/fr\\\/?s={search_term_string}\"},\"query-input\":{\"@type\":\"PropertyValueSpecification\",\"valueRequired\":true,\"valueName\":\"search_term_string\"}}],\"inLanguage\":\"fr-FR\"},{\"@type\":\"Organization\",\"@id\":\"https:\\\/\\\/marieclaire.be\\\/fr\\\/#organization\",\"name\":\"Marie Claire\",\"url\":\"https:\\\/\\\/marieclaire.be\\\/fr\\\/\",\"logo\":{\"@type\":\"ImageObject\",\"inLanguage\":\"fr-FR\",\"@id\":\"https:\\\/\\\/marieclaire.be\\\/fr\\\/#\\\/schema\\\/logo\\\/image\\\/\",\"url\":\"https:\\\/\\\/marieclaire.be\\\/fr\\\/wp-content\\\/uploads\\\/2018\\\/05\\\/mc-logo2.png\",\"contentUrl\":\"https:\\\/\\\/marieclaire.be\\\/fr\\\/wp-content\\\/uploads\\\/2018\\\/05\\\/mc-logo2.png\",\"width\":1001,\"height\":189,\"caption\":\"Marie Claire\"},\"image\":{\"@id\":\"https:\\\/\\\/marieclaire.be\\\/fr\\\/#\\\/schema\\\/logo\\\/image\\\/\"},\"sameAs\":[\"https:\\\/\\\/www.facebook.com\\\/MarieClaire.Belgique\\\/\",\"https:\\\/\\\/www.instagram.com\\\/marieclaire_belgique\\\/\",\"https:\\\/\\\/fr.pinterest.com\\\/marieclairebe\\\/\",\"https:\\\/\\\/www.youtube.com\\\/user\\\/BelgiumMarieClaire\"]},{\"@type\":\"Person\",\"@id\":\"https:\\\/\\\/marieclaire.be\\\/fr\\\/#\\\/schema\\\/person\\\/bad27ee00b53a1ed2f74f19a74d7f5af\",\"name\":\"Jo\u00eblle Lehrer\",\"image\":{\"@type\":\"ImageObject\",\"inLanguage\":\"fr-FR\",\"@id\":\"https:\\\/\\\/marieclaire.be\\\/fr\\\/wp-content\\\/uploads\\\/2024\\\/07\\\/img-20190622-191247-406-96x96.jpg\",\"url\":\"https:\\\/\\\/marieclaire.be\\\/fr\\\/wp-content\\\/uploads\\\/2024\\\/07\\\/img-20190622-191247-406-96x96.jpg\",\"contentUrl\":\"https:\\\/\\\/marieclaire.be\\\/fr\\\/wp-content\\\/uploads\\\/2024\\\/07\\\/img-20190622-191247-406-96x96.jpg\",\"caption\":\"Jo\u00eblle Lehrer\"},\"description\":\"L\u2019info culturelle, avec une pointe d\u2019avance, le divertissement si possible subtil, les rencontres avec les artistes qui donnent des couleurs au temps, la d\u00e9couverte du monde d\u2019ailleurs ou d\u2019ici, tout cela m\u2019anime chaque jour.\",\"sameAs\":[\"https:\\\/\\\/www.instagram.com\\\/joellelehrer\\\/\"],\"url\":\"https:\\\/\\\/marieclaire.be\\\/fr\\\/author\\\/joelle\\\/\"}]}<\/script>\n<!-- \/ Yoast SEO plugin. -->","yoast_head_json":{"title":"Blu Samu, l'artiste belgo-portugaise \u00e0 l'univers inclassable - Marie Claire Belgique","description":"Dans son premier album (K)NOT, Blu Samu mixe des genres musicaux tr\u00e8s diff\u00e9rents en y mettant toute sa fougue. Interview.","robots":{"index":"index","follow":"follow","max-snippet":"max-snippet:-1","max-image-preview":"max-image-preview:large","max-video-preview":"max-video-preview:-1"},"canonical":"https:\/\/marieclaire.be\/fr\/blu-samu-artiste-belgo-portugaise-interview\/","og_locale":"fr_FR","og_type":"article","og_title":"Blu Samu, l'artiste belgo-portugaise \u00e0 l'univers inclassable - Marie Claire Belgique","og_description":"Dans son premier album (K)NOT, Blu Samu mixe des genres musicaux tr\u00e8s diff\u00e9rents en y mettant toute sa fougue. Interview.","og_url":"https:\/\/marieclaire.be\/fr\/blu-samu-artiste-belgo-portugaise-interview\/","og_site_name":"Marie Claire Belgique","article_publisher":"https:\/\/www.facebook.com\/MarieClaire.Belgique\/","article_published_time":"2026-03-12T18:27:48+00:00","article_modified_time":"2026-03-12T18:28:02+00:00","og_image":[{"width":1200,"height":628,"url":"https:\/\/marieclaire.be\/fr\/wp-content\/uploads\/2026\/03\/itw-blu-samu.png","type":"image\/png"}],"author":"Jo\u00eblle Lehrer","twitter_misc":{"\u00c9crit par":"Jo\u00eblle Lehrer","Dur\u00e9e de lecture estim\u00e9e":"6 minutes"},"schema":{"@context":"https:\/\/schema.org","@graph":[{"@type":"NewsArticle","@id":"https:\/\/marieclaire.be\/fr\/blu-samu-artiste-belgo-portugaise-interview\/#article","isPartOf":{"@id":"https:\/\/marieclaire.be\/fr\/blu-samu-artiste-belgo-portugaise-interview\/"},"author":{"name":"Jo\u00eblle Lehrer","@id":"https:\/\/marieclaire.be\/fr\/#\/schema\/person\/bad27ee00b53a1ed2f74f19a74d7f5af"},"headline":"Blu Samu, l&#8217;artiste belgo-portugaise \u00e0 l&#8217;univers inclassable","datePublished":"2026-03-12T18:27:48+00:00","dateModified":"2026-03-12T18:28:02+00:00","mainEntityOfPage":{"@id":"https:\/\/marieclaire.be\/fr\/blu-samu-artiste-belgo-portugaise-interview\/"},"wordCount":1007,"publisher":{"@id":"https:\/\/marieclaire.be\/fr\/#organization"},"image":{"@id":"https:\/\/marieclaire.be\/fr\/blu-samu-artiste-belgo-portugaise-interview\/#primaryimage"},"thumbnailUrl":"https:\/\/marieclaire.be\/fr\/wp-content\/uploads\/2026\/03\/itw-blu-samu.png","articleSection":["Culture","Musique"],"inLanguage":"fr-FR"},{"@type":"WebPage","@id":"https:\/\/marieclaire.be\/fr\/blu-samu-artiste-belgo-portugaise-interview\/","url":"https:\/\/marieclaire.be\/fr\/blu-samu-artiste-belgo-portugaise-interview\/","name":"Blu Samu, l'artiste belgo-portugaise \u00e0 l'univers inclassable - Marie Claire Belgique","isPartOf":{"@id":"https:\/\/marieclaire.be\/fr\/#website"},"primaryImageOfPage":{"@id":"https:\/\/marieclaire.be\/fr\/blu-samu-artiste-belgo-portugaise-interview\/#primaryimage"},"image":{"@id":"https:\/\/marieclaire.be\/fr\/blu-samu-artiste-belgo-portugaise-interview\/#primaryimage"},"thumbnailUrl":"https:\/\/marieclaire.be\/fr\/wp-content\/uploads\/2026\/03\/itw-blu-samu.png","datePublished":"2026-03-12T18:27:48+00:00","dateModified":"2026-03-12T18:28:02+00:00","description":"Dans son premier album (K)NOT, Blu Samu mixe des genres musicaux tr\u00e8s diff\u00e9rents en y mettant toute sa fougue. Interview.","breadcrumb":{"@id":"https:\/\/marieclaire.be\/fr\/blu-samu-artiste-belgo-portugaise-interview\/#breadcrumb"},"inLanguage":"fr-FR","potentialAction":[{"@type":"ReadAction","target":["https:\/\/marieclaire.be\/fr\/blu-samu-artiste-belgo-portugaise-interview\/"]}]},{"@type":"ImageObject","inLanguage":"fr-FR","@id":"https:\/\/marieclaire.be\/fr\/blu-samu-artiste-belgo-portugaise-interview\/#primaryimage","url":"https:\/\/marieclaire.be\/fr\/wp-content\/uploads\/2026\/03\/itw-blu-samu.png","contentUrl":"https:\/\/marieclaire.be\/fr\/wp-content\/uploads\/2026\/03\/itw-blu-samu.png","width":1200,"height":628,"caption":"Presse"},{"@type":"BreadcrumbList","@id":"https:\/\/marieclaire.be\/fr\/blu-samu-artiste-belgo-portugaise-interview\/#breadcrumb","itemListElement":[{"@type":"ListItem","position":1,"name":"Accueil","item":"https:\/\/marieclaire.be\/fr\/"},{"@type":"ListItem","position":2,"name":"Blu Samu, l&#8217;artiste belgo-portugaise \u00e0 l&#8217;univers inclassable"}]},{"@type":"WebSite","@id":"https:\/\/marieclaire.be\/fr\/#website","url":"https:\/\/marieclaire.be\/fr\/","name":"Marie Claire Belgique","description":"Marie Claire Belgique, le magazine du style et de l\u2019intelligence qui parle de mode, des tendances, de la beaut\u00e9, de l\u2019actualit\u00e9 et de la culture","publisher":{"@id":"https:\/\/marieclaire.be\/fr\/#organization"},"potentialAction":[{"@type":"SearchAction","target":{"@type":"EntryPoint","urlTemplate":"https:\/\/marieclaire.be\/fr\/?s={search_term_string}"},"query-input":{"@type":"PropertyValueSpecification","valueRequired":true,"valueName":"search_term_string"}}],"inLanguage":"fr-FR"},{"@type":"Organization","@id":"https:\/\/marieclaire.be\/fr\/#organization","name":"Marie Claire","url":"https:\/\/marieclaire.be\/fr\/","logo":{"@type":"ImageObject","inLanguage":"fr-FR","@id":"https:\/\/marieclaire.be\/fr\/#\/schema\/logo\/image\/","url":"https:\/\/marieclaire.be\/fr\/wp-content\/uploads\/2018\/05\/mc-logo2.png","contentUrl":"https:\/\/marieclaire.be\/fr\/wp-content\/uploads\/2018\/05\/mc-logo2.png","width":1001,"height":189,"caption":"Marie Claire"},"image":{"@id":"https:\/\/marieclaire.be\/fr\/#\/schema\/logo\/image\/"},"sameAs":["https:\/\/www.facebook.com\/MarieClaire.Belgique\/","https:\/\/www.instagram.com\/marieclaire_belgique\/","https:\/\/fr.pinterest.com\/marieclairebe\/","https:\/\/www.youtube.com\/user\/BelgiumMarieClaire"]},{"@type":"Person","@id":"https:\/\/marieclaire.be\/fr\/#\/schema\/person\/bad27ee00b53a1ed2f74f19a74d7f5af","name":"Jo\u00eblle Lehrer","image":{"@type":"ImageObject","inLanguage":"fr-FR","@id":"https:\/\/marieclaire.be\/fr\/wp-content\/uploads\/2024\/07\/img-20190622-191247-406-96x96.jpg","url":"https:\/\/marieclaire.be\/fr\/wp-content\/uploads\/2024\/07\/img-20190622-191247-406-96x96.jpg","contentUrl":"https:\/\/marieclaire.be\/fr\/wp-content\/uploads\/2024\/07\/img-20190622-191247-406-96x96.jpg","caption":"Jo\u00eblle Lehrer"},"description":"L\u2019info culturelle, avec une pointe d\u2019avance, le divertissement si possible subtil, les rencontres avec les artistes qui donnent des couleurs au temps, la d\u00e9couverte du monde d\u2019ailleurs ou d\u2019ici, tout cela m\u2019anime chaque jour.","sameAs":["https:\/\/www.instagram.com\/joellelehrer\/"],"url":"https:\/\/marieclaire.be\/fr\/author\/joelle\/"}]}},"_links":{"self":[{"href":"https:\/\/marieclaire.be\/fr\/wp-json\/wp\/v2\/posts\/147933","targetHints":{"allow":["GET"]}}],"collection":[{"href":"https:\/\/marieclaire.be\/fr\/wp-json\/wp\/v2\/posts"}],"about":[{"href":"https:\/\/marieclaire.be\/fr\/wp-json\/wp\/v2\/types\/post"}],"author":[{"embeddable":true,"href":"https:\/\/marieclaire.be\/fr\/wp-json\/wp\/v2\/users\/73"}],"replies":[{"embeddable":true,"href":"https:\/\/marieclaire.be\/fr\/wp-json\/wp\/v2\/comments?post=147933"}],"version-history":[{"count":2,"href":"https:\/\/marieclaire.be\/fr\/wp-json\/wp\/v2\/posts\/147933\/revisions"}],"predecessor-version":[{"id":148001,"href":"https:\/\/marieclaire.be\/fr\/wp-json\/wp\/v2\/posts\/147933\/revisions\/148001"}],"wp:featuredmedia":[{"embeddable":true,"href":"https:\/\/marieclaire.be\/fr\/wp-json\/wp\/v2\/media\/147990"}],"wp:attachment":[{"href":"https:\/\/marieclaire.be\/fr\/wp-json\/wp\/v2\/media?parent=147933"}],"wp:term":[{"taxonomy":"category","embeddable":true,"href":"https:\/\/marieclaire.be\/fr\/wp-json\/wp\/v2\/categories?post=147933"},{"taxonomy":"post_tag","embeddable":true,"href":"https:\/\/marieclaire.be\/fr\/wp-json\/wp\/v2\/tags?post=147933"}],"curies":[{"name":"wp","href":"https:\/\/api.w.org\/{rel}","templated":true}]}}