{"id":147905,"date":"2026-03-05T06:33:28","date_gmt":"2026-03-05T05:33:28","guid":{"rendered":"https:\/\/marieclaire.be\/fr\/?p=147905"},"modified":"2026-03-09T14:53:03","modified_gmt":"2026-03-09T13:53:03","slug":"la-butte-aux-bois-une-parenthese-au-calme-dans-le-limbourg","status":"publish","type":"post","link":"https:\/\/marieclaire.be\/fr\/la-butte-aux-bois-une-parenthese-au-calme-dans-le-limbourg\/","title":{"rendered":"La Butte aux Bois, une parenth\u00e8se au calme dans le Limbourg"},"content":{"rendered":"","protected":false},"excerpt":{"rendered":"Si vous souhaitez vous \u00e9loigner un moment du rythme effr\u00e9n\u00e9 de la vie quotidienne, vous trouverez naturellement la tranquillit\u00e9 dans le Limbourg. ...","protected":false},"author":30,"featured_media":147907,"comment_status":"closed","ping_status":"closed","sticky":false,"template":"","format":"standard","meta":{"_acf_changed":false,"footnotes":""},"categories":[29,67],"tags":[535,1050],"class_list":["post-147905","post","type-post","status-publish","format-standard","has-post-thumbnail","hentry","category-voyages","category-lifestyle","tag-hotel","tag-spa"],"acf":[],"_yoast_wpseo_title":null,"_yoast_wpseo_metadesc":"Au c\u0153ur du parc national de la Haute Campine, l\u2019h\u00f4tel La Butte aux Bois est une destination qui mise d\u00e9lib\u00e9r\u00e9ment sur le calme et la qualit\u00e9.","image_verticale":"147906","yoast_head":"<!-- This site is optimized with the Yoast SEO plugin v27.3 - https:\/\/yoast.com\/product\/yoast-seo-wordpress\/ -->\n<title>La Butte aux Bois, une parenth\u00e8se au calme dans le Limbourg - Marie Claire Belgique<\/title>\n<meta name=\"description\" content=\"Au c\u0153ur du parc national de la Haute Campine, l\u2019h\u00f4tel La Butte aux Bois est une destination qui mise d\u00e9lib\u00e9r\u00e9ment sur le calme et la qualit\u00e9.\" \/>\n<meta name=\"robots\" content=\"index, follow, max-snippet:-1, max-image-preview:large, max-video-preview:-1\" \/>\n<link rel=\"canonical\" href=\"https:\/\/marieclaire.be\/fr\/la-butte-aux-bois-une-parenthese-au-calme-dans-le-limbourg\/\" \/>\n<meta property=\"og:locale\" content=\"fr_FR\" \/>\n<meta property=\"og:type\" content=\"article\" \/>\n<meta property=\"og:title\" content=\"La Butte aux Bois, une parenth\u00e8se au calme dans le Limbourg - Marie Claire Belgique\" \/>\n<meta property=\"og:description\" content=\"Au c\u0153ur du parc national de la Haute Campine, l\u2019h\u00f4tel La Butte aux Bois est une destination qui mise d\u00e9lib\u00e9r\u00e9ment sur le calme et la qualit\u00e9.\" \/>\n<meta property=\"og:url\" content=\"https:\/\/marieclaire.be\/fr\/la-butte-aux-bois-une-parenthese-au-calme-dans-le-limbourg\/\" \/>\n<meta property=\"og:site_name\" content=\"Marie Claire Belgique\" \/>\n<meta property=\"article:publisher\" content=\"https:\/\/www.facebook.com\/MarieClaire.Belgique\/\" \/>\n<meta property=\"article:published_time\" content=\"2026-03-05T05:33:28+00:00\" \/>\n<meta property=\"article:modified_time\" content=\"2026-03-09T13:53:03+00:00\" \/>\n<meta property=\"og:image\" content=\"https:\/\/marieclaire.be\/fr\/wp-content\/uploads\/2026\/03\/hotel-butte-bois.png\" \/>\n\t<meta property=\"og:image:width\" content=\"1200\" \/>\n\t<meta property=\"og:image:height\" content=\"628\" \/>\n\t<meta property=\"og:image:type\" content=\"image\/png\" \/>\n<meta name=\"author\" content=\"Malvine Sevrin\" \/>\n<meta name=\"twitter:label1\" content=\"\u00c9crit par\" \/>\n\t<meta name=\"twitter:data1\" content=\"Malvine Sevrin\" \/>\n\t<meta name=\"twitter:label2\" content=\"Dur\u00e9e de lecture estim\u00e9e\" \/>\n\t<meta name=\"twitter:data2\" content=\"3 minutes\" \/>\n<script type=\"application\/ld+json\" class=\"yoast-schema-graph\">{\"@context\":\"https:\\\/\\\/schema.org\",\"@graph\":[{\"@type\":\"NewsArticle\",\"@id\":\"https:\\\/\\\/marieclaire.be\\\/fr\\\/la-butte-aux-bois-une-parenthese-au-calme-dans-le-limbourg\\\/#article\",\"isPartOf\":{\"@id\":\"https:\\\/\\\/marieclaire.be\\\/fr\\\/la-butte-aux-bois-une-parenthese-au-calme-dans-le-limbourg\\\/\"},\"author\":{\"name\":\"Malvine Sevrin\",\"@id\":\"https:\\\/\\\/marieclaire.be\\\/fr\\\/#\\\/schema\\\/person\\\/c71bd7a8c3e622513c7531a39292a34e\"},\"headline\":\"La Butte aux Bois, une parenth\u00e8se au calme dans le Limbourg\",\"datePublished\":\"2026-03-05T05:33:28+00:00\",\"dateModified\":\"2026-03-09T13:53:03+00:00\",\"mainEntityOfPage\":{\"@id\":\"https:\\\/\\\/marieclaire.be\\\/fr\\\/la-butte-aux-bois-une-parenthese-au-calme-dans-le-limbourg\\\/\"},\"wordCount\":409,\"publisher\":{\"@id\":\"https:\\\/\\\/marieclaire.be\\\/fr\\\/#organization\"},\"image\":{\"@id\":\"https:\\\/\\\/marieclaire.be\\\/fr\\\/la-butte-aux-bois-une-parenthese-au-calme-dans-le-limbourg\\\/#primaryimage\"},\"thumbnailUrl\":\"https:\\\/\\\/marieclaire.be\\\/fr\\\/wp-content\\\/uploads\\\/2026\\\/03\\\/hotel-butte-bois.png\",\"keywords\":[\"H\u00f4tel\",\"spa\"],\"articleSection\":[\"Evasion\",\"Lifestyle\"],\"inLanguage\":\"fr-FR\"},{\"@type\":\"WebPage\",\"@id\":\"https:\\\/\\\/marieclaire.be\\\/fr\\\/la-butte-aux-bois-une-parenthese-au-calme-dans-le-limbourg\\\/\",\"url\":\"https:\\\/\\\/marieclaire.be\\\/fr\\\/la-butte-aux-bois-une-parenthese-au-calme-dans-le-limbourg\\\/\",\"name\":\"La Butte aux Bois, une parenth\u00e8se au calme dans le Limbourg - Marie Claire Belgique\",\"isPartOf\":{\"@id\":\"https:\\\/\\\/marieclaire.be\\\/fr\\\/#website\"},\"primaryImageOfPage\":{\"@id\":\"https:\\\/\\\/marieclaire.be\\\/fr\\\/la-butte-aux-bois-une-parenthese-au-calme-dans-le-limbourg\\\/#primaryimage\"},\"image\":{\"@id\":\"https:\\\/\\\/marieclaire.be\\\/fr\\\/la-butte-aux-bois-une-parenthese-au-calme-dans-le-limbourg\\\/#primaryimage\"},\"thumbnailUrl\":\"https:\\\/\\\/marieclaire.be\\\/fr\\\/wp-content\\\/uploads\\\/2026\\\/03\\\/hotel-butte-bois.png\",\"datePublished\":\"2026-03-05T05:33:28+00:00\",\"dateModified\":\"2026-03-09T13:53:03+00:00\",\"description\":\"Au c\u0153ur du parc national de la Haute Campine, l\u2019h\u00f4tel La Butte aux Bois est une destination qui mise d\u00e9lib\u00e9r\u00e9ment sur le calme et la qualit\u00e9.\",\"breadcrumb\":{\"@id\":\"https:\\\/\\\/marieclaire.be\\\/fr\\\/la-butte-aux-bois-une-parenthese-au-calme-dans-le-limbourg\\\/#breadcrumb\"},\"inLanguage\":\"fr-FR\",\"potentialAction\":[{\"@type\":\"ReadAction\",\"target\":[\"https:\\\/\\\/marieclaire.be\\\/fr\\\/la-butte-aux-bois-une-parenthese-au-calme-dans-le-limbourg\\\/\"]}]},{\"@type\":\"ImageObject\",\"inLanguage\":\"fr-FR\",\"@id\":\"https:\\\/\\\/marieclaire.be\\\/fr\\\/la-butte-aux-bois-une-parenthese-au-calme-dans-le-limbourg\\\/#primaryimage\",\"url\":\"https:\\\/\\\/marieclaire.be\\\/fr\\\/wp-content\\\/uploads\\\/2026\\\/03\\\/hotel-butte-bois.png\",\"contentUrl\":\"https:\\\/\\\/marieclaire.be\\\/fr\\\/wp-content\\\/uploads\\\/2026\\\/03\\\/hotel-butte-bois.png\",\"width\":1200,\"height\":628,\"caption\":\"Hugo Thomassen\"},{\"@type\":\"BreadcrumbList\",\"@id\":\"https:\\\/\\\/marieclaire.be\\\/fr\\\/la-butte-aux-bois-une-parenthese-au-calme-dans-le-limbourg\\\/#breadcrumb\",\"itemListElement\":[{\"@type\":\"ListItem\",\"position\":1,\"name\":\"Accueil\",\"item\":\"https:\\\/\\\/marieclaire.be\\\/fr\\\/\"},{\"@type\":\"ListItem\",\"position\":2,\"name\":\"La Butte aux Bois, une parenth\u00e8se au calme dans le Limbourg\"}]},{\"@type\":\"WebSite\",\"@id\":\"https:\\\/\\\/marieclaire.be\\\/fr\\\/#website\",\"url\":\"https:\\\/\\\/marieclaire.be\\\/fr\\\/\",\"name\":\"Marie Claire Belgique\",\"description\":\"Marie Claire Belgique, le magazine du style et de l\u2019intelligence qui parle de mode, des tendances, de la beaut\u00e9, de l\u2019actualit\u00e9 et de la culture\",\"publisher\":{\"@id\":\"https:\\\/\\\/marieclaire.be\\\/fr\\\/#organization\"},\"potentialAction\":[{\"@type\":\"SearchAction\",\"target\":{\"@type\":\"EntryPoint\",\"urlTemplate\":\"https:\\\/\\\/marieclaire.be\\\/fr\\\/?s={search_term_string}\"},\"query-input\":{\"@type\":\"PropertyValueSpecification\",\"valueRequired\":true,\"valueName\":\"search_term_string\"}}],\"inLanguage\":\"fr-FR\"},{\"@type\":\"Organization\",\"@id\":\"https:\\\/\\\/marieclaire.be\\\/fr\\\/#organization\",\"name\":\"Marie Claire\",\"url\":\"https:\\\/\\\/marieclaire.be\\\/fr\\\/\",\"logo\":{\"@type\":\"ImageObject\",\"inLanguage\":\"fr-FR\",\"@id\":\"https:\\\/\\\/marieclaire.be\\\/fr\\\/#\\\/schema\\\/logo\\\/image\\\/\",\"url\":\"https:\\\/\\\/marieclaire.be\\\/fr\\\/wp-content\\\/uploads\\\/2018\\\/05\\\/mc-logo2.png\",\"contentUrl\":\"https:\\\/\\\/marieclaire.be\\\/fr\\\/wp-content\\\/uploads\\\/2018\\\/05\\\/mc-logo2.png\",\"width\":1001,\"height\":189,\"caption\":\"Marie Claire\"},\"image\":{\"@id\":\"https:\\\/\\\/marieclaire.be\\\/fr\\\/#\\\/schema\\\/logo\\\/image\\\/\"},\"sameAs\":[\"https:\\\/\\\/www.facebook.com\\\/MarieClaire.Belgique\\\/\",\"https:\\\/\\\/www.instagram.com\\\/marieclaire_belgique\\\/\",\"https:\\\/\\\/fr.pinterest.com\\\/marieclairebe\\\/\",\"https:\\\/\\\/www.youtube.com\\\/user\\\/BelgiumMarieClaire\"]},{\"@type\":\"Person\",\"@id\":\"https:\\\/\\\/marieclaire.be\\\/fr\\\/#\\\/schema\\\/person\\\/c71bd7a8c3e622513c7531a39292a34e\",\"name\":\"Malvine Sevrin\",\"image\":{\"@type\":\"ImageObject\",\"inLanguage\":\"fr-FR\",\"@id\":\"https:\\\/\\\/marieclaire.be\\\/fr\\\/wp-content\\\/uploads\\\/2017\\\/05\\\/capture-decran-2024-02-13-a-145920-96x96.png\",\"url\":\"https:\\\/\\\/marieclaire.be\\\/fr\\\/wp-content\\\/uploads\\\/2017\\\/05\\\/capture-decran-2024-02-13-a-145920-96x96.png\",\"contentUrl\":\"https:\\\/\\\/marieclaire.be\\\/fr\\\/wp-content\\\/uploads\\\/2017\\\/05\\\/capture-decran-2024-02-13-a-145920-96x96.png\",\"caption\":\"Malvine Sevrin\"},\"description\":\"Des podiums parisiens aux derni\u00e8res nouveaut\u00e9s skincare qui enflamment TikTok, je d\u00e9crypte les tendances pour Marie Claire Belgique. Passionn\u00e9e de voyage, de mode et de beaut\u00e9, je partage mes coups de coeur d\u00e9nich\u00e9s aux quatre coins du globe. En tant que r\u00e9dactrice en chef digital, j'ai \u00e9galement \u00e0 coeur de mettre en lumi\u00e8re les histoires inspirantes de femmes \u00e0 travers notre site et sur nos r\u00e9seaux sociaux.\",\"sameAs\":[\"https:\\\/\\\/www.instagram.com\\\/malvinesev\\\/\"],\"url\":\"https:\\\/\\\/marieclaire.be\\\/fr\\\/author\\\/malvine\\\/\"}]}<\/script>\n<!-- \/ Yoast SEO plugin. -->","yoast_head_json":{"title":"La Butte aux Bois, une parenth\u00e8se au calme dans le Limbourg - Marie Claire Belgique","description":"Au c\u0153ur du parc national de la Haute Campine, l\u2019h\u00f4tel La Butte aux Bois est une destination qui mise d\u00e9lib\u00e9r\u00e9ment sur le calme et la qualit\u00e9.","robots":{"index":"index","follow":"follow","max-snippet":"max-snippet:-1","max-image-preview":"max-image-preview:large","max-video-preview":"max-video-preview:-1"},"canonical":"https:\/\/marieclaire.be\/fr\/la-butte-aux-bois-une-parenthese-au-calme-dans-le-limbourg\/","og_locale":"fr_FR","og_type":"article","og_title":"La Butte aux Bois, une parenth\u00e8se au calme dans le Limbourg - Marie Claire Belgique","og_description":"Au c\u0153ur du parc national de la Haute Campine, l\u2019h\u00f4tel La Butte aux Bois est une destination qui mise d\u00e9lib\u00e9r\u00e9ment sur le calme et la qualit\u00e9.","og_url":"https:\/\/marieclaire.be\/fr\/la-butte-aux-bois-une-parenthese-au-calme-dans-le-limbourg\/","og_site_name":"Marie Claire Belgique","article_publisher":"https:\/\/www.facebook.com\/MarieClaire.Belgique\/","article_published_time":"2026-03-05T05:33:28+00:00","article_modified_time":"2026-03-09T13:53:03+00:00","og_image":[{"width":1200,"height":628,"url":"https:\/\/marieclaire.be\/fr\/wp-content\/uploads\/2026\/03\/hotel-butte-bois.png","type":"image\/png"}],"author":"Malvine Sevrin","twitter_misc":{"\u00c9crit par":"Malvine Sevrin","Dur\u00e9e de lecture estim\u00e9e":"3 minutes"},"schema":{"@context":"https:\/\/schema.org","@graph":[{"@type":"NewsArticle","@id":"https:\/\/marieclaire.be\/fr\/la-butte-aux-bois-une-parenthese-au-calme-dans-le-limbourg\/#article","isPartOf":{"@id":"https:\/\/marieclaire.be\/fr\/la-butte-aux-bois-une-parenthese-au-calme-dans-le-limbourg\/"},"author":{"name":"Malvine Sevrin","@id":"https:\/\/marieclaire.be\/fr\/#\/schema\/person\/c71bd7a8c3e622513c7531a39292a34e"},"headline":"La Butte aux Bois, une parenth\u00e8se au calme dans le Limbourg","datePublished":"2026-03-05T05:33:28+00:00","dateModified":"2026-03-09T13:53:03+00:00","mainEntityOfPage":{"@id":"https:\/\/marieclaire.be\/fr\/la-butte-aux-bois-une-parenthese-au-calme-dans-le-limbourg\/"},"wordCount":409,"publisher":{"@id":"https:\/\/marieclaire.be\/fr\/#organization"},"image":{"@id":"https:\/\/marieclaire.be\/fr\/la-butte-aux-bois-une-parenthese-au-calme-dans-le-limbourg\/#primaryimage"},"thumbnailUrl":"https:\/\/marieclaire.be\/fr\/wp-content\/uploads\/2026\/03\/hotel-butte-bois.png","keywords":["H\u00f4tel","spa"],"articleSection":["Evasion","Lifestyle"],"inLanguage":"fr-FR"},{"@type":"WebPage","@id":"https:\/\/marieclaire.be\/fr\/la-butte-aux-bois-une-parenthese-au-calme-dans-le-limbourg\/","url":"https:\/\/marieclaire.be\/fr\/la-butte-aux-bois-une-parenthese-au-calme-dans-le-limbourg\/","name":"La Butte aux Bois, une parenth\u00e8se au calme dans le Limbourg - Marie Claire Belgique","isPartOf":{"@id":"https:\/\/marieclaire.be\/fr\/#website"},"primaryImageOfPage":{"@id":"https:\/\/marieclaire.be\/fr\/la-butte-aux-bois-une-parenthese-au-calme-dans-le-limbourg\/#primaryimage"},"image":{"@id":"https:\/\/marieclaire.be\/fr\/la-butte-aux-bois-une-parenthese-au-calme-dans-le-limbourg\/#primaryimage"},"thumbnailUrl":"https:\/\/marieclaire.be\/fr\/wp-content\/uploads\/2026\/03\/hotel-butte-bois.png","datePublished":"2026-03-05T05:33:28+00:00","dateModified":"2026-03-09T13:53:03+00:00","description":"Au c\u0153ur du parc national de la Haute Campine, l\u2019h\u00f4tel La Butte aux Bois est une destination qui mise d\u00e9lib\u00e9r\u00e9ment sur le calme et la qualit\u00e9.","breadcrumb":{"@id":"https:\/\/marieclaire.be\/fr\/la-butte-aux-bois-une-parenthese-au-calme-dans-le-limbourg\/#breadcrumb"},"inLanguage":"fr-FR","potentialAction":[{"@type":"ReadAction","target":["https:\/\/marieclaire.be\/fr\/la-butte-aux-bois-une-parenthese-au-calme-dans-le-limbourg\/"]}]},{"@type":"ImageObject","inLanguage":"fr-FR","@id":"https:\/\/marieclaire.be\/fr\/la-butte-aux-bois-une-parenthese-au-calme-dans-le-limbourg\/#primaryimage","url":"https:\/\/marieclaire.be\/fr\/wp-content\/uploads\/2026\/03\/hotel-butte-bois.png","contentUrl":"https:\/\/marieclaire.be\/fr\/wp-content\/uploads\/2026\/03\/hotel-butte-bois.png","width":1200,"height":628,"caption":"Hugo Thomassen"},{"@type":"BreadcrumbList","@id":"https:\/\/marieclaire.be\/fr\/la-butte-aux-bois-une-parenthese-au-calme-dans-le-limbourg\/#breadcrumb","itemListElement":[{"@type":"ListItem","position":1,"name":"Accueil","item":"https:\/\/marieclaire.be\/fr\/"},{"@type":"ListItem","position":2,"name":"La Butte aux Bois, une parenth\u00e8se au calme dans le Limbourg"}]},{"@type":"WebSite","@id":"https:\/\/marieclaire.be\/fr\/#website","url":"https:\/\/marieclaire.be\/fr\/","name":"Marie Claire Belgique","description":"Marie Claire Belgique, le magazine du style et de l\u2019intelligence qui parle de mode, des tendances, de la beaut\u00e9, de l\u2019actualit\u00e9 et de la culture","publisher":{"@id":"https:\/\/marieclaire.be\/fr\/#organization"},"potentialAction":[{"@type":"SearchAction","target":{"@type":"EntryPoint","urlTemplate":"https:\/\/marieclaire.be\/fr\/?s={search_term_string}"},"query-input":{"@type":"PropertyValueSpecification","valueRequired":true,"valueName":"search_term_string"}}],"inLanguage":"fr-FR"},{"@type":"Organization","@id":"https:\/\/marieclaire.be\/fr\/#organization","name":"Marie Claire","url":"https:\/\/marieclaire.be\/fr\/","logo":{"@type":"ImageObject","inLanguage":"fr-FR","@id":"https:\/\/marieclaire.be\/fr\/#\/schema\/logo\/image\/","url":"https:\/\/marieclaire.be\/fr\/wp-content\/uploads\/2018\/05\/mc-logo2.png","contentUrl":"https:\/\/marieclaire.be\/fr\/wp-content\/uploads\/2018\/05\/mc-logo2.png","width":1001,"height":189,"caption":"Marie Claire"},"image":{"@id":"https:\/\/marieclaire.be\/fr\/#\/schema\/logo\/image\/"},"sameAs":["https:\/\/www.facebook.com\/MarieClaire.Belgique\/","https:\/\/www.instagram.com\/marieclaire_belgique\/","https:\/\/fr.pinterest.com\/marieclairebe\/","https:\/\/www.youtube.com\/user\/BelgiumMarieClaire"]},{"@type":"Person","@id":"https:\/\/marieclaire.be\/fr\/#\/schema\/person\/c71bd7a8c3e622513c7531a39292a34e","name":"Malvine Sevrin","image":{"@type":"ImageObject","inLanguage":"fr-FR","@id":"https:\/\/marieclaire.be\/fr\/wp-content\/uploads\/2017\/05\/capture-decran-2024-02-13-a-145920-96x96.png","url":"https:\/\/marieclaire.be\/fr\/wp-content\/uploads\/2017\/05\/capture-decran-2024-02-13-a-145920-96x96.png","contentUrl":"https:\/\/marieclaire.be\/fr\/wp-content\/uploads\/2017\/05\/capture-decran-2024-02-13-a-145920-96x96.png","caption":"Malvine Sevrin"},"description":"Des podiums parisiens aux derni\u00e8res nouveaut\u00e9s skincare qui enflamment TikTok, je d\u00e9crypte les tendances pour Marie Claire Belgique. Passionn\u00e9e de voyage, de mode et de beaut\u00e9, je partage mes coups de coeur d\u00e9nich\u00e9s aux quatre coins du globe. En tant que r\u00e9dactrice en chef digital, j'ai \u00e9galement \u00e0 coeur de mettre en lumi\u00e8re les histoires inspirantes de femmes \u00e0 travers notre site et sur nos r\u00e9seaux sociaux.","sameAs":["https:\/\/www.instagram.com\/malvinesev\/"],"url":"https:\/\/marieclaire.be\/fr\/author\/malvine\/"}]}},"_links":{"self":[{"href":"https:\/\/marieclaire.be\/fr\/wp-json\/wp\/v2\/posts\/147905","targetHints":{"allow":["GET"]}}],"collection":[{"href":"https:\/\/marieclaire.be\/fr\/wp-json\/wp\/v2\/posts"}],"about":[{"href":"https:\/\/marieclaire.be\/fr\/wp-json\/wp\/v2\/types\/post"}],"author":[{"embeddable":true,"href":"https:\/\/marieclaire.be\/fr\/wp-json\/wp\/v2\/users\/30"}],"replies":[{"embeddable":true,"href":"https:\/\/marieclaire.be\/fr\/wp-json\/wp\/v2\/comments?post=147905"}],"version-history":[{"count":6,"href":"https:\/\/marieclaire.be\/fr\/wp-json\/wp\/v2\/posts\/147905\/revisions"}],"predecessor-version":[{"id":147939,"href":"https:\/\/marieclaire.be\/fr\/wp-json\/wp\/v2\/posts\/147905\/revisions\/147939"}],"wp:featuredmedia":[{"embeddable":true,"href":"https:\/\/marieclaire.be\/fr\/wp-json\/wp\/v2\/media\/147907"}],"wp:attachment":[{"href":"https:\/\/marieclaire.be\/fr\/wp-json\/wp\/v2\/media?parent=147905"}],"wp:term":[{"taxonomy":"category","embeddable":true,"href":"https:\/\/marieclaire.be\/fr\/wp-json\/wp\/v2\/categories?post=147905"},{"taxonomy":"post_tag","embeddable":true,"href":"https:\/\/marieclaire.be\/fr\/wp-json\/wp\/v2\/tags?post=147905"}],"curies":[{"name":"wp","href":"https:\/\/api.w.org\/{rel}","templated":true}]}}