{"id":147316,"date":"2026-03-11T09:06:21","date_gmt":"2026-03-11T08:06:21","guid":{"rendered":"https:\/\/marieclaire.be\/fr\/?p=147316"},"modified":"2026-03-11T10:18:41","modified_gmt":"2026-03-11T09:18:41","slug":"bande-annonce-diable-prada-2","status":"publish","type":"post","link":"https:\/\/marieclaire.be\/fr\/bande-annonce-diable-prada-2\/","title":{"rendered":"Ce que r\u00e9v\u00e8le la bande-annonce du Diable s\u2019habille en Prada 2"},"content":{"rendered":"","protected":false},"excerpt":{"rendered":"20th Century Studios a lev\u00e9 le voile sur la bande-annonce tant attendue de Le Diable s\u2019habille en Prada 2, offrant un premier aper\u00e7u de la suite du film qui avait marqu\u00e9 toute une g\u00e9n\u00e9ration.","protected":false},"author":30,"featured_media":147317,"comment_status":"closed","ping_status":"closed","sticky":false,"template":"","format":"standard","meta":{"_acf_changed":false,"footnotes":""},"categories":[5168,26],"tags":[],"class_list":["post-147316","post","type-post","status-publish","format-standard","has-post-thumbnail","hentry","category-cinema","category-culture"],"acf":[],"_yoast_wpseo_title":null,"_yoast_wpseo_metadesc":"Elles sont de retour, 20 ans plus tard. Lundi 2 f\u00e9vrier 2026, 20th Century Studios a d\u00e9voil\u00e9 la bande-annonce du Diable s\u2019habille en Prada 2.","image_verticale":"147318","yoast_head":"<!-- This site is optimized with the Yoast SEO plugin v27.3 - https:\/\/yoast.com\/product\/yoast-seo-wordpress\/ -->\n<title>Ce que r\u00e9v\u00e8le la bande-annonce du Diable s\u2019habille en Prada 2 - Marie Claire Belgique<\/title>\n<meta name=\"description\" content=\"Elles sont de retour, 20 ans plus tard. Lundi 2 f\u00e9vrier 2026, 20th Century Studios a d\u00e9voil\u00e9 la bande-annonce du Diable s\u2019habille en Prada 2.\" \/>\n<meta name=\"robots\" content=\"index, follow, max-snippet:-1, max-image-preview:large, max-video-preview:-1\" \/>\n<link rel=\"canonical\" href=\"https:\/\/www.marieclaire.fr\/le-diable-s-habille-en-prada-2-cet-element-important-du-scenario-revele-dans-la-bande-annonce-du-film,1508319.asp\" \/>\n<meta property=\"og:locale\" content=\"fr_FR\" \/>\n<meta property=\"og:type\" content=\"article\" \/>\n<meta property=\"og:title\" content=\"Ce que r\u00e9v\u00e8le la bande-annonce du Diable s\u2019habille en Prada 2 - Marie Claire Belgique\" \/>\n<meta property=\"og:description\" content=\"Elles sont de retour, 20 ans plus tard. Lundi 2 f\u00e9vrier 2026, 20th Century Studios a d\u00e9voil\u00e9 la bande-annonce du Diable s\u2019habille en Prada 2.\" \/>\n<meta property=\"og:url\" content=\"https:\/\/www.marieclaire.fr\/le-diable-s-habille-en-prada-2-cet-element-important-du-scenario-revele-dans-la-bande-annonce-du-film,1508319.asp\" \/>\n<meta property=\"og:site_name\" content=\"Marie Claire Belgique\" \/>\n<meta property=\"article:publisher\" content=\"https:\/\/www.facebook.com\/MarieClaire.Belgique\/\" \/>\n<meta property=\"article:published_time\" content=\"2026-03-11T08:06:21+00:00\" \/>\n<meta property=\"article:modified_time\" content=\"2026-03-11T09:18:41+00:00\" \/>\n<meta property=\"og:image\" content=\"https:\/\/marieclaire.be\/fr\/wp-content\/uploads\/2026\/02\/diable-prada.png\" \/>\n\t<meta property=\"og:image:width\" content=\"1200\" \/>\n\t<meta property=\"og:image:height\" content=\"628\" \/>\n\t<meta property=\"og:image:type\" content=\"image\/png\" \/>\n<meta name=\"author\" content=\"Malvine Sevrin\" \/>\n<meta name=\"twitter:label1\" content=\"\u00c9crit par\" \/>\n\t<meta name=\"twitter:data1\" content=\"Malvine Sevrin\" \/>\n\t<meta name=\"twitter:label2\" content=\"Dur\u00e9e de lecture estim\u00e9e\" \/>\n\t<meta name=\"twitter:data2\" content=\"3 minutes\" \/>\n<script type=\"application\/ld+json\" class=\"yoast-schema-graph\">{\"@context\":\"https:\\\/\\\/schema.org\",\"@graph\":[{\"@type\":\"NewsArticle\",\"@id\":\"https:\\\/\\\/www.marieclaire.fr\\\/le-diable-s-habille-en-prada-2-cet-element-important-du-scenario-revele-dans-la-bande-annonce-du-film%2c1508319.asp#article\",\"isPartOf\":{\"@id\":\"https:\\\/\\\/marieclaire.be\\\/fr\\\/bande-annonce-diable-prada-2\\\/\"},\"author\":{\"name\":\"Malvine Sevrin\",\"@id\":\"https:\\\/\\\/marieclaire.be\\\/fr\\\/#\\\/schema\\\/person\\\/c71bd7a8c3e622513c7531a39292a34e\"},\"headline\":\"Ce que r\u00e9v\u00e8le la bande-annonce du Diable s\u2019habille en Prada 2\",\"datePublished\":\"2026-03-11T08:06:21+00:00\",\"dateModified\":\"2026-03-11T09:18:41+00:00\",\"mainEntityOfPage\":{\"@id\":\"https:\\\/\\\/marieclaire.be\\\/fr\\\/bande-annonce-diable-prada-2\\\/\"},\"wordCount\":512,\"publisher\":{\"@id\":\"https:\\\/\\\/marieclaire.be\\\/fr\\\/#organization\"},\"image\":{\"@id\":\"https:\\\/\\\/www.marieclaire.fr\\\/le-diable-s-habille-en-prada-2-cet-element-important-du-scenario-revele-dans-la-bande-annonce-du-film%2c1508319.asp#primaryimage\"},\"thumbnailUrl\":\"https:\\\/\\\/marieclaire.be\\\/fr\\\/wp-content\\\/uploads\\\/2026\\\/02\\\/diable-prada.png\",\"articleSection\":[\"Cin\u00e9ma\",\"Culture\"],\"inLanguage\":\"fr-FR\"},{\"@type\":\"WebPage\",\"@id\":\"https:\\\/\\\/marieclaire.be\\\/fr\\\/bande-annonce-diable-prada-2\\\/\",\"url\":\"https:\\\/\\\/www.marieclaire.fr\\\/le-diable-s-habille-en-prada-2-cet-element-important-du-scenario-revele-dans-la-bande-annonce-du-film%2c1508319.asp\",\"name\":\"Ce que r\u00e9v\u00e8le la bande-annonce du Diable s\u2019habille en Prada 2 - Marie Claire Belgique\",\"isPartOf\":{\"@id\":\"https:\\\/\\\/marieclaire.be\\\/fr\\\/#website\"},\"primaryImageOfPage\":{\"@id\":\"https:\\\/\\\/www.marieclaire.fr\\\/le-diable-s-habille-en-prada-2-cet-element-important-du-scenario-revele-dans-la-bande-annonce-du-film%2c1508319.asp#primaryimage\"},\"image\":{\"@id\":\"https:\\\/\\\/www.marieclaire.fr\\\/le-diable-s-habille-en-prada-2-cet-element-important-du-scenario-revele-dans-la-bande-annonce-du-film%2c1508319.asp#primaryimage\"},\"thumbnailUrl\":\"https:\\\/\\\/marieclaire.be\\\/fr\\\/wp-content\\\/uploads\\\/2026\\\/02\\\/diable-prada.png\",\"datePublished\":\"2026-03-11T08:06:21+00:00\",\"dateModified\":\"2026-03-11T09:18:41+00:00\",\"description\":\"Elles sont de retour, 20 ans plus tard. Lundi 2 f\u00e9vrier 2026, 20th Century Studios a d\u00e9voil\u00e9 la bande-annonce du Diable s\u2019habille en Prada 2.\",\"breadcrumb\":{\"@id\":\"https:\\\/\\\/www.marieclaire.fr\\\/le-diable-s-habille-en-prada-2-cet-element-important-du-scenario-revele-dans-la-bande-annonce-du-film%2c1508319.asp#breadcrumb\"},\"inLanguage\":\"fr-FR\",\"potentialAction\":[{\"@type\":\"ReadAction\",\"target\":[\"https:\\\/\\\/www.marieclaire.fr\\\/le-diable-s-habille-en-prada-2-cet-element-important-du-scenario-revele-dans-la-bande-annonce-du-film%2c1508319.asp\"]}]},{\"@type\":\"ImageObject\",\"inLanguage\":\"fr-FR\",\"@id\":\"https:\\\/\\\/www.marieclaire.fr\\\/le-diable-s-habille-en-prada-2-cet-element-important-du-scenario-revele-dans-la-bande-annonce-du-film%2c1508319.asp#primaryimage\",\"url\":\"https:\\\/\\\/marieclaire.be\\\/fr\\\/wp-content\\\/uploads\\\/2026\\\/02\\\/diable-prada.png\",\"contentUrl\":\"https:\\\/\\\/marieclaire.be\\\/fr\\\/wp-content\\\/uploads\\\/2026\\\/02\\\/diable-prada.png\",\"width\":1200,\"height\":628,\"caption\":\"Macall Polay\"},{\"@type\":\"BreadcrumbList\",\"@id\":\"https:\\\/\\\/www.marieclaire.fr\\\/le-diable-s-habille-en-prada-2-cet-element-important-du-scenario-revele-dans-la-bande-annonce-du-film%2c1508319.asp#breadcrumb\",\"itemListElement\":[{\"@type\":\"ListItem\",\"position\":1,\"name\":\"Accueil\",\"item\":\"https:\\\/\\\/marieclaire.be\\\/fr\\\/\"},{\"@type\":\"ListItem\",\"position\":2,\"name\":\"Ce que r\u00e9v\u00e8le la bande-annonce du Diable s\u2019habille en Prada 2\"}]},{\"@type\":\"WebSite\",\"@id\":\"https:\\\/\\\/marieclaire.be\\\/fr\\\/#website\",\"url\":\"https:\\\/\\\/marieclaire.be\\\/fr\\\/\",\"name\":\"Marie Claire Belgique\",\"description\":\"Marie Claire Belgique, le magazine du style et de l\u2019intelligence qui parle de mode, des tendances, de la beaut\u00e9, de l\u2019actualit\u00e9 et de la culture\",\"publisher\":{\"@id\":\"https:\\\/\\\/marieclaire.be\\\/fr\\\/#organization\"},\"potentialAction\":[{\"@type\":\"SearchAction\",\"target\":{\"@type\":\"EntryPoint\",\"urlTemplate\":\"https:\\\/\\\/marieclaire.be\\\/fr\\\/?s={search_term_string}\"},\"query-input\":{\"@type\":\"PropertyValueSpecification\",\"valueRequired\":true,\"valueName\":\"search_term_string\"}}],\"inLanguage\":\"fr-FR\"},{\"@type\":\"Organization\",\"@id\":\"https:\\\/\\\/marieclaire.be\\\/fr\\\/#organization\",\"name\":\"Marie Claire\",\"url\":\"https:\\\/\\\/marieclaire.be\\\/fr\\\/\",\"logo\":{\"@type\":\"ImageObject\",\"inLanguage\":\"fr-FR\",\"@id\":\"https:\\\/\\\/marieclaire.be\\\/fr\\\/#\\\/schema\\\/logo\\\/image\\\/\",\"url\":\"https:\\\/\\\/marieclaire.be\\\/fr\\\/wp-content\\\/uploads\\\/2018\\\/05\\\/mc-logo2.png\",\"contentUrl\":\"https:\\\/\\\/marieclaire.be\\\/fr\\\/wp-content\\\/uploads\\\/2018\\\/05\\\/mc-logo2.png\",\"width\":1001,\"height\":189,\"caption\":\"Marie Claire\"},\"image\":{\"@id\":\"https:\\\/\\\/marieclaire.be\\\/fr\\\/#\\\/schema\\\/logo\\\/image\\\/\"},\"sameAs\":[\"https:\\\/\\\/www.facebook.com\\\/MarieClaire.Belgique\\\/\",\"https:\\\/\\\/www.instagram.com\\\/marieclaire_belgique\\\/\",\"https:\\\/\\\/fr.pinterest.com\\\/marieclairebe\\\/\",\"https:\\\/\\\/www.youtube.com\\\/user\\\/BelgiumMarieClaire\"]},{\"@type\":\"Person\",\"@id\":\"https:\\\/\\\/marieclaire.be\\\/fr\\\/#\\\/schema\\\/person\\\/c71bd7a8c3e622513c7531a39292a34e\",\"name\":\"Malvine Sevrin\",\"image\":{\"@type\":\"ImageObject\",\"inLanguage\":\"fr-FR\",\"@id\":\"https:\\\/\\\/marieclaire.be\\\/fr\\\/wp-content\\\/uploads\\\/2017\\\/05\\\/capture-decran-2024-02-13-a-145920-96x96.png\",\"url\":\"https:\\\/\\\/marieclaire.be\\\/fr\\\/wp-content\\\/uploads\\\/2017\\\/05\\\/capture-decran-2024-02-13-a-145920-96x96.png\",\"contentUrl\":\"https:\\\/\\\/marieclaire.be\\\/fr\\\/wp-content\\\/uploads\\\/2017\\\/05\\\/capture-decran-2024-02-13-a-145920-96x96.png\",\"caption\":\"Malvine Sevrin\"},\"description\":\"Des podiums parisiens aux derni\u00e8res nouveaut\u00e9s skincare qui enflamment TikTok, je d\u00e9crypte les tendances pour Marie Claire Belgique. Passionn\u00e9e de voyage, de mode et de beaut\u00e9, je partage mes coups de coeur d\u00e9nich\u00e9s aux quatre coins du globe. En tant que r\u00e9dactrice en chef digital, j'ai \u00e9galement \u00e0 coeur de mettre en lumi\u00e8re les histoires inspirantes de femmes \u00e0 travers notre site et sur nos r\u00e9seaux sociaux.\",\"sameAs\":[\"https:\\\/\\\/www.instagram.com\\\/malvinesev\\\/\"],\"url\":\"https:\\\/\\\/marieclaire.be\\\/fr\\\/author\\\/malvine\\\/\"}]}<\/script>\n<!-- \/ Yoast SEO plugin. -->","yoast_head_json":{"title":"Ce que r\u00e9v\u00e8le la bande-annonce du Diable s\u2019habille en Prada 2 - Marie Claire Belgique","description":"Elles sont de retour, 20 ans plus tard. Lundi 2 f\u00e9vrier 2026, 20th Century Studios a d\u00e9voil\u00e9 la bande-annonce du Diable s\u2019habille en Prada 2.","robots":{"index":"index","follow":"follow","max-snippet":"max-snippet:-1","max-image-preview":"max-image-preview:large","max-video-preview":"max-video-preview:-1"},"canonical":"https:\/\/www.marieclaire.fr\/le-diable-s-habille-en-prada-2-cet-element-important-du-scenario-revele-dans-la-bande-annonce-du-film,1508319.asp","og_locale":"fr_FR","og_type":"article","og_title":"Ce que r\u00e9v\u00e8le la bande-annonce du Diable s\u2019habille en Prada 2 - Marie Claire Belgique","og_description":"Elles sont de retour, 20 ans plus tard. Lundi 2 f\u00e9vrier 2026, 20th Century Studios a d\u00e9voil\u00e9 la bande-annonce du Diable s\u2019habille en Prada 2.","og_url":"https:\/\/www.marieclaire.fr\/le-diable-s-habille-en-prada-2-cet-element-important-du-scenario-revele-dans-la-bande-annonce-du-film,1508319.asp","og_site_name":"Marie Claire Belgique","article_publisher":"https:\/\/www.facebook.com\/MarieClaire.Belgique\/","article_published_time":"2026-03-11T08:06:21+00:00","article_modified_time":"2026-03-11T09:18:41+00:00","og_image":[{"width":1200,"height":628,"url":"https:\/\/marieclaire.be\/fr\/wp-content\/uploads\/2026\/02\/diable-prada.png","type":"image\/png"}],"author":"Malvine Sevrin","twitter_misc":{"\u00c9crit par":"Malvine Sevrin","Dur\u00e9e de lecture estim\u00e9e":"3 minutes"},"schema":{"@context":"https:\/\/schema.org","@graph":[{"@type":"NewsArticle","@id":"https:\/\/www.marieclaire.fr\/le-diable-s-habille-en-prada-2-cet-element-important-du-scenario-revele-dans-la-bande-annonce-du-film%2c1508319.asp#article","isPartOf":{"@id":"https:\/\/marieclaire.be\/fr\/bande-annonce-diable-prada-2\/"},"author":{"name":"Malvine Sevrin","@id":"https:\/\/marieclaire.be\/fr\/#\/schema\/person\/c71bd7a8c3e622513c7531a39292a34e"},"headline":"Ce que r\u00e9v\u00e8le la bande-annonce du Diable s\u2019habille en Prada 2","datePublished":"2026-03-11T08:06:21+00:00","dateModified":"2026-03-11T09:18:41+00:00","mainEntityOfPage":{"@id":"https:\/\/marieclaire.be\/fr\/bande-annonce-diable-prada-2\/"},"wordCount":512,"publisher":{"@id":"https:\/\/marieclaire.be\/fr\/#organization"},"image":{"@id":"https:\/\/www.marieclaire.fr\/le-diable-s-habille-en-prada-2-cet-element-important-du-scenario-revele-dans-la-bande-annonce-du-film%2c1508319.asp#primaryimage"},"thumbnailUrl":"https:\/\/marieclaire.be\/fr\/wp-content\/uploads\/2026\/02\/diable-prada.png","articleSection":["Cin\u00e9ma","Culture"],"inLanguage":"fr-FR"},{"@type":"WebPage","@id":"https:\/\/marieclaire.be\/fr\/bande-annonce-diable-prada-2\/","url":"https:\/\/www.marieclaire.fr\/le-diable-s-habille-en-prada-2-cet-element-important-du-scenario-revele-dans-la-bande-annonce-du-film%2c1508319.asp","name":"Ce que r\u00e9v\u00e8le la bande-annonce du Diable s\u2019habille en Prada 2 - Marie Claire Belgique","isPartOf":{"@id":"https:\/\/marieclaire.be\/fr\/#website"},"primaryImageOfPage":{"@id":"https:\/\/www.marieclaire.fr\/le-diable-s-habille-en-prada-2-cet-element-important-du-scenario-revele-dans-la-bande-annonce-du-film%2c1508319.asp#primaryimage"},"image":{"@id":"https:\/\/www.marieclaire.fr\/le-diable-s-habille-en-prada-2-cet-element-important-du-scenario-revele-dans-la-bande-annonce-du-film%2c1508319.asp#primaryimage"},"thumbnailUrl":"https:\/\/marieclaire.be\/fr\/wp-content\/uploads\/2026\/02\/diable-prada.png","datePublished":"2026-03-11T08:06:21+00:00","dateModified":"2026-03-11T09:18:41+00:00","description":"Elles sont de retour, 20 ans plus tard. Lundi 2 f\u00e9vrier 2026, 20th Century Studios a d\u00e9voil\u00e9 la bande-annonce du Diable s\u2019habille en Prada 2.","breadcrumb":{"@id":"https:\/\/www.marieclaire.fr\/le-diable-s-habille-en-prada-2-cet-element-important-du-scenario-revele-dans-la-bande-annonce-du-film%2c1508319.asp#breadcrumb"},"inLanguage":"fr-FR","potentialAction":[{"@type":"ReadAction","target":["https:\/\/www.marieclaire.fr\/le-diable-s-habille-en-prada-2-cet-element-important-du-scenario-revele-dans-la-bande-annonce-du-film%2c1508319.asp"]}]},{"@type":"ImageObject","inLanguage":"fr-FR","@id":"https:\/\/www.marieclaire.fr\/le-diable-s-habille-en-prada-2-cet-element-important-du-scenario-revele-dans-la-bande-annonce-du-film%2c1508319.asp#primaryimage","url":"https:\/\/marieclaire.be\/fr\/wp-content\/uploads\/2026\/02\/diable-prada.png","contentUrl":"https:\/\/marieclaire.be\/fr\/wp-content\/uploads\/2026\/02\/diable-prada.png","width":1200,"height":628,"caption":"Macall Polay"},{"@type":"BreadcrumbList","@id":"https:\/\/www.marieclaire.fr\/le-diable-s-habille-en-prada-2-cet-element-important-du-scenario-revele-dans-la-bande-annonce-du-film%2c1508319.asp#breadcrumb","itemListElement":[{"@type":"ListItem","position":1,"name":"Accueil","item":"https:\/\/marieclaire.be\/fr\/"},{"@type":"ListItem","position":2,"name":"Ce que r\u00e9v\u00e8le la bande-annonce du Diable s\u2019habille en Prada 2"}]},{"@type":"WebSite","@id":"https:\/\/marieclaire.be\/fr\/#website","url":"https:\/\/marieclaire.be\/fr\/","name":"Marie Claire Belgique","description":"Marie Claire Belgique, le magazine du style et de l\u2019intelligence qui parle de mode, des tendances, de la beaut\u00e9, de l\u2019actualit\u00e9 et de la culture","publisher":{"@id":"https:\/\/marieclaire.be\/fr\/#organization"},"potentialAction":[{"@type":"SearchAction","target":{"@type":"EntryPoint","urlTemplate":"https:\/\/marieclaire.be\/fr\/?s={search_term_string}"},"query-input":{"@type":"PropertyValueSpecification","valueRequired":true,"valueName":"search_term_string"}}],"inLanguage":"fr-FR"},{"@type":"Organization","@id":"https:\/\/marieclaire.be\/fr\/#organization","name":"Marie Claire","url":"https:\/\/marieclaire.be\/fr\/","logo":{"@type":"ImageObject","inLanguage":"fr-FR","@id":"https:\/\/marieclaire.be\/fr\/#\/schema\/logo\/image\/","url":"https:\/\/marieclaire.be\/fr\/wp-content\/uploads\/2018\/05\/mc-logo2.png","contentUrl":"https:\/\/marieclaire.be\/fr\/wp-content\/uploads\/2018\/05\/mc-logo2.png","width":1001,"height":189,"caption":"Marie Claire"},"image":{"@id":"https:\/\/marieclaire.be\/fr\/#\/schema\/logo\/image\/"},"sameAs":["https:\/\/www.facebook.com\/MarieClaire.Belgique\/","https:\/\/www.instagram.com\/marieclaire_belgique\/","https:\/\/fr.pinterest.com\/marieclairebe\/","https:\/\/www.youtube.com\/user\/BelgiumMarieClaire"]},{"@type":"Person","@id":"https:\/\/marieclaire.be\/fr\/#\/schema\/person\/c71bd7a8c3e622513c7531a39292a34e","name":"Malvine Sevrin","image":{"@type":"ImageObject","inLanguage":"fr-FR","@id":"https:\/\/marieclaire.be\/fr\/wp-content\/uploads\/2017\/05\/capture-decran-2024-02-13-a-145920-96x96.png","url":"https:\/\/marieclaire.be\/fr\/wp-content\/uploads\/2017\/05\/capture-decran-2024-02-13-a-145920-96x96.png","contentUrl":"https:\/\/marieclaire.be\/fr\/wp-content\/uploads\/2017\/05\/capture-decran-2024-02-13-a-145920-96x96.png","caption":"Malvine Sevrin"},"description":"Des podiums parisiens aux derni\u00e8res nouveaut\u00e9s skincare qui enflamment TikTok, je d\u00e9crypte les tendances pour Marie Claire Belgique. Passionn\u00e9e de voyage, de mode et de beaut\u00e9, je partage mes coups de coeur d\u00e9nich\u00e9s aux quatre coins du globe. En tant que r\u00e9dactrice en chef digital, j'ai \u00e9galement \u00e0 coeur de mettre en lumi\u00e8re les histoires inspirantes de femmes \u00e0 travers notre site et sur nos r\u00e9seaux sociaux.","sameAs":["https:\/\/www.instagram.com\/malvinesev\/"],"url":"https:\/\/marieclaire.be\/fr\/author\/malvine\/"}]}},"_links":{"self":[{"href":"https:\/\/marieclaire.be\/fr\/wp-json\/wp\/v2\/posts\/147316","targetHints":{"allow":["GET"]}}],"collection":[{"href":"https:\/\/marieclaire.be\/fr\/wp-json\/wp\/v2\/posts"}],"about":[{"href":"https:\/\/marieclaire.be\/fr\/wp-json\/wp\/v2\/types\/post"}],"author":[{"embeddable":true,"href":"https:\/\/marieclaire.be\/fr\/wp-json\/wp\/v2\/users\/30"}],"replies":[{"embeddable":true,"href":"https:\/\/marieclaire.be\/fr\/wp-json\/wp\/v2\/comments?post=147316"}],"version-history":[{"count":1,"href":"https:\/\/marieclaire.be\/fr\/wp-json\/wp\/v2\/posts\/147316\/revisions"}],"predecessor-version":[{"id":147319,"href":"https:\/\/marieclaire.be\/fr\/wp-json\/wp\/v2\/posts\/147316\/revisions\/147319"}],"wp:featuredmedia":[{"embeddable":true,"href":"https:\/\/marieclaire.be\/fr\/wp-json\/wp\/v2\/media\/147317"}],"wp:attachment":[{"href":"https:\/\/marieclaire.be\/fr\/wp-json\/wp\/v2\/media?parent=147316"}],"wp:term":[{"taxonomy":"category","embeddable":true,"href":"https:\/\/marieclaire.be\/fr\/wp-json\/wp\/v2\/categories?post=147316"},{"taxonomy":"post_tag","embeddable":true,"href":"https:\/\/marieclaire.be\/fr\/wp-json\/wp\/v2\/tags?post=147316"}],"curies":[{"name":"wp","href":"https:\/\/api.w.org\/{rel}","templated":true}]}}