{"id":147002,"date":"2026-01-14T08:10:40","date_gmt":"2026-01-14T07:10:40","guid":{"rendered":"https:\/\/marieclaire.be\/fr\/?p=147002"},"modified":"2026-01-13T20:24:06","modified_gmt":"2026-01-13T19:24:06","slug":"signes-perte-collagene-peau-cheveux","status":"publish","type":"post","link":"https:\/\/marieclaire.be\/fr\/signes-perte-collagene-peau-cheveux\/","title":{"rendered":"Voici les premiers signes que votre peau perd du collag\u00e8ne"},"content":{"rendered":"","protected":false},"excerpt":{"rendered":"\u00c0 partir de 25 ans, la production de collag\u00e8ne baisse progressivement : 1 \u00e0 2 % par an selon les sp\u00e9cialistes. par an selon les sp\u00e9cialistes....","protected":false},"author":30,"featured_media":147004,"comment_status":"closed","ping_status":"closed","sticky":false,"template":"","format":"standard","meta":{"_acf_changed":false,"footnotes":""},"categories":[7,20],"tags":[627],"class_list":["post-147002","post","type-post","status-publish","format-standard","has-post-thumbnail","hentry","category-beaute","category-soins","tag-peau"],"acf":[],"_yoast_wpseo_title":null,"_yoast_wpseo_metadesc":"Les experts sont unanimes : d\u00e8s 25 ans, le collag\u00e8ne diminue chaque ann\u00e9e de 1 \u00e0 2 %. Mais quels sont les signes qui indiquent une perte de collag\u00e8ne ?","image_verticale":"147003","yoast_head":"<!-- This site is optimized with the Yoast SEO plugin v27.3 - https:\/\/yoast.com\/product\/yoast-seo-wordpress\/ -->\n<title>Voici les premiers signes que votre peau perd du collag\u00e8ne - Marie Claire Belgique<\/title>\n<meta name=\"description\" content=\"Les experts sont unanimes : d\u00e8s 25 ans, le collag\u00e8ne diminue chaque ann\u00e9e de 1 \u00e0 2 %. Mais quels sont les signes qui indiquent une perte de collag\u00e8ne ?\" \/>\n<meta name=\"robots\" content=\"index, follow, max-snippet:-1, max-image-preview:large, max-video-preview:-1\" \/>\n<link rel=\"canonical\" href=\"https:\/\/www.marieclaire.fr\/3-signes-qui-montrent-que-vous-avez-perdu-du-collagene,1486977.asp\" \/>\n<meta property=\"og:locale\" content=\"fr_FR\" \/>\n<meta property=\"og:type\" content=\"article\" \/>\n<meta property=\"og:title\" content=\"Voici les premiers signes que votre peau perd du collag\u00e8ne - Marie Claire Belgique\" \/>\n<meta property=\"og:description\" content=\"Les experts sont unanimes : d\u00e8s 25 ans, le collag\u00e8ne diminue chaque ann\u00e9e de 1 \u00e0 2 %. Mais quels sont les signes qui indiquent une perte de collag\u00e8ne ?\" \/>\n<meta property=\"og:url\" content=\"https:\/\/www.marieclaire.fr\/3-signes-qui-montrent-que-vous-avez-perdu-du-collagene,1486977.asp\" \/>\n<meta property=\"og:site_name\" content=\"Marie Claire Belgique\" \/>\n<meta property=\"article:publisher\" content=\"https:\/\/www.facebook.com\/MarieClaire.Belgique\/\" \/>\n<meta property=\"article:published_time\" content=\"2026-01-14T07:10:40+00:00\" \/>\n<meta property=\"og:image\" content=\"https:\/\/marieclaire.be\/fr\/wp-content\/uploads\/2026\/01\/perte-collagene.png\" \/>\n\t<meta property=\"og:image:width\" content=\"1200\" \/>\n\t<meta property=\"og:image:height\" content=\"628\" \/>\n\t<meta property=\"og:image:type\" content=\"image\/png\" \/>\n<meta name=\"author\" content=\"Malvine Sevrin\" \/>\n<meta name=\"twitter:label1\" content=\"\u00c9crit par\" \/>\n\t<meta name=\"twitter:data1\" content=\"Malvine Sevrin\" \/>\n\t<meta name=\"twitter:label2\" content=\"Dur\u00e9e de lecture estim\u00e9e\" \/>\n\t<meta name=\"twitter:data2\" content=\"4 minutes\" \/>\n<script type=\"application\/ld+json\" class=\"yoast-schema-graph\">{\"@context\":\"https:\\\/\\\/schema.org\",\"@graph\":[{\"@type\":\"NewsArticle\",\"@id\":\"https:\\\/\\\/www.marieclaire.fr\\\/3-signes-qui-montrent-que-vous-avez-perdu-du-collagene%2c1486977.asp#article\",\"isPartOf\":{\"@id\":\"https:\\\/\\\/marieclaire.be\\\/fr\\\/signes-perte-collagene-peau-cheveux\\\/\"},\"author\":{\"name\":\"Malvine Sevrin\",\"@id\":\"https:\\\/\\\/marieclaire.be\\\/fr\\\/#\\\/schema\\\/person\\\/c71bd7a8c3e622513c7531a39292a34e\"},\"headline\":\"Voici les premiers signes que votre peau perd du collag\u00e8ne\",\"datePublished\":\"2026-01-14T07:10:40+00:00\",\"mainEntityOfPage\":{\"@id\":\"https:\\\/\\\/marieclaire.be\\\/fr\\\/signes-perte-collagene-peau-cheveux\\\/\"},\"wordCount\":657,\"publisher\":{\"@id\":\"https:\\\/\\\/marieclaire.be\\\/fr\\\/#organization\"},\"image\":{\"@id\":\"https:\\\/\\\/www.marieclaire.fr\\\/3-signes-qui-montrent-que-vous-avez-perdu-du-collagene%2c1486977.asp#primaryimage\"},\"thumbnailUrl\":\"https:\\\/\\\/marieclaire.be\\\/fr\\\/wp-content\\\/uploads\\\/2026\\\/01\\\/perte-collagene.png\",\"keywords\":[\"Peau\"],\"articleSection\":[\"Beaut\u00e9\",\"Soins\"],\"inLanguage\":\"fr-FR\"},{\"@type\":\"WebPage\",\"@id\":\"https:\\\/\\\/marieclaire.be\\\/fr\\\/signes-perte-collagene-peau-cheveux\\\/\",\"url\":\"https:\\\/\\\/www.marieclaire.fr\\\/3-signes-qui-montrent-que-vous-avez-perdu-du-collagene%2c1486977.asp\",\"name\":\"Voici les premiers signes que votre peau perd du collag\u00e8ne - Marie Claire Belgique\",\"isPartOf\":{\"@id\":\"https:\\\/\\\/marieclaire.be\\\/fr\\\/#website\"},\"primaryImageOfPage\":{\"@id\":\"https:\\\/\\\/www.marieclaire.fr\\\/3-signes-qui-montrent-que-vous-avez-perdu-du-collagene%2c1486977.asp#primaryimage\"},\"image\":{\"@id\":\"https:\\\/\\\/www.marieclaire.fr\\\/3-signes-qui-montrent-que-vous-avez-perdu-du-collagene%2c1486977.asp#primaryimage\"},\"thumbnailUrl\":\"https:\\\/\\\/marieclaire.be\\\/fr\\\/wp-content\\\/uploads\\\/2026\\\/01\\\/perte-collagene.png\",\"datePublished\":\"2026-01-14T07:10:40+00:00\",\"description\":\"Les experts sont unanimes : d\u00e8s 25 ans, le collag\u00e8ne diminue chaque ann\u00e9e de 1 \u00e0 2 %. Mais quels sont les signes qui indiquent une perte de collag\u00e8ne ?\",\"breadcrumb\":{\"@id\":\"https:\\\/\\\/www.marieclaire.fr\\\/3-signes-qui-montrent-que-vous-avez-perdu-du-collagene%2c1486977.asp#breadcrumb\"},\"inLanguage\":\"fr-FR\",\"potentialAction\":[{\"@type\":\"ReadAction\",\"target\":[\"https:\\\/\\\/www.marieclaire.fr\\\/3-signes-qui-montrent-que-vous-avez-perdu-du-collagene%2c1486977.asp\"]}]},{\"@type\":\"ImageObject\",\"inLanguage\":\"fr-FR\",\"@id\":\"https:\\\/\\\/www.marieclaire.fr\\\/3-signes-qui-montrent-que-vous-avez-perdu-du-collagene%2c1486977.asp#primaryimage\",\"url\":\"https:\\\/\\\/marieclaire.be\\\/fr\\\/wp-content\\\/uploads\\\/2026\\\/01\\\/perte-collagene.png\",\"contentUrl\":\"https:\\\/\\\/marieclaire.be\\\/fr\\\/wp-content\\\/uploads\\\/2026\\\/01\\\/perte-collagene.png\",\"width\":1200,\"height\":628,\"caption\":\"Launchmetrics Spotlight\"},{\"@type\":\"BreadcrumbList\",\"@id\":\"https:\\\/\\\/www.marieclaire.fr\\\/3-signes-qui-montrent-que-vous-avez-perdu-du-collagene%2c1486977.asp#breadcrumb\",\"itemListElement\":[{\"@type\":\"ListItem\",\"position\":1,\"name\":\"Accueil\",\"item\":\"https:\\\/\\\/marieclaire.be\\\/fr\\\/\"},{\"@type\":\"ListItem\",\"position\":2,\"name\":\"Voici les premiers signes que votre peau perd du collag\u00e8ne\"}]},{\"@type\":\"WebSite\",\"@id\":\"https:\\\/\\\/marieclaire.be\\\/fr\\\/#website\",\"url\":\"https:\\\/\\\/marieclaire.be\\\/fr\\\/\",\"name\":\"Marie Claire Belgique\",\"description\":\"Marie Claire Belgique, le magazine du style et de l\u2019intelligence qui parle de mode, des tendances, de la beaut\u00e9, de l\u2019actualit\u00e9 et de la culture\",\"publisher\":{\"@id\":\"https:\\\/\\\/marieclaire.be\\\/fr\\\/#organization\"},\"potentialAction\":[{\"@type\":\"SearchAction\",\"target\":{\"@type\":\"EntryPoint\",\"urlTemplate\":\"https:\\\/\\\/marieclaire.be\\\/fr\\\/?s={search_term_string}\"},\"query-input\":{\"@type\":\"PropertyValueSpecification\",\"valueRequired\":true,\"valueName\":\"search_term_string\"}}],\"inLanguage\":\"fr-FR\"},{\"@type\":\"Organization\",\"@id\":\"https:\\\/\\\/marieclaire.be\\\/fr\\\/#organization\",\"name\":\"Marie Claire\",\"url\":\"https:\\\/\\\/marieclaire.be\\\/fr\\\/\",\"logo\":{\"@type\":\"ImageObject\",\"inLanguage\":\"fr-FR\",\"@id\":\"https:\\\/\\\/marieclaire.be\\\/fr\\\/#\\\/schema\\\/logo\\\/image\\\/\",\"url\":\"https:\\\/\\\/marieclaire.be\\\/fr\\\/wp-content\\\/uploads\\\/2018\\\/05\\\/mc-logo2.png\",\"contentUrl\":\"https:\\\/\\\/marieclaire.be\\\/fr\\\/wp-content\\\/uploads\\\/2018\\\/05\\\/mc-logo2.png\",\"width\":1001,\"height\":189,\"caption\":\"Marie Claire\"},\"image\":{\"@id\":\"https:\\\/\\\/marieclaire.be\\\/fr\\\/#\\\/schema\\\/logo\\\/image\\\/\"},\"sameAs\":[\"https:\\\/\\\/www.facebook.com\\\/MarieClaire.Belgique\\\/\",\"https:\\\/\\\/www.instagram.com\\\/marieclaire_belgique\\\/\",\"https:\\\/\\\/fr.pinterest.com\\\/marieclairebe\\\/\",\"https:\\\/\\\/www.youtube.com\\\/user\\\/BelgiumMarieClaire\"]},{\"@type\":\"Person\",\"@id\":\"https:\\\/\\\/marieclaire.be\\\/fr\\\/#\\\/schema\\\/person\\\/c71bd7a8c3e622513c7531a39292a34e\",\"name\":\"Malvine Sevrin\",\"image\":{\"@type\":\"ImageObject\",\"inLanguage\":\"fr-FR\",\"@id\":\"https:\\\/\\\/marieclaire.be\\\/fr\\\/wp-content\\\/uploads\\\/2017\\\/05\\\/capture-decran-2024-02-13-a-145920-96x96.png\",\"url\":\"https:\\\/\\\/marieclaire.be\\\/fr\\\/wp-content\\\/uploads\\\/2017\\\/05\\\/capture-decran-2024-02-13-a-145920-96x96.png\",\"contentUrl\":\"https:\\\/\\\/marieclaire.be\\\/fr\\\/wp-content\\\/uploads\\\/2017\\\/05\\\/capture-decran-2024-02-13-a-145920-96x96.png\",\"caption\":\"Malvine Sevrin\"},\"description\":\"Des podiums parisiens aux derni\u00e8res nouveaut\u00e9s skincare qui enflamment TikTok, je d\u00e9crypte les tendances pour Marie Claire Belgique. Passionn\u00e9e de voyage, de mode et de beaut\u00e9, je partage mes coups de coeur d\u00e9nich\u00e9s aux quatre coins du globe. En tant que r\u00e9dactrice en chef digital, j'ai \u00e9galement \u00e0 coeur de mettre en lumi\u00e8re les histoires inspirantes de femmes \u00e0 travers notre site et sur nos r\u00e9seaux sociaux.\",\"sameAs\":[\"https:\\\/\\\/www.instagram.com\\\/malvinesev\\\/\"],\"url\":\"https:\\\/\\\/marieclaire.be\\\/fr\\\/author\\\/malvine\\\/\"}]}<\/script>\n<!-- \/ Yoast SEO plugin. -->","yoast_head_json":{"title":"Voici les premiers signes que votre peau perd du collag\u00e8ne - Marie Claire Belgique","description":"Les experts sont unanimes : d\u00e8s 25 ans, le collag\u00e8ne diminue chaque ann\u00e9e de 1 \u00e0 2 %. Mais quels sont les signes qui indiquent une perte de collag\u00e8ne ?","robots":{"index":"index","follow":"follow","max-snippet":"max-snippet:-1","max-image-preview":"max-image-preview:large","max-video-preview":"max-video-preview:-1"},"canonical":"https:\/\/www.marieclaire.fr\/3-signes-qui-montrent-que-vous-avez-perdu-du-collagene,1486977.asp","og_locale":"fr_FR","og_type":"article","og_title":"Voici les premiers signes que votre peau perd du collag\u00e8ne - Marie Claire Belgique","og_description":"Les experts sont unanimes : d\u00e8s 25 ans, le collag\u00e8ne diminue chaque ann\u00e9e de 1 \u00e0 2 %. Mais quels sont les signes qui indiquent une perte de collag\u00e8ne ?","og_url":"https:\/\/www.marieclaire.fr\/3-signes-qui-montrent-que-vous-avez-perdu-du-collagene,1486977.asp","og_site_name":"Marie Claire Belgique","article_publisher":"https:\/\/www.facebook.com\/MarieClaire.Belgique\/","article_published_time":"2026-01-14T07:10:40+00:00","og_image":[{"width":1200,"height":628,"url":"https:\/\/marieclaire.be\/fr\/wp-content\/uploads\/2026\/01\/perte-collagene.png","type":"image\/png"}],"author":"Malvine Sevrin","twitter_misc":{"\u00c9crit par":"Malvine Sevrin","Dur\u00e9e de lecture estim\u00e9e":"4 minutes"},"schema":{"@context":"https:\/\/schema.org","@graph":[{"@type":"NewsArticle","@id":"https:\/\/www.marieclaire.fr\/3-signes-qui-montrent-que-vous-avez-perdu-du-collagene%2c1486977.asp#article","isPartOf":{"@id":"https:\/\/marieclaire.be\/fr\/signes-perte-collagene-peau-cheveux\/"},"author":{"name":"Malvine Sevrin","@id":"https:\/\/marieclaire.be\/fr\/#\/schema\/person\/c71bd7a8c3e622513c7531a39292a34e"},"headline":"Voici les premiers signes que votre peau perd du collag\u00e8ne","datePublished":"2026-01-14T07:10:40+00:00","mainEntityOfPage":{"@id":"https:\/\/marieclaire.be\/fr\/signes-perte-collagene-peau-cheveux\/"},"wordCount":657,"publisher":{"@id":"https:\/\/marieclaire.be\/fr\/#organization"},"image":{"@id":"https:\/\/www.marieclaire.fr\/3-signes-qui-montrent-que-vous-avez-perdu-du-collagene%2c1486977.asp#primaryimage"},"thumbnailUrl":"https:\/\/marieclaire.be\/fr\/wp-content\/uploads\/2026\/01\/perte-collagene.png","keywords":["Peau"],"articleSection":["Beaut\u00e9","Soins"],"inLanguage":"fr-FR"},{"@type":"WebPage","@id":"https:\/\/marieclaire.be\/fr\/signes-perte-collagene-peau-cheveux\/","url":"https:\/\/www.marieclaire.fr\/3-signes-qui-montrent-que-vous-avez-perdu-du-collagene%2c1486977.asp","name":"Voici les premiers signes que votre peau perd du collag\u00e8ne - Marie Claire Belgique","isPartOf":{"@id":"https:\/\/marieclaire.be\/fr\/#website"},"primaryImageOfPage":{"@id":"https:\/\/www.marieclaire.fr\/3-signes-qui-montrent-que-vous-avez-perdu-du-collagene%2c1486977.asp#primaryimage"},"image":{"@id":"https:\/\/www.marieclaire.fr\/3-signes-qui-montrent-que-vous-avez-perdu-du-collagene%2c1486977.asp#primaryimage"},"thumbnailUrl":"https:\/\/marieclaire.be\/fr\/wp-content\/uploads\/2026\/01\/perte-collagene.png","datePublished":"2026-01-14T07:10:40+00:00","description":"Les experts sont unanimes : d\u00e8s 25 ans, le collag\u00e8ne diminue chaque ann\u00e9e de 1 \u00e0 2 %. Mais quels sont les signes qui indiquent une perte de collag\u00e8ne ?","breadcrumb":{"@id":"https:\/\/www.marieclaire.fr\/3-signes-qui-montrent-que-vous-avez-perdu-du-collagene%2c1486977.asp#breadcrumb"},"inLanguage":"fr-FR","potentialAction":[{"@type":"ReadAction","target":["https:\/\/www.marieclaire.fr\/3-signes-qui-montrent-que-vous-avez-perdu-du-collagene%2c1486977.asp"]}]},{"@type":"ImageObject","inLanguage":"fr-FR","@id":"https:\/\/www.marieclaire.fr\/3-signes-qui-montrent-que-vous-avez-perdu-du-collagene%2c1486977.asp#primaryimage","url":"https:\/\/marieclaire.be\/fr\/wp-content\/uploads\/2026\/01\/perte-collagene.png","contentUrl":"https:\/\/marieclaire.be\/fr\/wp-content\/uploads\/2026\/01\/perte-collagene.png","width":1200,"height":628,"caption":"Launchmetrics Spotlight"},{"@type":"BreadcrumbList","@id":"https:\/\/www.marieclaire.fr\/3-signes-qui-montrent-que-vous-avez-perdu-du-collagene%2c1486977.asp#breadcrumb","itemListElement":[{"@type":"ListItem","position":1,"name":"Accueil","item":"https:\/\/marieclaire.be\/fr\/"},{"@type":"ListItem","position":2,"name":"Voici les premiers signes que votre peau perd du collag\u00e8ne"}]},{"@type":"WebSite","@id":"https:\/\/marieclaire.be\/fr\/#website","url":"https:\/\/marieclaire.be\/fr\/","name":"Marie Claire Belgique","description":"Marie Claire Belgique, le magazine du style et de l\u2019intelligence qui parle de mode, des tendances, de la beaut\u00e9, de l\u2019actualit\u00e9 et de la culture","publisher":{"@id":"https:\/\/marieclaire.be\/fr\/#organization"},"potentialAction":[{"@type":"SearchAction","target":{"@type":"EntryPoint","urlTemplate":"https:\/\/marieclaire.be\/fr\/?s={search_term_string}"},"query-input":{"@type":"PropertyValueSpecification","valueRequired":true,"valueName":"search_term_string"}}],"inLanguage":"fr-FR"},{"@type":"Organization","@id":"https:\/\/marieclaire.be\/fr\/#organization","name":"Marie Claire","url":"https:\/\/marieclaire.be\/fr\/","logo":{"@type":"ImageObject","inLanguage":"fr-FR","@id":"https:\/\/marieclaire.be\/fr\/#\/schema\/logo\/image\/","url":"https:\/\/marieclaire.be\/fr\/wp-content\/uploads\/2018\/05\/mc-logo2.png","contentUrl":"https:\/\/marieclaire.be\/fr\/wp-content\/uploads\/2018\/05\/mc-logo2.png","width":1001,"height":189,"caption":"Marie Claire"},"image":{"@id":"https:\/\/marieclaire.be\/fr\/#\/schema\/logo\/image\/"},"sameAs":["https:\/\/www.facebook.com\/MarieClaire.Belgique\/","https:\/\/www.instagram.com\/marieclaire_belgique\/","https:\/\/fr.pinterest.com\/marieclairebe\/","https:\/\/www.youtube.com\/user\/BelgiumMarieClaire"]},{"@type":"Person","@id":"https:\/\/marieclaire.be\/fr\/#\/schema\/person\/c71bd7a8c3e622513c7531a39292a34e","name":"Malvine Sevrin","image":{"@type":"ImageObject","inLanguage":"fr-FR","@id":"https:\/\/marieclaire.be\/fr\/wp-content\/uploads\/2017\/05\/capture-decran-2024-02-13-a-145920-96x96.png","url":"https:\/\/marieclaire.be\/fr\/wp-content\/uploads\/2017\/05\/capture-decran-2024-02-13-a-145920-96x96.png","contentUrl":"https:\/\/marieclaire.be\/fr\/wp-content\/uploads\/2017\/05\/capture-decran-2024-02-13-a-145920-96x96.png","caption":"Malvine Sevrin"},"description":"Des podiums parisiens aux derni\u00e8res nouveaut\u00e9s skincare qui enflamment TikTok, je d\u00e9crypte les tendances pour Marie Claire Belgique. Passionn\u00e9e de voyage, de mode et de beaut\u00e9, je partage mes coups de coeur d\u00e9nich\u00e9s aux quatre coins du globe. En tant que r\u00e9dactrice en chef digital, j'ai \u00e9galement \u00e0 coeur de mettre en lumi\u00e8re les histoires inspirantes de femmes \u00e0 travers notre site et sur nos r\u00e9seaux sociaux.","sameAs":["https:\/\/www.instagram.com\/malvinesev\/"],"url":"https:\/\/marieclaire.be\/fr\/author\/malvine\/"}]}},"_links":{"self":[{"href":"https:\/\/marieclaire.be\/fr\/wp-json\/wp\/v2\/posts\/147002","targetHints":{"allow":["GET"]}}],"collection":[{"href":"https:\/\/marieclaire.be\/fr\/wp-json\/wp\/v2\/posts"}],"about":[{"href":"https:\/\/marieclaire.be\/fr\/wp-json\/wp\/v2\/types\/post"}],"author":[{"embeddable":true,"href":"https:\/\/marieclaire.be\/fr\/wp-json\/wp\/v2\/users\/30"}],"replies":[{"embeddable":true,"href":"https:\/\/marieclaire.be\/fr\/wp-json\/wp\/v2\/comments?post=147002"}],"version-history":[{"count":2,"href":"https:\/\/marieclaire.be\/fr\/wp-json\/wp\/v2\/posts\/147002\/revisions"}],"predecessor-version":[{"id":147006,"href":"https:\/\/marieclaire.be\/fr\/wp-json\/wp\/v2\/posts\/147002\/revisions\/147006"}],"wp:featuredmedia":[{"embeddable":true,"href":"https:\/\/marieclaire.be\/fr\/wp-json\/wp\/v2\/media\/147004"}],"wp:attachment":[{"href":"https:\/\/marieclaire.be\/fr\/wp-json\/wp\/v2\/media?parent=147002"}],"wp:term":[{"taxonomy":"category","embeddable":true,"href":"https:\/\/marieclaire.be\/fr\/wp-json\/wp\/v2\/categories?post=147002"},{"taxonomy":"post_tag","embeddable":true,"href":"https:\/\/marieclaire.be\/fr\/wp-json\/wp\/v2\/tags?post=147002"}],"curies":[{"name":"wp","href":"https:\/\/api.w.org\/{rel}","templated":true}]}}