{"id":146972,"date":"2026-01-09T14:58:09","date_gmt":"2026-01-09T13:58:09","guid":{"rendered":"https:\/\/marieclaire.be\/fr\/?p=146972"},"modified":"2026-01-09T14:58:09","modified_gmt":"2026-01-09T13:58:09","slug":"film-coutures-angelina-jolie-alice-winocour","status":"publish","type":"post","link":"https:\/\/marieclaire.be\/fr\/film-coutures-angelina-jolie-alice-winocour\/","title":{"rendered":"&#8220;Coutures&#8221; : Angelina Jolie parle fran\u00e7ais dans le film le plus mode de 2026"},"content":{"rendered":"","protected":false},"excerpt":{"rendered":"C\u2019est l\u2019une des grandes premi\u00e8res cin\u00e9matographiques de 2026. ...","protected":false},"author":30,"featured_media":146976,"comment_status":"closed","ping_status":"closed","sticky":false,"template":"","format":"standard","meta":{"_acf_changed":false,"footnotes":""},"categories":[5168,26],"tags":[90],"class_list":["post-146972","post","type-post","status-publish","format-standard","has-post-thumbnail","hentry","category-cinema","category-culture","tag-film"],"acf":[],"_yoast_wpseo_title":null,"_yoast_wpseo_metadesc":"Une grande premi\u00e8re et l\u2019un des films les plus attendus de 2026. Angelina Jolie a (enfin) tourn\u00e9 sous la direction d\u2019une r\u00e9alisatrice fran\u00e7aise.","image_verticale":"146975","yoast_head":"<!-- This site is optimized with the Yoast SEO plugin v27.3 - https:\/\/yoast.com\/product\/yoast-seo-wordpress\/ -->\n<title>&quot;Coutures&quot; : Angelina Jolie parle fran\u00e7ais dans le film le plus mode de 2026 - Marie Claire Belgique<\/title>\n<meta name=\"description\" content=\"Une grande premi\u00e8re et l\u2019un des films les plus attendus de 2026. Angelina Jolie a (enfin) tourn\u00e9 sous la direction d\u2019une r\u00e9alisatrice fran\u00e7aise.\" \/>\n<meta name=\"robots\" content=\"index, follow, max-snippet:-1, max-image-preview:large, max-video-preview:-1\" \/>\n<link rel=\"canonical\" href=\"https:\/\/marieclaire.be\/fr\/film-coutures-angelina-jolie-alice-winocour\/\" \/>\n<meta property=\"og:locale\" content=\"fr_FR\" \/>\n<meta property=\"og:type\" content=\"article\" \/>\n<meta property=\"og:title\" content=\"&quot;Coutures&quot; : Angelina Jolie parle fran\u00e7ais dans le film le plus mode de 2026 - Marie Claire Belgique\" \/>\n<meta property=\"og:description\" content=\"Une grande premi\u00e8re et l\u2019un des films les plus attendus de 2026. Angelina Jolie a (enfin) tourn\u00e9 sous la direction d\u2019une r\u00e9alisatrice fran\u00e7aise.\" \/>\n<meta property=\"og:url\" content=\"https:\/\/marieclaire.be\/fr\/film-coutures-angelina-jolie-alice-winocour\/\" \/>\n<meta property=\"og:site_name\" content=\"Marie Claire Belgique\" \/>\n<meta property=\"article:publisher\" content=\"https:\/\/www.facebook.com\/MarieClaire.Belgique\/\" \/>\n<meta property=\"article:published_time\" content=\"2026-01-09T13:58:09+00:00\" \/>\n<meta property=\"og:image\" content=\"https:\/\/marieclaire.be\/fr\/wp-content\/uploads\/2026\/01\/film-coutures-cinema.png\" \/>\n\t<meta property=\"og:image:width\" content=\"1200\" \/>\n\t<meta property=\"og:image:height\" content=\"628\" \/>\n\t<meta property=\"og:image:type\" content=\"image\/png\" \/>\n<meta name=\"author\" content=\"Malvine Sevrin\" \/>\n<meta name=\"twitter:label1\" content=\"\u00c9crit par\" \/>\n\t<meta name=\"twitter:data1\" content=\"Malvine Sevrin\" \/>\n\t<meta name=\"twitter:label2\" content=\"Dur\u00e9e de lecture estim\u00e9e\" \/>\n\t<meta name=\"twitter:data2\" content=\"3 minutes\" \/>\n<script type=\"application\/ld+json\" class=\"yoast-schema-graph\">{\"@context\":\"https:\\\/\\\/schema.org\",\"@graph\":[{\"@type\":\"NewsArticle\",\"@id\":\"https:\\\/\\\/marieclaire.be\\\/fr\\\/film-coutures-angelina-jolie-alice-winocour\\\/#article\",\"isPartOf\":{\"@id\":\"https:\\\/\\\/marieclaire.be\\\/fr\\\/film-coutures-angelina-jolie-alice-winocour\\\/\"},\"author\":{\"name\":\"Malvine Sevrin\",\"@id\":\"https:\\\/\\\/marieclaire.be\\\/fr\\\/#\\\/schema\\\/person\\\/c71bd7a8c3e622513c7531a39292a34e\"},\"headline\":\"&#8220;Coutures&#8221; : Angelina Jolie parle fran\u00e7ais dans le film le plus mode de 2026\",\"datePublished\":\"2026-01-09T13:58:09+00:00\",\"mainEntityOfPage\":{\"@id\":\"https:\\\/\\\/marieclaire.be\\\/fr\\\/film-coutures-angelina-jolie-alice-winocour\\\/\"},\"wordCount\":508,\"publisher\":{\"@id\":\"https:\\\/\\\/marieclaire.be\\\/fr\\\/#organization\"},\"image\":{\"@id\":\"https:\\\/\\\/marieclaire.be\\\/fr\\\/film-coutures-angelina-jolie-alice-winocour\\\/#primaryimage\"},\"thumbnailUrl\":\"https:\\\/\\\/marieclaire.be\\\/fr\\\/wp-content\\\/uploads\\\/2026\\\/01\\\/film-coutures-cinema.png\",\"keywords\":[\"film\"],\"articleSection\":[\"Cin\u00e9ma\",\"Culture\"],\"inLanguage\":\"fr-FR\"},{\"@type\":\"WebPage\",\"@id\":\"https:\\\/\\\/marieclaire.be\\\/fr\\\/film-coutures-angelina-jolie-alice-winocour\\\/\",\"url\":\"https:\\\/\\\/marieclaire.be\\\/fr\\\/film-coutures-angelina-jolie-alice-winocour\\\/\",\"name\":\"\\\"Coutures\\\" : Angelina Jolie parle fran\u00e7ais dans le film le plus mode de 2026 - Marie Claire Belgique\",\"isPartOf\":{\"@id\":\"https:\\\/\\\/marieclaire.be\\\/fr\\\/#website\"},\"primaryImageOfPage\":{\"@id\":\"https:\\\/\\\/marieclaire.be\\\/fr\\\/film-coutures-angelina-jolie-alice-winocour\\\/#primaryimage\"},\"image\":{\"@id\":\"https:\\\/\\\/marieclaire.be\\\/fr\\\/film-coutures-angelina-jolie-alice-winocour\\\/#primaryimage\"},\"thumbnailUrl\":\"https:\\\/\\\/marieclaire.be\\\/fr\\\/wp-content\\\/uploads\\\/2026\\\/01\\\/film-coutures-cinema.png\",\"datePublished\":\"2026-01-09T13:58:09+00:00\",\"description\":\"Une grande premi\u00e8re et l\u2019un des films les plus attendus de 2026. Angelina Jolie a (enfin) tourn\u00e9 sous la direction d\u2019une r\u00e9alisatrice fran\u00e7aise.\",\"breadcrumb\":{\"@id\":\"https:\\\/\\\/marieclaire.be\\\/fr\\\/film-coutures-angelina-jolie-alice-winocour\\\/#breadcrumb\"},\"inLanguage\":\"fr-FR\",\"potentialAction\":[{\"@type\":\"ReadAction\",\"target\":[\"https:\\\/\\\/marieclaire.be\\\/fr\\\/film-coutures-angelina-jolie-alice-winocour\\\/\"]}]},{\"@type\":\"ImageObject\",\"inLanguage\":\"fr-FR\",\"@id\":\"https:\\\/\\\/marieclaire.be\\\/fr\\\/film-coutures-angelina-jolie-alice-winocour\\\/#primaryimage\",\"url\":\"https:\\\/\\\/marieclaire.be\\\/fr\\\/wp-content\\\/uploads\\\/2026\\\/01\\\/film-coutures-cinema.png\",\"contentUrl\":\"https:\\\/\\\/marieclaire.be\\\/fr\\\/wp-content\\\/uploads\\\/2026\\\/01\\\/film-coutures-cinema.png\",\"width\":1200,\"height\":628,\"caption\":\"Path\u00e9 Films\"},{\"@type\":\"BreadcrumbList\",\"@id\":\"https:\\\/\\\/marieclaire.be\\\/fr\\\/film-coutures-angelina-jolie-alice-winocour\\\/#breadcrumb\",\"itemListElement\":[{\"@type\":\"ListItem\",\"position\":1,\"name\":\"Accueil\",\"item\":\"https:\\\/\\\/marieclaire.be\\\/fr\\\/\"},{\"@type\":\"ListItem\",\"position\":2,\"name\":\"&#8220;Coutures&#8221; : Angelina Jolie parle fran\u00e7ais dans le film le plus mode de 2026\"}]},{\"@type\":\"WebSite\",\"@id\":\"https:\\\/\\\/marieclaire.be\\\/fr\\\/#website\",\"url\":\"https:\\\/\\\/marieclaire.be\\\/fr\\\/\",\"name\":\"Marie Claire Belgique\",\"description\":\"Marie Claire Belgique, le magazine du style et de l\u2019intelligence qui parle de mode, des tendances, de la beaut\u00e9, de l\u2019actualit\u00e9 et de la culture\",\"publisher\":{\"@id\":\"https:\\\/\\\/marieclaire.be\\\/fr\\\/#organization\"},\"potentialAction\":[{\"@type\":\"SearchAction\",\"target\":{\"@type\":\"EntryPoint\",\"urlTemplate\":\"https:\\\/\\\/marieclaire.be\\\/fr\\\/?s={search_term_string}\"},\"query-input\":{\"@type\":\"PropertyValueSpecification\",\"valueRequired\":true,\"valueName\":\"search_term_string\"}}],\"inLanguage\":\"fr-FR\"},{\"@type\":\"Organization\",\"@id\":\"https:\\\/\\\/marieclaire.be\\\/fr\\\/#organization\",\"name\":\"Marie Claire\",\"url\":\"https:\\\/\\\/marieclaire.be\\\/fr\\\/\",\"logo\":{\"@type\":\"ImageObject\",\"inLanguage\":\"fr-FR\",\"@id\":\"https:\\\/\\\/marieclaire.be\\\/fr\\\/#\\\/schema\\\/logo\\\/image\\\/\",\"url\":\"https:\\\/\\\/marieclaire.be\\\/fr\\\/wp-content\\\/uploads\\\/2018\\\/05\\\/mc-logo2.png\",\"contentUrl\":\"https:\\\/\\\/marieclaire.be\\\/fr\\\/wp-content\\\/uploads\\\/2018\\\/05\\\/mc-logo2.png\",\"width\":1001,\"height\":189,\"caption\":\"Marie Claire\"},\"image\":{\"@id\":\"https:\\\/\\\/marieclaire.be\\\/fr\\\/#\\\/schema\\\/logo\\\/image\\\/\"},\"sameAs\":[\"https:\\\/\\\/www.facebook.com\\\/MarieClaire.Belgique\\\/\",\"https:\\\/\\\/www.instagram.com\\\/marieclaire_belgique\\\/\",\"https:\\\/\\\/fr.pinterest.com\\\/marieclairebe\\\/\",\"https:\\\/\\\/www.youtube.com\\\/user\\\/BelgiumMarieClaire\"]},{\"@type\":\"Person\",\"@id\":\"https:\\\/\\\/marieclaire.be\\\/fr\\\/#\\\/schema\\\/person\\\/c71bd7a8c3e622513c7531a39292a34e\",\"name\":\"Malvine Sevrin\",\"image\":{\"@type\":\"ImageObject\",\"inLanguage\":\"fr-FR\",\"@id\":\"https:\\\/\\\/marieclaire.be\\\/fr\\\/wp-content\\\/uploads\\\/2017\\\/05\\\/capture-decran-2024-02-13-a-145920-96x96.png\",\"url\":\"https:\\\/\\\/marieclaire.be\\\/fr\\\/wp-content\\\/uploads\\\/2017\\\/05\\\/capture-decran-2024-02-13-a-145920-96x96.png\",\"contentUrl\":\"https:\\\/\\\/marieclaire.be\\\/fr\\\/wp-content\\\/uploads\\\/2017\\\/05\\\/capture-decran-2024-02-13-a-145920-96x96.png\",\"caption\":\"Malvine Sevrin\"},\"description\":\"Des podiums parisiens aux derni\u00e8res nouveaut\u00e9s skincare qui enflamment TikTok, je d\u00e9crypte les tendances pour Marie Claire Belgique. Passionn\u00e9e de voyage, de mode et de beaut\u00e9, je partage mes coups de coeur d\u00e9nich\u00e9s aux quatre coins du globe. En tant que r\u00e9dactrice en chef digital, j'ai \u00e9galement \u00e0 coeur de mettre en lumi\u00e8re les histoires inspirantes de femmes \u00e0 travers notre site et sur nos r\u00e9seaux sociaux.\",\"sameAs\":[\"https:\\\/\\\/www.instagram.com\\\/malvinesev\\\/\"],\"url\":\"https:\\\/\\\/marieclaire.be\\\/fr\\\/author\\\/malvine\\\/\"}]}<\/script>\n<!-- \/ Yoast SEO plugin. -->","yoast_head_json":{"title":"\"Coutures\" : Angelina Jolie parle fran\u00e7ais dans le film le plus mode de 2026 - Marie Claire Belgique","description":"Une grande premi\u00e8re et l\u2019un des films les plus attendus de 2026. Angelina Jolie a (enfin) tourn\u00e9 sous la direction d\u2019une r\u00e9alisatrice fran\u00e7aise.","robots":{"index":"index","follow":"follow","max-snippet":"max-snippet:-1","max-image-preview":"max-image-preview:large","max-video-preview":"max-video-preview:-1"},"canonical":"https:\/\/marieclaire.be\/fr\/film-coutures-angelina-jolie-alice-winocour\/","og_locale":"fr_FR","og_type":"article","og_title":"\"Coutures\" : Angelina Jolie parle fran\u00e7ais dans le film le plus mode de 2026 - Marie Claire Belgique","og_description":"Une grande premi\u00e8re et l\u2019un des films les plus attendus de 2026. Angelina Jolie a (enfin) tourn\u00e9 sous la direction d\u2019une r\u00e9alisatrice fran\u00e7aise.","og_url":"https:\/\/marieclaire.be\/fr\/film-coutures-angelina-jolie-alice-winocour\/","og_site_name":"Marie Claire Belgique","article_publisher":"https:\/\/www.facebook.com\/MarieClaire.Belgique\/","article_published_time":"2026-01-09T13:58:09+00:00","og_image":[{"width":1200,"height":628,"url":"https:\/\/marieclaire.be\/fr\/wp-content\/uploads\/2026\/01\/film-coutures-cinema.png","type":"image\/png"}],"author":"Malvine Sevrin","twitter_misc":{"\u00c9crit par":"Malvine Sevrin","Dur\u00e9e de lecture estim\u00e9e":"3 minutes"},"schema":{"@context":"https:\/\/schema.org","@graph":[{"@type":"NewsArticle","@id":"https:\/\/marieclaire.be\/fr\/film-coutures-angelina-jolie-alice-winocour\/#article","isPartOf":{"@id":"https:\/\/marieclaire.be\/fr\/film-coutures-angelina-jolie-alice-winocour\/"},"author":{"name":"Malvine Sevrin","@id":"https:\/\/marieclaire.be\/fr\/#\/schema\/person\/c71bd7a8c3e622513c7531a39292a34e"},"headline":"&#8220;Coutures&#8221; : Angelina Jolie parle fran\u00e7ais dans le film le plus mode de 2026","datePublished":"2026-01-09T13:58:09+00:00","mainEntityOfPage":{"@id":"https:\/\/marieclaire.be\/fr\/film-coutures-angelina-jolie-alice-winocour\/"},"wordCount":508,"publisher":{"@id":"https:\/\/marieclaire.be\/fr\/#organization"},"image":{"@id":"https:\/\/marieclaire.be\/fr\/film-coutures-angelina-jolie-alice-winocour\/#primaryimage"},"thumbnailUrl":"https:\/\/marieclaire.be\/fr\/wp-content\/uploads\/2026\/01\/film-coutures-cinema.png","keywords":["film"],"articleSection":["Cin\u00e9ma","Culture"],"inLanguage":"fr-FR"},{"@type":"WebPage","@id":"https:\/\/marieclaire.be\/fr\/film-coutures-angelina-jolie-alice-winocour\/","url":"https:\/\/marieclaire.be\/fr\/film-coutures-angelina-jolie-alice-winocour\/","name":"\"Coutures\" : Angelina Jolie parle fran\u00e7ais dans le film le plus mode de 2026 - Marie Claire Belgique","isPartOf":{"@id":"https:\/\/marieclaire.be\/fr\/#website"},"primaryImageOfPage":{"@id":"https:\/\/marieclaire.be\/fr\/film-coutures-angelina-jolie-alice-winocour\/#primaryimage"},"image":{"@id":"https:\/\/marieclaire.be\/fr\/film-coutures-angelina-jolie-alice-winocour\/#primaryimage"},"thumbnailUrl":"https:\/\/marieclaire.be\/fr\/wp-content\/uploads\/2026\/01\/film-coutures-cinema.png","datePublished":"2026-01-09T13:58:09+00:00","description":"Une grande premi\u00e8re et l\u2019un des films les plus attendus de 2026. Angelina Jolie a (enfin) tourn\u00e9 sous la direction d\u2019une r\u00e9alisatrice fran\u00e7aise.","breadcrumb":{"@id":"https:\/\/marieclaire.be\/fr\/film-coutures-angelina-jolie-alice-winocour\/#breadcrumb"},"inLanguage":"fr-FR","potentialAction":[{"@type":"ReadAction","target":["https:\/\/marieclaire.be\/fr\/film-coutures-angelina-jolie-alice-winocour\/"]}]},{"@type":"ImageObject","inLanguage":"fr-FR","@id":"https:\/\/marieclaire.be\/fr\/film-coutures-angelina-jolie-alice-winocour\/#primaryimage","url":"https:\/\/marieclaire.be\/fr\/wp-content\/uploads\/2026\/01\/film-coutures-cinema.png","contentUrl":"https:\/\/marieclaire.be\/fr\/wp-content\/uploads\/2026\/01\/film-coutures-cinema.png","width":1200,"height":628,"caption":"Path\u00e9 Films"},{"@type":"BreadcrumbList","@id":"https:\/\/marieclaire.be\/fr\/film-coutures-angelina-jolie-alice-winocour\/#breadcrumb","itemListElement":[{"@type":"ListItem","position":1,"name":"Accueil","item":"https:\/\/marieclaire.be\/fr\/"},{"@type":"ListItem","position":2,"name":"&#8220;Coutures&#8221; : Angelina Jolie parle fran\u00e7ais dans le film le plus mode de 2026"}]},{"@type":"WebSite","@id":"https:\/\/marieclaire.be\/fr\/#website","url":"https:\/\/marieclaire.be\/fr\/","name":"Marie Claire Belgique","description":"Marie Claire Belgique, le magazine du style et de l\u2019intelligence qui parle de mode, des tendances, de la beaut\u00e9, de l\u2019actualit\u00e9 et de la culture","publisher":{"@id":"https:\/\/marieclaire.be\/fr\/#organization"},"potentialAction":[{"@type":"SearchAction","target":{"@type":"EntryPoint","urlTemplate":"https:\/\/marieclaire.be\/fr\/?s={search_term_string}"},"query-input":{"@type":"PropertyValueSpecification","valueRequired":true,"valueName":"search_term_string"}}],"inLanguage":"fr-FR"},{"@type":"Organization","@id":"https:\/\/marieclaire.be\/fr\/#organization","name":"Marie Claire","url":"https:\/\/marieclaire.be\/fr\/","logo":{"@type":"ImageObject","inLanguage":"fr-FR","@id":"https:\/\/marieclaire.be\/fr\/#\/schema\/logo\/image\/","url":"https:\/\/marieclaire.be\/fr\/wp-content\/uploads\/2018\/05\/mc-logo2.png","contentUrl":"https:\/\/marieclaire.be\/fr\/wp-content\/uploads\/2018\/05\/mc-logo2.png","width":1001,"height":189,"caption":"Marie Claire"},"image":{"@id":"https:\/\/marieclaire.be\/fr\/#\/schema\/logo\/image\/"},"sameAs":["https:\/\/www.facebook.com\/MarieClaire.Belgique\/","https:\/\/www.instagram.com\/marieclaire_belgique\/","https:\/\/fr.pinterest.com\/marieclairebe\/","https:\/\/www.youtube.com\/user\/BelgiumMarieClaire"]},{"@type":"Person","@id":"https:\/\/marieclaire.be\/fr\/#\/schema\/person\/c71bd7a8c3e622513c7531a39292a34e","name":"Malvine Sevrin","image":{"@type":"ImageObject","inLanguage":"fr-FR","@id":"https:\/\/marieclaire.be\/fr\/wp-content\/uploads\/2017\/05\/capture-decran-2024-02-13-a-145920-96x96.png","url":"https:\/\/marieclaire.be\/fr\/wp-content\/uploads\/2017\/05\/capture-decran-2024-02-13-a-145920-96x96.png","contentUrl":"https:\/\/marieclaire.be\/fr\/wp-content\/uploads\/2017\/05\/capture-decran-2024-02-13-a-145920-96x96.png","caption":"Malvine Sevrin"},"description":"Des podiums parisiens aux derni\u00e8res nouveaut\u00e9s skincare qui enflamment TikTok, je d\u00e9crypte les tendances pour Marie Claire Belgique. Passionn\u00e9e de voyage, de mode et de beaut\u00e9, je partage mes coups de coeur d\u00e9nich\u00e9s aux quatre coins du globe. En tant que r\u00e9dactrice en chef digital, j'ai \u00e9galement \u00e0 coeur de mettre en lumi\u00e8re les histoires inspirantes de femmes \u00e0 travers notre site et sur nos r\u00e9seaux sociaux.","sameAs":["https:\/\/www.instagram.com\/malvinesev\/"],"url":"https:\/\/marieclaire.be\/fr\/author\/malvine\/"}]}},"_links":{"self":[{"href":"https:\/\/marieclaire.be\/fr\/wp-json\/wp\/v2\/posts\/146972","targetHints":{"allow":["GET"]}}],"collection":[{"href":"https:\/\/marieclaire.be\/fr\/wp-json\/wp\/v2\/posts"}],"about":[{"href":"https:\/\/marieclaire.be\/fr\/wp-json\/wp\/v2\/types\/post"}],"author":[{"embeddable":true,"href":"https:\/\/marieclaire.be\/fr\/wp-json\/wp\/v2\/users\/30"}],"replies":[{"embeddable":true,"href":"https:\/\/marieclaire.be\/fr\/wp-json\/wp\/v2\/comments?post=146972"}],"version-history":[{"count":1,"href":"https:\/\/marieclaire.be\/fr\/wp-json\/wp\/v2\/posts\/146972\/revisions"}],"predecessor-version":[{"id":146977,"href":"https:\/\/marieclaire.be\/fr\/wp-json\/wp\/v2\/posts\/146972\/revisions\/146977"}],"wp:featuredmedia":[{"embeddable":true,"href":"https:\/\/marieclaire.be\/fr\/wp-json\/wp\/v2\/media\/146976"}],"wp:attachment":[{"href":"https:\/\/marieclaire.be\/fr\/wp-json\/wp\/v2\/media?parent=146972"}],"wp:term":[{"taxonomy":"category","embeddable":true,"href":"https:\/\/marieclaire.be\/fr\/wp-json\/wp\/v2\/categories?post=146972"},{"taxonomy":"post_tag","embeddable":true,"href":"https:\/\/marieclaire.be\/fr\/wp-json\/wp\/v2\/tags?post=146972"}],"curies":[{"name":"wp","href":"https:\/\/api.w.org\/{rel}","templated":true}]}}