{"id":146965,"date":"2026-01-09T13:35:11","date_gmt":"2026-01-09T12:35:11","guid":{"rendered":"https:\/\/marieclaire.be\/fr\/?p=146965"},"modified":"2026-01-09T13:45:29","modified_gmt":"2026-01-09T12:45:29","slug":"thriller-la-femme-de-menage-suite-cinema","status":"publish","type":"post","link":"https:\/\/marieclaire.be\/fr\/thriller-la-femme-de-menage-suite-cinema\/","title":{"rendered":"&#8220;La Femme de m\u00e9nage&#8221; : le thriller ph\u00e9nom\u00e8ne aura droit \u00e0 une suite au cin\u00e9ma"},"content":{"rendered":"","protected":false},"excerpt":{"rendered":"D\u2019abord d\u00e9vor\u00e9 en librairie, puis projet\u00e9 dans les salles obscures, La Femme de m\u00e9nage confirme son statut de ph\u00e9nom\u00e8ne. ...","protected":false},"author":30,"featured_media":146968,"comment_status":"closed","ping_status":"closed","sticky":false,"template":"","format":"standard","meta":{"_acf_changed":false,"footnotes":""},"categories":[5168,26],"tags":[],"class_list":["post-146965","post","type-post","status-publish","format-standard","has-post-thumbnail","hentry","category-cinema","category-culture"],"acf":[],"_yoast_wpseo_title":null,"_yoast_wpseo_metadesc":"\"La Femme de m\u00e9nage\", le thriller port\u00e9 par Sydney Sweeney et Amanda Seyfried s\u2019offre officiellement une suite.","image_verticale":"146967","yoast_head":"<!-- This site is optimized with the Yoast SEO plugin v27.3 - https:\/\/yoast.com\/product\/yoast-seo-wordpress\/ -->\n<title>&quot;La Femme de m\u00e9nage&quot; : le thriller ph\u00e9nom\u00e8ne aura droit \u00e0 une suite au cin\u00e9ma - Marie Claire Belgique<\/title>\n<meta name=\"description\" content=\"&quot;La Femme de m\u00e9nage&quot;, le thriller port\u00e9 par Sydney Sweeney et Amanda Seyfried s\u2019offre officiellement une suite.\" \/>\n<meta name=\"robots\" content=\"index, follow, max-snippet:-1, max-image-preview:large, max-video-preview:-1\" \/>\n<link rel=\"canonical\" href=\"https:\/\/www.marieclaire.fr\/la-femme-de-menage-aura-une-suite-au-cinema-tout-ce-que-l-on-sait-sur-ce-nouveau-film,1506653.asp\" \/>\n<meta property=\"og:locale\" content=\"fr_FR\" \/>\n<meta property=\"og:type\" content=\"article\" \/>\n<meta property=\"og:title\" content=\"&quot;La Femme de m\u00e9nage&quot; : le thriller ph\u00e9nom\u00e8ne aura droit \u00e0 une suite au cin\u00e9ma - Marie Claire Belgique\" \/>\n<meta property=\"og:description\" content=\"&quot;La Femme de m\u00e9nage&quot;, le thriller port\u00e9 par Sydney Sweeney et Amanda Seyfried s\u2019offre officiellement une suite.\" \/>\n<meta property=\"og:url\" content=\"https:\/\/www.marieclaire.fr\/la-femme-de-menage-aura-une-suite-au-cinema-tout-ce-que-l-on-sait-sur-ce-nouveau-film,1506653.asp\" \/>\n<meta property=\"og:site_name\" content=\"Marie Claire Belgique\" \/>\n<meta property=\"article:publisher\" content=\"https:\/\/www.facebook.com\/MarieClaire.Belgique\/\" \/>\n<meta property=\"article:published_time\" content=\"2026-01-09T12:35:11+00:00\" \/>\n<meta property=\"article:modified_time\" content=\"2026-01-09T12:45:29+00:00\" \/>\n<meta property=\"og:image\" content=\"https:\/\/marieclaire.be\/fr\/wp-content\/uploads\/2026\/01\/femme-de-menage-suite.png\" \/>\n\t<meta property=\"og:image:width\" content=\"1200\" \/>\n\t<meta property=\"og:image:height\" content=\"628\" \/>\n\t<meta property=\"og:image:type\" content=\"image\/png\" \/>\n<meta name=\"author\" content=\"Malvine Sevrin\" \/>\n<meta name=\"twitter:label1\" content=\"\u00c9crit par\" \/>\n\t<meta name=\"twitter:data1\" content=\"Malvine Sevrin\" \/>\n\t<meta name=\"twitter:label2\" content=\"Dur\u00e9e de lecture estim\u00e9e\" \/>\n\t<meta name=\"twitter:data2\" content=\"3 minutes\" \/>\n<script type=\"application\/ld+json\" class=\"yoast-schema-graph\">{\"@context\":\"https:\\\/\\\/schema.org\",\"@graph\":[{\"@type\":\"NewsArticle\",\"@id\":\"https:\\\/\\\/www.marieclaire.fr\\\/la-femme-de-menage-aura-une-suite-au-cinema-tout-ce-que-l-on-sait-sur-ce-nouveau-film%2c1506653.asp#article\",\"isPartOf\":{\"@id\":\"https:\\\/\\\/marieclaire.be\\\/fr\\\/thriller-la-femme-de-menage-suite-cinema\\\/\"},\"author\":{\"name\":\"Malvine Sevrin\",\"@id\":\"https:\\\/\\\/marieclaire.be\\\/fr\\\/#\\\/schema\\\/person\\\/c71bd7a8c3e622513c7531a39292a34e\"},\"headline\":\"&#8220;La Femme de m\u00e9nage&#8221; : le thriller ph\u00e9nom\u00e8ne aura droit \u00e0 une suite au cin\u00e9ma\",\"datePublished\":\"2026-01-09T12:35:11+00:00\",\"dateModified\":\"2026-01-09T12:45:29+00:00\",\"mainEntityOfPage\":{\"@id\":\"https:\\\/\\\/marieclaire.be\\\/fr\\\/thriller-la-femme-de-menage-suite-cinema\\\/\"},\"wordCount\":521,\"publisher\":{\"@id\":\"https:\\\/\\\/marieclaire.be\\\/fr\\\/#organization\"},\"image\":{\"@id\":\"https:\\\/\\\/www.marieclaire.fr\\\/la-femme-de-menage-aura-une-suite-au-cinema-tout-ce-que-l-on-sait-sur-ce-nouveau-film%2c1506653.asp#primaryimage\"},\"thumbnailUrl\":\"https:\\\/\\\/marieclaire.be\\\/fr\\\/wp-content\\\/uploads\\\/2026\\\/01\\\/femme-de-menage-suite.png\",\"articleSection\":[\"Cin\u00e9ma\",\"Culture\"],\"inLanguage\":\"fr-FR\"},{\"@type\":\"WebPage\",\"@id\":\"https:\\\/\\\/marieclaire.be\\\/fr\\\/thriller-la-femme-de-menage-suite-cinema\\\/\",\"url\":\"https:\\\/\\\/www.marieclaire.fr\\\/la-femme-de-menage-aura-une-suite-au-cinema-tout-ce-que-l-on-sait-sur-ce-nouveau-film%2c1506653.asp\",\"name\":\"\\\"La Femme de m\u00e9nage\\\" : le thriller ph\u00e9nom\u00e8ne aura droit \u00e0 une suite au cin\u00e9ma - Marie Claire Belgique\",\"isPartOf\":{\"@id\":\"https:\\\/\\\/marieclaire.be\\\/fr\\\/#website\"},\"primaryImageOfPage\":{\"@id\":\"https:\\\/\\\/www.marieclaire.fr\\\/la-femme-de-menage-aura-une-suite-au-cinema-tout-ce-que-l-on-sait-sur-ce-nouveau-film%2c1506653.asp#primaryimage\"},\"image\":{\"@id\":\"https:\\\/\\\/www.marieclaire.fr\\\/la-femme-de-menage-aura-une-suite-au-cinema-tout-ce-que-l-on-sait-sur-ce-nouveau-film%2c1506653.asp#primaryimage\"},\"thumbnailUrl\":\"https:\\\/\\\/marieclaire.be\\\/fr\\\/wp-content\\\/uploads\\\/2026\\\/01\\\/femme-de-menage-suite.png\",\"datePublished\":\"2026-01-09T12:35:11+00:00\",\"dateModified\":\"2026-01-09T12:45:29+00:00\",\"description\":\"\\\"La Femme de m\u00e9nage\\\", le thriller port\u00e9 par Sydney Sweeney et Amanda Seyfried s\u2019offre officiellement une suite.\",\"breadcrumb\":{\"@id\":\"https:\\\/\\\/www.marieclaire.fr\\\/la-femme-de-menage-aura-une-suite-au-cinema-tout-ce-que-l-on-sait-sur-ce-nouveau-film%2c1506653.asp#breadcrumb\"},\"inLanguage\":\"fr-FR\",\"potentialAction\":[{\"@type\":\"ReadAction\",\"target\":[\"https:\\\/\\\/www.marieclaire.fr\\\/la-femme-de-menage-aura-une-suite-au-cinema-tout-ce-que-l-on-sait-sur-ce-nouveau-film%2c1506653.asp\"]}]},{\"@type\":\"ImageObject\",\"inLanguage\":\"fr-FR\",\"@id\":\"https:\\\/\\\/www.marieclaire.fr\\\/la-femme-de-menage-aura-une-suite-au-cinema-tout-ce-que-l-on-sait-sur-ce-nouveau-film%2c1506653.asp#primaryimage\",\"url\":\"https:\\\/\\\/marieclaire.be\\\/fr\\\/wp-content\\\/uploads\\\/2026\\\/01\\\/femme-de-menage-suite.png\",\"contentUrl\":\"https:\\\/\\\/marieclaire.be\\\/fr\\\/wp-content\\\/uploads\\\/2026\\\/01\\\/femme-de-menage-suite.png\",\"width\":1200,\"height\":628,\"caption\":\"Lionsgate\"},{\"@type\":\"BreadcrumbList\",\"@id\":\"https:\\\/\\\/www.marieclaire.fr\\\/la-femme-de-menage-aura-une-suite-au-cinema-tout-ce-que-l-on-sait-sur-ce-nouveau-film%2c1506653.asp#breadcrumb\",\"itemListElement\":[{\"@type\":\"ListItem\",\"position\":1,\"name\":\"Accueil\",\"item\":\"https:\\\/\\\/marieclaire.be\\\/fr\\\/\"},{\"@type\":\"ListItem\",\"position\":2,\"name\":\"&#8220;La Femme de m\u00e9nage&#8221; : le thriller ph\u00e9nom\u00e8ne aura droit \u00e0 une suite au cin\u00e9ma\"}]},{\"@type\":\"WebSite\",\"@id\":\"https:\\\/\\\/marieclaire.be\\\/fr\\\/#website\",\"url\":\"https:\\\/\\\/marieclaire.be\\\/fr\\\/\",\"name\":\"Marie Claire Belgique\",\"description\":\"Marie Claire Belgique, le magazine du style et de l\u2019intelligence qui parle de mode, des tendances, de la beaut\u00e9, de l\u2019actualit\u00e9 et de la culture\",\"publisher\":{\"@id\":\"https:\\\/\\\/marieclaire.be\\\/fr\\\/#organization\"},\"potentialAction\":[{\"@type\":\"SearchAction\",\"target\":{\"@type\":\"EntryPoint\",\"urlTemplate\":\"https:\\\/\\\/marieclaire.be\\\/fr\\\/?s={search_term_string}\"},\"query-input\":{\"@type\":\"PropertyValueSpecification\",\"valueRequired\":true,\"valueName\":\"search_term_string\"}}],\"inLanguage\":\"fr-FR\"},{\"@type\":\"Organization\",\"@id\":\"https:\\\/\\\/marieclaire.be\\\/fr\\\/#organization\",\"name\":\"Marie Claire\",\"url\":\"https:\\\/\\\/marieclaire.be\\\/fr\\\/\",\"logo\":{\"@type\":\"ImageObject\",\"inLanguage\":\"fr-FR\",\"@id\":\"https:\\\/\\\/marieclaire.be\\\/fr\\\/#\\\/schema\\\/logo\\\/image\\\/\",\"url\":\"https:\\\/\\\/marieclaire.be\\\/fr\\\/wp-content\\\/uploads\\\/2018\\\/05\\\/mc-logo2.png\",\"contentUrl\":\"https:\\\/\\\/marieclaire.be\\\/fr\\\/wp-content\\\/uploads\\\/2018\\\/05\\\/mc-logo2.png\",\"width\":1001,\"height\":189,\"caption\":\"Marie Claire\"},\"image\":{\"@id\":\"https:\\\/\\\/marieclaire.be\\\/fr\\\/#\\\/schema\\\/logo\\\/image\\\/\"},\"sameAs\":[\"https:\\\/\\\/www.facebook.com\\\/MarieClaire.Belgique\\\/\",\"https:\\\/\\\/www.instagram.com\\\/marieclaire_belgique\\\/\",\"https:\\\/\\\/fr.pinterest.com\\\/marieclairebe\\\/\",\"https:\\\/\\\/www.youtube.com\\\/user\\\/BelgiumMarieClaire\"]},{\"@type\":\"Person\",\"@id\":\"https:\\\/\\\/marieclaire.be\\\/fr\\\/#\\\/schema\\\/person\\\/c71bd7a8c3e622513c7531a39292a34e\",\"name\":\"Malvine Sevrin\",\"image\":{\"@type\":\"ImageObject\",\"inLanguage\":\"fr-FR\",\"@id\":\"https:\\\/\\\/marieclaire.be\\\/fr\\\/wp-content\\\/uploads\\\/2017\\\/05\\\/capture-decran-2024-02-13-a-145920-96x96.png\",\"url\":\"https:\\\/\\\/marieclaire.be\\\/fr\\\/wp-content\\\/uploads\\\/2017\\\/05\\\/capture-decran-2024-02-13-a-145920-96x96.png\",\"contentUrl\":\"https:\\\/\\\/marieclaire.be\\\/fr\\\/wp-content\\\/uploads\\\/2017\\\/05\\\/capture-decran-2024-02-13-a-145920-96x96.png\",\"caption\":\"Malvine Sevrin\"},\"description\":\"Des podiums parisiens aux derni\u00e8res nouveaut\u00e9s skincare qui enflamment TikTok, je d\u00e9crypte les tendances pour Marie Claire Belgique. Passionn\u00e9e de voyage, de mode et de beaut\u00e9, je partage mes coups de coeur d\u00e9nich\u00e9s aux quatre coins du globe. En tant que r\u00e9dactrice en chef digital, j'ai \u00e9galement \u00e0 coeur de mettre en lumi\u00e8re les histoires inspirantes de femmes \u00e0 travers notre site et sur nos r\u00e9seaux sociaux.\",\"sameAs\":[\"https:\\\/\\\/www.instagram.com\\\/malvinesev\\\/\"],\"url\":\"https:\\\/\\\/marieclaire.be\\\/fr\\\/author\\\/malvine\\\/\"}]}<\/script>\n<!-- \/ Yoast SEO plugin. -->","yoast_head_json":{"title":"\"La Femme de m\u00e9nage\" : le thriller ph\u00e9nom\u00e8ne aura droit \u00e0 une suite au cin\u00e9ma - Marie Claire Belgique","description":"\"La Femme de m\u00e9nage\", le thriller port\u00e9 par Sydney Sweeney et Amanda Seyfried s\u2019offre officiellement une suite.","robots":{"index":"index","follow":"follow","max-snippet":"max-snippet:-1","max-image-preview":"max-image-preview:large","max-video-preview":"max-video-preview:-1"},"canonical":"https:\/\/www.marieclaire.fr\/la-femme-de-menage-aura-une-suite-au-cinema-tout-ce-que-l-on-sait-sur-ce-nouveau-film,1506653.asp","og_locale":"fr_FR","og_type":"article","og_title":"\"La Femme de m\u00e9nage\" : le thriller ph\u00e9nom\u00e8ne aura droit \u00e0 une suite au cin\u00e9ma - Marie Claire Belgique","og_description":"\"La Femme de m\u00e9nage\", le thriller port\u00e9 par Sydney Sweeney et Amanda Seyfried s\u2019offre officiellement une suite.","og_url":"https:\/\/www.marieclaire.fr\/la-femme-de-menage-aura-une-suite-au-cinema-tout-ce-que-l-on-sait-sur-ce-nouveau-film,1506653.asp","og_site_name":"Marie Claire Belgique","article_publisher":"https:\/\/www.facebook.com\/MarieClaire.Belgique\/","article_published_time":"2026-01-09T12:35:11+00:00","article_modified_time":"2026-01-09T12:45:29+00:00","og_image":[{"width":1200,"height":628,"url":"https:\/\/marieclaire.be\/fr\/wp-content\/uploads\/2026\/01\/femme-de-menage-suite.png","type":"image\/png"}],"author":"Malvine Sevrin","twitter_misc":{"\u00c9crit par":"Malvine Sevrin","Dur\u00e9e de lecture estim\u00e9e":"3 minutes"},"schema":{"@context":"https:\/\/schema.org","@graph":[{"@type":"NewsArticle","@id":"https:\/\/www.marieclaire.fr\/la-femme-de-menage-aura-une-suite-au-cinema-tout-ce-que-l-on-sait-sur-ce-nouveau-film%2c1506653.asp#article","isPartOf":{"@id":"https:\/\/marieclaire.be\/fr\/thriller-la-femme-de-menage-suite-cinema\/"},"author":{"name":"Malvine Sevrin","@id":"https:\/\/marieclaire.be\/fr\/#\/schema\/person\/c71bd7a8c3e622513c7531a39292a34e"},"headline":"&#8220;La Femme de m\u00e9nage&#8221; : le thriller ph\u00e9nom\u00e8ne aura droit \u00e0 une suite au cin\u00e9ma","datePublished":"2026-01-09T12:35:11+00:00","dateModified":"2026-01-09T12:45:29+00:00","mainEntityOfPage":{"@id":"https:\/\/marieclaire.be\/fr\/thriller-la-femme-de-menage-suite-cinema\/"},"wordCount":521,"publisher":{"@id":"https:\/\/marieclaire.be\/fr\/#organization"},"image":{"@id":"https:\/\/www.marieclaire.fr\/la-femme-de-menage-aura-une-suite-au-cinema-tout-ce-que-l-on-sait-sur-ce-nouveau-film%2c1506653.asp#primaryimage"},"thumbnailUrl":"https:\/\/marieclaire.be\/fr\/wp-content\/uploads\/2026\/01\/femme-de-menage-suite.png","articleSection":["Cin\u00e9ma","Culture"],"inLanguage":"fr-FR"},{"@type":"WebPage","@id":"https:\/\/marieclaire.be\/fr\/thriller-la-femme-de-menage-suite-cinema\/","url":"https:\/\/www.marieclaire.fr\/la-femme-de-menage-aura-une-suite-au-cinema-tout-ce-que-l-on-sait-sur-ce-nouveau-film%2c1506653.asp","name":"\"La Femme de m\u00e9nage\" : le thriller ph\u00e9nom\u00e8ne aura droit \u00e0 une suite au cin\u00e9ma - Marie Claire Belgique","isPartOf":{"@id":"https:\/\/marieclaire.be\/fr\/#website"},"primaryImageOfPage":{"@id":"https:\/\/www.marieclaire.fr\/la-femme-de-menage-aura-une-suite-au-cinema-tout-ce-que-l-on-sait-sur-ce-nouveau-film%2c1506653.asp#primaryimage"},"image":{"@id":"https:\/\/www.marieclaire.fr\/la-femme-de-menage-aura-une-suite-au-cinema-tout-ce-que-l-on-sait-sur-ce-nouveau-film%2c1506653.asp#primaryimage"},"thumbnailUrl":"https:\/\/marieclaire.be\/fr\/wp-content\/uploads\/2026\/01\/femme-de-menage-suite.png","datePublished":"2026-01-09T12:35:11+00:00","dateModified":"2026-01-09T12:45:29+00:00","description":"\"La Femme de m\u00e9nage\", le thriller port\u00e9 par Sydney Sweeney et Amanda Seyfried s\u2019offre officiellement une suite.","breadcrumb":{"@id":"https:\/\/www.marieclaire.fr\/la-femme-de-menage-aura-une-suite-au-cinema-tout-ce-que-l-on-sait-sur-ce-nouveau-film%2c1506653.asp#breadcrumb"},"inLanguage":"fr-FR","potentialAction":[{"@type":"ReadAction","target":["https:\/\/www.marieclaire.fr\/la-femme-de-menage-aura-une-suite-au-cinema-tout-ce-que-l-on-sait-sur-ce-nouveau-film%2c1506653.asp"]}]},{"@type":"ImageObject","inLanguage":"fr-FR","@id":"https:\/\/www.marieclaire.fr\/la-femme-de-menage-aura-une-suite-au-cinema-tout-ce-que-l-on-sait-sur-ce-nouveau-film%2c1506653.asp#primaryimage","url":"https:\/\/marieclaire.be\/fr\/wp-content\/uploads\/2026\/01\/femme-de-menage-suite.png","contentUrl":"https:\/\/marieclaire.be\/fr\/wp-content\/uploads\/2026\/01\/femme-de-menage-suite.png","width":1200,"height":628,"caption":"Lionsgate"},{"@type":"BreadcrumbList","@id":"https:\/\/www.marieclaire.fr\/la-femme-de-menage-aura-une-suite-au-cinema-tout-ce-que-l-on-sait-sur-ce-nouveau-film%2c1506653.asp#breadcrumb","itemListElement":[{"@type":"ListItem","position":1,"name":"Accueil","item":"https:\/\/marieclaire.be\/fr\/"},{"@type":"ListItem","position":2,"name":"&#8220;La Femme de m\u00e9nage&#8221; : le thriller ph\u00e9nom\u00e8ne aura droit \u00e0 une suite au cin\u00e9ma"}]},{"@type":"WebSite","@id":"https:\/\/marieclaire.be\/fr\/#website","url":"https:\/\/marieclaire.be\/fr\/","name":"Marie Claire Belgique","description":"Marie Claire Belgique, le magazine du style et de l\u2019intelligence qui parle de mode, des tendances, de la beaut\u00e9, de l\u2019actualit\u00e9 et de la culture","publisher":{"@id":"https:\/\/marieclaire.be\/fr\/#organization"},"potentialAction":[{"@type":"SearchAction","target":{"@type":"EntryPoint","urlTemplate":"https:\/\/marieclaire.be\/fr\/?s={search_term_string}"},"query-input":{"@type":"PropertyValueSpecification","valueRequired":true,"valueName":"search_term_string"}}],"inLanguage":"fr-FR"},{"@type":"Organization","@id":"https:\/\/marieclaire.be\/fr\/#organization","name":"Marie Claire","url":"https:\/\/marieclaire.be\/fr\/","logo":{"@type":"ImageObject","inLanguage":"fr-FR","@id":"https:\/\/marieclaire.be\/fr\/#\/schema\/logo\/image\/","url":"https:\/\/marieclaire.be\/fr\/wp-content\/uploads\/2018\/05\/mc-logo2.png","contentUrl":"https:\/\/marieclaire.be\/fr\/wp-content\/uploads\/2018\/05\/mc-logo2.png","width":1001,"height":189,"caption":"Marie Claire"},"image":{"@id":"https:\/\/marieclaire.be\/fr\/#\/schema\/logo\/image\/"},"sameAs":["https:\/\/www.facebook.com\/MarieClaire.Belgique\/","https:\/\/www.instagram.com\/marieclaire_belgique\/","https:\/\/fr.pinterest.com\/marieclairebe\/","https:\/\/www.youtube.com\/user\/BelgiumMarieClaire"]},{"@type":"Person","@id":"https:\/\/marieclaire.be\/fr\/#\/schema\/person\/c71bd7a8c3e622513c7531a39292a34e","name":"Malvine Sevrin","image":{"@type":"ImageObject","inLanguage":"fr-FR","@id":"https:\/\/marieclaire.be\/fr\/wp-content\/uploads\/2017\/05\/capture-decran-2024-02-13-a-145920-96x96.png","url":"https:\/\/marieclaire.be\/fr\/wp-content\/uploads\/2017\/05\/capture-decran-2024-02-13-a-145920-96x96.png","contentUrl":"https:\/\/marieclaire.be\/fr\/wp-content\/uploads\/2017\/05\/capture-decran-2024-02-13-a-145920-96x96.png","caption":"Malvine Sevrin"},"description":"Des podiums parisiens aux derni\u00e8res nouveaut\u00e9s skincare qui enflamment TikTok, je d\u00e9crypte les tendances pour Marie Claire Belgique. Passionn\u00e9e de voyage, de mode et de beaut\u00e9, je partage mes coups de coeur d\u00e9nich\u00e9s aux quatre coins du globe. En tant que r\u00e9dactrice en chef digital, j'ai \u00e9galement \u00e0 coeur de mettre en lumi\u00e8re les histoires inspirantes de femmes \u00e0 travers notre site et sur nos r\u00e9seaux sociaux.","sameAs":["https:\/\/www.instagram.com\/malvinesev\/"],"url":"https:\/\/marieclaire.be\/fr\/author\/malvine\/"}]}},"_links":{"self":[{"href":"https:\/\/marieclaire.be\/fr\/wp-json\/wp\/v2\/posts\/146965","targetHints":{"allow":["GET"]}}],"collection":[{"href":"https:\/\/marieclaire.be\/fr\/wp-json\/wp\/v2\/posts"}],"about":[{"href":"https:\/\/marieclaire.be\/fr\/wp-json\/wp\/v2\/types\/post"}],"author":[{"embeddable":true,"href":"https:\/\/marieclaire.be\/fr\/wp-json\/wp\/v2\/users\/30"}],"replies":[{"embeddable":true,"href":"https:\/\/marieclaire.be\/fr\/wp-json\/wp\/v2\/comments?post=146965"}],"version-history":[{"count":3,"href":"https:\/\/marieclaire.be\/fr\/wp-json\/wp\/v2\/posts\/146965\/revisions"}],"predecessor-version":[{"id":146970,"href":"https:\/\/marieclaire.be\/fr\/wp-json\/wp\/v2\/posts\/146965\/revisions\/146970"}],"wp:featuredmedia":[{"embeddable":true,"href":"https:\/\/marieclaire.be\/fr\/wp-json\/wp\/v2\/media\/146968"}],"wp:attachment":[{"href":"https:\/\/marieclaire.be\/fr\/wp-json\/wp\/v2\/media?parent=146965"}],"wp:term":[{"taxonomy":"category","embeddable":true,"href":"https:\/\/marieclaire.be\/fr\/wp-json\/wp\/v2\/categories?post=146965"},{"taxonomy":"post_tag","embeddable":true,"href":"https:\/\/marieclaire.be\/fr\/wp-json\/wp\/v2\/tags?post=146965"}],"curies":[{"name":"wp","href":"https:\/\/api.w.org\/{rel}","templated":true}]}}