{"id":146637,"date":"2025-12-12T08:42:25","date_gmt":"2025-12-12T07:42:25","guid":{"rendered":"https:\/\/marieclaire.be\/fr\/?p=146637"},"modified":"2025-12-10T13:04:00","modified_gmt":"2025-12-10T12:04:00","slug":"gestes-peau-plus-ferme-vieillissement-cutane","status":"publish","type":"post","link":"https:\/\/marieclaire.be\/fr\/gestes-peau-plus-ferme-vieillissement-cutane\/","title":{"rendered":"3 habitudes \u00e0 adopter d\u00e8s 30 ans pour une peau plus ferme \u00e0 60 ans"},"content":{"rendered":"","protected":false},"excerpt":{"rendered":"Perte de collag\u00e8ne, rel\u00e2chement progressif, premiers signes de fatigue\u2026 La trentaine est le moment o\u00f9 la peau commence \u00e0 vieillir, mais quelques gestes cibl\u00e9s peuvent ralentir ce processus.","protected":false},"author":30,"featured_media":146646,"comment_status":"closed","ping_status":"closed","sticky":false,"template":"","format":"standard","meta":{"_acf_changed":false,"footnotes":""},"categories":[7,20],"tags":[627,3424],"class_list":["post-146637","post","type-post","status-publish","format-standard","has-post-thumbnail","hentry","category-beaute","category-soins","tag-peau","tag-visage"],"acf":[],"_yoast_wpseo_title":null,"_yoast_wpseo_metadesc":"Collag\u00e8ne en baisse, rel\u00e2chement, premiers signes de fatigue\u2026 Voici les gestes \u00e0 adopter d\u00e8s la trentaine pour pr\u00e9server la fermet\u00e9 de la peau.","image_verticale":"146645","yoast_head":"<!-- This site is optimized with the Yoast SEO plugin v27.3 - https:\/\/yoast.com\/product\/yoast-seo-wordpress\/ -->\n<title>3 habitudes \u00e0 adopter d\u00e8s 30 ans pour une peau plus ferme \u00e0 60 ans - Marie Claire Belgique<\/title>\n<meta name=\"description\" content=\"Collag\u00e8ne en baisse, rel\u00e2chement, premiers signes de fatigue\u2026 Voici les gestes \u00e0 adopter d\u00e8s la trentaine pour pr\u00e9server la fermet\u00e9 de la peau.\" \/>\n<meta name=\"robots\" content=\"index, follow, max-snippet:-1, max-image-preview:large, max-video-preview:-1\" \/>\n<link rel=\"canonical\" href=\"https:\/\/www.marieclaire.fr\/3-gestes-a-adopter-dans-la-trentaine-pour-une-peau-plus-ferme-a-60-ans,1504894.asp\" \/>\n<meta property=\"og:locale\" content=\"fr_FR\" \/>\n<meta property=\"og:type\" content=\"article\" \/>\n<meta property=\"og:title\" content=\"3 habitudes \u00e0 adopter d\u00e8s 30 ans pour une peau plus ferme \u00e0 60 ans - Marie Claire Belgique\" \/>\n<meta property=\"og:description\" content=\"Collag\u00e8ne en baisse, rel\u00e2chement, premiers signes de fatigue\u2026 Voici les gestes \u00e0 adopter d\u00e8s la trentaine pour pr\u00e9server la fermet\u00e9 de la peau.\" \/>\n<meta property=\"og:url\" content=\"https:\/\/www.marieclaire.fr\/3-gestes-a-adopter-dans-la-trentaine-pour-une-peau-plus-ferme-a-60-ans,1504894.asp\" \/>\n<meta property=\"og:site_name\" content=\"Marie Claire Belgique\" \/>\n<meta property=\"article:publisher\" content=\"https:\/\/www.facebook.com\/MarieClaire.Belgique\/\" \/>\n<meta property=\"article:published_time\" content=\"2025-12-12T07:42:25+00:00\" \/>\n<meta property=\"og:image\" content=\"https:\/\/marieclaire.be\/fr\/wp-content\/uploads\/2025\/12\/peau-plus-ferme.png\" \/>\n\t<meta property=\"og:image:width\" content=\"1200\" \/>\n\t<meta property=\"og:image:height\" content=\"628\" \/>\n\t<meta property=\"og:image:type\" content=\"image\/png\" \/>\n<meta name=\"author\" content=\"Malvine Sevrin\" \/>\n<meta name=\"twitter:label1\" content=\"\u00c9crit par\" \/>\n\t<meta name=\"twitter:data1\" content=\"Malvine Sevrin\" \/>\n\t<meta name=\"twitter:label2\" content=\"Dur\u00e9e de lecture estim\u00e9e\" \/>\n\t<meta name=\"twitter:data2\" content=\"3 minutes\" \/>\n<script type=\"application\/ld+json\" class=\"yoast-schema-graph\">{\"@context\":\"https:\\\/\\\/schema.org\",\"@graph\":[{\"@type\":\"NewsArticle\",\"@id\":\"https:\\\/\\\/www.marieclaire.fr\\\/3-gestes-a-adopter-dans-la-trentaine-pour-une-peau-plus-ferme-a-60-ans%2c1504894.asp#article\",\"isPartOf\":{\"@id\":\"https:\\\/\\\/marieclaire.be\\\/fr\\\/gestes-peau-plus-ferme-vieillissement-cutane\\\/\"},\"author\":{\"name\":\"Malvine Sevrin\",\"@id\":\"https:\\\/\\\/marieclaire.be\\\/fr\\\/#\\\/schema\\\/person\\\/c71bd7a8c3e622513c7531a39292a34e\"},\"headline\":\"3 habitudes \u00e0 adopter d\u00e8s 30 ans pour une peau plus ferme \u00e0 60 ans\",\"datePublished\":\"2025-12-12T07:42:25+00:00\",\"mainEntityOfPage\":{\"@id\":\"https:\\\/\\\/marieclaire.be\\\/fr\\\/gestes-peau-plus-ferme-vieillissement-cutane\\\/\"},\"wordCount\":592,\"publisher\":{\"@id\":\"https:\\\/\\\/marieclaire.be\\\/fr\\\/#organization\"},\"image\":{\"@id\":\"https:\\\/\\\/www.marieclaire.fr\\\/3-gestes-a-adopter-dans-la-trentaine-pour-une-peau-plus-ferme-a-60-ans%2c1504894.asp#primaryimage\"},\"thumbnailUrl\":\"https:\\\/\\\/marieclaire.be\\\/fr\\\/wp-content\\\/uploads\\\/2025\\\/12\\\/peau-plus-ferme.png\",\"keywords\":[\"Peau\",\"visage\"],\"articleSection\":[\"Beaut\u00e9\",\"Soins\"],\"inLanguage\":\"fr-FR\"},{\"@type\":\"WebPage\",\"@id\":\"https:\\\/\\\/marieclaire.be\\\/fr\\\/gestes-peau-plus-ferme-vieillissement-cutane\\\/\",\"url\":\"https:\\\/\\\/www.marieclaire.fr\\\/3-gestes-a-adopter-dans-la-trentaine-pour-une-peau-plus-ferme-a-60-ans%2c1504894.asp\",\"name\":\"3 habitudes \u00e0 adopter d\u00e8s 30 ans pour une peau plus ferme \u00e0 60 ans - Marie Claire Belgique\",\"isPartOf\":{\"@id\":\"https:\\\/\\\/marieclaire.be\\\/fr\\\/#website\"},\"primaryImageOfPage\":{\"@id\":\"https:\\\/\\\/www.marieclaire.fr\\\/3-gestes-a-adopter-dans-la-trentaine-pour-une-peau-plus-ferme-a-60-ans%2c1504894.asp#primaryimage\"},\"image\":{\"@id\":\"https:\\\/\\\/www.marieclaire.fr\\\/3-gestes-a-adopter-dans-la-trentaine-pour-une-peau-plus-ferme-a-60-ans%2c1504894.asp#primaryimage\"},\"thumbnailUrl\":\"https:\\\/\\\/marieclaire.be\\\/fr\\\/wp-content\\\/uploads\\\/2025\\\/12\\\/peau-plus-ferme.png\",\"datePublished\":\"2025-12-12T07:42:25+00:00\",\"description\":\"Collag\u00e8ne en baisse, rel\u00e2chement, premiers signes de fatigue\u2026 Voici les gestes \u00e0 adopter d\u00e8s la trentaine pour pr\u00e9server la fermet\u00e9 de la peau.\",\"breadcrumb\":{\"@id\":\"https:\\\/\\\/www.marieclaire.fr\\\/3-gestes-a-adopter-dans-la-trentaine-pour-une-peau-plus-ferme-a-60-ans%2c1504894.asp#breadcrumb\"},\"inLanguage\":\"fr-FR\",\"potentialAction\":[{\"@type\":\"ReadAction\",\"target\":[\"https:\\\/\\\/www.marieclaire.fr\\\/3-gestes-a-adopter-dans-la-trentaine-pour-une-peau-plus-ferme-a-60-ans%2c1504894.asp\"]}]},{\"@type\":\"ImageObject\",\"inLanguage\":\"fr-FR\",\"@id\":\"https:\\\/\\\/www.marieclaire.fr\\\/3-gestes-a-adopter-dans-la-trentaine-pour-une-peau-plus-ferme-a-60-ans%2c1504894.asp#primaryimage\",\"url\":\"https:\\\/\\\/marieclaire.be\\\/fr\\\/wp-content\\\/uploads\\\/2025\\\/12\\\/peau-plus-ferme.png\",\"contentUrl\":\"https:\\\/\\\/marieclaire.be\\\/fr\\\/wp-content\\\/uploads\\\/2025\\\/12\\\/peau-plus-ferme.png\",\"width\":1200,\"height\":628,\"caption\":\"Launchmetrics Spotlight\"},{\"@type\":\"BreadcrumbList\",\"@id\":\"https:\\\/\\\/www.marieclaire.fr\\\/3-gestes-a-adopter-dans-la-trentaine-pour-une-peau-plus-ferme-a-60-ans%2c1504894.asp#breadcrumb\",\"itemListElement\":[{\"@type\":\"ListItem\",\"position\":1,\"name\":\"Accueil\",\"item\":\"https:\\\/\\\/marieclaire.be\\\/fr\\\/\"},{\"@type\":\"ListItem\",\"position\":2,\"name\":\"3 habitudes \u00e0 adopter d\u00e8s 30 ans pour une peau plus ferme \u00e0 60 ans\"}]},{\"@type\":\"WebSite\",\"@id\":\"https:\\\/\\\/marieclaire.be\\\/fr\\\/#website\",\"url\":\"https:\\\/\\\/marieclaire.be\\\/fr\\\/\",\"name\":\"Marie Claire Belgique\",\"description\":\"Marie Claire Belgique, le magazine du style et de l\u2019intelligence qui parle de mode, des tendances, de la beaut\u00e9, de l\u2019actualit\u00e9 et de la culture\",\"publisher\":{\"@id\":\"https:\\\/\\\/marieclaire.be\\\/fr\\\/#organization\"},\"potentialAction\":[{\"@type\":\"SearchAction\",\"target\":{\"@type\":\"EntryPoint\",\"urlTemplate\":\"https:\\\/\\\/marieclaire.be\\\/fr\\\/?s={search_term_string}\"},\"query-input\":{\"@type\":\"PropertyValueSpecification\",\"valueRequired\":true,\"valueName\":\"search_term_string\"}}],\"inLanguage\":\"fr-FR\"},{\"@type\":\"Organization\",\"@id\":\"https:\\\/\\\/marieclaire.be\\\/fr\\\/#organization\",\"name\":\"Marie Claire\",\"url\":\"https:\\\/\\\/marieclaire.be\\\/fr\\\/\",\"logo\":{\"@type\":\"ImageObject\",\"inLanguage\":\"fr-FR\",\"@id\":\"https:\\\/\\\/marieclaire.be\\\/fr\\\/#\\\/schema\\\/logo\\\/image\\\/\",\"url\":\"https:\\\/\\\/marieclaire.be\\\/fr\\\/wp-content\\\/uploads\\\/2018\\\/05\\\/mc-logo2.png\",\"contentUrl\":\"https:\\\/\\\/marieclaire.be\\\/fr\\\/wp-content\\\/uploads\\\/2018\\\/05\\\/mc-logo2.png\",\"width\":1001,\"height\":189,\"caption\":\"Marie Claire\"},\"image\":{\"@id\":\"https:\\\/\\\/marieclaire.be\\\/fr\\\/#\\\/schema\\\/logo\\\/image\\\/\"},\"sameAs\":[\"https:\\\/\\\/www.facebook.com\\\/MarieClaire.Belgique\\\/\",\"https:\\\/\\\/www.instagram.com\\\/marieclaire_belgique\\\/\",\"https:\\\/\\\/fr.pinterest.com\\\/marieclairebe\\\/\",\"https:\\\/\\\/www.youtube.com\\\/user\\\/BelgiumMarieClaire\"]},{\"@type\":\"Person\",\"@id\":\"https:\\\/\\\/marieclaire.be\\\/fr\\\/#\\\/schema\\\/person\\\/c71bd7a8c3e622513c7531a39292a34e\",\"name\":\"Malvine Sevrin\",\"image\":{\"@type\":\"ImageObject\",\"inLanguage\":\"fr-FR\",\"@id\":\"https:\\\/\\\/marieclaire.be\\\/fr\\\/wp-content\\\/uploads\\\/2017\\\/05\\\/capture-decran-2024-02-13-a-145920-96x96.png\",\"url\":\"https:\\\/\\\/marieclaire.be\\\/fr\\\/wp-content\\\/uploads\\\/2017\\\/05\\\/capture-decran-2024-02-13-a-145920-96x96.png\",\"contentUrl\":\"https:\\\/\\\/marieclaire.be\\\/fr\\\/wp-content\\\/uploads\\\/2017\\\/05\\\/capture-decran-2024-02-13-a-145920-96x96.png\",\"caption\":\"Malvine Sevrin\"},\"description\":\"Des podiums parisiens aux derni\u00e8res nouveaut\u00e9s skincare qui enflamment TikTok, je d\u00e9crypte les tendances pour Marie Claire Belgique. Passionn\u00e9e de voyage, de mode et de beaut\u00e9, je partage mes coups de coeur d\u00e9nich\u00e9s aux quatre coins du globe. En tant que r\u00e9dactrice en chef digital, j'ai \u00e9galement \u00e0 coeur de mettre en lumi\u00e8re les histoires inspirantes de femmes \u00e0 travers notre site et sur nos r\u00e9seaux sociaux.\",\"sameAs\":[\"https:\\\/\\\/www.instagram.com\\\/malvinesev\\\/\"],\"url\":\"https:\\\/\\\/marieclaire.be\\\/fr\\\/author\\\/malvine\\\/\"}]}<\/script>\n<!-- \/ Yoast SEO plugin. -->","yoast_head_json":{"title":"3 habitudes \u00e0 adopter d\u00e8s 30 ans pour une peau plus ferme \u00e0 60 ans - Marie Claire Belgique","description":"Collag\u00e8ne en baisse, rel\u00e2chement, premiers signes de fatigue\u2026 Voici les gestes \u00e0 adopter d\u00e8s la trentaine pour pr\u00e9server la fermet\u00e9 de la peau.","robots":{"index":"index","follow":"follow","max-snippet":"max-snippet:-1","max-image-preview":"max-image-preview:large","max-video-preview":"max-video-preview:-1"},"canonical":"https:\/\/www.marieclaire.fr\/3-gestes-a-adopter-dans-la-trentaine-pour-une-peau-plus-ferme-a-60-ans,1504894.asp","og_locale":"fr_FR","og_type":"article","og_title":"3 habitudes \u00e0 adopter d\u00e8s 30 ans pour une peau plus ferme \u00e0 60 ans - Marie Claire Belgique","og_description":"Collag\u00e8ne en baisse, rel\u00e2chement, premiers signes de fatigue\u2026 Voici les gestes \u00e0 adopter d\u00e8s la trentaine pour pr\u00e9server la fermet\u00e9 de la peau.","og_url":"https:\/\/www.marieclaire.fr\/3-gestes-a-adopter-dans-la-trentaine-pour-une-peau-plus-ferme-a-60-ans,1504894.asp","og_site_name":"Marie Claire Belgique","article_publisher":"https:\/\/www.facebook.com\/MarieClaire.Belgique\/","article_published_time":"2025-12-12T07:42:25+00:00","og_image":[{"width":1200,"height":628,"url":"https:\/\/marieclaire.be\/fr\/wp-content\/uploads\/2025\/12\/peau-plus-ferme.png","type":"image\/png"}],"author":"Malvine Sevrin","twitter_misc":{"\u00c9crit par":"Malvine Sevrin","Dur\u00e9e de lecture estim\u00e9e":"3 minutes"},"schema":{"@context":"https:\/\/schema.org","@graph":[{"@type":"NewsArticle","@id":"https:\/\/www.marieclaire.fr\/3-gestes-a-adopter-dans-la-trentaine-pour-une-peau-plus-ferme-a-60-ans%2c1504894.asp#article","isPartOf":{"@id":"https:\/\/marieclaire.be\/fr\/gestes-peau-plus-ferme-vieillissement-cutane\/"},"author":{"name":"Malvine Sevrin","@id":"https:\/\/marieclaire.be\/fr\/#\/schema\/person\/c71bd7a8c3e622513c7531a39292a34e"},"headline":"3 habitudes \u00e0 adopter d\u00e8s 30 ans pour une peau plus ferme \u00e0 60 ans","datePublished":"2025-12-12T07:42:25+00:00","mainEntityOfPage":{"@id":"https:\/\/marieclaire.be\/fr\/gestes-peau-plus-ferme-vieillissement-cutane\/"},"wordCount":592,"publisher":{"@id":"https:\/\/marieclaire.be\/fr\/#organization"},"image":{"@id":"https:\/\/www.marieclaire.fr\/3-gestes-a-adopter-dans-la-trentaine-pour-une-peau-plus-ferme-a-60-ans%2c1504894.asp#primaryimage"},"thumbnailUrl":"https:\/\/marieclaire.be\/fr\/wp-content\/uploads\/2025\/12\/peau-plus-ferme.png","keywords":["Peau","visage"],"articleSection":["Beaut\u00e9","Soins"],"inLanguage":"fr-FR"},{"@type":"WebPage","@id":"https:\/\/marieclaire.be\/fr\/gestes-peau-plus-ferme-vieillissement-cutane\/","url":"https:\/\/www.marieclaire.fr\/3-gestes-a-adopter-dans-la-trentaine-pour-une-peau-plus-ferme-a-60-ans%2c1504894.asp","name":"3 habitudes \u00e0 adopter d\u00e8s 30 ans pour une peau plus ferme \u00e0 60 ans - Marie Claire Belgique","isPartOf":{"@id":"https:\/\/marieclaire.be\/fr\/#website"},"primaryImageOfPage":{"@id":"https:\/\/www.marieclaire.fr\/3-gestes-a-adopter-dans-la-trentaine-pour-une-peau-plus-ferme-a-60-ans%2c1504894.asp#primaryimage"},"image":{"@id":"https:\/\/www.marieclaire.fr\/3-gestes-a-adopter-dans-la-trentaine-pour-une-peau-plus-ferme-a-60-ans%2c1504894.asp#primaryimage"},"thumbnailUrl":"https:\/\/marieclaire.be\/fr\/wp-content\/uploads\/2025\/12\/peau-plus-ferme.png","datePublished":"2025-12-12T07:42:25+00:00","description":"Collag\u00e8ne en baisse, rel\u00e2chement, premiers signes de fatigue\u2026 Voici les gestes \u00e0 adopter d\u00e8s la trentaine pour pr\u00e9server la fermet\u00e9 de la peau.","breadcrumb":{"@id":"https:\/\/www.marieclaire.fr\/3-gestes-a-adopter-dans-la-trentaine-pour-une-peau-plus-ferme-a-60-ans%2c1504894.asp#breadcrumb"},"inLanguage":"fr-FR","potentialAction":[{"@type":"ReadAction","target":["https:\/\/www.marieclaire.fr\/3-gestes-a-adopter-dans-la-trentaine-pour-une-peau-plus-ferme-a-60-ans%2c1504894.asp"]}]},{"@type":"ImageObject","inLanguage":"fr-FR","@id":"https:\/\/www.marieclaire.fr\/3-gestes-a-adopter-dans-la-trentaine-pour-une-peau-plus-ferme-a-60-ans%2c1504894.asp#primaryimage","url":"https:\/\/marieclaire.be\/fr\/wp-content\/uploads\/2025\/12\/peau-plus-ferme.png","contentUrl":"https:\/\/marieclaire.be\/fr\/wp-content\/uploads\/2025\/12\/peau-plus-ferme.png","width":1200,"height":628,"caption":"Launchmetrics Spotlight"},{"@type":"BreadcrumbList","@id":"https:\/\/www.marieclaire.fr\/3-gestes-a-adopter-dans-la-trentaine-pour-une-peau-plus-ferme-a-60-ans%2c1504894.asp#breadcrumb","itemListElement":[{"@type":"ListItem","position":1,"name":"Accueil","item":"https:\/\/marieclaire.be\/fr\/"},{"@type":"ListItem","position":2,"name":"3 habitudes \u00e0 adopter d\u00e8s 30 ans pour une peau plus ferme \u00e0 60 ans"}]},{"@type":"WebSite","@id":"https:\/\/marieclaire.be\/fr\/#website","url":"https:\/\/marieclaire.be\/fr\/","name":"Marie Claire Belgique","description":"Marie Claire Belgique, le magazine du style et de l\u2019intelligence qui parle de mode, des tendances, de la beaut\u00e9, de l\u2019actualit\u00e9 et de la culture","publisher":{"@id":"https:\/\/marieclaire.be\/fr\/#organization"},"potentialAction":[{"@type":"SearchAction","target":{"@type":"EntryPoint","urlTemplate":"https:\/\/marieclaire.be\/fr\/?s={search_term_string}"},"query-input":{"@type":"PropertyValueSpecification","valueRequired":true,"valueName":"search_term_string"}}],"inLanguage":"fr-FR"},{"@type":"Organization","@id":"https:\/\/marieclaire.be\/fr\/#organization","name":"Marie Claire","url":"https:\/\/marieclaire.be\/fr\/","logo":{"@type":"ImageObject","inLanguage":"fr-FR","@id":"https:\/\/marieclaire.be\/fr\/#\/schema\/logo\/image\/","url":"https:\/\/marieclaire.be\/fr\/wp-content\/uploads\/2018\/05\/mc-logo2.png","contentUrl":"https:\/\/marieclaire.be\/fr\/wp-content\/uploads\/2018\/05\/mc-logo2.png","width":1001,"height":189,"caption":"Marie Claire"},"image":{"@id":"https:\/\/marieclaire.be\/fr\/#\/schema\/logo\/image\/"},"sameAs":["https:\/\/www.facebook.com\/MarieClaire.Belgique\/","https:\/\/www.instagram.com\/marieclaire_belgique\/","https:\/\/fr.pinterest.com\/marieclairebe\/","https:\/\/www.youtube.com\/user\/BelgiumMarieClaire"]},{"@type":"Person","@id":"https:\/\/marieclaire.be\/fr\/#\/schema\/person\/c71bd7a8c3e622513c7531a39292a34e","name":"Malvine Sevrin","image":{"@type":"ImageObject","inLanguage":"fr-FR","@id":"https:\/\/marieclaire.be\/fr\/wp-content\/uploads\/2017\/05\/capture-decran-2024-02-13-a-145920-96x96.png","url":"https:\/\/marieclaire.be\/fr\/wp-content\/uploads\/2017\/05\/capture-decran-2024-02-13-a-145920-96x96.png","contentUrl":"https:\/\/marieclaire.be\/fr\/wp-content\/uploads\/2017\/05\/capture-decran-2024-02-13-a-145920-96x96.png","caption":"Malvine Sevrin"},"description":"Des podiums parisiens aux derni\u00e8res nouveaut\u00e9s skincare qui enflamment TikTok, je d\u00e9crypte les tendances pour Marie Claire Belgique. Passionn\u00e9e de voyage, de mode et de beaut\u00e9, je partage mes coups de coeur d\u00e9nich\u00e9s aux quatre coins du globe. En tant que r\u00e9dactrice en chef digital, j'ai \u00e9galement \u00e0 coeur de mettre en lumi\u00e8re les histoires inspirantes de femmes \u00e0 travers notre site et sur nos r\u00e9seaux sociaux.","sameAs":["https:\/\/www.instagram.com\/malvinesev\/"],"url":"https:\/\/marieclaire.be\/fr\/author\/malvine\/"}]}},"_links":{"self":[{"href":"https:\/\/marieclaire.be\/fr\/wp-json\/wp\/v2\/posts\/146637","targetHints":{"allow":["GET"]}}],"collection":[{"href":"https:\/\/marieclaire.be\/fr\/wp-json\/wp\/v2\/posts"}],"about":[{"href":"https:\/\/marieclaire.be\/fr\/wp-json\/wp\/v2\/types\/post"}],"author":[{"embeddable":true,"href":"https:\/\/marieclaire.be\/fr\/wp-json\/wp\/v2\/users\/30"}],"replies":[{"embeddable":true,"href":"https:\/\/marieclaire.be\/fr\/wp-json\/wp\/v2\/comments?post=146637"}],"version-history":[{"count":2,"href":"https:\/\/marieclaire.be\/fr\/wp-json\/wp\/v2\/posts\/146637\/revisions"}],"predecessor-version":[{"id":146648,"href":"https:\/\/marieclaire.be\/fr\/wp-json\/wp\/v2\/posts\/146637\/revisions\/146648"}],"wp:featuredmedia":[{"embeddable":true,"href":"https:\/\/marieclaire.be\/fr\/wp-json\/wp\/v2\/media\/146646"}],"wp:attachment":[{"href":"https:\/\/marieclaire.be\/fr\/wp-json\/wp\/v2\/media?parent=146637"}],"wp:term":[{"taxonomy":"category","embeddable":true,"href":"https:\/\/marieclaire.be\/fr\/wp-json\/wp\/v2\/categories?post=146637"},{"taxonomy":"post_tag","embeddable":true,"href":"https:\/\/marieclaire.be\/fr\/wp-json\/wp\/v2\/tags?post=146637"}],"curies":[{"name":"wp","href":"https:\/\/api.w.org\/{rel}","templated":true}]}}