{"id":146371,"date":"2025-11-26T14:23:22","date_gmt":"2025-11-26T13:23:22","guid":{"rendered":"https:\/\/marieclaire.be\/fr\/?p=146371"},"modified":"2025-11-26T16:03:43","modified_gmt":"2025-11-26T15:03:43","slug":"black-friday-maisons-du-monde-notre-top-10-des-tendances-deco-irresistibles-a-saisir-en-promo","status":"publish","type":"post","link":"https:\/\/marieclaire.be\/fr\/black-friday-maisons-du-monde-notre-top-10-des-tendances-deco-irresistibles-a-saisir-en-promo\/","title":{"rendered":"Black Friday Maisons du Monde : notre top 10 des tendances d\u00e9co irr\u00e9sistibles \u00e0 saisir en promo"},"content":{"rendered":"","protected":false},"excerpt":{"rendered":"Envie de profiter du Black Friday pour donner un vrai coup de frais \u00e0 votre int\u00e9rieur ?\nChez Maisons du Monde, les offres tombent et les pi\u00e8ces iconiques s\u2019envolent vite.","protected":false},"author":76,"featured_media":146373,"comment_status":"closed","ping_status":"closed","sticky":false,"template":"","format":"standard","meta":{"_acf_changed":false,"footnotes":""},"categories":[5176],"tags":[],"class_list":["post-146371","post","type-post","status-publish","format-standard","has-post-thumbnail","hentry","category-shopping-guide"],"acf":[],"_yoast_wpseo_title":null,"_yoast_wpseo_metadesc":"D\u00e9couvrez notre top 10 des meilleures tendances d\u00e9co Maisons du Monde \u00e0 saisir en promo pour le Black Friday. Des pi\u00e8ces irr\u00e9sistibles pour sublimer votre int\u00e9rieur.","image_verticale":"146372","yoast_head":"<!-- This site is optimized with the Yoast SEO plugin v27.3 - https:\/\/yoast.com\/product\/yoast-seo-wordpress\/ -->\n<title>Black Friday Maisons du Monde : notre top 10 des tendances d\u00e9co irr\u00e9sistibles \u00e0 saisir en promo - Marie Claire Belgique<\/title>\n<meta name=\"description\" content=\"D\u00e9couvrez notre top 10 des meilleures tendances d\u00e9co Maisons du Monde \u00e0 saisir en promo pour le Black Friday. Des pi\u00e8ces irr\u00e9sistibles pour sublimer votre int\u00e9rieur.\" \/>\n<meta name=\"robots\" content=\"index, follow, max-snippet:-1, max-image-preview:large, max-video-preview:-1\" \/>\n<link rel=\"canonical\" href=\"https:\/\/marieclaire.be\/fr\/black-friday-maisons-du-monde-notre-top-10-des-tendances-deco-irresistibles-a-saisir-en-promo\/\" \/>\n<meta property=\"og:locale\" content=\"fr_FR\" \/>\n<meta property=\"og:type\" content=\"article\" \/>\n<meta property=\"og:title\" content=\"Black Friday Maisons du Monde : notre top 10 des tendances d\u00e9co irr\u00e9sistibles \u00e0 saisir en promo - Marie Claire Belgique\" \/>\n<meta property=\"og:description\" content=\"D\u00e9couvrez notre top 10 des meilleures tendances d\u00e9co Maisons du Monde \u00e0 saisir en promo pour le Black Friday. Des pi\u00e8ces irr\u00e9sistibles pour sublimer votre int\u00e9rieur.\" \/>\n<meta property=\"og:url\" content=\"https:\/\/marieclaire.be\/fr\/black-friday-maisons-du-monde-notre-top-10-des-tendances-deco-irresistibles-a-saisir-en-promo\/\" \/>\n<meta property=\"og:site_name\" content=\"Marie Claire Belgique\" \/>\n<meta property=\"article:publisher\" content=\"https:\/\/www.facebook.com\/MarieClaire.Belgique\/\" \/>\n<meta property=\"article:published_time\" content=\"2025-11-26T13:23:22+00:00\" \/>\n<meta property=\"article:modified_time\" content=\"2025-11-26T15:03:43+00:00\" \/>\n<meta property=\"og:image\" content=\"https:\/\/marieclaire.be\/fr\/wp-content\/uploads\/2025\/11\/1200x628.png\" \/>\n\t<meta property=\"og:image:width\" content=\"1200\" \/>\n\t<meta property=\"og:image:height\" content=\"628\" \/>\n\t<meta property=\"og:image:type\" content=\"image\/png\" \/>\n<meta name=\"author\" content=\"MarieClaire Expert\" \/>\n<meta name=\"twitter:label1\" content=\"\u00c9crit par\" \/>\n\t<meta name=\"twitter:data1\" content=\"MarieClaire Expert\" \/>\n\t<meta name=\"twitter:label2\" content=\"Dur\u00e9e de lecture estim\u00e9e\" \/>\n\t<meta name=\"twitter:data2\" content=\"7 minutes\" \/>\n<script type=\"application\/ld+json\" class=\"yoast-schema-graph\">{\"@context\":\"https:\\\/\\\/schema.org\",\"@graph\":[{\"@type\":\"NewsArticle\",\"@id\":\"https:\\\/\\\/marieclaire.be\\\/fr\\\/black-friday-maisons-du-monde-notre-top-10-des-tendances-deco-irresistibles-a-saisir-en-promo\\\/#article\",\"isPartOf\":{\"@id\":\"https:\\\/\\\/marieclaire.be\\\/fr\\\/black-friday-maisons-du-monde-notre-top-10-des-tendances-deco-irresistibles-a-saisir-en-promo\\\/\"},\"author\":{\"name\":\"MarieClaire Expert\",\"@id\":\"https:\\\/\\\/marieclaire.be\\\/fr\\\/#\\\/schema\\\/person\\\/370c8d452065b6682657b91e67e34dc5\"},\"headline\":\"Black Friday Maisons du Monde : notre top 10 des tendances d\u00e9co irr\u00e9sistibles \u00e0 saisir en promo\",\"datePublished\":\"2025-11-26T13:23:22+00:00\",\"dateModified\":\"2025-11-26T15:03:43+00:00\",\"mainEntityOfPage\":{\"@id\":\"https:\\\/\\\/marieclaire.be\\\/fr\\\/black-friday-maisons-du-monde-notre-top-10-des-tendances-deco-irresistibles-a-saisir-en-promo\\\/\"},\"wordCount\":1025,\"publisher\":{\"@id\":\"https:\\\/\\\/marieclaire.be\\\/fr\\\/#organization\"},\"image\":{\"@id\":\"https:\\\/\\\/marieclaire.be\\\/fr\\\/black-friday-maisons-du-monde-notre-top-10-des-tendances-deco-irresistibles-a-saisir-en-promo\\\/#primaryimage\"},\"thumbnailUrl\":\"https:\\\/\\\/marieclaire.be\\\/fr\\\/wp-content\\\/uploads\\\/2025\\\/11\\\/1200x628.png\",\"articleSection\":[\"Shopping guide\"],\"inLanguage\":\"fr-FR\"},{\"@type\":\"WebPage\",\"@id\":\"https:\\\/\\\/marieclaire.be\\\/fr\\\/black-friday-maisons-du-monde-notre-top-10-des-tendances-deco-irresistibles-a-saisir-en-promo\\\/\",\"url\":\"https:\\\/\\\/marieclaire.be\\\/fr\\\/black-friday-maisons-du-monde-notre-top-10-des-tendances-deco-irresistibles-a-saisir-en-promo\\\/\",\"name\":\"Black Friday Maisons du Monde : notre top 10 des tendances d\u00e9co irr\u00e9sistibles \u00e0 saisir en promo - Marie Claire Belgique\",\"isPartOf\":{\"@id\":\"https:\\\/\\\/marieclaire.be\\\/fr\\\/#website\"},\"primaryImageOfPage\":{\"@id\":\"https:\\\/\\\/marieclaire.be\\\/fr\\\/black-friday-maisons-du-monde-notre-top-10-des-tendances-deco-irresistibles-a-saisir-en-promo\\\/#primaryimage\"},\"image\":{\"@id\":\"https:\\\/\\\/marieclaire.be\\\/fr\\\/black-friday-maisons-du-monde-notre-top-10-des-tendances-deco-irresistibles-a-saisir-en-promo\\\/#primaryimage\"},\"thumbnailUrl\":\"https:\\\/\\\/marieclaire.be\\\/fr\\\/wp-content\\\/uploads\\\/2025\\\/11\\\/1200x628.png\",\"datePublished\":\"2025-11-26T13:23:22+00:00\",\"dateModified\":\"2025-11-26T15:03:43+00:00\",\"description\":\"D\u00e9couvrez notre top 10 des meilleures tendances d\u00e9co Maisons du Monde \u00e0 saisir en promo pour le Black Friday. Des pi\u00e8ces irr\u00e9sistibles pour sublimer votre int\u00e9rieur.\",\"breadcrumb\":{\"@id\":\"https:\\\/\\\/marieclaire.be\\\/fr\\\/black-friday-maisons-du-monde-notre-top-10-des-tendances-deco-irresistibles-a-saisir-en-promo\\\/#breadcrumb\"},\"inLanguage\":\"fr-FR\",\"potentialAction\":[{\"@type\":\"ReadAction\",\"target\":[\"https:\\\/\\\/marieclaire.be\\\/fr\\\/black-friday-maisons-du-monde-notre-top-10-des-tendances-deco-irresistibles-a-saisir-en-promo\\\/\"]}]},{\"@type\":\"ImageObject\",\"inLanguage\":\"fr-FR\",\"@id\":\"https:\\\/\\\/marieclaire.be\\\/fr\\\/black-friday-maisons-du-monde-notre-top-10-des-tendances-deco-irresistibles-a-saisir-en-promo\\\/#primaryimage\",\"url\":\"https:\\\/\\\/marieclaire.be\\\/fr\\\/wp-content\\\/uploads\\\/2025\\\/11\\\/1200x628.png\",\"contentUrl\":\"https:\\\/\\\/marieclaire.be\\\/fr\\\/wp-content\\\/uploads\\\/2025\\\/11\\\/1200x628.png\",\"width\":1200,\"height\":628,\"caption\":\"Maisons du Monde\"},{\"@type\":\"BreadcrumbList\",\"@id\":\"https:\\\/\\\/marieclaire.be\\\/fr\\\/black-friday-maisons-du-monde-notre-top-10-des-tendances-deco-irresistibles-a-saisir-en-promo\\\/#breadcrumb\",\"itemListElement\":[{\"@type\":\"ListItem\",\"position\":1,\"name\":\"Accueil\",\"item\":\"https:\\\/\\\/marieclaire.be\\\/fr\\\/\"},{\"@type\":\"ListItem\",\"position\":2,\"name\":\"Black Friday Maisons du Monde : notre top 10 des tendances d\u00e9co irr\u00e9sistibles \u00e0 saisir en promo\"}]},{\"@type\":\"WebSite\",\"@id\":\"https:\\\/\\\/marieclaire.be\\\/fr\\\/#website\",\"url\":\"https:\\\/\\\/marieclaire.be\\\/fr\\\/\",\"name\":\"Marie Claire Belgique\",\"description\":\"Marie Claire Belgique, le magazine du style et de l\u2019intelligence qui parle de mode, des tendances, de la beaut\u00e9, de l\u2019actualit\u00e9 et de la culture\",\"publisher\":{\"@id\":\"https:\\\/\\\/marieclaire.be\\\/fr\\\/#organization\"},\"potentialAction\":[{\"@type\":\"SearchAction\",\"target\":{\"@type\":\"EntryPoint\",\"urlTemplate\":\"https:\\\/\\\/marieclaire.be\\\/fr\\\/?s={search_term_string}\"},\"query-input\":{\"@type\":\"PropertyValueSpecification\",\"valueRequired\":true,\"valueName\":\"search_term_string\"}}],\"inLanguage\":\"fr-FR\"},{\"@type\":\"Organization\",\"@id\":\"https:\\\/\\\/marieclaire.be\\\/fr\\\/#organization\",\"name\":\"Marie Claire\",\"url\":\"https:\\\/\\\/marieclaire.be\\\/fr\\\/\",\"logo\":{\"@type\":\"ImageObject\",\"inLanguage\":\"fr-FR\",\"@id\":\"https:\\\/\\\/marieclaire.be\\\/fr\\\/#\\\/schema\\\/logo\\\/image\\\/\",\"url\":\"https:\\\/\\\/marieclaire.be\\\/fr\\\/wp-content\\\/uploads\\\/2018\\\/05\\\/mc-logo2.png\",\"contentUrl\":\"https:\\\/\\\/marieclaire.be\\\/fr\\\/wp-content\\\/uploads\\\/2018\\\/05\\\/mc-logo2.png\",\"width\":1001,\"height\":189,\"caption\":\"Marie Claire\"},\"image\":{\"@id\":\"https:\\\/\\\/marieclaire.be\\\/fr\\\/#\\\/schema\\\/logo\\\/image\\\/\"},\"sameAs\":[\"https:\\\/\\\/www.facebook.com\\\/MarieClaire.Belgique\\\/\",\"https:\\\/\\\/www.instagram.com\\\/marieclaire_belgique\\\/\",\"https:\\\/\\\/fr.pinterest.com\\\/marieclairebe\\\/\",\"https:\\\/\\\/www.youtube.com\\\/user\\\/BelgiumMarieClaire\"]},{\"@type\":\"Person\",\"@id\":\"https:\\\/\\\/marieclaire.be\\\/fr\\\/#\\\/schema\\\/person\\\/370c8d452065b6682657b91e67e34dc5\",\"name\":\"MarieClaire Expert\",\"image\":{\"@type\":\"ImageObject\",\"inLanguage\":\"fr-FR\",\"@id\":\"https:\\\/\\\/marieclaire.be\\\/fr\\\/wp-content\\\/uploads\\\/2025\\\/02\\\/mclogo-300x3001-96x96.jpg\",\"url\":\"https:\\\/\\\/marieclaire.be\\\/fr\\\/wp-content\\\/uploads\\\/2025\\\/02\\\/mclogo-300x3001-96x96.jpg\",\"contentUrl\":\"https:\\\/\\\/marieclaire.be\\\/fr\\\/wp-content\\\/uploads\\\/2025\\\/02\\\/mclogo-300x3001-96x96.jpg\",\"caption\":\"MarieClaire Expert\"},\"url\":\"https:\\\/\\\/marieclaire.be\\\/fr\\\/author\\\/vincentdigital-content-expert-com\\\/\"}]}<\/script>\n<!-- \/ Yoast SEO plugin. -->","yoast_head_json":{"title":"Black Friday Maisons du Monde : notre top 10 des tendances d\u00e9co irr\u00e9sistibles \u00e0 saisir en promo - Marie Claire Belgique","description":"D\u00e9couvrez notre top 10 des meilleures tendances d\u00e9co Maisons du Monde \u00e0 saisir en promo pour le Black Friday. Des pi\u00e8ces irr\u00e9sistibles pour sublimer votre int\u00e9rieur.","robots":{"index":"index","follow":"follow","max-snippet":"max-snippet:-1","max-image-preview":"max-image-preview:large","max-video-preview":"max-video-preview:-1"},"canonical":"https:\/\/marieclaire.be\/fr\/black-friday-maisons-du-monde-notre-top-10-des-tendances-deco-irresistibles-a-saisir-en-promo\/","og_locale":"fr_FR","og_type":"article","og_title":"Black Friday Maisons du Monde : notre top 10 des tendances d\u00e9co irr\u00e9sistibles \u00e0 saisir en promo - Marie Claire Belgique","og_description":"D\u00e9couvrez notre top 10 des meilleures tendances d\u00e9co Maisons du Monde \u00e0 saisir en promo pour le Black Friday. Des pi\u00e8ces irr\u00e9sistibles pour sublimer votre int\u00e9rieur.","og_url":"https:\/\/marieclaire.be\/fr\/black-friday-maisons-du-monde-notre-top-10-des-tendances-deco-irresistibles-a-saisir-en-promo\/","og_site_name":"Marie Claire Belgique","article_publisher":"https:\/\/www.facebook.com\/MarieClaire.Belgique\/","article_published_time":"2025-11-26T13:23:22+00:00","article_modified_time":"2025-11-26T15:03:43+00:00","og_image":[{"width":1200,"height":628,"url":"https:\/\/marieclaire.be\/fr\/wp-content\/uploads\/2025\/11\/1200x628.png","type":"image\/png"}],"author":"MarieClaire Expert","twitter_misc":{"\u00c9crit par":"MarieClaire Expert","Dur\u00e9e de lecture estim\u00e9e":"7 minutes"},"schema":{"@context":"https:\/\/schema.org","@graph":[{"@type":"NewsArticle","@id":"https:\/\/marieclaire.be\/fr\/black-friday-maisons-du-monde-notre-top-10-des-tendances-deco-irresistibles-a-saisir-en-promo\/#article","isPartOf":{"@id":"https:\/\/marieclaire.be\/fr\/black-friday-maisons-du-monde-notre-top-10-des-tendances-deco-irresistibles-a-saisir-en-promo\/"},"author":{"name":"MarieClaire Expert","@id":"https:\/\/marieclaire.be\/fr\/#\/schema\/person\/370c8d452065b6682657b91e67e34dc5"},"headline":"Black Friday Maisons du Monde : notre top 10 des tendances d\u00e9co irr\u00e9sistibles \u00e0 saisir en promo","datePublished":"2025-11-26T13:23:22+00:00","dateModified":"2025-11-26T15:03:43+00:00","mainEntityOfPage":{"@id":"https:\/\/marieclaire.be\/fr\/black-friday-maisons-du-monde-notre-top-10-des-tendances-deco-irresistibles-a-saisir-en-promo\/"},"wordCount":1025,"publisher":{"@id":"https:\/\/marieclaire.be\/fr\/#organization"},"image":{"@id":"https:\/\/marieclaire.be\/fr\/black-friday-maisons-du-monde-notre-top-10-des-tendances-deco-irresistibles-a-saisir-en-promo\/#primaryimage"},"thumbnailUrl":"https:\/\/marieclaire.be\/fr\/wp-content\/uploads\/2025\/11\/1200x628.png","articleSection":["Shopping guide"],"inLanguage":"fr-FR"},{"@type":"WebPage","@id":"https:\/\/marieclaire.be\/fr\/black-friday-maisons-du-monde-notre-top-10-des-tendances-deco-irresistibles-a-saisir-en-promo\/","url":"https:\/\/marieclaire.be\/fr\/black-friday-maisons-du-monde-notre-top-10-des-tendances-deco-irresistibles-a-saisir-en-promo\/","name":"Black Friday Maisons du Monde : notre top 10 des tendances d\u00e9co irr\u00e9sistibles \u00e0 saisir en promo - Marie Claire Belgique","isPartOf":{"@id":"https:\/\/marieclaire.be\/fr\/#website"},"primaryImageOfPage":{"@id":"https:\/\/marieclaire.be\/fr\/black-friday-maisons-du-monde-notre-top-10-des-tendances-deco-irresistibles-a-saisir-en-promo\/#primaryimage"},"image":{"@id":"https:\/\/marieclaire.be\/fr\/black-friday-maisons-du-monde-notre-top-10-des-tendances-deco-irresistibles-a-saisir-en-promo\/#primaryimage"},"thumbnailUrl":"https:\/\/marieclaire.be\/fr\/wp-content\/uploads\/2025\/11\/1200x628.png","datePublished":"2025-11-26T13:23:22+00:00","dateModified":"2025-11-26T15:03:43+00:00","description":"D\u00e9couvrez notre top 10 des meilleures tendances d\u00e9co Maisons du Monde \u00e0 saisir en promo pour le Black Friday. Des pi\u00e8ces irr\u00e9sistibles pour sublimer votre int\u00e9rieur.","breadcrumb":{"@id":"https:\/\/marieclaire.be\/fr\/black-friday-maisons-du-monde-notre-top-10-des-tendances-deco-irresistibles-a-saisir-en-promo\/#breadcrumb"},"inLanguage":"fr-FR","potentialAction":[{"@type":"ReadAction","target":["https:\/\/marieclaire.be\/fr\/black-friday-maisons-du-monde-notre-top-10-des-tendances-deco-irresistibles-a-saisir-en-promo\/"]}]},{"@type":"ImageObject","inLanguage":"fr-FR","@id":"https:\/\/marieclaire.be\/fr\/black-friday-maisons-du-monde-notre-top-10-des-tendances-deco-irresistibles-a-saisir-en-promo\/#primaryimage","url":"https:\/\/marieclaire.be\/fr\/wp-content\/uploads\/2025\/11\/1200x628.png","contentUrl":"https:\/\/marieclaire.be\/fr\/wp-content\/uploads\/2025\/11\/1200x628.png","width":1200,"height":628,"caption":"Maisons du Monde"},{"@type":"BreadcrumbList","@id":"https:\/\/marieclaire.be\/fr\/black-friday-maisons-du-monde-notre-top-10-des-tendances-deco-irresistibles-a-saisir-en-promo\/#breadcrumb","itemListElement":[{"@type":"ListItem","position":1,"name":"Accueil","item":"https:\/\/marieclaire.be\/fr\/"},{"@type":"ListItem","position":2,"name":"Black Friday Maisons du Monde : notre top 10 des tendances d\u00e9co irr\u00e9sistibles \u00e0 saisir en promo"}]},{"@type":"WebSite","@id":"https:\/\/marieclaire.be\/fr\/#website","url":"https:\/\/marieclaire.be\/fr\/","name":"Marie Claire Belgique","description":"Marie Claire Belgique, le magazine du style et de l\u2019intelligence qui parle de mode, des tendances, de la beaut\u00e9, de l\u2019actualit\u00e9 et de la culture","publisher":{"@id":"https:\/\/marieclaire.be\/fr\/#organization"},"potentialAction":[{"@type":"SearchAction","target":{"@type":"EntryPoint","urlTemplate":"https:\/\/marieclaire.be\/fr\/?s={search_term_string}"},"query-input":{"@type":"PropertyValueSpecification","valueRequired":true,"valueName":"search_term_string"}}],"inLanguage":"fr-FR"},{"@type":"Organization","@id":"https:\/\/marieclaire.be\/fr\/#organization","name":"Marie Claire","url":"https:\/\/marieclaire.be\/fr\/","logo":{"@type":"ImageObject","inLanguage":"fr-FR","@id":"https:\/\/marieclaire.be\/fr\/#\/schema\/logo\/image\/","url":"https:\/\/marieclaire.be\/fr\/wp-content\/uploads\/2018\/05\/mc-logo2.png","contentUrl":"https:\/\/marieclaire.be\/fr\/wp-content\/uploads\/2018\/05\/mc-logo2.png","width":1001,"height":189,"caption":"Marie Claire"},"image":{"@id":"https:\/\/marieclaire.be\/fr\/#\/schema\/logo\/image\/"},"sameAs":["https:\/\/www.facebook.com\/MarieClaire.Belgique\/","https:\/\/www.instagram.com\/marieclaire_belgique\/","https:\/\/fr.pinterest.com\/marieclairebe\/","https:\/\/www.youtube.com\/user\/BelgiumMarieClaire"]},{"@type":"Person","@id":"https:\/\/marieclaire.be\/fr\/#\/schema\/person\/370c8d452065b6682657b91e67e34dc5","name":"MarieClaire Expert","image":{"@type":"ImageObject","inLanguage":"fr-FR","@id":"https:\/\/marieclaire.be\/fr\/wp-content\/uploads\/2025\/02\/mclogo-300x3001-96x96.jpg","url":"https:\/\/marieclaire.be\/fr\/wp-content\/uploads\/2025\/02\/mclogo-300x3001-96x96.jpg","contentUrl":"https:\/\/marieclaire.be\/fr\/wp-content\/uploads\/2025\/02\/mclogo-300x3001-96x96.jpg","caption":"MarieClaire Expert"},"url":"https:\/\/marieclaire.be\/fr\/author\/vincentdigital-content-expert-com\/"}]}},"_links":{"self":[{"href":"https:\/\/marieclaire.be\/fr\/wp-json\/wp\/v2\/posts\/146371","targetHints":{"allow":["GET"]}}],"collection":[{"href":"https:\/\/marieclaire.be\/fr\/wp-json\/wp\/v2\/posts"}],"about":[{"href":"https:\/\/marieclaire.be\/fr\/wp-json\/wp\/v2\/types\/post"}],"author":[{"embeddable":true,"href":"https:\/\/marieclaire.be\/fr\/wp-json\/wp\/v2\/users\/76"}],"replies":[{"embeddable":true,"href":"https:\/\/marieclaire.be\/fr\/wp-json\/wp\/v2\/comments?post=146371"}],"version-history":[{"count":3,"href":"https:\/\/marieclaire.be\/fr\/wp-json\/wp\/v2\/posts\/146371\/revisions"}],"predecessor-version":[{"id":146414,"href":"https:\/\/marieclaire.be\/fr\/wp-json\/wp\/v2\/posts\/146371\/revisions\/146414"}],"wp:featuredmedia":[{"embeddable":true,"href":"https:\/\/marieclaire.be\/fr\/wp-json\/wp\/v2\/media\/146373"}],"wp:attachment":[{"href":"https:\/\/marieclaire.be\/fr\/wp-json\/wp\/v2\/media?parent=146371"}],"wp:term":[{"taxonomy":"category","embeddable":true,"href":"https:\/\/marieclaire.be\/fr\/wp-json\/wp\/v2\/categories?post=146371"},{"taxonomy":"post_tag","embeddable":true,"href":"https:\/\/marieclaire.be\/fr\/wp-json\/wp\/v2\/tags?post=146371"}],"curies":[{"name":"wp","href":"https:\/\/api.w.org\/{rel}","templated":true}]}}