{"id":145718,"date":"2025-10-23T07:06:40","date_gmt":"2025-10-23T05:06:40","guid":{"rendered":"https:\/\/marieclaire.be\/fr\/?p=145718"},"modified":"2025-10-23T08:20:42","modified_gmt":"2025-10-23T06:20:42","slug":"escapade-chic-dubrovnik-adresses","status":"publish","type":"post","link":"https:\/\/marieclaire.be\/fr\/escapade-chic-dubrovnik-adresses\/","title":{"rendered":"Nos adresses \u00e0 Dubrovnik, la Perle de l&#8217;Adriatique"},"content":{"rendered":"","protected":false},"excerpt":{"rendered":"Cette ancienne r\u00e9publique aristocratique a su conserver sa beaut\u00e9, malgr\u00e9 les guerres, les tremblements de terre et les \u00e9pid\u00e9mies d\u2019autrefois. ...","protected":false},"author":73,"featured_media":145803,"comment_status":"closed","ping_status":"closed","sticky":false,"template":"","format":"standard","meta":{"_acf_changed":false,"footnotes":""},"categories":[29,67],"tags":[535,266],"class_list":["post-145718","post","type-post","status-publish","format-standard","has-post-thumbnail","hentry","category-voyages","category-lifestyle","tag-hotel","tag-voyage"],"acf":[],"_yoast_wpseo_title":null,"_yoast_wpseo_metadesc":"Entre murailles m\u00e9di\u00e9vales et mer turquoise, Dubrovnik, surnomm\u00e9e la \u201cPerle de l\u2019Adriatique\u201d, s\u00e9duit d\u00e8s le premier regard.","image_verticale":"145801","yoast_head":"<!-- This site is optimized with the Yoast SEO plugin v27.3 - https:\/\/yoast.com\/product\/yoast-seo-wordpress\/ -->\n<title>Nos adresses \u00e0 Dubrovnik, la Perle de l&#039;Adriatique - Marie Claire Belgique<\/title>\n<meta name=\"description\" content=\"Entre murailles m\u00e9di\u00e9vales et mer turquoise, Dubrovnik, surnomm\u00e9e la \u201cPerle de l\u2019Adriatique\u201d, s\u00e9duit d\u00e8s le premier regard.\" \/>\n<meta name=\"robots\" content=\"index, follow, max-snippet:-1, max-image-preview:large, max-video-preview:-1\" \/>\n<link rel=\"canonical\" href=\"https:\/\/marieclaire.be\/fr\/escapade-chic-dubrovnik-adresses\/\" \/>\n<meta property=\"og:locale\" content=\"fr_FR\" \/>\n<meta property=\"og:type\" content=\"article\" \/>\n<meta property=\"og:title\" content=\"Nos adresses \u00e0 Dubrovnik, la Perle de l&#039;Adriatique - Marie Claire Belgique\" \/>\n<meta property=\"og:description\" content=\"Entre murailles m\u00e9di\u00e9vales et mer turquoise, Dubrovnik, surnomm\u00e9e la \u201cPerle de l\u2019Adriatique\u201d, s\u00e9duit d\u00e8s le premier regard.\" \/>\n<meta property=\"og:url\" content=\"https:\/\/marieclaire.be\/fr\/escapade-chic-dubrovnik-adresses\/\" \/>\n<meta property=\"og:site_name\" content=\"Marie Claire Belgique\" \/>\n<meta property=\"article:publisher\" content=\"https:\/\/www.facebook.com\/MarieClaire.Belgique\/\" \/>\n<meta property=\"article:published_time\" content=\"2025-10-23T05:06:40+00:00\" \/>\n<meta property=\"article:modified_time\" content=\"2025-10-23T06:20:42+00:00\" \/>\n<meta property=\"og:image\" content=\"https:\/\/marieclaire.be\/fr\/wp-content\/uploads\/2025\/10\/dubrovnik-adresses.png\" \/>\n\t<meta property=\"og:image:width\" content=\"1200\" \/>\n\t<meta property=\"og:image:height\" content=\"628\" \/>\n\t<meta property=\"og:image:type\" content=\"image\/png\" \/>\n<meta name=\"author\" content=\"Jo\u00eblle Lehrer\" \/>\n<meta name=\"twitter:label1\" content=\"\u00c9crit par\" \/>\n\t<meta name=\"twitter:data1\" content=\"Jo\u00eblle Lehrer\" \/>\n\t<meta name=\"twitter:label2\" content=\"Dur\u00e9e de lecture estim\u00e9e\" \/>\n\t<meta name=\"twitter:data2\" content=\"6 minutes\" \/>\n<script type=\"application\/ld+json\" class=\"yoast-schema-graph\">{\"@context\":\"https:\\\/\\\/schema.org\",\"@graph\":[{\"@type\":\"NewsArticle\",\"@id\":\"https:\\\/\\\/marieclaire.be\\\/fr\\\/escapade-chic-dubrovnik-adresses\\\/#article\",\"isPartOf\":{\"@id\":\"https:\\\/\\\/marieclaire.be\\\/fr\\\/escapade-chic-dubrovnik-adresses\\\/\"},\"author\":{\"name\":\"Jo\u00eblle Lehrer\",\"@id\":\"https:\\\/\\\/marieclaire.be\\\/fr\\\/#\\\/schema\\\/person\\\/bad27ee00b53a1ed2f74f19a74d7f5af\"},\"headline\":\"Nos adresses \u00e0 Dubrovnik, la Perle de l&#8217;Adriatique\",\"datePublished\":\"2025-10-23T05:06:40+00:00\",\"dateModified\":\"2025-10-23T06:20:42+00:00\",\"mainEntityOfPage\":{\"@id\":\"https:\\\/\\\/marieclaire.be\\\/fr\\\/escapade-chic-dubrovnik-adresses\\\/\"},\"wordCount\":1097,\"publisher\":{\"@id\":\"https:\\\/\\\/marieclaire.be\\\/fr\\\/#organization\"},\"image\":{\"@id\":\"https:\\\/\\\/marieclaire.be\\\/fr\\\/escapade-chic-dubrovnik-adresses\\\/#primaryimage\"},\"thumbnailUrl\":\"https:\\\/\\\/marieclaire.be\\\/fr\\\/wp-content\\\/uploads\\\/2025\\\/10\\\/dubrovnik-adresses.png\",\"keywords\":[\"H\u00f4tel\",\"voyage\"],\"articleSection\":[\"Evasion\",\"Lifestyle\"],\"inLanguage\":\"fr-FR\"},{\"@type\":\"WebPage\",\"@id\":\"https:\\\/\\\/marieclaire.be\\\/fr\\\/escapade-chic-dubrovnik-adresses\\\/\",\"url\":\"https:\\\/\\\/marieclaire.be\\\/fr\\\/escapade-chic-dubrovnik-adresses\\\/\",\"name\":\"Nos adresses \u00e0 Dubrovnik, la Perle de l'Adriatique - Marie Claire Belgique\",\"isPartOf\":{\"@id\":\"https:\\\/\\\/marieclaire.be\\\/fr\\\/#website\"},\"primaryImageOfPage\":{\"@id\":\"https:\\\/\\\/marieclaire.be\\\/fr\\\/escapade-chic-dubrovnik-adresses\\\/#primaryimage\"},\"image\":{\"@id\":\"https:\\\/\\\/marieclaire.be\\\/fr\\\/escapade-chic-dubrovnik-adresses\\\/#primaryimage\"},\"thumbnailUrl\":\"https:\\\/\\\/marieclaire.be\\\/fr\\\/wp-content\\\/uploads\\\/2025\\\/10\\\/dubrovnik-adresses.png\",\"datePublished\":\"2025-10-23T05:06:40+00:00\",\"dateModified\":\"2025-10-23T06:20:42+00:00\",\"description\":\"Entre murailles m\u00e9di\u00e9vales et mer turquoise, Dubrovnik, surnomm\u00e9e la \u201cPerle de l\u2019Adriatique\u201d, s\u00e9duit d\u00e8s le premier regard.\",\"breadcrumb\":{\"@id\":\"https:\\\/\\\/marieclaire.be\\\/fr\\\/escapade-chic-dubrovnik-adresses\\\/#breadcrumb\"},\"inLanguage\":\"fr-FR\",\"potentialAction\":[{\"@type\":\"ReadAction\",\"target\":[\"https:\\\/\\\/marieclaire.be\\\/fr\\\/escapade-chic-dubrovnik-adresses\\\/\"]}]},{\"@type\":\"ImageObject\",\"inLanguage\":\"fr-FR\",\"@id\":\"https:\\\/\\\/marieclaire.be\\\/fr\\\/escapade-chic-dubrovnik-adresses\\\/#primaryimage\",\"url\":\"https:\\\/\\\/marieclaire.be\\\/fr\\\/wp-content\\\/uploads\\\/2025\\\/10\\\/dubrovnik-adresses.png\",\"contentUrl\":\"https:\\\/\\\/marieclaire.be\\\/fr\\\/wp-content\\\/uploads\\\/2025\\\/10\\\/dubrovnik-adresses.png\",\"width\":1200,\"height\":628,\"caption\":\"Unsplash - Spencer Davis\"},{\"@type\":\"BreadcrumbList\",\"@id\":\"https:\\\/\\\/marieclaire.be\\\/fr\\\/escapade-chic-dubrovnik-adresses\\\/#breadcrumb\",\"itemListElement\":[{\"@type\":\"ListItem\",\"position\":1,\"name\":\"Accueil\",\"item\":\"https:\\\/\\\/marieclaire.be\\\/fr\\\/\"},{\"@type\":\"ListItem\",\"position\":2,\"name\":\"Nos adresses \u00e0 Dubrovnik, la Perle de l&#8217;Adriatique\"}]},{\"@type\":\"WebSite\",\"@id\":\"https:\\\/\\\/marieclaire.be\\\/fr\\\/#website\",\"url\":\"https:\\\/\\\/marieclaire.be\\\/fr\\\/\",\"name\":\"Marie Claire Belgique\",\"description\":\"Marie Claire Belgique, le magazine du style et de l\u2019intelligence qui parle de mode, des tendances, de la beaut\u00e9, de l\u2019actualit\u00e9 et de la culture\",\"publisher\":{\"@id\":\"https:\\\/\\\/marieclaire.be\\\/fr\\\/#organization\"},\"potentialAction\":[{\"@type\":\"SearchAction\",\"target\":{\"@type\":\"EntryPoint\",\"urlTemplate\":\"https:\\\/\\\/marieclaire.be\\\/fr\\\/?s={search_term_string}\"},\"query-input\":{\"@type\":\"PropertyValueSpecification\",\"valueRequired\":true,\"valueName\":\"search_term_string\"}}],\"inLanguage\":\"fr-FR\"},{\"@type\":\"Organization\",\"@id\":\"https:\\\/\\\/marieclaire.be\\\/fr\\\/#organization\",\"name\":\"Marie Claire\",\"url\":\"https:\\\/\\\/marieclaire.be\\\/fr\\\/\",\"logo\":{\"@type\":\"ImageObject\",\"inLanguage\":\"fr-FR\",\"@id\":\"https:\\\/\\\/marieclaire.be\\\/fr\\\/#\\\/schema\\\/logo\\\/image\\\/\",\"url\":\"https:\\\/\\\/marieclaire.be\\\/fr\\\/wp-content\\\/uploads\\\/2018\\\/05\\\/mc-logo2.png\",\"contentUrl\":\"https:\\\/\\\/marieclaire.be\\\/fr\\\/wp-content\\\/uploads\\\/2018\\\/05\\\/mc-logo2.png\",\"width\":1001,\"height\":189,\"caption\":\"Marie Claire\"},\"image\":{\"@id\":\"https:\\\/\\\/marieclaire.be\\\/fr\\\/#\\\/schema\\\/logo\\\/image\\\/\"},\"sameAs\":[\"https:\\\/\\\/www.facebook.com\\\/MarieClaire.Belgique\\\/\",\"https:\\\/\\\/www.instagram.com\\\/marieclaire_belgique\\\/\",\"https:\\\/\\\/fr.pinterest.com\\\/marieclairebe\\\/\",\"https:\\\/\\\/www.youtube.com\\\/user\\\/BelgiumMarieClaire\"]},{\"@type\":\"Person\",\"@id\":\"https:\\\/\\\/marieclaire.be\\\/fr\\\/#\\\/schema\\\/person\\\/bad27ee00b53a1ed2f74f19a74d7f5af\",\"name\":\"Jo\u00eblle Lehrer\",\"image\":{\"@type\":\"ImageObject\",\"inLanguage\":\"fr-FR\",\"@id\":\"https:\\\/\\\/marieclaire.be\\\/fr\\\/wp-content\\\/uploads\\\/2024\\\/07\\\/img-20190622-191247-406-96x96.jpg\",\"url\":\"https:\\\/\\\/marieclaire.be\\\/fr\\\/wp-content\\\/uploads\\\/2024\\\/07\\\/img-20190622-191247-406-96x96.jpg\",\"contentUrl\":\"https:\\\/\\\/marieclaire.be\\\/fr\\\/wp-content\\\/uploads\\\/2024\\\/07\\\/img-20190622-191247-406-96x96.jpg\",\"caption\":\"Jo\u00eblle Lehrer\"},\"description\":\"L\u2019info culturelle, avec une pointe d\u2019avance, le divertissement si possible subtil, les rencontres avec les artistes qui donnent des couleurs au temps, la d\u00e9couverte du monde d\u2019ailleurs ou d\u2019ici, tout cela m\u2019anime chaque jour.\",\"sameAs\":[\"https:\\\/\\\/www.instagram.com\\\/joellelehrer\\\/\"],\"url\":\"https:\\\/\\\/marieclaire.be\\\/fr\\\/author\\\/joelle\\\/\"}]}<\/script>\n<!-- \/ Yoast SEO plugin. -->","yoast_head_json":{"title":"Nos adresses \u00e0 Dubrovnik, la Perle de l'Adriatique - Marie Claire Belgique","description":"Entre murailles m\u00e9di\u00e9vales et mer turquoise, Dubrovnik, surnomm\u00e9e la \u201cPerle de l\u2019Adriatique\u201d, s\u00e9duit d\u00e8s le premier regard.","robots":{"index":"index","follow":"follow","max-snippet":"max-snippet:-1","max-image-preview":"max-image-preview:large","max-video-preview":"max-video-preview:-1"},"canonical":"https:\/\/marieclaire.be\/fr\/escapade-chic-dubrovnik-adresses\/","og_locale":"fr_FR","og_type":"article","og_title":"Nos adresses \u00e0 Dubrovnik, la Perle de l'Adriatique - Marie Claire Belgique","og_description":"Entre murailles m\u00e9di\u00e9vales et mer turquoise, Dubrovnik, surnomm\u00e9e la \u201cPerle de l\u2019Adriatique\u201d, s\u00e9duit d\u00e8s le premier regard.","og_url":"https:\/\/marieclaire.be\/fr\/escapade-chic-dubrovnik-adresses\/","og_site_name":"Marie Claire Belgique","article_publisher":"https:\/\/www.facebook.com\/MarieClaire.Belgique\/","article_published_time":"2025-10-23T05:06:40+00:00","article_modified_time":"2025-10-23T06:20:42+00:00","og_image":[{"width":1200,"height":628,"url":"https:\/\/marieclaire.be\/fr\/wp-content\/uploads\/2025\/10\/dubrovnik-adresses.png","type":"image\/png"}],"author":"Jo\u00eblle Lehrer","twitter_misc":{"\u00c9crit par":"Jo\u00eblle Lehrer","Dur\u00e9e de lecture estim\u00e9e":"6 minutes"},"schema":{"@context":"https:\/\/schema.org","@graph":[{"@type":"NewsArticle","@id":"https:\/\/marieclaire.be\/fr\/escapade-chic-dubrovnik-adresses\/#article","isPartOf":{"@id":"https:\/\/marieclaire.be\/fr\/escapade-chic-dubrovnik-adresses\/"},"author":{"name":"Jo\u00eblle Lehrer","@id":"https:\/\/marieclaire.be\/fr\/#\/schema\/person\/bad27ee00b53a1ed2f74f19a74d7f5af"},"headline":"Nos adresses \u00e0 Dubrovnik, la Perle de l&#8217;Adriatique","datePublished":"2025-10-23T05:06:40+00:00","dateModified":"2025-10-23T06:20:42+00:00","mainEntityOfPage":{"@id":"https:\/\/marieclaire.be\/fr\/escapade-chic-dubrovnik-adresses\/"},"wordCount":1097,"publisher":{"@id":"https:\/\/marieclaire.be\/fr\/#organization"},"image":{"@id":"https:\/\/marieclaire.be\/fr\/escapade-chic-dubrovnik-adresses\/#primaryimage"},"thumbnailUrl":"https:\/\/marieclaire.be\/fr\/wp-content\/uploads\/2025\/10\/dubrovnik-adresses.png","keywords":["H\u00f4tel","voyage"],"articleSection":["Evasion","Lifestyle"],"inLanguage":"fr-FR"},{"@type":"WebPage","@id":"https:\/\/marieclaire.be\/fr\/escapade-chic-dubrovnik-adresses\/","url":"https:\/\/marieclaire.be\/fr\/escapade-chic-dubrovnik-adresses\/","name":"Nos adresses \u00e0 Dubrovnik, la Perle de l'Adriatique - Marie Claire Belgique","isPartOf":{"@id":"https:\/\/marieclaire.be\/fr\/#website"},"primaryImageOfPage":{"@id":"https:\/\/marieclaire.be\/fr\/escapade-chic-dubrovnik-adresses\/#primaryimage"},"image":{"@id":"https:\/\/marieclaire.be\/fr\/escapade-chic-dubrovnik-adresses\/#primaryimage"},"thumbnailUrl":"https:\/\/marieclaire.be\/fr\/wp-content\/uploads\/2025\/10\/dubrovnik-adresses.png","datePublished":"2025-10-23T05:06:40+00:00","dateModified":"2025-10-23T06:20:42+00:00","description":"Entre murailles m\u00e9di\u00e9vales et mer turquoise, Dubrovnik, surnomm\u00e9e la \u201cPerle de l\u2019Adriatique\u201d, s\u00e9duit d\u00e8s le premier regard.","breadcrumb":{"@id":"https:\/\/marieclaire.be\/fr\/escapade-chic-dubrovnik-adresses\/#breadcrumb"},"inLanguage":"fr-FR","potentialAction":[{"@type":"ReadAction","target":["https:\/\/marieclaire.be\/fr\/escapade-chic-dubrovnik-adresses\/"]}]},{"@type":"ImageObject","inLanguage":"fr-FR","@id":"https:\/\/marieclaire.be\/fr\/escapade-chic-dubrovnik-adresses\/#primaryimage","url":"https:\/\/marieclaire.be\/fr\/wp-content\/uploads\/2025\/10\/dubrovnik-adresses.png","contentUrl":"https:\/\/marieclaire.be\/fr\/wp-content\/uploads\/2025\/10\/dubrovnik-adresses.png","width":1200,"height":628,"caption":"Unsplash - Spencer Davis"},{"@type":"BreadcrumbList","@id":"https:\/\/marieclaire.be\/fr\/escapade-chic-dubrovnik-adresses\/#breadcrumb","itemListElement":[{"@type":"ListItem","position":1,"name":"Accueil","item":"https:\/\/marieclaire.be\/fr\/"},{"@type":"ListItem","position":2,"name":"Nos adresses \u00e0 Dubrovnik, la Perle de l&#8217;Adriatique"}]},{"@type":"WebSite","@id":"https:\/\/marieclaire.be\/fr\/#website","url":"https:\/\/marieclaire.be\/fr\/","name":"Marie Claire Belgique","description":"Marie Claire Belgique, le magazine du style et de l\u2019intelligence qui parle de mode, des tendances, de la beaut\u00e9, de l\u2019actualit\u00e9 et de la culture","publisher":{"@id":"https:\/\/marieclaire.be\/fr\/#organization"},"potentialAction":[{"@type":"SearchAction","target":{"@type":"EntryPoint","urlTemplate":"https:\/\/marieclaire.be\/fr\/?s={search_term_string}"},"query-input":{"@type":"PropertyValueSpecification","valueRequired":true,"valueName":"search_term_string"}}],"inLanguage":"fr-FR"},{"@type":"Organization","@id":"https:\/\/marieclaire.be\/fr\/#organization","name":"Marie Claire","url":"https:\/\/marieclaire.be\/fr\/","logo":{"@type":"ImageObject","inLanguage":"fr-FR","@id":"https:\/\/marieclaire.be\/fr\/#\/schema\/logo\/image\/","url":"https:\/\/marieclaire.be\/fr\/wp-content\/uploads\/2018\/05\/mc-logo2.png","contentUrl":"https:\/\/marieclaire.be\/fr\/wp-content\/uploads\/2018\/05\/mc-logo2.png","width":1001,"height":189,"caption":"Marie Claire"},"image":{"@id":"https:\/\/marieclaire.be\/fr\/#\/schema\/logo\/image\/"},"sameAs":["https:\/\/www.facebook.com\/MarieClaire.Belgique\/","https:\/\/www.instagram.com\/marieclaire_belgique\/","https:\/\/fr.pinterest.com\/marieclairebe\/","https:\/\/www.youtube.com\/user\/BelgiumMarieClaire"]},{"@type":"Person","@id":"https:\/\/marieclaire.be\/fr\/#\/schema\/person\/bad27ee00b53a1ed2f74f19a74d7f5af","name":"Jo\u00eblle Lehrer","image":{"@type":"ImageObject","inLanguage":"fr-FR","@id":"https:\/\/marieclaire.be\/fr\/wp-content\/uploads\/2024\/07\/img-20190622-191247-406-96x96.jpg","url":"https:\/\/marieclaire.be\/fr\/wp-content\/uploads\/2024\/07\/img-20190622-191247-406-96x96.jpg","contentUrl":"https:\/\/marieclaire.be\/fr\/wp-content\/uploads\/2024\/07\/img-20190622-191247-406-96x96.jpg","caption":"Jo\u00eblle Lehrer"},"description":"L\u2019info culturelle, avec une pointe d\u2019avance, le divertissement si possible subtil, les rencontres avec les artistes qui donnent des couleurs au temps, la d\u00e9couverte du monde d\u2019ailleurs ou d\u2019ici, tout cela m\u2019anime chaque jour.","sameAs":["https:\/\/www.instagram.com\/joellelehrer\/"],"url":"https:\/\/marieclaire.be\/fr\/author\/joelle\/"}]}},"_links":{"self":[{"href":"https:\/\/marieclaire.be\/fr\/wp-json\/wp\/v2\/posts\/145718","targetHints":{"allow":["GET"]}}],"collection":[{"href":"https:\/\/marieclaire.be\/fr\/wp-json\/wp\/v2\/posts"}],"about":[{"href":"https:\/\/marieclaire.be\/fr\/wp-json\/wp\/v2\/types\/post"}],"author":[{"embeddable":true,"href":"https:\/\/marieclaire.be\/fr\/wp-json\/wp\/v2\/users\/73"}],"replies":[{"embeddable":true,"href":"https:\/\/marieclaire.be\/fr\/wp-json\/wp\/v2\/comments?post=145718"}],"version-history":[{"count":8,"href":"https:\/\/marieclaire.be\/fr\/wp-json\/wp\/v2\/posts\/145718\/revisions"}],"predecessor-version":[{"id":145811,"href":"https:\/\/marieclaire.be\/fr\/wp-json\/wp\/v2\/posts\/145718\/revisions\/145811"}],"wp:featuredmedia":[{"embeddable":true,"href":"https:\/\/marieclaire.be\/fr\/wp-json\/wp\/v2\/media\/145803"}],"wp:attachment":[{"href":"https:\/\/marieclaire.be\/fr\/wp-json\/wp\/v2\/media?parent=145718"}],"wp:term":[{"taxonomy":"category","embeddable":true,"href":"https:\/\/marieclaire.be\/fr\/wp-json\/wp\/v2\/categories?post=145718"},{"taxonomy":"post_tag","embeddable":true,"href":"https:\/\/marieclaire.be\/fr\/wp-json\/wp\/v2\/tags?post=145718"}],"curies":[{"name":"wp","href":"https:\/\/api.w.org\/{rel}","templated":true}]}}