{"id":145656,"date":"2025-10-23T10:00:40","date_gmt":"2025-10-23T08:00:40","guid":{"rendered":"https:\/\/marieclaire.be\/fr\/?p=145656"},"modified":"2025-10-24T11:11:34","modified_gmt":"2025-10-24T09:11:34","slug":"kendji-girac-enflamme-lautomne","status":"publish","type":"post","link":"https:\/\/marieclaire.be\/fr\/kendji-girac-enflamme-lautomne\/","title":{"rendered":"Kendji Girac enflamme l\u2019automne"},"content":{"rendered":"","protected":false},"excerpt":{"rendered":"L\u2019agenda est charg\u00e9 !\u00a0 Apr\u00e8s la sortie de son ouvrage autobiographique le 1er octobre, l\u2019artiste vient de d\u00e9voiler \u201cVivre\u2026 Encore\u201d le 17 octobre, et offrira en prime un showcase ultra priv\u00e9 aux auditeurs de NRJ.","protected":false},"author":70,"featured_media":145737,"comment_status":"closed","ping_status":"closed","sticky":false,"template":"","format":"standard","meta":{"_acf_changed":false,"footnotes":""},"categories":[26,5169],"tags":[],"class_list":["post-145656","post","type-post","status-publish","format-standard","has-post-thumbnail","hentry","category-culture","category-musique"],"acf":[],"_yoast_wpseo_title":null,"_yoast_wpseo_metadesc":"L\u2019agenda est charg\u00e9 !\u00a0 Apr\u00e8s la sortie de son ouvrage autobiographique le 1er octobre, l\u2019artiste vient de d\u00e9voiler \u201cVivre\u2026 Encore\u201d","image_verticale":"145736","yoast_head":"<!-- This site is optimized with the Yoast SEO plugin v27.3 - https:\/\/yoast.com\/product\/yoast-seo-wordpress\/ -->\n<title>Kendji Girac enflamme l\u2019automne - Marie Claire Belgique<\/title>\n<meta name=\"description\" content=\"L\u2019agenda est charg\u00e9 !\u00a0 Apr\u00e8s la sortie de son ouvrage autobiographique le 1er octobre, l\u2019artiste vient de d\u00e9voiler \u201cVivre\u2026 Encore\u201d\" \/>\n<meta name=\"robots\" content=\"index, follow, max-snippet:-1, max-image-preview:large, max-video-preview:-1\" \/>\n<link rel=\"canonical\" href=\"https:\/\/marieclaire.be\/fr\/kendji-girac-enflamme-lautomne\/\" \/>\n<meta property=\"og:locale\" content=\"fr_FR\" \/>\n<meta property=\"og:type\" content=\"article\" \/>\n<meta property=\"og:title\" content=\"Kendji Girac enflamme l\u2019automne - Marie Claire Belgique\" \/>\n<meta property=\"og:description\" content=\"L\u2019agenda est charg\u00e9 !\u00a0 Apr\u00e8s la sortie de son ouvrage autobiographique le 1er octobre, l\u2019artiste vient de d\u00e9voiler \u201cVivre\u2026 Encore\u201d\" \/>\n<meta property=\"og:url\" content=\"https:\/\/marieclaire.be\/fr\/kendji-girac-enflamme-lautomne\/\" \/>\n<meta property=\"og:site_name\" content=\"Marie Claire Belgique\" \/>\n<meta property=\"article:publisher\" content=\"https:\/\/www.facebook.com\/MarieClaire.Belgique\/\" \/>\n<meta property=\"article:published_time\" content=\"2025-10-23T08:00:40+00:00\" \/>\n<meta property=\"article:modified_time\" content=\"2025-10-24T09:11:34+00:00\" \/>\n<meta property=\"og:image\" content=\"https:\/\/marieclaire.be\/fr\/wp-content\/uploads\/2015\/10\/marie-claire-horiz-image-a-la-une-1.jpg\" \/>\n\t<meta property=\"og:image:width\" content=\"1280\" \/>\n\t<meta property=\"og:image:height\" content=\"670\" \/>\n\t<meta property=\"og:image:type\" content=\"image\/jpeg\" \/>\n<meta name=\"author\" content=\"Marie Claire Partenaire\" \/>\n<meta name=\"twitter:label1\" content=\"\u00c9crit par\" \/>\n\t<meta name=\"twitter:data1\" content=\"Marie Claire Partenaire\" \/>\n\t<meta name=\"twitter:label2\" content=\"Dur\u00e9e de lecture estim\u00e9e\" \/>\n\t<meta name=\"twitter:data2\" content=\"3 minutes\" \/>\n<script type=\"application\/ld+json\" class=\"yoast-schema-graph\">{\"@context\":\"https:\\\/\\\/schema.org\",\"@graph\":[{\"@type\":\"NewsArticle\",\"@id\":\"https:\\\/\\\/marieclaire.be\\\/fr\\\/kendji-girac-enflamme-lautomne\\\/#article\",\"isPartOf\":{\"@id\":\"https:\\\/\\\/marieclaire.be\\\/fr\\\/kendji-girac-enflamme-lautomne\\\/\"},\"author\":{\"name\":\"Marie Claire Partenaire\",\"@id\":\"https:\\\/\\\/marieclaire.be\\\/fr\\\/#\\\/schema\\\/person\\\/c9f308ff3e5a63cb3efc0ae1c0c0a3fd\"},\"headline\":\"Kendji Girac enflamme l\u2019automne\",\"datePublished\":\"2025-10-23T08:00:40+00:00\",\"dateModified\":\"2025-10-24T09:11:34+00:00\",\"mainEntityOfPage\":{\"@id\":\"https:\\\/\\\/marieclaire.be\\\/fr\\\/kendji-girac-enflamme-lautomne\\\/\"},\"wordCount\":411,\"publisher\":{\"@id\":\"https:\\\/\\\/marieclaire.be\\\/fr\\\/#organization\"},\"image\":{\"@id\":\"https:\\\/\\\/marieclaire.be\\\/fr\\\/kendji-girac-enflamme-lautomne\\\/#primaryimage\"},\"thumbnailUrl\":\"https:\\\/\\\/marieclaire.be\\\/fr\\\/wp-content\\\/uploads\\\/2015\\\/10\\\/marie-claire-horiz-image-a-la-une-1.jpg\",\"articleSection\":[\"Culture\",\"Musique\"],\"inLanguage\":\"fr-FR\"},{\"@type\":\"WebPage\",\"@id\":\"https:\\\/\\\/marieclaire.be\\\/fr\\\/kendji-girac-enflamme-lautomne\\\/\",\"url\":\"https:\\\/\\\/marieclaire.be\\\/fr\\\/kendji-girac-enflamme-lautomne\\\/\",\"name\":\"Kendji Girac enflamme l\u2019automne - Marie Claire Belgique\",\"isPartOf\":{\"@id\":\"https:\\\/\\\/marieclaire.be\\\/fr\\\/#website\"},\"primaryImageOfPage\":{\"@id\":\"https:\\\/\\\/marieclaire.be\\\/fr\\\/kendji-girac-enflamme-lautomne\\\/#primaryimage\"},\"image\":{\"@id\":\"https:\\\/\\\/marieclaire.be\\\/fr\\\/kendji-girac-enflamme-lautomne\\\/#primaryimage\"},\"thumbnailUrl\":\"https:\\\/\\\/marieclaire.be\\\/fr\\\/wp-content\\\/uploads\\\/2015\\\/10\\\/marie-claire-horiz-image-a-la-une-1.jpg\",\"datePublished\":\"2025-10-23T08:00:40+00:00\",\"dateModified\":\"2025-10-24T09:11:34+00:00\",\"description\":\"L\u2019agenda est charg\u00e9 !\u00a0 Apr\u00e8s la sortie de son ouvrage autobiographique le 1er octobre, l\u2019artiste vient de d\u00e9voiler \u201cVivre\u2026 Encore\u201d\",\"breadcrumb\":{\"@id\":\"https:\\\/\\\/marieclaire.be\\\/fr\\\/kendji-girac-enflamme-lautomne\\\/#breadcrumb\"},\"inLanguage\":\"fr-FR\",\"potentialAction\":[{\"@type\":\"ReadAction\",\"target\":[\"https:\\\/\\\/marieclaire.be\\\/fr\\\/kendji-girac-enflamme-lautomne\\\/\"]}]},{\"@type\":\"ImageObject\",\"inLanguage\":\"fr-FR\",\"@id\":\"https:\\\/\\\/marieclaire.be\\\/fr\\\/kendji-girac-enflamme-lautomne\\\/#primaryimage\",\"url\":\"https:\\\/\\\/marieclaire.be\\\/fr\\\/wp-content\\\/uploads\\\/2015\\\/10\\\/marie-claire-horiz-image-a-la-une-1.jpg\",\"contentUrl\":\"https:\\\/\\\/marieclaire.be\\\/fr\\\/wp-content\\\/uploads\\\/2015\\\/10\\\/marie-claire-horiz-image-a-la-une-1.jpg\",\"width\":1280,\"height\":670,\"caption\":\"\u00a9FREEPIK\"},{\"@type\":\"BreadcrumbList\",\"@id\":\"https:\\\/\\\/marieclaire.be\\\/fr\\\/kendji-girac-enflamme-lautomne\\\/#breadcrumb\",\"itemListElement\":[{\"@type\":\"ListItem\",\"position\":1,\"name\":\"Accueil\",\"item\":\"https:\\\/\\\/marieclaire.be\\\/fr\\\/\"},{\"@type\":\"ListItem\",\"position\":2,\"name\":\"Kendji Girac enflamme l\u2019automne\"}]},{\"@type\":\"WebSite\",\"@id\":\"https:\\\/\\\/marieclaire.be\\\/fr\\\/#website\",\"url\":\"https:\\\/\\\/marieclaire.be\\\/fr\\\/\",\"name\":\"Marie Claire Belgique\",\"description\":\"Marie Claire Belgique, le magazine du style et de l\u2019intelligence qui parle de mode, des tendances, de la beaut\u00e9, de l\u2019actualit\u00e9 et de la culture\",\"publisher\":{\"@id\":\"https:\\\/\\\/marieclaire.be\\\/fr\\\/#organization\"},\"potentialAction\":[{\"@type\":\"SearchAction\",\"target\":{\"@type\":\"EntryPoint\",\"urlTemplate\":\"https:\\\/\\\/marieclaire.be\\\/fr\\\/?s={search_term_string}\"},\"query-input\":{\"@type\":\"PropertyValueSpecification\",\"valueRequired\":true,\"valueName\":\"search_term_string\"}}],\"inLanguage\":\"fr-FR\"},{\"@type\":\"Organization\",\"@id\":\"https:\\\/\\\/marieclaire.be\\\/fr\\\/#organization\",\"name\":\"Marie Claire\",\"url\":\"https:\\\/\\\/marieclaire.be\\\/fr\\\/\",\"logo\":{\"@type\":\"ImageObject\",\"inLanguage\":\"fr-FR\",\"@id\":\"https:\\\/\\\/marieclaire.be\\\/fr\\\/#\\\/schema\\\/logo\\\/image\\\/\",\"url\":\"https:\\\/\\\/marieclaire.be\\\/fr\\\/wp-content\\\/uploads\\\/2018\\\/05\\\/mc-logo2.png\",\"contentUrl\":\"https:\\\/\\\/marieclaire.be\\\/fr\\\/wp-content\\\/uploads\\\/2018\\\/05\\\/mc-logo2.png\",\"width\":1001,\"height\":189,\"caption\":\"Marie Claire\"},\"image\":{\"@id\":\"https:\\\/\\\/marieclaire.be\\\/fr\\\/#\\\/schema\\\/logo\\\/image\\\/\"},\"sameAs\":[\"https:\\\/\\\/www.facebook.com\\\/MarieClaire.Belgique\\\/\",\"https:\\\/\\\/www.instagram.com\\\/marieclaire_belgique\\\/\",\"https:\\\/\\\/fr.pinterest.com\\\/marieclairebe\\\/\",\"https:\\\/\\\/www.youtube.com\\\/user\\\/BelgiumMarieClaire\"]},{\"@type\":\"Person\",\"@id\":\"https:\\\/\\\/marieclaire.be\\\/fr\\\/#\\\/schema\\\/person\\\/c9f308ff3e5a63cb3efc0ae1c0c0a3fd\",\"name\":\"Marie Claire Partenaire\",\"image\":{\"@type\":\"ImageObject\",\"inLanguage\":\"fr-FR\",\"@id\":\"https:\\\/\\\/secure.gravatar.com\\\/avatar\\\/081d2cd4575981df403100e247f888ad2ab94033015c4f0b86a6c6d09d3d121c?s=96&d=mm&r=g\",\"url\":\"https:\\\/\\\/secure.gravatar.com\\\/avatar\\\/081d2cd4575981df403100e247f888ad2ab94033015c4f0b86a6c6d09d3d121c?s=96&d=mm&r=g\",\"contentUrl\":\"https:\\\/\\\/secure.gravatar.com\\\/avatar\\\/081d2cd4575981df403100e247f888ad2ab94033015c4f0b86a6c6d09d3d121c?s=96&d=mm&r=g\",\"caption\":\"Marie Claire Partenaire\"},\"url\":\"https:\\\/\\\/marieclaire.be\\\/fr\\\/author\\\/reworldmediaseo\\\/\"}]}<\/script>\n<!-- \/ Yoast SEO plugin. -->","yoast_head_json":{"title":"Kendji Girac enflamme l\u2019automne - Marie Claire Belgique","description":"L\u2019agenda est charg\u00e9 !\u00a0 Apr\u00e8s la sortie de son ouvrage autobiographique le 1er octobre, l\u2019artiste vient de d\u00e9voiler \u201cVivre\u2026 Encore\u201d","robots":{"index":"index","follow":"follow","max-snippet":"max-snippet:-1","max-image-preview":"max-image-preview:large","max-video-preview":"max-video-preview:-1"},"canonical":"https:\/\/marieclaire.be\/fr\/kendji-girac-enflamme-lautomne\/","og_locale":"fr_FR","og_type":"article","og_title":"Kendji Girac enflamme l\u2019automne - Marie Claire Belgique","og_description":"L\u2019agenda est charg\u00e9 !\u00a0 Apr\u00e8s la sortie de son ouvrage autobiographique le 1er octobre, l\u2019artiste vient de d\u00e9voiler \u201cVivre\u2026 Encore\u201d","og_url":"https:\/\/marieclaire.be\/fr\/kendji-girac-enflamme-lautomne\/","og_site_name":"Marie Claire Belgique","article_publisher":"https:\/\/www.facebook.com\/MarieClaire.Belgique\/","article_published_time":"2025-10-23T08:00:40+00:00","article_modified_time":"2025-10-24T09:11:34+00:00","og_image":[{"width":1280,"height":670,"url":"https:\/\/marieclaire.be\/fr\/wp-content\/uploads\/2015\/10\/marie-claire-horiz-image-a-la-une-1.jpg","type":"image\/jpeg"}],"author":"Marie Claire Partenaire","twitter_misc":{"\u00c9crit par":"Marie Claire Partenaire","Dur\u00e9e de lecture estim\u00e9e":"3 minutes"},"schema":{"@context":"https:\/\/schema.org","@graph":[{"@type":"NewsArticle","@id":"https:\/\/marieclaire.be\/fr\/kendji-girac-enflamme-lautomne\/#article","isPartOf":{"@id":"https:\/\/marieclaire.be\/fr\/kendji-girac-enflamme-lautomne\/"},"author":{"name":"Marie Claire Partenaire","@id":"https:\/\/marieclaire.be\/fr\/#\/schema\/person\/c9f308ff3e5a63cb3efc0ae1c0c0a3fd"},"headline":"Kendji Girac enflamme l\u2019automne","datePublished":"2025-10-23T08:00:40+00:00","dateModified":"2025-10-24T09:11:34+00:00","mainEntityOfPage":{"@id":"https:\/\/marieclaire.be\/fr\/kendji-girac-enflamme-lautomne\/"},"wordCount":411,"publisher":{"@id":"https:\/\/marieclaire.be\/fr\/#organization"},"image":{"@id":"https:\/\/marieclaire.be\/fr\/kendji-girac-enflamme-lautomne\/#primaryimage"},"thumbnailUrl":"https:\/\/marieclaire.be\/fr\/wp-content\/uploads\/2015\/10\/marie-claire-horiz-image-a-la-une-1.jpg","articleSection":["Culture","Musique"],"inLanguage":"fr-FR"},{"@type":"WebPage","@id":"https:\/\/marieclaire.be\/fr\/kendji-girac-enflamme-lautomne\/","url":"https:\/\/marieclaire.be\/fr\/kendji-girac-enflamme-lautomne\/","name":"Kendji Girac enflamme l\u2019automne - Marie Claire Belgique","isPartOf":{"@id":"https:\/\/marieclaire.be\/fr\/#website"},"primaryImageOfPage":{"@id":"https:\/\/marieclaire.be\/fr\/kendji-girac-enflamme-lautomne\/#primaryimage"},"image":{"@id":"https:\/\/marieclaire.be\/fr\/kendji-girac-enflamme-lautomne\/#primaryimage"},"thumbnailUrl":"https:\/\/marieclaire.be\/fr\/wp-content\/uploads\/2015\/10\/marie-claire-horiz-image-a-la-une-1.jpg","datePublished":"2025-10-23T08:00:40+00:00","dateModified":"2025-10-24T09:11:34+00:00","description":"L\u2019agenda est charg\u00e9 !\u00a0 Apr\u00e8s la sortie de son ouvrage autobiographique le 1er octobre, l\u2019artiste vient de d\u00e9voiler \u201cVivre\u2026 Encore\u201d","breadcrumb":{"@id":"https:\/\/marieclaire.be\/fr\/kendji-girac-enflamme-lautomne\/#breadcrumb"},"inLanguage":"fr-FR","potentialAction":[{"@type":"ReadAction","target":["https:\/\/marieclaire.be\/fr\/kendji-girac-enflamme-lautomne\/"]}]},{"@type":"ImageObject","inLanguage":"fr-FR","@id":"https:\/\/marieclaire.be\/fr\/kendji-girac-enflamme-lautomne\/#primaryimage","url":"https:\/\/marieclaire.be\/fr\/wp-content\/uploads\/2015\/10\/marie-claire-horiz-image-a-la-une-1.jpg","contentUrl":"https:\/\/marieclaire.be\/fr\/wp-content\/uploads\/2015\/10\/marie-claire-horiz-image-a-la-une-1.jpg","width":1280,"height":670,"caption":"\u00a9FREEPIK"},{"@type":"BreadcrumbList","@id":"https:\/\/marieclaire.be\/fr\/kendji-girac-enflamme-lautomne\/#breadcrumb","itemListElement":[{"@type":"ListItem","position":1,"name":"Accueil","item":"https:\/\/marieclaire.be\/fr\/"},{"@type":"ListItem","position":2,"name":"Kendji Girac enflamme l\u2019automne"}]},{"@type":"WebSite","@id":"https:\/\/marieclaire.be\/fr\/#website","url":"https:\/\/marieclaire.be\/fr\/","name":"Marie Claire Belgique","description":"Marie Claire Belgique, le magazine du style et de l\u2019intelligence qui parle de mode, des tendances, de la beaut\u00e9, de l\u2019actualit\u00e9 et de la culture","publisher":{"@id":"https:\/\/marieclaire.be\/fr\/#organization"},"potentialAction":[{"@type":"SearchAction","target":{"@type":"EntryPoint","urlTemplate":"https:\/\/marieclaire.be\/fr\/?s={search_term_string}"},"query-input":{"@type":"PropertyValueSpecification","valueRequired":true,"valueName":"search_term_string"}}],"inLanguage":"fr-FR"},{"@type":"Organization","@id":"https:\/\/marieclaire.be\/fr\/#organization","name":"Marie Claire","url":"https:\/\/marieclaire.be\/fr\/","logo":{"@type":"ImageObject","inLanguage":"fr-FR","@id":"https:\/\/marieclaire.be\/fr\/#\/schema\/logo\/image\/","url":"https:\/\/marieclaire.be\/fr\/wp-content\/uploads\/2018\/05\/mc-logo2.png","contentUrl":"https:\/\/marieclaire.be\/fr\/wp-content\/uploads\/2018\/05\/mc-logo2.png","width":1001,"height":189,"caption":"Marie Claire"},"image":{"@id":"https:\/\/marieclaire.be\/fr\/#\/schema\/logo\/image\/"},"sameAs":["https:\/\/www.facebook.com\/MarieClaire.Belgique\/","https:\/\/www.instagram.com\/marieclaire_belgique\/","https:\/\/fr.pinterest.com\/marieclairebe\/","https:\/\/www.youtube.com\/user\/BelgiumMarieClaire"]},{"@type":"Person","@id":"https:\/\/marieclaire.be\/fr\/#\/schema\/person\/c9f308ff3e5a63cb3efc0ae1c0c0a3fd","name":"Marie Claire Partenaire","image":{"@type":"ImageObject","inLanguage":"fr-FR","@id":"https:\/\/secure.gravatar.com\/avatar\/081d2cd4575981df403100e247f888ad2ab94033015c4f0b86a6c6d09d3d121c?s=96&d=mm&r=g","url":"https:\/\/secure.gravatar.com\/avatar\/081d2cd4575981df403100e247f888ad2ab94033015c4f0b86a6c6d09d3d121c?s=96&d=mm&r=g","contentUrl":"https:\/\/secure.gravatar.com\/avatar\/081d2cd4575981df403100e247f888ad2ab94033015c4f0b86a6c6d09d3d121c?s=96&d=mm&r=g","caption":"Marie Claire Partenaire"},"url":"https:\/\/marieclaire.be\/fr\/author\/reworldmediaseo\/"}]}},"_links":{"self":[{"href":"https:\/\/marieclaire.be\/fr\/wp-json\/wp\/v2\/posts\/145656","targetHints":{"allow":["GET"]}}],"collection":[{"href":"https:\/\/marieclaire.be\/fr\/wp-json\/wp\/v2\/posts"}],"about":[{"href":"https:\/\/marieclaire.be\/fr\/wp-json\/wp\/v2\/types\/post"}],"author":[{"embeddable":true,"href":"https:\/\/marieclaire.be\/fr\/wp-json\/wp\/v2\/users\/70"}],"replies":[{"embeddable":true,"href":"https:\/\/marieclaire.be\/fr\/wp-json\/wp\/v2\/comments?post=145656"}],"version-history":[{"count":3,"href":"https:\/\/marieclaire.be\/fr\/wp-json\/wp\/v2\/posts\/145656\/revisions"}],"predecessor-version":[{"id":145738,"href":"https:\/\/marieclaire.be\/fr\/wp-json\/wp\/v2\/posts\/145656\/revisions\/145738"}],"wp:featuredmedia":[{"embeddable":true,"href":"https:\/\/marieclaire.be\/fr\/wp-json\/wp\/v2\/media\/145737"}],"wp:attachment":[{"href":"https:\/\/marieclaire.be\/fr\/wp-json\/wp\/v2\/media?parent=145656"}],"wp:term":[{"taxonomy":"category","embeddable":true,"href":"https:\/\/marieclaire.be\/fr\/wp-json\/wp\/v2\/categories?post=145656"},{"taxonomy":"post_tag","embeddable":true,"href":"https:\/\/marieclaire.be\/fr\/wp-json\/wp\/v2\/tags?post=145656"}],"curies":[{"name":"wp","href":"https:\/\/api.w.org\/{rel}","templated":true}]}}