{"id":145135,"date":"2025-09-10T09:14:44","date_gmt":"2025-09-10T07:14:44","guid":{"rendered":"https:\/\/marieclaire.be\/fr\/?p=145135"},"modified":"2025-09-12T10:08:55","modified_gmt":"2025-09-12T08:08:55","slug":"loreal-paris-defile-paris-fashion-week","status":"publish","type":"post","link":"https:\/\/marieclaire.be\/fr\/loreal-paris-defile-paris-fashion-week\/","title":{"rendered":"L&#8217;Or\u00e9al Paris organise un d\u00e9fil\u00e9 \u00e9v\u00e8nement ouvert \u00e0 tous (et c&#8217;est gratuit)"},"content":{"rendered":"","protected":false},"excerpt":{"rendered":"Lundi 29 septembre 2025, L&#8217;Or\u00e9al Paris rassemblera ses \u00e9g\u00e9ries internationales pour un d\u00e9fil\u00e9 engag\u00e9 et inclusif sur le parvis de l\u2019H\u00f4tel de Ville.","protected":false},"author":30,"featured_media":145138,"comment_status":"closed","ping_status":"closed","sticky":false,"template":"","format":"standard","meta":{"_acf_changed":false,"footnotes":""},"categories":[7,15],"tags":[888],"class_list":["post-145135","post","type-post","status-publish","format-standard","has-post-thumbnail","hentry","category-beaute","category-maquillage","tag-fashion-week"],"acf":[],"_yoast_wpseo_title":null,"_yoast_wpseo_metadesc":"Le d\u00e9fil\u00e9 spectaculaire organis\u00e9 chaque ann\u00e9e par L'Or\u00e9al Paris signe son grand retour lors de la Fashion Week de Paris.","image_verticale":"145139","yoast_head":"<!-- This site is optimized with the Yoast SEO plugin v27.3 - https:\/\/yoast.com\/product\/yoast-seo-wordpress\/ -->\n<title>L&#039;Or\u00e9al Paris organise un d\u00e9fil\u00e9 \u00e9v\u00e8nement ouvert \u00e0 tous (et c&#039;est gratuit) - Marie Claire Belgique<\/title>\n<meta name=\"description\" content=\"Le d\u00e9fil\u00e9 spectaculaire organis\u00e9 chaque ann\u00e9e par L&#039;Or\u00e9al Paris signe son grand retour lors de la Fashion Week de Paris.\" \/>\n<meta name=\"robots\" content=\"index, follow, max-snippet:-1, max-image-preview:large, max-video-preview:-1\" \/>\n<link rel=\"canonical\" href=\"https:\/\/marieclaire.be\/fr\/loreal-paris-defile-paris-fashion-week\/\" \/>\n<meta property=\"og:locale\" content=\"fr_FR\" \/>\n<meta property=\"og:type\" content=\"article\" \/>\n<meta property=\"og:title\" content=\"L&#039;Or\u00e9al Paris organise un d\u00e9fil\u00e9 \u00e9v\u00e8nement ouvert \u00e0 tous (et c&#039;est gratuit) - Marie Claire Belgique\" \/>\n<meta property=\"og:description\" content=\"Le d\u00e9fil\u00e9 spectaculaire organis\u00e9 chaque ann\u00e9e par L&#039;Or\u00e9al Paris signe son grand retour lors de la Fashion Week de Paris.\" \/>\n<meta property=\"og:url\" content=\"https:\/\/marieclaire.be\/fr\/loreal-paris-defile-paris-fashion-week\/\" \/>\n<meta property=\"og:site_name\" content=\"Marie Claire Belgique\" \/>\n<meta property=\"article:publisher\" content=\"https:\/\/www.facebook.com\/MarieClaire.Belgique\/\" \/>\n<meta property=\"article:published_time\" content=\"2025-09-10T07:14:44+00:00\" \/>\n<meta property=\"article:modified_time\" content=\"2025-09-12T08:08:55+00:00\" \/>\n<meta property=\"og:image\" content=\"https:\/\/marieclaire.be\/fr\/wp-content\/uploads\/2025\/09\/loreal-defile-1.png\" \/>\n\t<meta property=\"og:image:width\" content=\"1200\" \/>\n\t<meta property=\"og:image:height\" content=\"628\" \/>\n\t<meta property=\"og:image:type\" content=\"image\/png\" \/>\n<meta name=\"author\" content=\"Malvine Sevrin\" \/>\n<meta name=\"twitter:label1\" content=\"\u00c9crit par\" \/>\n\t<meta name=\"twitter:data1\" content=\"Malvine Sevrin\" \/>\n\t<meta name=\"twitter:label2\" content=\"Dur\u00e9e de lecture estim\u00e9e\" \/>\n\t<meta name=\"twitter:data2\" content=\"3 minutes\" \/>\n<script type=\"application\/ld+json\" class=\"yoast-schema-graph\">{\"@context\":\"https:\\\/\\\/schema.org\",\"@graph\":[{\"@type\":\"NewsArticle\",\"@id\":\"https:\\\/\\\/marieclaire.be\\\/fr\\\/loreal-paris-defile-paris-fashion-week\\\/#article\",\"isPartOf\":{\"@id\":\"https:\\\/\\\/marieclaire.be\\\/fr\\\/loreal-paris-defile-paris-fashion-week\\\/\"},\"author\":{\"name\":\"Malvine Sevrin\",\"@id\":\"https:\\\/\\\/marieclaire.be\\\/fr\\\/#\\\/schema\\\/person\\\/c71bd7a8c3e622513c7531a39292a34e\"},\"headline\":\"L&#8217;Or\u00e9al Paris organise un d\u00e9fil\u00e9 \u00e9v\u00e8nement ouvert \u00e0 tous (et c&#8217;est gratuit)\",\"datePublished\":\"2025-09-10T07:14:44+00:00\",\"dateModified\":\"2025-09-12T08:08:55+00:00\",\"mainEntityOfPage\":{\"@id\":\"https:\\\/\\\/marieclaire.be\\\/fr\\\/loreal-paris-defile-paris-fashion-week\\\/\"},\"wordCount\":436,\"publisher\":{\"@id\":\"https:\\\/\\\/marieclaire.be\\\/fr\\\/#organization\"},\"image\":{\"@id\":\"https:\\\/\\\/marieclaire.be\\\/fr\\\/loreal-paris-defile-paris-fashion-week\\\/#primaryimage\"},\"thumbnailUrl\":\"https:\\\/\\\/marieclaire.be\\\/fr\\\/wp-content\\\/uploads\\\/2025\\\/09\\\/loreal-defile-1.png\",\"keywords\":[\"fashion week\"],\"articleSection\":[\"Beaut\u00e9\",\"Maquillage\"],\"inLanguage\":\"fr-FR\"},{\"@type\":\"WebPage\",\"@id\":\"https:\\\/\\\/marieclaire.be\\\/fr\\\/loreal-paris-defile-paris-fashion-week\\\/\",\"url\":\"https:\\\/\\\/marieclaire.be\\\/fr\\\/loreal-paris-defile-paris-fashion-week\\\/\",\"name\":\"L'Or\u00e9al Paris organise un d\u00e9fil\u00e9 \u00e9v\u00e8nement ouvert \u00e0 tous (et c'est gratuit) - Marie Claire Belgique\",\"isPartOf\":{\"@id\":\"https:\\\/\\\/marieclaire.be\\\/fr\\\/#website\"},\"primaryImageOfPage\":{\"@id\":\"https:\\\/\\\/marieclaire.be\\\/fr\\\/loreal-paris-defile-paris-fashion-week\\\/#primaryimage\"},\"image\":{\"@id\":\"https:\\\/\\\/marieclaire.be\\\/fr\\\/loreal-paris-defile-paris-fashion-week\\\/#primaryimage\"},\"thumbnailUrl\":\"https:\\\/\\\/marieclaire.be\\\/fr\\\/wp-content\\\/uploads\\\/2025\\\/09\\\/loreal-defile-1.png\",\"datePublished\":\"2025-09-10T07:14:44+00:00\",\"dateModified\":\"2025-09-12T08:08:55+00:00\",\"description\":\"Le d\u00e9fil\u00e9 spectaculaire organis\u00e9 chaque ann\u00e9e par L'Or\u00e9al Paris signe son grand retour lors de la Fashion Week de Paris.\",\"breadcrumb\":{\"@id\":\"https:\\\/\\\/marieclaire.be\\\/fr\\\/loreal-paris-defile-paris-fashion-week\\\/#breadcrumb\"},\"inLanguage\":\"fr-FR\",\"potentialAction\":[{\"@type\":\"ReadAction\",\"target\":[\"https:\\\/\\\/marieclaire.be\\\/fr\\\/loreal-paris-defile-paris-fashion-week\\\/\"]}]},{\"@type\":\"ImageObject\",\"inLanguage\":\"fr-FR\",\"@id\":\"https:\\\/\\\/marieclaire.be\\\/fr\\\/loreal-paris-defile-paris-fashion-week\\\/#primaryimage\",\"url\":\"https:\\\/\\\/marieclaire.be\\\/fr\\\/wp-content\\\/uploads\\\/2025\\\/09\\\/loreal-defile-1.png\",\"contentUrl\":\"https:\\\/\\\/marieclaire.be\\\/fr\\\/wp-content\\\/uploads\\\/2025\\\/09\\\/loreal-defile-1.png\",\"width\":1200,\"height\":628,\"caption\":\"Presse\"},{\"@type\":\"BreadcrumbList\",\"@id\":\"https:\\\/\\\/marieclaire.be\\\/fr\\\/loreal-paris-defile-paris-fashion-week\\\/#breadcrumb\",\"itemListElement\":[{\"@type\":\"ListItem\",\"position\":1,\"name\":\"Accueil\",\"item\":\"https:\\\/\\\/marieclaire.be\\\/fr\\\/\"},{\"@type\":\"ListItem\",\"position\":2,\"name\":\"L&#8217;Or\u00e9al Paris organise un d\u00e9fil\u00e9 \u00e9v\u00e8nement ouvert \u00e0 tous (et c&#8217;est gratuit)\"}]},{\"@type\":\"WebSite\",\"@id\":\"https:\\\/\\\/marieclaire.be\\\/fr\\\/#website\",\"url\":\"https:\\\/\\\/marieclaire.be\\\/fr\\\/\",\"name\":\"Marie Claire Belgique\",\"description\":\"Marie Claire Belgique, le magazine du style et de l\u2019intelligence qui parle de mode, des tendances, de la beaut\u00e9, de l\u2019actualit\u00e9 et de la culture\",\"publisher\":{\"@id\":\"https:\\\/\\\/marieclaire.be\\\/fr\\\/#organization\"},\"potentialAction\":[{\"@type\":\"SearchAction\",\"target\":{\"@type\":\"EntryPoint\",\"urlTemplate\":\"https:\\\/\\\/marieclaire.be\\\/fr\\\/?s={search_term_string}\"},\"query-input\":{\"@type\":\"PropertyValueSpecification\",\"valueRequired\":true,\"valueName\":\"search_term_string\"}}],\"inLanguage\":\"fr-FR\"},{\"@type\":\"Organization\",\"@id\":\"https:\\\/\\\/marieclaire.be\\\/fr\\\/#organization\",\"name\":\"Marie Claire\",\"url\":\"https:\\\/\\\/marieclaire.be\\\/fr\\\/\",\"logo\":{\"@type\":\"ImageObject\",\"inLanguage\":\"fr-FR\",\"@id\":\"https:\\\/\\\/marieclaire.be\\\/fr\\\/#\\\/schema\\\/logo\\\/image\\\/\",\"url\":\"https:\\\/\\\/marieclaire.be\\\/fr\\\/wp-content\\\/uploads\\\/2018\\\/05\\\/mc-logo2.png\",\"contentUrl\":\"https:\\\/\\\/marieclaire.be\\\/fr\\\/wp-content\\\/uploads\\\/2018\\\/05\\\/mc-logo2.png\",\"width\":1001,\"height\":189,\"caption\":\"Marie Claire\"},\"image\":{\"@id\":\"https:\\\/\\\/marieclaire.be\\\/fr\\\/#\\\/schema\\\/logo\\\/image\\\/\"},\"sameAs\":[\"https:\\\/\\\/www.facebook.com\\\/MarieClaire.Belgique\\\/\",\"https:\\\/\\\/www.instagram.com\\\/marieclaire_belgique\\\/\",\"https:\\\/\\\/fr.pinterest.com\\\/marieclairebe\\\/\",\"https:\\\/\\\/www.youtube.com\\\/user\\\/BelgiumMarieClaire\"]},{\"@type\":\"Person\",\"@id\":\"https:\\\/\\\/marieclaire.be\\\/fr\\\/#\\\/schema\\\/person\\\/c71bd7a8c3e622513c7531a39292a34e\",\"name\":\"Malvine Sevrin\",\"image\":{\"@type\":\"ImageObject\",\"inLanguage\":\"fr-FR\",\"@id\":\"https:\\\/\\\/marieclaire.be\\\/fr\\\/wp-content\\\/uploads\\\/2017\\\/05\\\/capture-decran-2024-02-13-a-145920-96x96.png\",\"url\":\"https:\\\/\\\/marieclaire.be\\\/fr\\\/wp-content\\\/uploads\\\/2017\\\/05\\\/capture-decran-2024-02-13-a-145920-96x96.png\",\"contentUrl\":\"https:\\\/\\\/marieclaire.be\\\/fr\\\/wp-content\\\/uploads\\\/2017\\\/05\\\/capture-decran-2024-02-13-a-145920-96x96.png\",\"caption\":\"Malvine Sevrin\"},\"description\":\"Des podiums parisiens aux derni\u00e8res nouveaut\u00e9s skincare qui enflamment TikTok, je d\u00e9crypte les tendances pour Marie Claire Belgique. Passionn\u00e9e de voyage, de mode et de beaut\u00e9, je partage mes coups de coeur d\u00e9nich\u00e9s aux quatre coins du globe. En tant que r\u00e9dactrice en chef digital, j'ai \u00e9galement \u00e0 coeur de mettre en lumi\u00e8re les histoires inspirantes de femmes \u00e0 travers notre site et sur nos r\u00e9seaux sociaux.\",\"sameAs\":[\"https:\\\/\\\/www.instagram.com\\\/malvinesev\\\/\"],\"url\":\"https:\\\/\\\/marieclaire.be\\\/fr\\\/author\\\/malvine\\\/\"}]}<\/script>\n<!-- \/ Yoast SEO plugin. -->","yoast_head_json":{"title":"L'Or\u00e9al Paris organise un d\u00e9fil\u00e9 \u00e9v\u00e8nement ouvert \u00e0 tous (et c'est gratuit) - Marie Claire Belgique","description":"Le d\u00e9fil\u00e9 spectaculaire organis\u00e9 chaque ann\u00e9e par L'Or\u00e9al Paris signe son grand retour lors de la Fashion Week de Paris.","robots":{"index":"index","follow":"follow","max-snippet":"max-snippet:-1","max-image-preview":"max-image-preview:large","max-video-preview":"max-video-preview:-1"},"canonical":"https:\/\/marieclaire.be\/fr\/loreal-paris-defile-paris-fashion-week\/","og_locale":"fr_FR","og_type":"article","og_title":"L'Or\u00e9al Paris organise un d\u00e9fil\u00e9 \u00e9v\u00e8nement ouvert \u00e0 tous (et c'est gratuit) - Marie Claire Belgique","og_description":"Le d\u00e9fil\u00e9 spectaculaire organis\u00e9 chaque ann\u00e9e par L'Or\u00e9al Paris signe son grand retour lors de la Fashion Week de Paris.","og_url":"https:\/\/marieclaire.be\/fr\/loreal-paris-defile-paris-fashion-week\/","og_site_name":"Marie Claire Belgique","article_publisher":"https:\/\/www.facebook.com\/MarieClaire.Belgique\/","article_published_time":"2025-09-10T07:14:44+00:00","article_modified_time":"2025-09-12T08:08:55+00:00","og_image":[{"width":1200,"height":628,"url":"https:\/\/marieclaire.be\/fr\/wp-content\/uploads\/2025\/09\/loreal-defile-1.png","type":"image\/png"}],"author":"Malvine Sevrin","twitter_misc":{"\u00c9crit par":"Malvine Sevrin","Dur\u00e9e de lecture estim\u00e9e":"3 minutes"},"schema":{"@context":"https:\/\/schema.org","@graph":[{"@type":"NewsArticle","@id":"https:\/\/marieclaire.be\/fr\/loreal-paris-defile-paris-fashion-week\/#article","isPartOf":{"@id":"https:\/\/marieclaire.be\/fr\/loreal-paris-defile-paris-fashion-week\/"},"author":{"name":"Malvine Sevrin","@id":"https:\/\/marieclaire.be\/fr\/#\/schema\/person\/c71bd7a8c3e622513c7531a39292a34e"},"headline":"L&#8217;Or\u00e9al Paris organise un d\u00e9fil\u00e9 \u00e9v\u00e8nement ouvert \u00e0 tous (et c&#8217;est gratuit)","datePublished":"2025-09-10T07:14:44+00:00","dateModified":"2025-09-12T08:08:55+00:00","mainEntityOfPage":{"@id":"https:\/\/marieclaire.be\/fr\/loreal-paris-defile-paris-fashion-week\/"},"wordCount":436,"publisher":{"@id":"https:\/\/marieclaire.be\/fr\/#organization"},"image":{"@id":"https:\/\/marieclaire.be\/fr\/loreal-paris-defile-paris-fashion-week\/#primaryimage"},"thumbnailUrl":"https:\/\/marieclaire.be\/fr\/wp-content\/uploads\/2025\/09\/loreal-defile-1.png","keywords":["fashion week"],"articleSection":["Beaut\u00e9","Maquillage"],"inLanguage":"fr-FR"},{"@type":"WebPage","@id":"https:\/\/marieclaire.be\/fr\/loreal-paris-defile-paris-fashion-week\/","url":"https:\/\/marieclaire.be\/fr\/loreal-paris-defile-paris-fashion-week\/","name":"L'Or\u00e9al Paris organise un d\u00e9fil\u00e9 \u00e9v\u00e8nement ouvert \u00e0 tous (et c'est gratuit) - Marie Claire Belgique","isPartOf":{"@id":"https:\/\/marieclaire.be\/fr\/#website"},"primaryImageOfPage":{"@id":"https:\/\/marieclaire.be\/fr\/loreal-paris-defile-paris-fashion-week\/#primaryimage"},"image":{"@id":"https:\/\/marieclaire.be\/fr\/loreal-paris-defile-paris-fashion-week\/#primaryimage"},"thumbnailUrl":"https:\/\/marieclaire.be\/fr\/wp-content\/uploads\/2025\/09\/loreal-defile-1.png","datePublished":"2025-09-10T07:14:44+00:00","dateModified":"2025-09-12T08:08:55+00:00","description":"Le d\u00e9fil\u00e9 spectaculaire organis\u00e9 chaque ann\u00e9e par L'Or\u00e9al Paris signe son grand retour lors de la Fashion Week de Paris.","breadcrumb":{"@id":"https:\/\/marieclaire.be\/fr\/loreal-paris-defile-paris-fashion-week\/#breadcrumb"},"inLanguage":"fr-FR","potentialAction":[{"@type":"ReadAction","target":["https:\/\/marieclaire.be\/fr\/loreal-paris-defile-paris-fashion-week\/"]}]},{"@type":"ImageObject","inLanguage":"fr-FR","@id":"https:\/\/marieclaire.be\/fr\/loreal-paris-defile-paris-fashion-week\/#primaryimage","url":"https:\/\/marieclaire.be\/fr\/wp-content\/uploads\/2025\/09\/loreal-defile-1.png","contentUrl":"https:\/\/marieclaire.be\/fr\/wp-content\/uploads\/2025\/09\/loreal-defile-1.png","width":1200,"height":628,"caption":"Presse"},{"@type":"BreadcrumbList","@id":"https:\/\/marieclaire.be\/fr\/loreal-paris-defile-paris-fashion-week\/#breadcrumb","itemListElement":[{"@type":"ListItem","position":1,"name":"Accueil","item":"https:\/\/marieclaire.be\/fr\/"},{"@type":"ListItem","position":2,"name":"L&#8217;Or\u00e9al Paris organise un d\u00e9fil\u00e9 \u00e9v\u00e8nement ouvert \u00e0 tous (et c&#8217;est gratuit)"}]},{"@type":"WebSite","@id":"https:\/\/marieclaire.be\/fr\/#website","url":"https:\/\/marieclaire.be\/fr\/","name":"Marie Claire Belgique","description":"Marie Claire Belgique, le magazine du style et de l\u2019intelligence qui parle de mode, des tendances, de la beaut\u00e9, de l\u2019actualit\u00e9 et de la culture","publisher":{"@id":"https:\/\/marieclaire.be\/fr\/#organization"},"potentialAction":[{"@type":"SearchAction","target":{"@type":"EntryPoint","urlTemplate":"https:\/\/marieclaire.be\/fr\/?s={search_term_string}"},"query-input":{"@type":"PropertyValueSpecification","valueRequired":true,"valueName":"search_term_string"}}],"inLanguage":"fr-FR"},{"@type":"Organization","@id":"https:\/\/marieclaire.be\/fr\/#organization","name":"Marie Claire","url":"https:\/\/marieclaire.be\/fr\/","logo":{"@type":"ImageObject","inLanguage":"fr-FR","@id":"https:\/\/marieclaire.be\/fr\/#\/schema\/logo\/image\/","url":"https:\/\/marieclaire.be\/fr\/wp-content\/uploads\/2018\/05\/mc-logo2.png","contentUrl":"https:\/\/marieclaire.be\/fr\/wp-content\/uploads\/2018\/05\/mc-logo2.png","width":1001,"height":189,"caption":"Marie Claire"},"image":{"@id":"https:\/\/marieclaire.be\/fr\/#\/schema\/logo\/image\/"},"sameAs":["https:\/\/www.facebook.com\/MarieClaire.Belgique\/","https:\/\/www.instagram.com\/marieclaire_belgique\/","https:\/\/fr.pinterest.com\/marieclairebe\/","https:\/\/www.youtube.com\/user\/BelgiumMarieClaire"]},{"@type":"Person","@id":"https:\/\/marieclaire.be\/fr\/#\/schema\/person\/c71bd7a8c3e622513c7531a39292a34e","name":"Malvine Sevrin","image":{"@type":"ImageObject","inLanguage":"fr-FR","@id":"https:\/\/marieclaire.be\/fr\/wp-content\/uploads\/2017\/05\/capture-decran-2024-02-13-a-145920-96x96.png","url":"https:\/\/marieclaire.be\/fr\/wp-content\/uploads\/2017\/05\/capture-decran-2024-02-13-a-145920-96x96.png","contentUrl":"https:\/\/marieclaire.be\/fr\/wp-content\/uploads\/2017\/05\/capture-decran-2024-02-13-a-145920-96x96.png","caption":"Malvine Sevrin"},"description":"Des podiums parisiens aux derni\u00e8res nouveaut\u00e9s skincare qui enflamment TikTok, je d\u00e9crypte les tendances pour Marie Claire Belgique. Passionn\u00e9e de voyage, de mode et de beaut\u00e9, je partage mes coups de coeur d\u00e9nich\u00e9s aux quatre coins du globe. En tant que r\u00e9dactrice en chef digital, j'ai \u00e9galement \u00e0 coeur de mettre en lumi\u00e8re les histoires inspirantes de femmes \u00e0 travers notre site et sur nos r\u00e9seaux sociaux.","sameAs":["https:\/\/www.instagram.com\/malvinesev\/"],"url":"https:\/\/marieclaire.be\/fr\/author\/malvine\/"}]}},"_links":{"self":[{"href":"https:\/\/marieclaire.be\/fr\/wp-json\/wp\/v2\/posts\/145135","targetHints":{"allow":["GET"]}}],"collection":[{"href":"https:\/\/marieclaire.be\/fr\/wp-json\/wp\/v2\/posts"}],"about":[{"href":"https:\/\/marieclaire.be\/fr\/wp-json\/wp\/v2\/types\/post"}],"author":[{"embeddable":true,"href":"https:\/\/marieclaire.be\/fr\/wp-json\/wp\/v2\/users\/30"}],"replies":[{"embeddable":true,"href":"https:\/\/marieclaire.be\/fr\/wp-json\/wp\/v2\/comments?post=145135"}],"version-history":[{"count":1,"href":"https:\/\/marieclaire.be\/fr\/wp-json\/wp\/v2\/posts\/145135\/revisions"}],"predecessor-version":[{"id":145140,"href":"https:\/\/marieclaire.be\/fr\/wp-json\/wp\/v2\/posts\/145135\/revisions\/145140"}],"wp:featuredmedia":[{"embeddable":true,"href":"https:\/\/marieclaire.be\/fr\/wp-json\/wp\/v2\/media\/145138"}],"wp:attachment":[{"href":"https:\/\/marieclaire.be\/fr\/wp-json\/wp\/v2\/media?parent=145135"}],"wp:term":[{"taxonomy":"category","embeddable":true,"href":"https:\/\/marieclaire.be\/fr\/wp-json\/wp\/v2\/categories?post=145135"},{"taxonomy":"post_tag","embeddable":true,"href":"https:\/\/marieclaire.be\/fr\/wp-json\/wp\/v2\/tags?post=145135"}],"curies":[{"name":"wp","href":"https:\/\/api.w.org\/{rel}","templated":true}]}}