{"id":144948,"date":"2025-08-19T18:45:56","date_gmt":"2025-08-19T16:45:56","guid":{"rendered":"https:\/\/marieclaire.be\/fr\/?p=144948"},"modified":"2025-08-20T12:05:45","modified_gmt":"2025-08-20T10:05:45","slug":"les-ongles-a-pois-le-detail-retro-qui-simpose-sur-nos-mains-cet-ete","status":"publish","type":"post","link":"https:\/\/marieclaire.be\/fr\/les-ongles-a-pois-le-detail-retro-qui-simpose-sur-nos-mains-cet-ete\/","title":{"rendered":"Les ongles \u00e0 pois, le d\u00e9tail r\u00e9tro qui s\u2019impose sur nos mains cet \u00e9t\u00e9"},"content":{"rendered":"","protected":false},"excerpt":{"rendered":"Apr\u00e8s avoir envahi les podiums &#8211; de Carolina Herrera \u00e0 Jacquemus, qui en ont fait l\u2019imprim\u00e9 star de leurs collections printemps-\u00e9t\u00e9 2025 &#8211; le pois quitte les silhouettes et s\u2019invite sur\u2026 nos ongles.","protected":false},"author":30,"featured_media":144970,"comment_status":"closed","ping_status":"closed","sticky":false,"template":"","format":"standard","meta":{"_acf_changed":false,"footnotes":""},"categories":[7,5166],"tags":[3787],"class_list":["post-144948","post","type-post","status-publish","format-standard","has-post-thumbnail","hentry","category-beaute","category-manucure","tag-ongles"],"acf":[],"_yoast_wpseo_title":null,"_yoast_wpseo_metadesc":"La manucure \u00e0 pois s'invite sur nos ongles ! Zoom sur le motif r\u00e9tro devenu le d\u00e9tail beaut\u00e9 le plus convoit\u00e9 de la saison.","image_verticale":"144968","yoast_head":"<!-- This site is optimized with the Yoast SEO plugin v27.3 - https:\/\/yoast.com\/product\/yoast-seo-wordpress\/ -->\n<title>Les ongles \u00e0 pois, le d\u00e9tail r\u00e9tro qui s\u2019impose sur nos mains cet \u00e9t\u00e9 - Marie Claire Belgique<\/title>\n<meta name=\"description\" content=\"La manucure \u00e0 pois s&#039;invite sur nos ongles ! Zoom sur le motif r\u00e9tro devenu le d\u00e9tail beaut\u00e9 le plus convoit\u00e9 de la saison.\" \/>\n<meta name=\"robots\" content=\"index, follow, max-snippet:-1, max-image-preview:large, max-video-preview:-1\" \/>\n<link rel=\"canonical\" href=\"https:\/\/marieclaire.be\/fr\/les-ongles-a-pois-le-detail-retro-qui-simpose-sur-nos-mains-cet-ete\/\" \/>\n<meta property=\"og:locale\" content=\"fr_FR\" \/>\n<meta property=\"og:type\" content=\"article\" \/>\n<meta property=\"og:title\" content=\"Les ongles \u00e0 pois, le d\u00e9tail r\u00e9tro qui s\u2019impose sur nos mains cet \u00e9t\u00e9 - Marie Claire Belgique\" \/>\n<meta property=\"og:description\" content=\"La manucure \u00e0 pois s&#039;invite sur nos ongles ! Zoom sur le motif r\u00e9tro devenu le d\u00e9tail beaut\u00e9 le plus convoit\u00e9 de la saison.\" \/>\n<meta property=\"og:url\" content=\"https:\/\/marieclaire.be\/fr\/les-ongles-a-pois-le-detail-retro-qui-simpose-sur-nos-mains-cet-ete\/\" \/>\n<meta property=\"og:site_name\" content=\"Marie Claire Belgique\" \/>\n<meta property=\"article:publisher\" content=\"https:\/\/www.facebook.com\/MarieClaire.Belgique\/\" \/>\n<meta property=\"article:published_time\" content=\"2025-08-19T16:45:56+00:00\" \/>\n<meta property=\"article:modified_time\" content=\"2025-08-20T10:05:45+00:00\" \/>\n<meta property=\"og:image\" content=\"https:\/\/marieclaire.be\/fr\/wp-content\/uploads\/2025\/08\/ongles-pois-tendance.png\" \/>\n\t<meta property=\"og:image:width\" content=\"1200\" \/>\n\t<meta property=\"og:image:height\" content=\"628\" \/>\n\t<meta property=\"og:image:type\" content=\"image\/png\" \/>\n<meta name=\"author\" content=\"Malvine Sevrin\" \/>\n<meta name=\"twitter:label1\" content=\"\u00c9crit par\" \/>\n\t<meta name=\"twitter:data1\" content=\"Malvine Sevrin\" \/>\n\t<meta name=\"twitter:label2\" content=\"Dur\u00e9e de lecture estim\u00e9e\" \/>\n\t<meta name=\"twitter:data2\" content=\"4 minutes\" \/>\n<script type=\"application\/ld+json\" class=\"yoast-schema-graph\">{\"@context\":\"https:\\\/\\\/schema.org\",\"@graph\":[{\"@type\":\"NewsArticle\",\"@id\":\"https:\\\/\\\/marieclaire.be\\\/fr\\\/les-ongles-a-pois-le-detail-retro-qui-simpose-sur-nos-mains-cet-ete\\\/#article\",\"isPartOf\":{\"@id\":\"https:\\\/\\\/marieclaire.be\\\/fr\\\/les-ongles-a-pois-le-detail-retro-qui-simpose-sur-nos-mains-cet-ete\\\/\"},\"author\":{\"name\":\"Malvine Sevrin\",\"@id\":\"https:\\\/\\\/marieclaire.be\\\/fr\\\/#\\\/schema\\\/person\\\/c71bd7a8c3e622513c7531a39292a34e\"},\"headline\":\"Les ongles \u00e0 pois, le d\u00e9tail r\u00e9tro qui s\u2019impose sur nos mains cet \u00e9t\u00e9\",\"datePublished\":\"2025-08-19T16:45:56+00:00\",\"dateModified\":\"2025-08-20T10:05:45+00:00\",\"mainEntityOfPage\":{\"@id\":\"https:\\\/\\\/marieclaire.be\\\/fr\\\/les-ongles-a-pois-le-detail-retro-qui-simpose-sur-nos-mains-cet-ete\\\/\"},\"wordCount\":595,\"publisher\":{\"@id\":\"https:\\\/\\\/marieclaire.be\\\/fr\\\/#organization\"},\"image\":{\"@id\":\"https:\\\/\\\/marieclaire.be\\\/fr\\\/les-ongles-a-pois-le-detail-retro-qui-simpose-sur-nos-mains-cet-ete\\\/#primaryimage\"},\"thumbnailUrl\":\"https:\\\/\\\/marieclaire.be\\\/fr\\\/wp-content\\\/uploads\\\/2025\\\/08\\\/ongles-pois-tendance.png\",\"keywords\":[\"ongles\"],\"articleSection\":[\"Beaut\u00e9\",\"Manucure\"],\"inLanguage\":\"fr-FR\"},{\"@type\":\"WebPage\",\"@id\":\"https:\\\/\\\/marieclaire.be\\\/fr\\\/les-ongles-a-pois-le-detail-retro-qui-simpose-sur-nos-mains-cet-ete\\\/\",\"url\":\"https:\\\/\\\/marieclaire.be\\\/fr\\\/les-ongles-a-pois-le-detail-retro-qui-simpose-sur-nos-mains-cet-ete\\\/\",\"name\":\"Les ongles \u00e0 pois, le d\u00e9tail r\u00e9tro qui s\u2019impose sur nos mains cet \u00e9t\u00e9 - Marie Claire Belgique\",\"isPartOf\":{\"@id\":\"https:\\\/\\\/marieclaire.be\\\/fr\\\/#website\"},\"primaryImageOfPage\":{\"@id\":\"https:\\\/\\\/marieclaire.be\\\/fr\\\/les-ongles-a-pois-le-detail-retro-qui-simpose-sur-nos-mains-cet-ete\\\/#primaryimage\"},\"image\":{\"@id\":\"https:\\\/\\\/marieclaire.be\\\/fr\\\/les-ongles-a-pois-le-detail-retro-qui-simpose-sur-nos-mains-cet-ete\\\/#primaryimage\"},\"thumbnailUrl\":\"https:\\\/\\\/marieclaire.be\\\/fr\\\/wp-content\\\/uploads\\\/2025\\\/08\\\/ongles-pois-tendance.png\",\"datePublished\":\"2025-08-19T16:45:56+00:00\",\"dateModified\":\"2025-08-20T10:05:45+00:00\",\"description\":\"La manucure \u00e0 pois s'invite sur nos ongles ! Zoom sur le motif r\u00e9tro devenu le d\u00e9tail beaut\u00e9 le plus convoit\u00e9 de la saison.\",\"breadcrumb\":{\"@id\":\"https:\\\/\\\/marieclaire.be\\\/fr\\\/les-ongles-a-pois-le-detail-retro-qui-simpose-sur-nos-mains-cet-ete\\\/#breadcrumb\"},\"inLanguage\":\"fr-FR\",\"potentialAction\":[{\"@type\":\"ReadAction\",\"target\":[\"https:\\\/\\\/marieclaire.be\\\/fr\\\/les-ongles-a-pois-le-detail-retro-qui-simpose-sur-nos-mains-cet-ete\\\/\"]}]},{\"@type\":\"ImageObject\",\"inLanguage\":\"fr-FR\",\"@id\":\"https:\\\/\\\/marieclaire.be\\\/fr\\\/les-ongles-a-pois-le-detail-retro-qui-simpose-sur-nos-mains-cet-ete\\\/#primaryimage\",\"url\":\"https:\\\/\\\/marieclaire.be\\\/fr\\\/wp-content\\\/uploads\\\/2025\\\/08\\\/ongles-pois-tendance.png\",\"contentUrl\":\"https:\\\/\\\/marieclaire.be\\\/fr\\\/wp-content\\\/uploads\\\/2025\\\/08\\\/ongles-pois-tendance.png\",\"width\":1200,\"height\":628,\"caption\":\"Instagram @haileybieber\"},{\"@type\":\"BreadcrumbList\",\"@id\":\"https:\\\/\\\/marieclaire.be\\\/fr\\\/les-ongles-a-pois-le-detail-retro-qui-simpose-sur-nos-mains-cet-ete\\\/#breadcrumb\",\"itemListElement\":[{\"@type\":\"ListItem\",\"position\":1,\"name\":\"Accueil\",\"item\":\"https:\\\/\\\/marieclaire.be\\\/fr\\\/\"},{\"@type\":\"ListItem\",\"position\":2,\"name\":\"Les ongles \u00e0 pois, le d\u00e9tail r\u00e9tro qui s\u2019impose sur nos mains cet \u00e9t\u00e9\"}]},{\"@type\":\"WebSite\",\"@id\":\"https:\\\/\\\/marieclaire.be\\\/fr\\\/#website\",\"url\":\"https:\\\/\\\/marieclaire.be\\\/fr\\\/\",\"name\":\"Marie Claire Belgique\",\"description\":\"Marie Claire Belgique, le magazine du style et de l\u2019intelligence qui parle de mode, des tendances, de la beaut\u00e9, de l\u2019actualit\u00e9 et de la culture\",\"publisher\":{\"@id\":\"https:\\\/\\\/marieclaire.be\\\/fr\\\/#organization\"},\"potentialAction\":[{\"@type\":\"SearchAction\",\"target\":{\"@type\":\"EntryPoint\",\"urlTemplate\":\"https:\\\/\\\/marieclaire.be\\\/fr\\\/?s={search_term_string}\"},\"query-input\":{\"@type\":\"PropertyValueSpecification\",\"valueRequired\":true,\"valueName\":\"search_term_string\"}}],\"inLanguage\":\"fr-FR\"},{\"@type\":\"Organization\",\"@id\":\"https:\\\/\\\/marieclaire.be\\\/fr\\\/#organization\",\"name\":\"Marie Claire\",\"url\":\"https:\\\/\\\/marieclaire.be\\\/fr\\\/\",\"logo\":{\"@type\":\"ImageObject\",\"inLanguage\":\"fr-FR\",\"@id\":\"https:\\\/\\\/marieclaire.be\\\/fr\\\/#\\\/schema\\\/logo\\\/image\\\/\",\"url\":\"https:\\\/\\\/marieclaire.be\\\/fr\\\/wp-content\\\/uploads\\\/2018\\\/05\\\/mc-logo2.png\",\"contentUrl\":\"https:\\\/\\\/marieclaire.be\\\/fr\\\/wp-content\\\/uploads\\\/2018\\\/05\\\/mc-logo2.png\",\"width\":1001,\"height\":189,\"caption\":\"Marie Claire\"},\"image\":{\"@id\":\"https:\\\/\\\/marieclaire.be\\\/fr\\\/#\\\/schema\\\/logo\\\/image\\\/\"},\"sameAs\":[\"https:\\\/\\\/www.facebook.com\\\/MarieClaire.Belgique\\\/\",\"https:\\\/\\\/www.instagram.com\\\/marieclaire_belgique\\\/\",\"https:\\\/\\\/fr.pinterest.com\\\/marieclairebe\\\/\",\"https:\\\/\\\/www.youtube.com\\\/user\\\/BelgiumMarieClaire\"]},{\"@type\":\"Person\",\"@id\":\"https:\\\/\\\/marieclaire.be\\\/fr\\\/#\\\/schema\\\/person\\\/c71bd7a8c3e622513c7531a39292a34e\",\"name\":\"Malvine Sevrin\",\"image\":{\"@type\":\"ImageObject\",\"inLanguage\":\"fr-FR\",\"@id\":\"https:\\\/\\\/marieclaire.be\\\/fr\\\/wp-content\\\/uploads\\\/2017\\\/05\\\/capture-decran-2024-02-13-a-145920-96x96.png\",\"url\":\"https:\\\/\\\/marieclaire.be\\\/fr\\\/wp-content\\\/uploads\\\/2017\\\/05\\\/capture-decran-2024-02-13-a-145920-96x96.png\",\"contentUrl\":\"https:\\\/\\\/marieclaire.be\\\/fr\\\/wp-content\\\/uploads\\\/2017\\\/05\\\/capture-decran-2024-02-13-a-145920-96x96.png\",\"caption\":\"Malvine Sevrin\"},\"description\":\"Des podiums parisiens aux derni\u00e8res nouveaut\u00e9s skincare qui enflamment TikTok, je d\u00e9crypte les tendances pour Marie Claire Belgique. Passionn\u00e9e de voyage, de mode et de beaut\u00e9, je partage mes coups de coeur d\u00e9nich\u00e9s aux quatre coins du globe. En tant que r\u00e9dactrice en chef digital, j'ai \u00e9galement \u00e0 coeur de mettre en lumi\u00e8re les histoires inspirantes de femmes \u00e0 travers notre site et sur nos r\u00e9seaux sociaux.\",\"sameAs\":[\"https:\\\/\\\/www.instagram.com\\\/malvinesev\\\/\"],\"url\":\"https:\\\/\\\/marieclaire.be\\\/fr\\\/author\\\/malvine\\\/\"}]}<\/script>\n<!-- \/ Yoast SEO plugin. -->","yoast_head_json":{"title":"Les ongles \u00e0 pois, le d\u00e9tail r\u00e9tro qui s\u2019impose sur nos mains cet \u00e9t\u00e9 - Marie Claire Belgique","description":"La manucure \u00e0 pois s'invite sur nos ongles ! Zoom sur le motif r\u00e9tro devenu le d\u00e9tail beaut\u00e9 le plus convoit\u00e9 de la saison.","robots":{"index":"index","follow":"follow","max-snippet":"max-snippet:-1","max-image-preview":"max-image-preview:large","max-video-preview":"max-video-preview:-1"},"canonical":"https:\/\/marieclaire.be\/fr\/les-ongles-a-pois-le-detail-retro-qui-simpose-sur-nos-mains-cet-ete\/","og_locale":"fr_FR","og_type":"article","og_title":"Les ongles \u00e0 pois, le d\u00e9tail r\u00e9tro qui s\u2019impose sur nos mains cet \u00e9t\u00e9 - Marie Claire Belgique","og_description":"La manucure \u00e0 pois s'invite sur nos ongles ! Zoom sur le motif r\u00e9tro devenu le d\u00e9tail beaut\u00e9 le plus convoit\u00e9 de la saison.","og_url":"https:\/\/marieclaire.be\/fr\/les-ongles-a-pois-le-detail-retro-qui-simpose-sur-nos-mains-cet-ete\/","og_site_name":"Marie Claire Belgique","article_publisher":"https:\/\/www.facebook.com\/MarieClaire.Belgique\/","article_published_time":"2025-08-19T16:45:56+00:00","article_modified_time":"2025-08-20T10:05:45+00:00","og_image":[{"width":1200,"height":628,"url":"https:\/\/marieclaire.be\/fr\/wp-content\/uploads\/2025\/08\/ongles-pois-tendance.png","type":"image\/png"}],"author":"Malvine Sevrin","twitter_misc":{"\u00c9crit par":"Malvine Sevrin","Dur\u00e9e de lecture estim\u00e9e":"4 minutes"},"schema":{"@context":"https:\/\/schema.org","@graph":[{"@type":"NewsArticle","@id":"https:\/\/marieclaire.be\/fr\/les-ongles-a-pois-le-detail-retro-qui-simpose-sur-nos-mains-cet-ete\/#article","isPartOf":{"@id":"https:\/\/marieclaire.be\/fr\/les-ongles-a-pois-le-detail-retro-qui-simpose-sur-nos-mains-cet-ete\/"},"author":{"name":"Malvine Sevrin","@id":"https:\/\/marieclaire.be\/fr\/#\/schema\/person\/c71bd7a8c3e622513c7531a39292a34e"},"headline":"Les ongles \u00e0 pois, le d\u00e9tail r\u00e9tro qui s\u2019impose sur nos mains cet \u00e9t\u00e9","datePublished":"2025-08-19T16:45:56+00:00","dateModified":"2025-08-20T10:05:45+00:00","mainEntityOfPage":{"@id":"https:\/\/marieclaire.be\/fr\/les-ongles-a-pois-le-detail-retro-qui-simpose-sur-nos-mains-cet-ete\/"},"wordCount":595,"publisher":{"@id":"https:\/\/marieclaire.be\/fr\/#organization"},"image":{"@id":"https:\/\/marieclaire.be\/fr\/les-ongles-a-pois-le-detail-retro-qui-simpose-sur-nos-mains-cet-ete\/#primaryimage"},"thumbnailUrl":"https:\/\/marieclaire.be\/fr\/wp-content\/uploads\/2025\/08\/ongles-pois-tendance.png","keywords":["ongles"],"articleSection":["Beaut\u00e9","Manucure"],"inLanguage":"fr-FR"},{"@type":"WebPage","@id":"https:\/\/marieclaire.be\/fr\/les-ongles-a-pois-le-detail-retro-qui-simpose-sur-nos-mains-cet-ete\/","url":"https:\/\/marieclaire.be\/fr\/les-ongles-a-pois-le-detail-retro-qui-simpose-sur-nos-mains-cet-ete\/","name":"Les ongles \u00e0 pois, le d\u00e9tail r\u00e9tro qui s\u2019impose sur nos mains cet \u00e9t\u00e9 - Marie Claire Belgique","isPartOf":{"@id":"https:\/\/marieclaire.be\/fr\/#website"},"primaryImageOfPage":{"@id":"https:\/\/marieclaire.be\/fr\/les-ongles-a-pois-le-detail-retro-qui-simpose-sur-nos-mains-cet-ete\/#primaryimage"},"image":{"@id":"https:\/\/marieclaire.be\/fr\/les-ongles-a-pois-le-detail-retro-qui-simpose-sur-nos-mains-cet-ete\/#primaryimage"},"thumbnailUrl":"https:\/\/marieclaire.be\/fr\/wp-content\/uploads\/2025\/08\/ongles-pois-tendance.png","datePublished":"2025-08-19T16:45:56+00:00","dateModified":"2025-08-20T10:05:45+00:00","description":"La manucure \u00e0 pois s'invite sur nos ongles ! Zoom sur le motif r\u00e9tro devenu le d\u00e9tail beaut\u00e9 le plus convoit\u00e9 de la saison.","breadcrumb":{"@id":"https:\/\/marieclaire.be\/fr\/les-ongles-a-pois-le-detail-retro-qui-simpose-sur-nos-mains-cet-ete\/#breadcrumb"},"inLanguage":"fr-FR","potentialAction":[{"@type":"ReadAction","target":["https:\/\/marieclaire.be\/fr\/les-ongles-a-pois-le-detail-retro-qui-simpose-sur-nos-mains-cet-ete\/"]}]},{"@type":"ImageObject","inLanguage":"fr-FR","@id":"https:\/\/marieclaire.be\/fr\/les-ongles-a-pois-le-detail-retro-qui-simpose-sur-nos-mains-cet-ete\/#primaryimage","url":"https:\/\/marieclaire.be\/fr\/wp-content\/uploads\/2025\/08\/ongles-pois-tendance.png","contentUrl":"https:\/\/marieclaire.be\/fr\/wp-content\/uploads\/2025\/08\/ongles-pois-tendance.png","width":1200,"height":628,"caption":"Instagram @haileybieber"},{"@type":"BreadcrumbList","@id":"https:\/\/marieclaire.be\/fr\/les-ongles-a-pois-le-detail-retro-qui-simpose-sur-nos-mains-cet-ete\/#breadcrumb","itemListElement":[{"@type":"ListItem","position":1,"name":"Accueil","item":"https:\/\/marieclaire.be\/fr\/"},{"@type":"ListItem","position":2,"name":"Les ongles \u00e0 pois, le d\u00e9tail r\u00e9tro qui s\u2019impose sur nos mains cet \u00e9t\u00e9"}]},{"@type":"WebSite","@id":"https:\/\/marieclaire.be\/fr\/#website","url":"https:\/\/marieclaire.be\/fr\/","name":"Marie Claire Belgique","description":"Marie Claire Belgique, le magazine du style et de l\u2019intelligence qui parle de mode, des tendances, de la beaut\u00e9, de l\u2019actualit\u00e9 et de la culture","publisher":{"@id":"https:\/\/marieclaire.be\/fr\/#organization"},"potentialAction":[{"@type":"SearchAction","target":{"@type":"EntryPoint","urlTemplate":"https:\/\/marieclaire.be\/fr\/?s={search_term_string}"},"query-input":{"@type":"PropertyValueSpecification","valueRequired":true,"valueName":"search_term_string"}}],"inLanguage":"fr-FR"},{"@type":"Organization","@id":"https:\/\/marieclaire.be\/fr\/#organization","name":"Marie Claire","url":"https:\/\/marieclaire.be\/fr\/","logo":{"@type":"ImageObject","inLanguage":"fr-FR","@id":"https:\/\/marieclaire.be\/fr\/#\/schema\/logo\/image\/","url":"https:\/\/marieclaire.be\/fr\/wp-content\/uploads\/2018\/05\/mc-logo2.png","contentUrl":"https:\/\/marieclaire.be\/fr\/wp-content\/uploads\/2018\/05\/mc-logo2.png","width":1001,"height":189,"caption":"Marie Claire"},"image":{"@id":"https:\/\/marieclaire.be\/fr\/#\/schema\/logo\/image\/"},"sameAs":["https:\/\/www.facebook.com\/MarieClaire.Belgique\/","https:\/\/www.instagram.com\/marieclaire_belgique\/","https:\/\/fr.pinterest.com\/marieclairebe\/","https:\/\/www.youtube.com\/user\/BelgiumMarieClaire"]},{"@type":"Person","@id":"https:\/\/marieclaire.be\/fr\/#\/schema\/person\/c71bd7a8c3e622513c7531a39292a34e","name":"Malvine Sevrin","image":{"@type":"ImageObject","inLanguage":"fr-FR","@id":"https:\/\/marieclaire.be\/fr\/wp-content\/uploads\/2017\/05\/capture-decran-2024-02-13-a-145920-96x96.png","url":"https:\/\/marieclaire.be\/fr\/wp-content\/uploads\/2017\/05\/capture-decran-2024-02-13-a-145920-96x96.png","contentUrl":"https:\/\/marieclaire.be\/fr\/wp-content\/uploads\/2017\/05\/capture-decran-2024-02-13-a-145920-96x96.png","caption":"Malvine Sevrin"},"description":"Des podiums parisiens aux derni\u00e8res nouveaut\u00e9s skincare qui enflamment TikTok, je d\u00e9crypte les tendances pour Marie Claire Belgique. Passionn\u00e9e de voyage, de mode et de beaut\u00e9, je partage mes coups de coeur d\u00e9nich\u00e9s aux quatre coins du globe. En tant que r\u00e9dactrice en chef digital, j'ai \u00e9galement \u00e0 coeur de mettre en lumi\u00e8re les histoires inspirantes de femmes \u00e0 travers notre site et sur nos r\u00e9seaux sociaux.","sameAs":["https:\/\/www.instagram.com\/malvinesev\/"],"url":"https:\/\/marieclaire.be\/fr\/author\/malvine\/"}]}},"_links":{"self":[{"href":"https:\/\/marieclaire.be\/fr\/wp-json\/wp\/v2\/posts\/144948","targetHints":{"allow":["GET"]}}],"collection":[{"href":"https:\/\/marieclaire.be\/fr\/wp-json\/wp\/v2\/posts"}],"about":[{"href":"https:\/\/marieclaire.be\/fr\/wp-json\/wp\/v2\/types\/post"}],"author":[{"embeddable":true,"href":"https:\/\/marieclaire.be\/fr\/wp-json\/wp\/v2\/users\/30"}],"replies":[{"embeddable":true,"href":"https:\/\/marieclaire.be\/fr\/wp-json\/wp\/v2\/comments?post=144948"}],"version-history":[{"count":5,"href":"https:\/\/marieclaire.be\/fr\/wp-json\/wp\/v2\/posts\/144948\/revisions"}],"predecessor-version":[{"id":144975,"href":"https:\/\/marieclaire.be\/fr\/wp-json\/wp\/v2\/posts\/144948\/revisions\/144975"}],"wp:featuredmedia":[{"embeddable":true,"href":"https:\/\/marieclaire.be\/fr\/wp-json\/wp\/v2\/media\/144970"}],"wp:attachment":[{"href":"https:\/\/marieclaire.be\/fr\/wp-json\/wp\/v2\/media?parent=144948"}],"wp:term":[{"taxonomy":"category","embeddable":true,"href":"https:\/\/marieclaire.be\/fr\/wp-json\/wp\/v2\/categories?post=144948"},{"taxonomy":"post_tag","embeddable":true,"href":"https:\/\/marieclaire.be\/fr\/wp-json\/wp\/v2\/tags?post=144948"}],"curies":[{"name":"wp","href":"https:\/\/api.w.org\/{rel}","templated":true}]}}