{"id":144905,"date":"2025-08-18T08:04:58","date_gmt":"2025-08-18T06:04:58","guid":{"rendered":"https:\/\/marieclaire.be\/fr\/?p=144905"},"modified":"2025-08-18T12:26:37","modified_gmt":"2025-08-18T10:26:37","slug":"suite-film-culte-reboot","status":"publish","type":"post","link":"https:\/\/marieclaire.be\/fr\/suite-film-culte-reboot\/","title":{"rendered":"Ces 10 films cultes auront bient\u00f4t droit \u00e0 une suite"},"content":{"rendered":"","protected":false},"excerpt":{"rendered":"Depuis d\u00e9but 2025, les annonces de suites et de reboots de films cultes se multiplient. ...","protected":false},"author":30,"featured_media":144908,"comment_status":"closed","ping_status":"closed","sticky":false,"template":"","format":"standard","meta":{"_acf_changed":false,"footnotes":""},"categories":[5168,26],"tags":[90],"class_list":["post-144905","post","type-post","status-publish","format-standard","has-post-thumbnail","hentry","category-cinema","category-culture","tag-film"],"acf":[],"_yoast_wpseo_title":null,"_yoast_wpseo_metadesc":"Un vent de nostalgie souffle sur Hollywood. Nombreux sont les films cultes dont on a r\u00eav\u00e9 d\u2019une suite, et pour certains, le r\u00eave devient r\u00e9alit\u00e9.","image_verticale":"144907","yoast_head":"<!-- This site is optimized with the Yoast SEO plugin v27.3 - https:\/\/yoast.com\/product\/yoast-seo-wordpress\/ -->\n<title>Ces 10 films cultes auront bient\u00f4t droit \u00e0 une suite - Marie Claire Belgique<\/title>\n<meta name=\"description\" content=\"Un vent de nostalgie souffle sur Hollywood. Nombreux sont les films cultes dont on a r\u00eav\u00e9 d\u2019une suite, et pour certains, le r\u00eave devient r\u00e9alit\u00e9.\" \/>\n<meta name=\"robots\" content=\"index, follow, max-snippet:-1, max-image-preview:large, max-video-preview:-1\" \/>\n<link rel=\"canonical\" href=\"https:\/\/marieclaire.be\/fr\/suite-film-culte-reboot\/\" \/>\n<meta property=\"og:locale\" content=\"fr_FR\" \/>\n<meta property=\"og:type\" content=\"article\" \/>\n<meta property=\"og:title\" content=\"Ces 10 films cultes auront bient\u00f4t droit \u00e0 une suite - Marie Claire Belgique\" \/>\n<meta property=\"og:description\" content=\"Un vent de nostalgie souffle sur Hollywood. Nombreux sont les films cultes dont on a r\u00eav\u00e9 d\u2019une suite, et pour certains, le r\u00eave devient r\u00e9alit\u00e9.\" \/>\n<meta property=\"og:url\" content=\"https:\/\/marieclaire.be\/fr\/suite-film-culte-reboot\/\" \/>\n<meta property=\"og:site_name\" content=\"Marie Claire Belgique\" \/>\n<meta property=\"article:publisher\" content=\"https:\/\/www.facebook.com\/MarieClaire.Belgique\/\" \/>\n<meta property=\"article:published_time\" content=\"2025-08-18T06:04:58+00:00\" \/>\n<meta property=\"article:modified_time\" content=\"2025-08-18T10:26:37+00:00\" \/>\n<meta property=\"og:image\" content=\"https:\/\/marieclaire.be\/fr\/wp-content\/uploads\/2025\/08\/films-reboot.png\" \/>\n\t<meta property=\"og:image:width\" content=\"1200\" \/>\n\t<meta property=\"og:image:height\" content=\"628\" \/>\n\t<meta property=\"og:image:type\" content=\"image\/png\" \/>\n<meta name=\"author\" content=\"Malvine Sevrin\" \/>\n<meta name=\"twitter:label1\" content=\"\u00c9crit par\" \/>\n\t<meta name=\"twitter:data1\" content=\"Malvine Sevrin\" \/>\n\t<meta name=\"twitter:label2\" content=\"Dur\u00e9e de lecture estim\u00e9e\" \/>\n\t<meta name=\"twitter:data2\" content=\"11 minutes\" \/>\n<script type=\"application\/ld+json\" class=\"yoast-schema-graph\">{\"@context\":\"https:\\\/\\\/schema.org\",\"@graph\":[{\"@type\":\"NewsArticle\",\"@id\":\"https:\\\/\\\/marieclaire.be\\\/fr\\\/suite-film-culte-reboot\\\/#article\",\"isPartOf\":{\"@id\":\"https:\\\/\\\/marieclaire.be\\\/fr\\\/suite-film-culte-reboot\\\/\"},\"author\":{\"name\":\"Malvine Sevrin\",\"@id\":\"https:\\\/\\\/marieclaire.be\\\/fr\\\/#\\\/schema\\\/person\\\/c71bd7a8c3e622513c7531a39292a34e\"},\"headline\":\"Ces 10 films cultes auront bient\u00f4t droit \u00e0 une suite\",\"datePublished\":\"2025-08-18T06:04:58+00:00\",\"dateModified\":\"2025-08-18T10:26:37+00:00\",\"mainEntityOfPage\":{\"@id\":\"https:\\\/\\\/marieclaire.be\\\/fr\\\/suite-film-culte-reboot\\\/\"},\"wordCount\":1905,\"publisher\":{\"@id\":\"https:\\\/\\\/marieclaire.be\\\/fr\\\/#organization\"},\"image\":{\"@id\":\"https:\\\/\\\/marieclaire.be\\\/fr\\\/suite-film-culte-reboot\\\/#primaryimage\"},\"thumbnailUrl\":\"https:\\\/\\\/marieclaire.be\\\/fr\\\/wp-content\\\/uploads\\\/2025\\\/08\\\/films-reboot.png\",\"keywords\":[\"film\"],\"articleSection\":[\"Cin\u00e9ma\",\"Culture\"],\"inLanguage\":\"fr-FR\"},{\"@type\":\"WebPage\",\"@id\":\"https:\\\/\\\/marieclaire.be\\\/fr\\\/suite-film-culte-reboot\\\/\",\"url\":\"https:\\\/\\\/marieclaire.be\\\/fr\\\/suite-film-culte-reboot\\\/\",\"name\":\"Ces 10 films cultes auront bient\u00f4t droit \u00e0 une suite - Marie Claire Belgique\",\"isPartOf\":{\"@id\":\"https:\\\/\\\/marieclaire.be\\\/fr\\\/#website\"},\"primaryImageOfPage\":{\"@id\":\"https:\\\/\\\/marieclaire.be\\\/fr\\\/suite-film-culte-reboot\\\/#primaryimage\"},\"image\":{\"@id\":\"https:\\\/\\\/marieclaire.be\\\/fr\\\/suite-film-culte-reboot\\\/#primaryimage\"},\"thumbnailUrl\":\"https:\\\/\\\/marieclaire.be\\\/fr\\\/wp-content\\\/uploads\\\/2025\\\/08\\\/films-reboot.png\",\"datePublished\":\"2025-08-18T06:04:58+00:00\",\"dateModified\":\"2025-08-18T10:26:37+00:00\",\"description\":\"Un vent de nostalgie souffle sur Hollywood. Nombreux sont les films cultes dont on a r\u00eav\u00e9 d\u2019une suite, et pour certains, le r\u00eave devient r\u00e9alit\u00e9.\",\"breadcrumb\":{\"@id\":\"https:\\\/\\\/marieclaire.be\\\/fr\\\/suite-film-culte-reboot\\\/#breadcrumb\"},\"inLanguage\":\"fr-FR\",\"potentialAction\":[{\"@type\":\"ReadAction\",\"target\":[\"https:\\\/\\\/marieclaire.be\\\/fr\\\/suite-film-culte-reboot\\\/\"]}]},{\"@type\":\"ImageObject\",\"inLanguage\":\"fr-FR\",\"@id\":\"https:\\\/\\\/marieclaire.be\\\/fr\\\/suite-film-culte-reboot\\\/#primaryimage\",\"url\":\"https:\\\/\\\/marieclaire.be\\\/fr\\\/wp-content\\\/uploads\\\/2025\\\/08\\\/films-reboot.png\",\"contentUrl\":\"https:\\\/\\\/marieclaire.be\\\/fr\\\/wp-content\\\/uploads\\\/2025\\\/08\\\/films-reboot.png\",\"width\":1200,\"height\":628,\"caption\":\"Zade Rosenthal\"},{\"@type\":\"BreadcrumbList\",\"@id\":\"https:\\\/\\\/marieclaire.be\\\/fr\\\/suite-film-culte-reboot\\\/#breadcrumb\",\"itemListElement\":[{\"@type\":\"ListItem\",\"position\":1,\"name\":\"Accueil\",\"item\":\"https:\\\/\\\/marieclaire.be\\\/fr\\\/\"},{\"@type\":\"ListItem\",\"position\":2,\"name\":\"Ces 10 films cultes auront bient\u00f4t droit \u00e0 une suite\"}]},{\"@type\":\"WebSite\",\"@id\":\"https:\\\/\\\/marieclaire.be\\\/fr\\\/#website\",\"url\":\"https:\\\/\\\/marieclaire.be\\\/fr\\\/\",\"name\":\"Marie Claire Belgique\",\"description\":\"Marie Claire Belgique, le magazine du style et de l\u2019intelligence qui parle de mode, des tendances, de la beaut\u00e9, de l\u2019actualit\u00e9 et de la culture\",\"publisher\":{\"@id\":\"https:\\\/\\\/marieclaire.be\\\/fr\\\/#organization\"},\"potentialAction\":[{\"@type\":\"SearchAction\",\"target\":{\"@type\":\"EntryPoint\",\"urlTemplate\":\"https:\\\/\\\/marieclaire.be\\\/fr\\\/?s={search_term_string}\"},\"query-input\":{\"@type\":\"PropertyValueSpecification\",\"valueRequired\":true,\"valueName\":\"search_term_string\"}}],\"inLanguage\":\"fr-FR\"},{\"@type\":\"Organization\",\"@id\":\"https:\\\/\\\/marieclaire.be\\\/fr\\\/#organization\",\"name\":\"Marie Claire\",\"url\":\"https:\\\/\\\/marieclaire.be\\\/fr\\\/\",\"logo\":{\"@type\":\"ImageObject\",\"inLanguage\":\"fr-FR\",\"@id\":\"https:\\\/\\\/marieclaire.be\\\/fr\\\/#\\\/schema\\\/logo\\\/image\\\/\",\"url\":\"https:\\\/\\\/marieclaire.be\\\/fr\\\/wp-content\\\/uploads\\\/2018\\\/05\\\/mc-logo2.png\",\"contentUrl\":\"https:\\\/\\\/marieclaire.be\\\/fr\\\/wp-content\\\/uploads\\\/2018\\\/05\\\/mc-logo2.png\",\"width\":1001,\"height\":189,\"caption\":\"Marie Claire\"},\"image\":{\"@id\":\"https:\\\/\\\/marieclaire.be\\\/fr\\\/#\\\/schema\\\/logo\\\/image\\\/\"},\"sameAs\":[\"https:\\\/\\\/www.facebook.com\\\/MarieClaire.Belgique\\\/\",\"https:\\\/\\\/www.instagram.com\\\/marieclaire_belgique\\\/\",\"https:\\\/\\\/fr.pinterest.com\\\/marieclairebe\\\/\",\"https:\\\/\\\/www.youtube.com\\\/user\\\/BelgiumMarieClaire\"]},{\"@type\":\"Person\",\"@id\":\"https:\\\/\\\/marieclaire.be\\\/fr\\\/#\\\/schema\\\/person\\\/c71bd7a8c3e622513c7531a39292a34e\",\"name\":\"Malvine Sevrin\",\"image\":{\"@type\":\"ImageObject\",\"inLanguage\":\"fr-FR\",\"@id\":\"https:\\\/\\\/marieclaire.be\\\/fr\\\/wp-content\\\/uploads\\\/2017\\\/05\\\/capture-decran-2024-02-13-a-145920-96x96.png\",\"url\":\"https:\\\/\\\/marieclaire.be\\\/fr\\\/wp-content\\\/uploads\\\/2017\\\/05\\\/capture-decran-2024-02-13-a-145920-96x96.png\",\"contentUrl\":\"https:\\\/\\\/marieclaire.be\\\/fr\\\/wp-content\\\/uploads\\\/2017\\\/05\\\/capture-decran-2024-02-13-a-145920-96x96.png\",\"caption\":\"Malvine Sevrin\"},\"description\":\"Des podiums parisiens aux derni\u00e8res nouveaut\u00e9s skincare qui enflamment TikTok, je d\u00e9crypte les tendances pour Marie Claire Belgique. Passionn\u00e9e de voyage, de mode et de beaut\u00e9, je partage mes coups de coeur d\u00e9nich\u00e9s aux quatre coins du globe. En tant que r\u00e9dactrice en chef digital, j'ai \u00e9galement \u00e0 coeur de mettre en lumi\u00e8re les histoires inspirantes de femmes \u00e0 travers notre site et sur nos r\u00e9seaux sociaux.\",\"sameAs\":[\"https:\\\/\\\/www.instagram.com\\\/malvinesev\\\/\"],\"url\":\"https:\\\/\\\/marieclaire.be\\\/fr\\\/author\\\/malvine\\\/\"}]}<\/script>\n<!-- \/ Yoast SEO plugin. -->","yoast_head_json":{"title":"Ces 10 films cultes auront bient\u00f4t droit \u00e0 une suite - Marie Claire Belgique","description":"Un vent de nostalgie souffle sur Hollywood. Nombreux sont les films cultes dont on a r\u00eav\u00e9 d\u2019une suite, et pour certains, le r\u00eave devient r\u00e9alit\u00e9.","robots":{"index":"index","follow":"follow","max-snippet":"max-snippet:-1","max-image-preview":"max-image-preview:large","max-video-preview":"max-video-preview:-1"},"canonical":"https:\/\/marieclaire.be\/fr\/suite-film-culte-reboot\/","og_locale":"fr_FR","og_type":"article","og_title":"Ces 10 films cultes auront bient\u00f4t droit \u00e0 une suite - Marie Claire Belgique","og_description":"Un vent de nostalgie souffle sur Hollywood. Nombreux sont les films cultes dont on a r\u00eav\u00e9 d\u2019une suite, et pour certains, le r\u00eave devient r\u00e9alit\u00e9.","og_url":"https:\/\/marieclaire.be\/fr\/suite-film-culte-reboot\/","og_site_name":"Marie Claire Belgique","article_publisher":"https:\/\/www.facebook.com\/MarieClaire.Belgique\/","article_published_time":"2025-08-18T06:04:58+00:00","article_modified_time":"2025-08-18T10:26:37+00:00","og_image":[{"width":1200,"height":628,"url":"https:\/\/marieclaire.be\/fr\/wp-content\/uploads\/2025\/08\/films-reboot.png","type":"image\/png"}],"author":"Malvine Sevrin","twitter_misc":{"\u00c9crit par":"Malvine Sevrin","Dur\u00e9e de lecture estim\u00e9e":"11 minutes"},"schema":{"@context":"https:\/\/schema.org","@graph":[{"@type":"NewsArticle","@id":"https:\/\/marieclaire.be\/fr\/suite-film-culte-reboot\/#article","isPartOf":{"@id":"https:\/\/marieclaire.be\/fr\/suite-film-culte-reboot\/"},"author":{"name":"Malvine Sevrin","@id":"https:\/\/marieclaire.be\/fr\/#\/schema\/person\/c71bd7a8c3e622513c7531a39292a34e"},"headline":"Ces 10 films cultes auront bient\u00f4t droit \u00e0 une suite","datePublished":"2025-08-18T06:04:58+00:00","dateModified":"2025-08-18T10:26:37+00:00","mainEntityOfPage":{"@id":"https:\/\/marieclaire.be\/fr\/suite-film-culte-reboot\/"},"wordCount":1905,"publisher":{"@id":"https:\/\/marieclaire.be\/fr\/#organization"},"image":{"@id":"https:\/\/marieclaire.be\/fr\/suite-film-culte-reboot\/#primaryimage"},"thumbnailUrl":"https:\/\/marieclaire.be\/fr\/wp-content\/uploads\/2025\/08\/films-reboot.png","keywords":["film"],"articleSection":["Cin\u00e9ma","Culture"],"inLanguage":"fr-FR"},{"@type":"WebPage","@id":"https:\/\/marieclaire.be\/fr\/suite-film-culte-reboot\/","url":"https:\/\/marieclaire.be\/fr\/suite-film-culte-reboot\/","name":"Ces 10 films cultes auront bient\u00f4t droit \u00e0 une suite - Marie Claire Belgique","isPartOf":{"@id":"https:\/\/marieclaire.be\/fr\/#website"},"primaryImageOfPage":{"@id":"https:\/\/marieclaire.be\/fr\/suite-film-culte-reboot\/#primaryimage"},"image":{"@id":"https:\/\/marieclaire.be\/fr\/suite-film-culte-reboot\/#primaryimage"},"thumbnailUrl":"https:\/\/marieclaire.be\/fr\/wp-content\/uploads\/2025\/08\/films-reboot.png","datePublished":"2025-08-18T06:04:58+00:00","dateModified":"2025-08-18T10:26:37+00:00","description":"Un vent de nostalgie souffle sur Hollywood. Nombreux sont les films cultes dont on a r\u00eav\u00e9 d\u2019une suite, et pour certains, le r\u00eave devient r\u00e9alit\u00e9.","breadcrumb":{"@id":"https:\/\/marieclaire.be\/fr\/suite-film-culte-reboot\/#breadcrumb"},"inLanguage":"fr-FR","potentialAction":[{"@type":"ReadAction","target":["https:\/\/marieclaire.be\/fr\/suite-film-culte-reboot\/"]}]},{"@type":"ImageObject","inLanguage":"fr-FR","@id":"https:\/\/marieclaire.be\/fr\/suite-film-culte-reboot\/#primaryimage","url":"https:\/\/marieclaire.be\/fr\/wp-content\/uploads\/2025\/08\/films-reboot.png","contentUrl":"https:\/\/marieclaire.be\/fr\/wp-content\/uploads\/2025\/08\/films-reboot.png","width":1200,"height":628,"caption":"Zade Rosenthal"},{"@type":"BreadcrumbList","@id":"https:\/\/marieclaire.be\/fr\/suite-film-culte-reboot\/#breadcrumb","itemListElement":[{"@type":"ListItem","position":1,"name":"Accueil","item":"https:\/\/marieclaire.be\/fr\/"},{"@type":"ListItem","position":2,"name":"Ces 10 films cultes auront bient\u00f4t droit \u00e0 une suite"}]},{"@type":"WebSite","@id":"https:\/\/marieclaire.be\/fr\/#website","url":"https:\/\/marieclaire.be\/fr\/","name":"Marie Claire Belgique","description":"Marie Claire Belgique, le magazine du style et de l\u2019intelligence qui parle de mode, des tendances, de la beaut\u00e9, de l\u2019actualit\u00e9 et de la culture","publisher":{"@id":"https:\/\/marieclaire.be\/fr\/#organization"},"potentialAction":[{"@type":"SearchAction","target":{"@type":"EntryPoint","urlTemplate":"https:\/\/marieclaire.be\/fr\/?s={search_term_string}"},"query-input":{"@type":"PropertyValueSpecification","valueRequired":true,"valueName":"search_term_string"}}],"inLanguage":"fr-FR"},{"@type":"Organization","@id":"https:\/\/marieclaire.be\/fr\/#organization","name":"Marie Claire","url":"https:\/\/marieclaire.be\/fr\/","logo":{"@type":"ImageObject","inLanguage":"fr-FR","@id":"https:\/\/marieclaire.be\/fr\/#\/schema\/logo\/image\/","url":"https:\/\/marieclaire.be\/fr\/wp-content\/uploads\/2018\/05\/mc-logo2.png","contentUrl":"https:\/\/marieclaire.be\/fr\/wp-content\/uploads\/2018\/05\/mc-logo2.png","width":1001,"height":189,"caption":"Marie Claire"},"image":{"@id":"https:\/\/marieclaire.be\/fr\/#\/schema\/logo\/image\/"},"sameAs":["https:\/\/www.facebook.com\/MarieClaire.Belgique\/","https:\/\/www.instagram.com\/marieclaire_belgique\/","https:\/\/fr.pinterest.com\/marieclairebe\/","https:\/\/www.youtube.com\/user\/BelgiumMarieClaire"]},{"@type":"Person","@id":"https:\/\/marieclaire.be\/fr\/#\/schema\/person\/c71bd7a8c3e622513c7531a39292a34e","name":"Malvine Sevrin","image":{"@type":"ImageObject","inLanguage":"fr-FR","@id":"https:\/\/marieclaire.be\/fr\/wp-content\/uploads\/2017\/05\/capture-decran-2024-02-13-a-145920-96x96.png","url":"https:\/\/marieclaire.be\/fr\/wp-content\/uploads\/2017\/05\/capture-decran-2024-02-13-a-145920-96x96.png","contentUrl":"https:\/\/marieclaire.be\/fr\/wp-content\/uploads\/2017\/05\/capture-decran-2024-02-13-a-145920-96x96.png","caption":"Malvine Sevrin"},"description":"Des podiums parisiens aux derni\u00e8res nouveaut\u00e9s skincare qui enflamment TikTok, je d\u00e9crypte les tendances pour Marie Claire Belgique. Passionn\u00e9e de voyage, de mode et de beaut\u00e9, je partage mes coups de coeur d\u00e9nich\u00e9s aux quatre coins du globe. En tant que r\u00e9dactrice en chef digital, j'ai \u00e9galement \u00e0 coeur de mettre en lumi\u00e8re les histoires inspirantes de femmes \u00e0 travers notre site et sur nos r\u00e9seaux sociaux.","sameAs":["https:\/\/www.instagram.com\/malvinesev\/"],"url":"https:\/\/marieclaire.be\/fr\/author\/malvine\/"}]}},"_links":{"self":[{"href":"https:\/\/marieclaire.be\/fr\/wp-json\/wp\/v2\/posts\/144905","targetHints":{"allow":["GET"]}}],"collection":[{"href":"https:\/\/marieclaire.be\/fr\/wp-json\/wp\/v2\/posts"}],"about":[{"href":"https:\/\/marieclaire.be\/fr\/wp-json\/wp\/v2\/types\/post"}],"author":[{"embeddable":true,"href":"https:\/\/marieclaire.be\/fr\/wp-json\/wp\/v2\/users\/30"}],"replies":[{"embeddable":true,"href":"https:\/\/marieclaire.be\/fr\/wp-json\/wp\/v2\/comments?post=144905"}],"version-history":[{"count":4,"href":"https:\/\/marieclaire.be\/fr\/wp-json\/wp\/v2\/posts\/144905\/revisions"}],"predecessor-version":[{"id":144910,"href":"https:\/\/marieclaire.be\/fr\/wp-json\/wp\/v2\/posts\/144905\/revisions\/144910"}],"wp:featuredmedia":[{"embeddable":true,"href":"https:\/\/marieclaire.be\/fr\/wp-json\/wp\/v2\/media\/144908"}],"wp:attachment":[{"href":"https:\/\/marieclaire.be\/fr\/wp-json\/wp\/v2\/media?parent=144905"}],"wp:term":[{"taxonomy":"category","embeddable":true,"href":"https:\/\/marieclaire.be\/fr\/wp-json\/wp\/v2\/categories?post=144905"},{"taxonomy":"post_tag","embeddable":true,"href":"https:\/\/marieclaire.be\/fr\/wp-json\/wp\/v2\/tags?post=144905"}],"curies":[{"name":"wp","href":"https:\/\/api.w.org\/{rel}","templated":true}]}}