{"id":144852,"date":"2025-09-04T07:56:53","date_gmt":"2025-09-04T05:56:53","guid":{"rendered":"https:\/\/marieclaire.be\/fr\/?p=144852"},"modified":"2025-09-03T18:01:15","modified_gmt":"2025-09-03T16:01:15","slug":"sorties-cinema-septembre","status":"publish","type":"post","link":"https:\/\/marieclaire.be\/fr\/sorties-cinema-septembre\/","title":{"rendered":"4 films \u00e0 ne pas manquer au cin\u00e9ma en septembre"},"content":{"rendered":"","protected":false},"excerpt":{"rendered":"Entre un remake satirique port\u00e9 par un duo d\u2019acteurs magistraux et la derni\u00e8re r\u00e9v\u00e9rence de Downton Abbey, cette s\u00e9lection de films devrait nous aider \u00e0 aborder la rentr\u00e9e en douceur.","protected":false},"author":73,"featured_media":145065,"comment_status":"closed","ping_status":"closed","sticky":false,"template":"","format":"standard","meta":{"_acf_changed":false,"footnotes":""},"categories":[5168,26],"tags":[90],"class_list":["post-144852","post","type-post","status-publish","format-standard","has-post-thumbnail","hentry","category-cinema","category-culture","tag-film"],"acf":[],"_yoast_wpseo_title":null,"_yoast_wpseo_metadesc":"Com\u00e9dies mordantes, drames intimistes, thrillers sous tension\u2026 Les films de la rentr\u00e9e 2025 promettent de bousculer les genres.","image_verticale":"145064","yoast_head":"<!-- This site is optimized with the Yoast SEO plugin v27.3 - https:\/\/yoast.com\/product\/yoast-seo-wordpress\/ -->\n<title>4 films \u00e0 ne pas manquer au cin\u00e9ma en septembre - Marie Claire Belgique<\/title>\n<meta name=\"description\" content=\"Com\u00e9dies mordantes, drames intimistes, thrillers sous tension\u2026 Les films de la rentr\u00e9e 2025 promettent de bousculer les genres.\" \/>\n<meta name=\"robots\" content=\"index, follow, max-snippet:-1, max-image-preview:large, max-video-preview:-1\" \/>\n<link rel=\"canonical\" href=\"https:\/\/marieclaire.be\/fr\/sorties-cinema-septembre\/\" \/>\n<meta property=\"og:locale\" content=\"fr_FR\" \/>\n<meta property=\"og:type\" content=\"article\" \/>\n<meta property=\"og:title\" content=\"4 films \u00e0 ne pas manquer au cin\u00e9ma en septembre - Marie Claire Belgique\" \/>\n<meta property=\"og:description\" content=\"Com\u00e9dies mordantes, drames intimistes, thrillers sous tension\u2026 Les films de la rentr\u00e9e 2025 promettent de bousculer les genres.\" \/>\n<meta property=\"og:url\" content=\"https:\/\/marieclaire.be\/fr\/sorties-cinema-septembre\/\" \/>\n<meta property=\"og:site_name\" content=\"Marie Claire Belgique\" \/>\n<meta property=\"article:publisher\" content=\"https:\/\/www.facebook.com\/MarieClaire.Belgique\/\" \/>\n<meta property=\"article:published_time\" content=\"2025-09-04T05:56:53+00:00\" \/>\n<meta property=\"og:image\" content=\"https:\/\/marieclaire.be\/fr\/wp-content\/uploads\/2025\/09\/films-septembre.png\" \/>\n\t<meta property=\"og:image:width\" content=\"1200\" \/>\n\t<meta property=\"og:image:height\" content=\"628\" \/>\n\t<meta property=\"og:image:type\" content=\"image\/png\" \/>\n<meta name=\"author\" content=\"Jo\u00eblle Lehrer\" \/>\n<meta name=\"twitter:label1\" content=\"\u00c9crit par\" \/>\n\t<meta name=\"twitter:data1\" content=\"Jo\u00eblle Lehrer\" \/>\n\t<meta name=\"twitter:label2\" content=\"Dur\u00e9e de lecture estim\u00e9e\" \/>\n\t<meta name=\"twitter:data2\" content=\"4 minutes\" \/>\n<script type=\"application\/ld+json\" class=\"yoast-schema-graph\">{\"@context\":\"https:\\\/\\\/schema.org\",\"@graph\":[{\"@type\":\"NewsArticle\",\"@id\":\"https:\\\/\\\/marieclaire.be\\\/fr\\\/sorties-cinema-septembre\\\/#article\",\"isPartOf\":{\"@id\":\"https:\\\/\\\/marieclaire.be\\\/fr\\\/sorties-cinema-septembre\\\/\"},\"author\":{\"name\":\"Jo\u00eblle Lehrer\",\"@id\":\"https:\\\/\\\/marieclaire.be\\\/fr\\\/#\\\/schema\\\/person\\\/bad27ee00b53a1ed2f74f19a74d7f5af\"},\"headline\":\"4 films \u00e0 ne pas manquer au cin\u00e9ma en septembre\",\"datePublished\":\"2025-09-04T05:56:53+00:00\",\"mainEntityOfPage\":{\"@id\":\"https:\\\/\\\/marieclaire.be\\\/fr\\\/sorties-cinema-septembre\\\/\"},\"wordCount\":658,\"publisher\":{\"@id\":\"https:\\\/\\\/marieclaire.be\\\/fr\\\/#organization\"},\"image\":{\"@id\":\"https:\\\/\\\/marieclaire.be\\\/fr\\\/sorties-cinema-septembre\\\/#primaryimage\"},\"thumbnailUrl\":\"https:\\\/\\\/marieclaire.be\\\/fr\\\/wp-content\\\/uploads\\\/2025\\\/09\\\/films-septembre.png\",\"keywords\":[\"film\"],\"articleSection\":[\"Cin\u00e9ma\",\"Culture\"],\"inLanguage\":\"fr-FR\"},{\"@type\":\"WebPage\",\"@id\":\"https:\\\/\\\/marieclaire.be\\\/fr\\\/sorties-cinema-septembre\\\/\",\"url\":\"https:\\\/\\\/marieclaire.be\\\/fr\\\/sorties-cinema-septembre\\\/\",\"name\":\"4 films \u00e0 ne pas manquer au cin\u00e9ma en septembre - Marie Claire Belgique\",\"isPartOf\":{\"@id\":\"https:\\\/\\\/marieclaire.be\\\/fr\\\/#website\"},\"primaryImageOfPage\":{\"@id\":\"https:\\\/\\\/marieclaire.be\\\/fr\\\/sorties-cinema-septembre\\\/#primaryimage\"},\"image\":{\"@id\":\"https:\\\/\\\/marieclaire.be\\\/fr\\\/sorties-cinema-septembre\\\/#primaryimage\"},\"thumbnailUrl\":\"https:\\\/\\\/marieclaire.be\\\/fr\\\/wp-content\\\/uploads\\\/2025\\\/09\\\/films-septembre.png\",\"datePublished\":\"2025-09-04T05:56:53+00:00\",\"description\":\"Com\u00e9dies mordantes, drames intimistes, thrillers sous tension\u2026 Les films de la rentr\u00e9e 2025 promettent de bousculer les genres.\",\"breadcrumb\":{\"@id\":\"https:\\\/\\\/marieclaire.be\\\/fr\\\/sorties-cinema-septembre\\\/#breadcrumb\"},\"inLanguage\":\"fr-FR\",\"potentialAction\":[{\"@type\":\"ReadAction\",\"target\":[\"https:\\\/\\\/marieclaire.be\\\/fr\\\/sorties-cinema-septembre\\\/\"]}]},{\"@type\":\"ImageObject\",\"inLanguage\":\"fr-FR\",\"@id\":\"https:\\\/\\\/marieclaire.be\\\/fr\\\/sorties-cinema-septembre\\\/#primaryimage\",\"url\":\"https:\\\/\\\/marieclaire.be\\\/fr\\\/wp-content\\\/uploads\\\/2025\\\/09\\\/films-septembre.png\",\"contentUrl\":\"https:\\\/\\\/marieclaire.be\\\/fr\\\/wp-content\\\/uploads\\\/2025\\\/09\\\/films-septembre.png\",\"width\":1200,\"height\":628,\"caption\":\"Focus Features\"},{\"@type\":\"BreadcrumbList\",\"@id\":\"https:\\\/\\\/marieclaire.be\\\/fr\\\/sorties-cinema-septembre\\\/#breadcrumb\",\"itemListElement\":[{\"@type\":\"ListItem\",\"position\":1,\"name\":\"Accueil\",\"item\":\"https:\\\/\\\/marieclaire.be\\\/fr\\\/\"},{\"@type\":\"ListItem\",\"position\":2,\"name\":\"4 films \u00e0 ne pas manquer au cin\u00e9ma en septembre\"}]},{\"@type\":\"WebSite\",\"@id\":\"https:\\\/\\\/marieclaire.be\\\/fr\\\/#website\",\"url\":\"https:\\\/\\\/marieclaire.be\\\/fr\\\/\",\"name\":\"Marie Claire Belgique\",\"description\":\"Marie Claire Belgique, le magazine du style et de l\u2019intelligence qui parle de mode, des tendances, de la beaut\u00e9, de l\u2019actualit\u00e9 et de la culture\",\"publisher\":{\"@id\":\"https:\\\/\\\/marieclaire.be\\\/fr\\\/#organization\"},\"potentialAction\":[{\"@type\":\"SearchAction\",\"target\":{\"@type\":\"EntryPoint\",\"urlTemplate\":\"https:\\\/\\\/marieclaire.be\\\/fr\\\/?s={search_term_string}\"},\"query-input\":{\"@type\":\"PropertyValueSpecification\",\"valueRequired\":true,\"valueName\":\"search_term_string\"}}],\"inLanguage\":\"fr-FR\"},{\"@type\":\"Organization\",\"@id\":\"https:\\\/\\\/marieclaire.be\\\/fr\\\/#organization\",\"name\":\"Marie Claire\",\"url\":\"https:\\\/\\\/marieclaire.be\\\/fr\\\/\",\"logo\":{\"@type\":\"ImageObject\",\"inLanguage\":\"fr-FR\",\"@id\":\"https:\\\/\\\/marieclaire.be\\\/fr\\\/#\\\/schema\\\/logo\\\/image\\\/\",\"url\":\"https:\\\/\\\/marieclaire.be\\\/fr\\\/wp-content\\\/uploads\\\/2018\\\/05\\\/mc-logo2.png\",\"contentUrl\":\"https:\\\/\\\/marieclaire.be\\\/fr\\\/wp-content\\\/uploads\\\/2018\\\/05\\\/mc-logo2.png\",\"width\":1001,\"height\":189,\"caption\":\"Marie Claire\"},\"image\":{\"@id\":\"https:\\\/\\\/marieclaire.be\\\/fr\\\/#\\\/schema\\\/logo\\\/image\\\/\"},\"sameAs\":[\"https:\\\/\\\/www.facebook.com\\\/MarieClaire.Belgique\\\/\",\"https:\\\/\\\/www.instagram.com\\\/marieclaire_belgique\\\/\",\"https:\\\/\\\/fr.pinterest.com\\\/marieclairebe\\\/\",\"https:\\\/\\\/www.youtube.com\\\/user\\\/BelgiumMarieClaire\"]},{\"@type\":\"Person\",\"@id\":\"https:\\\/\\\/marieclaire.be\\\/fr\\\/#\\\/schema\\\/person\\\/bad27ee00b53a1ed2f74f19a74d7f5af\",\"name\":\"Jo\u00eblle Lehrer\",\"image\":{\"@type\":\"ImageObject\",\"inLanguage\":\"fr-FR\",\"@id\":\"https:\\\/\\\/marieclaire.be\\\/fr\\\/wp-content\\\/uploads\\\/2024\\\/07\\\/img-20190622-191247-406-96x96.jpg\",\"url\":\"https:\\\/\\\/marieclaire.be\\\/fr\\\/wp-content\\\/uploads\\\/2024\\\/07\\\/img-20190622-191247-406-96x96.jpg\",\"contentUrl\":\"https:\\\/\\\/marieclaire.be\\\/fr\\\/wp-content\\\/uploads\\\/2024\\\/07\\\/img-20190622-191247-406-96x96.jpg\",\"caption\":\"Jo\u00eblle Lehrer\"},\"description\":\"L\u2019info culturelle, avec une pointe d\u2019avance, le divertissement si possible subtil, les rencontres avec les artistes qui donnent des couleurs au temps, la d\u00e9couverte du monde d\u2019ailleurs ou d\u2019ici, tout cela m\u2019anime chaque jour.\",\"sameAs\":[\"https:\\\/\\\/www.instagram.com\\\/joellelehrer\\\/\"],\"url\":\"https:\\\/\\\/marieclaire.be\\\/fr\\\/author\\\/joelle\\\/\"}]}<\/script>\n<!-- \/ Yoast SEO plugin. -->","yoast_head_json":{"title":"4 films \u00e0 ne pas manquer au cin\u00e9ma en septembre - Marie Claire Belgique","description":"Com\u00e9dies mordantes, drames intimistes, thrillers sous tension\u2026 Les films de la rentr\u00e9e 2025 promettent de bousculer les genres.","robots":{"index":"index","follow":"follow","max-snippet":"max-snippet:-1","max-image-preview":"max-image-preview:large","max-video-preview":"max-video-preview:-1"},"canonical":"https:\/\/marieclaire.be\/fr\/sorties-cinema-septembre\/","og_locale":"fr_FR","og_type":"article","og_title":"4 films \u00e0 ne pas manquer au cin\u00e9ma en septembre - Marie Claire Belgique","og_description":"Com\u00e9dies mordantes, drames intimistes, thrillers sous tension\u2026 Les films de la rentr\u00e9e 2025 promettent de bousculer les genres.","og_url":"https:\/\/marieclaire.be\/fr\/sorties-cinema-septembre\/","og_site_name":"Marie Claire Belgique","article_publisher":"https:\/\/www.facebook.com\/MarieClaire.Belgique\/","article_published_time":"2025-09-04T05:56:53+00:00","og_image":[{"width":1200,"height":628,"url":"https:\/\/marieclaire.be\/fr\/wp-content\/uploads\/2025\/09\/films-septembre.png","type":"image\/png"}],"author":"Jo\u00eblle Lehrer","twitter_misc":{"\u00c9crit par":"Jo\u00eblle Lehrer","Dur\u00e9e de lecture estim\u00e9e":"4 minutes"},"schema":{"@context":"https:\/\/schema.org","@graph":[{"@type":"NewsArticle","@id":"https:\/\/marieclaire.be\/fr\/sorties-cinema-septembre\/#article","isPartOf":{"@id":"https:\/\/marieclaire.be\/fr\/sorties-cinema-septembre\/"},"author":{"name":"Jo\u00eblle Lehrer","@id":"https:\/\/marieclaire.be\/fr\/#\/schema\/person\/bad27ee00b53a1ed2f74f19a74d7f5af"},"headline":"4 films \u00e0 ne pas manquer au cin\u00e9ma en septembre","datePublished":"2025-09-04T05:56:53+00:00","mainEntityOfPage":{"@id":"https:\/\/marieclaire.be\/fr\/sorties-cinema-septembre\/"},"wordCount":658,"publisher":{"@id":"https:\/\/marieclaire.be\/fr\/#organization"},"image":{"@id":"https:\/\/marieclaire.be\/fr\/sorties-cinema-septembre\/#primaryimage"},"thumbnailUrl":"https:\/\/marieclaire.be\/fr\/wp-content\/uploads\/2025\/09\/films-septembre.png","keywords":["film"],"articleSection":["Cin\u00e9ma","Culture"],"inLanguage":"fr-FR"},{"@type":"WebPage","@id":"https:\/\/marieclaire.be\/fr\/sorties-cinema-septembre\/","url":"https:\/\/marieclaire.be\/fr\/sorties-cinema-septembre\/","name":"4 films \u00e0 ne pas manquer au cin\u00e9ma en septembre - Marie Claire Belgique","isPartOf":{"@id":"https:\/\/marieclaire.be\/fr\/#website"},"primaryImageOfPage":{"@id":"https:\/\/marieclaire.be\/fr\/sorties-cinema-septembre\/#primaryimage"},"image":{"@id":"https:\/\/marieclaire.be\/fr\/sorties-cinema-septembre\/#primaryimage"},"thumbnailUrl":"https:\/\/marieclaire.be\/fr\/wp-content\/uploads\/2025\/09\/films-septembre.png","datePublished":"2025-09-04T05:56:53+00:00","description":"Com\u00e9dies mordantes, drames intimistes, thrillers sous tension\u2026 Les films de la rentr\u00e9e 2025 promettent de bousculer les genres.","breadcrumb":{"@id":"https:\/\/marieclaire.be\/fr\/sorties-cinema-septembre\/#breadcrumb"},"inLanguage":"fr-FR","potentialAction":[{"@type":"ReadAction","target":["https:\/\/marieclaire.be\/fr\/sorties-cinema-septembre\/"]}]},{"@type":"ImageObject","inLanguage":"fr-FR","@id":"https:\/\/marieclaire.be\/fr\/sorties-cinema-septembre\/#primaryimage","url":"https:\/\/marieclaire.be\/fr\/wp-content\/uploads\/2025\/09\/films-septembre.png","contentUrl":"https:\/\/marieclaire.be\/fr\/wp-content\/uploads\/2025\/09\/films-septembre.png","width":1200,"height":628,"caption":"Focus Features"},{"@type":"BreadcrumbList","@id":"https:\/\/marieclaire.be\/fr\/sorties-cinema-septembre\/#breadcrumb","itemListElement":[{"@type":"ListItem","position":1,"name":"Accueil","item":"https:\/\/marieclaire.be\/fr\/"},{"@type":"ListItem","position":2,"name":"4 films \u00e0 ne pas manquer au cin\u00e9ma en septembre"}]},{"@type":"WebSite","@id":"https:\/\/marieclaire.be\/fr\/#website","url":"https:\/\/marieclaire.be\/fr\/","name":"Marie Claire Belgique","description":"Marie Claire Belgique, le magazine du style et de l\u2019intelligence qui parle de mode, des tendances, de la beaut\u00e9, de l\u2019actualit\u00e9 et de la culture","publisher":{"@id":"https:\/\/marieclaire.be\/fr\/#organization"},"potentialAction":[{"@type":"SearchAction","target":{"@type":"EntryPoint","urlTemplate":"https:\/\/marieclaire.be\/fr\/?s={search_term_string}"},"query-input":{"@type":"PropertyValueSpecification","valueRequired":true,"valueName":"search_term_string"}}],"inLanguage":"fr-FR"},{"@type":"Organization","@id":"https:\/\/marieclaire.be\/fr\/#organization","name":"Marie Claire","url":"https:\/\/marieclaire.be\/fr\/","logo":{"@type":"ImageObject","inLanguage":"fr-FR","@id":"https:\/\/marieclaire.be\/fr\/#\/schema\/logo\/image\/","url":"https:\/\/marieclaire.be\/fr\/wp-content\/uploads\/2018\/05\/mc-logo2.png","contentUrl":"https:\/\/marieclaire.be\/fr\/wp-content\/uploads\/2018\/05\/mc-logo2.png","width":1001,"height":189,"caption":"Marie Claire"},"image":{"@id":"https:\/\/marieclaire.be\/fr\/#\/schema\/logo\/image\/"},"sameAs":["https:\/\/www.facebook.com\/MarieClaire.Belgique\/","https:\/\/www.instagram.com\/marieclaire_belgique\/","https:\/\/fr.pinterest.com\/marieclairebe\/","https:\/\/www.youtube.com\/user\/BelgiumMarieClaire"]},{"@type":"Person","@id":"https:\/\/marieclaire.be\/fr\/#\/schema\/person\/bad27ee00b53a1ed2f74f19a74d7f5af","name":"Jo\u00eblle Lehrer","image":{"@type":"ImageObject","inLanguage":"fr-FR","@id":"https:\/\/marieclaire.be\/fr\/wp-content\/uploads\/2024\/07\/img-20190622-191247-406-96x96.jpg","url":"https:\/\/marieclaire.be\/fr\/wp-content\/uploads\/2024\/07\/img-20190622-191247-406-96x96.jpg","contentUrl":"https:\/\/marieclaire.be\/fr\/wp-content\/uploads\/2024\/07\/img-20190622-191247-406-96x96.jpg","caption":"Jo\u00eblle Lehrer"},"description":"L\u2019info culturelle, avec une pointe d\u2019avance, le divertissement si possible subtil, les rencontres avec les artistes qui donnent des couleurs au temps, la d\u00e9couverte du monde d\u2019ailleurs ou d\u2019ici, tout cela m\u2019anime chaque jour.","sameAs":["https:\/\/www.instagram.com\/joellelehrer\/"],"url":"https:\/\/marieclaire.be\/fr\/author\/joelle\/"}]}},"_links":{"self":[{"href":"https:\/\/marieclaire.be\/fr\/wp-json\/wp\/v2\/posts\/144852","targetHints":{"allow":["GET"]}}],"collection":[{"href":"https:\/\/marieclaire.be\/fr\/wp-json\/wp\/v2\/posts"}],"about":[{"href":"https:\/\/marieclaire.be\/fr\/wp-json\/wp\/v2\/types\/post"}],"author":[{"embeddable":true,"href":"https:\/\/marieclaire.be\/fr\/wp-json\/wp\/v2\/users\/73"}],"replies":[{"embeddable":true,"href":"https:\/\/marieclaire.be\/fr\/wp-json\/wp\/v2\/comments?post=144852"}],"version-history":[{"count":3,"href":"https:\/\/marieclaire.be\/fr\/wp-json\/wp\/v2\/posts\/144852\/revisions"}],"predecessor-version":[{"id":145066,"href":"https:\/\/marieclaire.be\/fr\/wp-json\/wp\/v2\/posts\/144852\/revisions\/145066"}],"wp:featuredmedia":[{"embeddable":true,"href":"https:\/\/marieclaire.be\/fr\/wp-json\/wp\/v2\/media\/145065"}],"wp:attachment":[{"href":"https:\/\/marieclaire.be\/fr\/wp-json\/wp\/v2\/media?parent=144852"}],"wp:term":[{"taxonomy":"category","embeddable":true,"href":"https:\/\/marieclaire.be\/fr\/wp-json\/wp\/v2\/categories?post=144852"},{"taxonomy":"post_tag","embeddable":true,"href":"https:\/\/marieclaire.be\/fr\/wp-json\/wp\/v2\/tags?post=144852"}],"curies":[{"name":"wp","href":"https:\/\/api.w.org\/{rel}","templated":true}]}}