{"id":144848,"date":"2025-09-02T07:31:38","date_gmt":"2025-09-02T05:31:38","guid":{"rendered":"https:\/\/marieclaire.be\/fr\/?p=144848"},"modified":"2025-09-02T13:47:45","modified_gmt":"2025-09-02T11:47:45","slug":"romans-rentree-litteraire-2025","status":"publish","type":"post","link":"https:\/\/marieclaire.be\/fr\/romans-rentree-litteraire-2025\/","title":{"rendered":"Nos 3 romans coups de c\u0153ur de la rentr\u00e9e litt\u00e9raire 2025"},"content":{"rendered":"","protected":false},"excerpt":{"rendered":"La rentr\u00e9e litt\u00e9raire s\u2019annonce plus prolifique que l\u2019ann\u00e9e derni\u00e8re, avec 484 romans tr\u00e8s attendus. ...","protected":false},"author":74,"featured_media":138808,"comment_status":"closed","ping_status":"closed","sticky":false,"template":"","format":"standard","meta":{"_acf_changed":false,"footnotes":""},"categories":[26,5170],"tags":[],"class_list":["post-144848","post","type-post","status-publish","format-standard","has-post-thumbnail","hentry","category-culture","category-livres"],"acf":[],"_yoast_wpseo_title":null,"_yoast_wpseo_metadesc":"La rentr\u00e9e litt\u00e9raire s\u2019annonce plus riche que l\u2019an pass\u00e9, avec pas moins de 484 romans tr\u00e8s attendus. Voici notre trio coup de c\u0153ur.","image_verticale":"138807","yoast_head":"<!-- This site is optimized with the Yoast SEO plugin v27.3 - https:\/\/yoast.com\/product\/yoast-seo-wordpress\/ -->\n<title>Nos 3 romans coups de c\u0153ur de la rentr\u00e9e litt\u00e9raire 2025 - Marie Claire Belgique<\/title>\n<meta name=\"description\" content=\"La rentr\u00e9e litt\u00e9raire s\u2019annonce plus riche que l\u2019an pass\u00e9, avec pas moins de 484 romans tr\u00e8s attendus. Voici notre trio coup de c\u0153ur.\" \/>\n<meta name=\"robots\" content=\"index, follow, max-snippet:-1, max-image-preview:large, max-video-preview:-1\" \/>\n<link rel=\"canonical\" href=\"https:\/\/marieclaire.be\/fr\/romans-rentree-litteraire-2025\/\" \/>\n<meta property=\"og:locale\" content=\"fr_FR\" \/>\n<meta property=\"og:type\" content=\"article\" \/>\n<meta property=\"og:title\" content=\"Nos 3 romans coups de c\u0153ur de la rentr\u00e9e litt\u00e9raire 2025 - Marie Claire Belgique\" \/>\n<meta property=\"og:description\" content=\"La rentr\u00e9e litt\u00e9raire s\u2019annonce plus riche que l\u2019an pass\u00e9, avec pas moins de 484 romans tr\u00e8s attendus. Voici notre trio coup de c\u0153ur.\" \/>\n<meta property=\"og:url\" content=\"https:\/\/marieclaire.be\/fr\/romans-rentree-litteraire-2025\/\" \/>\n<meta property=\"og:site_name\" content=\"Marie Claire Belgique\" \/>\n<meta property=\"article:publisher\" content=\"https:\/\/www.facebook.com\/MarieClaire.Belgique\/\" \/>\n<meta property=\"article:published_time\" content=\"2025-09-02T05:31:38+00:00\" \/>\n<meta property=\"article:modified_time\" content=\"2025-09-02T11:47:45+00:00\" \/>\n<meta property=\"og:image\" content=\"https:\/\/marieclaire.be\/fr\/wp-content\/uploads\/2024\/10\/automne-romans.png\" \/>\n\t<meta property=\"og:image:width\" content=\"1200\" \/>\n\t<meta property=\"og:image:height\" content=\"628\" \/>\n\t<meta property=\"og:image:type\" content=\"image\/png\" \/>\n<meta name=\"author\" content=\"Aur\u00e9lia Dejond\" \/>\n<meta name=\"twitter:label1\" content=\"\u00c9crit par\" \/>\n\t<meta name=\"twitter:data1\" content=\"Aur\u00e9lia Dejond\" \/>\n\t<meta name=\"twitter:label2\" content=\"Dur\u00e9e de lecture estim\u00e9e\" \/>\n\t<meta name=\"twitter:data2\" content=\"4 minutes\" \/>\n<script type=\"application\/ld+json\" class=\"yoast-schema-graph\">{\"@context\":\"https:\\\/\\\/schema.org\",\"@graph\":[{\"@type\":\"NewsArticle\",\"@id\":\"https:\\\/\\\/marieclaire.be\\\/fr\\\/romans-rentree-litteraire-2025\\\/#article\",\"isPartOf\":{\"@id\":\"https:\\\/\\\/marieclaire.be\\\/fr\\\/romans-rentree-litteraire-2025\\\/\"},\"author\":{\"name\":\"Aur\u00e9lia Dejond\",\"@id\":\"https:\\\/\\\/marieclaire.be\\\/fr\\\/#\\\/schema\\\/person\\\/6662706ba0bec65d82cc51520d640946\"},\"headline\":\"Nos 3 romans coups de c\u0153ur de la rentr\u00e9e litt\u00e9raire 2025\",\"datePublished\":\"2025-09-02T05:31:38+00:00\",\"dateModified\":\"2025-09-02T11:47:45+00:00\",\"mainEntityOfPage\":{\"@id\":\"https:\\\/\\\/marieclaire.be\\\/fr\\\/romans-rentree-litteraire-2025\\\/\"},\"wordCount\":748,\"publisher\":{\"@id\":\"https:\\\/\\\/marieclaire.be\\\/fr\\\/#organization\"},\"image\":{\"@id\":\"https:\\\/\\\/marieclaire.be\\\/fr\\\/romans-rentree-litteraire-2025\\\/#primaryimage\"},\"thumbnailUrl\":\"https:\\\/\\\/marieclaire.be\\\/fr\\\/wp-content\\\/uploads\\\/2024\\\/10\\\/automne-romans.png\",\"articleSection\":[\"Culture\",\"Livres\"],\"inLanguage\":\"fr-FR\"},{\"@type\":\"WebPage\",\"@id\":\"https:\\\/\\\/marieclaire.be\\\/fr\\\/romans-rentree-litteraire-2025\\\/\",\"url\":\"https:\\\/\\\/marieclaire.be\\\/fr\\\/romans-rentree-litteraire-2025\\\/\",\"name\":\"Nos 3 romans coups de c\u0153ur de la rentr\u00e9e litt\u00e9raire 2025 - Marie Claire Belgique\",\"isPartOf\":{\"@id\":\"https:\\\/\\\/marieclaire.be\\\/fr\\\/#website\"},\"primaryImageOfPage\":{\"@id\":\"https:\\\/\\\/marieclaire.be\\\/fr\\\/romans-rentree-litteraire-2025\\\/#primaryimage\"},\"image\":{\"@id\":\"https:\\\/\\\/marieclaire.be\\\/fr\\\/romans-rentree-litteraire-2025\\\/#primaryimage\"},\"thumbnailUrl\":\"https:\\\/\\\/marieclaire.be\\\/fr\\\/wp-content\\\/uploads\\\/2024\\\/10\\\/automne-romans.png\",\"datePublished\":\"2025-09-02T05:31:38+00:00\",\"dateModified\":\"2025-09-02T11:47:45+00:00\",\"description\":\"La rentr\u00e9e litt\u00e9raire s\u2019annonce plus riche que l\u2019an pass\u00e9, avec pas moins de 484 romans tr\u00e8s attendus. Voici notre trio coup de c\u0153ur.\",\"breadcrumb\":{\"@id\":\"https:\\\/\\\/marieclaire.be\\\/fr\\\/romans-rentree-litteraire-2025\\\/#breadcrumb\"},\"inLanguage\":\"fr-FR\",\"potentialAction\":[{\"@type\":\"ReadAction\",\"target\":[\"https:\\\/\\\/marieclaire.be\\\/fr\\\/romans-rentree-litteraire-2025\\\/\"]}]},{\"@type\":\"ImageObject\",\"inLanguage\":\"fr-FR\",\"@id\":\"https:\\\/\\\/marieclaire.be\\\/fr\\\/romans-rentree-litteraire-2025\\\/#primaryimage\",\"url\":\"https:\\\/\\\/marieclaire.be\\\/fr\\\/wp-content\\\/uploads\\\/2024\\\/10\\\/automne-romans.png\",\"contentUrl\":\"https:\\\/\\\/marieclaire.be\\\/fr\\\/wp-content\\\/uploads\\\/2024\\\/10\\\/automne-romans.png\",\"width\":1200,\"height\":628,\"caption\":\"Netflix\"},{\"@type\":\"BreadcrumbList\",\"@id\":\"https:\\\/\\\/marieclaire.be\\\/fr\\\/romans-rentree-litteraire-2025\\\/#breadcrumb\",\"itemListElement\":[{\"@type\":\"ListItem\",\"position\":1,\"name\":\"Accueil\",\"item\":\"https:\\\/\\\/marieclaire.be\\\/fr\\\/\"},{\"@type\":\"ListItem\",\"position\":2,\"name\":\"Nos 3 romans coups de c\u0153ur de la rentr\u00e9e litt\u00e9raire 2025\"}]},{\"@type\":\"WebSite\",\"@id\":\"https:\\\/\\\/marieclaire.be\\\/fr\\\/#website\",\"url\":\"https:\\\/\\\/marieclaire.be\\\/fr\\\/\",\"name\":\"Marie Claire Belgique\",\"description\":\"Marie Claire Belgique, le magazine du style et de l\u2019intelligence qui parle de mode, des tendances, de la beaut\u00e9, de l\u2019actualit\u00e9 et de la culture\",\"publisher\":{\"@id\":\"https:\\\/\\\/marieclaire.be\\\/fr\\\/#organization\"},\"potentialAction\":[{\"@type\":\"SearchAction\",\"target\":{\"@type\":\"EntryPoint\",\"urlTemplate\":\"https:\\\/\\\/marieclaire.be\\\/fr\\\/?s={search_term_string}\"},\"query-input\":{\"@type\":\"PropertyValueSpecification\",\"valueRequired\":true,\"valueName\":\"search_term_string\"}}],\"inLanguage\":\"fr-FR\"},{\"@type\":\"Organization\",\"@id\":\"https:\\\/\\\/marieclaire.be\\\/fr\\\/#organization\",\"name\":\"Marie Claire\",\"url\":\"https:\\\/\\\/marieclaire.be\\\/fr\\\/\",\"logo\":{\"@type\":\"ImageObject\",\"inLanguage\":\"fr-FR\",\"@id\":\"https:\\\/\\\/marieclaire.be\\\/fr\\\/#\\\/schema\\\/logo\\\/image\\\/\",\"url\":\"https:\\\/\\\/marieclaire.be\\\/fr\\\/wp-content\\\/uploads\\\/2018\\\/05\\\/mc-logo2.png\",\"contentUrl\":\"https:\\\/\\\/marieclaire.be\\\/fr\\\/wp-content\\\/uploads\\\/2018\\\/05\\\/mc-logo2.png\",\"width\":1001,\"height\":189,\"caption\":\"Marie Claire\"},\"image\":{\"@id\":\"https:\\\/\\\/marieclaire.be\\\/fr\\\/#\\\/schema\\\/logo\\\/image\\\/\"},\"sameAs\":[\"https:\\\/\\\/www.facebook.com\\\/MarieClaire.Belgique\\\/\",\"https:\\\/\\\/www.instagram.com\\\/marieclaire_belgique\\\/\",\"https:\\\/\\\/fr.pinterest.com\\\/marieclairebe\\\/\",\"https:\\\/\\\/www.youtube.com\\\/user\\\/BelgiumMarieClaire\"]},{\"@type\":\"Person\",\"@id\":\"https:\\\/\\\/marieclaire.be\\\/fr\\\/#\\\/schema\\\/person\\\/6662706ba0bec65d82cc51520d640946\",\"name\":\"Aur\u00e9lia Dejond\",\"image\":{\"@type\":\"ImageObject\",\"inLanguage\":\"fr-FR\",\"@id\":\"https:\\\/\\\/marieclaire.be\\\/fr\\\/wp-content\\\/uploads\\\/2024\\\/07\\\/aurelia-profil-96x96.jpeg\",\"url\":\"https:\\\/\\\/marieclaire.be\\\/fr\\\/wp-content\\\/uploads\\\/2024\\\/07\\\/aurelia-profil-96x96.jpeg\",\"contentUrl\":\"https:\\\/\\\/marieclaire.be\\\/fr\\\/wp-content\\\/uploads\\\/2024\\\/07\\\/aurelia-profil-96x96.jpeg\",\"caption\":\"Aur\u00e9lia Dejond\"},\"description\":\"\u00c9picurieuse de nature, t\u00eate chercheuse en tous genres, shoes et books addict, collectionneuse des pancartes \u00ab\u00a0Ne pas d\u00e9ranger\u00a0\u00bb. Toujours \u00e0 l\u2019aff\u00fbt d\u2019adresses d\u00e9cal\u00e9es, de concepts atypiques et de rencontres inspirantes.\",\"sameAs\":[\"https:\\\/\\\/www.instagram.com\\\/aurelia.dejond\\\/\"],\"url\":\"https:\\\/\\\/marieclaire.be\\\/fr\\\/author\\\/aurelia-dejondtelenet-be\\\/\"}]}<\/script>\n<!-- \/ Yoast SEO plugin. -->","yoast_head_json":{"title":"Nos 3 romans coups de c\u0153ur de la rentr\u00e9e litt\u00e9raire 2025 - Marie Claire Belgique","description":"La rentr\u00e9e litt\u00e9raire s\u2019annonce plus riche que l\u2019an pass\u00e9, avec pas moins de 484 romans tr\u00e8s attendus. Voici notre trio coup de c\u0153ur.","robots":{"index":"index","follow":"follow","max-snippet":"max-snippet:-1","max-image-preview":"max-image-preview:large","max-video-preview":"max-video-preview:-1"},"canonical":"https:\/\/marieclaire.be\/fr\/romans-rentree-litteraire-2025\/","og_locale":"fr_FR","og_type":"article","og_title":"Nos 3 romans coups de c\u0153ur de la rentr\u00e9e litt\u00e9raire 2025 - Marie Claire Belgique","og_description":"La rentr\u00e9e litt\u00e9raire s\u2019annonce plus riche que l\u2019an pass\u00e9, avec pas moins de 484 romans tr\u00e8s attendus. Voici notre trio coup de c\u0153ur.","og_url":"https:\/\/marieclaire.be\/fr\/romans-rentree-litteraire-2025\/","og_site_name":"Marie Claire Belgique","article_publisher":"https:\/\/www.facebook.com\/MarieClaire.Belgique\/","article_published_time":"2025-09-02T05:31:38+00:00","article_modified_time":"2025-09-02T11:47:45+00:00","og_image":[{"width":1200,"height":628,"url":"https:\/\/marieclaire.be\/fr\/wp-content\/uploads\/2024\/10\/automne-romans.png","type":"image\/png"}],"author":"Aur\u00e9lia Dejond","twitter_misc":{"\u00c9crit par":"Aur\u00e9lia Dejond","Dur\u00e9e de lecture estim\u00e9e":"4 minutes"},"schema":{"@context":"https:\/\/schema.org","@graph":[{"@type":"NewsArticle","@id":"https:\/\/marieclaire.be\/fr\/romans-rentree-litteraire-2025\/#article","isPartOf":{"@id":"https:\/\/marieclaire.be\/fr\/romans-rentree-litteraire-2025\/"},"author":{"name":"Aur\u00e9lia Dejond","@id":"https:\/\/marieclaire.be\/fr\/#\/schema\/person\/6662706ba0bec65d82cc51520d640946"},"headline":"Nos 3 romans coups de c\u0153ur de la rentr\u00e9e litt\u00e9raire 2025","datePublished":"2025-09-02T05:31:38+00:00","dateModified":"2025-09-02T11:47:45+00:00","mainEntityOfPage":{"@id":"https:\/\/marieclaire.be\/fr\/romans-rentree-litteraire-2025\/"},"wordCount":748,"publisher":{"@id":"https:\/\/marieclaire.be\/fr\/#organization"},"image":{"@id":"https:\/\/marieclaire.be\/fr\/romans-rentree-litteraire-2025\/#primaryimage"},"thumbnailUrl":"https:\/\/marieclaire.be\/fr\/wp-content\/uploads\/2024\/10\/automne-romans.png","articleSection":["Culture","Livres"],"inLanguage":"fr-FR"},{"@type":"WebPage","@id":"https:\/\/marieclaire.be\/fr\/romans-rentree-litteraire-2025\/","url":"https:\/\/marieclaire.be\/fr\/romans-rentree-litteraire-2025\/","name":"Nos 3 romans coups de c\u0153ur de la rentr\u00e9e litt\u00e9raire 2025 - Marie Claire Belgique","isPartOf":{"@id":"https:\/\/marieclaire.be\/fr\/#website"},"primaryImageOfPage":{"@id":"https:\/\/marieclaire.be\/fr\/romans-rentree-litteraire-2025\/#primaryimage"},"image":{"@id":"https:\/\/marieclaire.be\/fr\/romans-rentree-litteraire-2025\/#primaryimage"},"thumbnailUrl":"https:\/\/marieclaire.be\/fr\/wp-content\/uploads\/2024\/10\/automne-romans.png","datePublished":"2025-09-02T05:31:38+00:00","dateModified":"2025-09-02T11:47:45+00:00","description":"La rentr\u00e9e litt\u00e9raire s\u2019annonce plus riche que l\u2019an pass\u00e9, avec pas moins de 484 romans tr\u00e8s attendus. Voici notre trio coup de c\u0153ur.","breadcrumb":{"@id":"https:\/\/marieclaire.be\/fr\/romans-rentree-litteraire-2025\/#breadcrumb"},"inLanguage":"fr-FR","potentialAction":[{"@type":"ReadAction","target":["https:\/\/marieclaire.be\/fr\/romans-rentree-litteraire-2025\/"]}]},{"@type":"ImageObject","inLanguage":"fr-FR","@id":"https:\/\/marieclaire.be\/fr\/romans-rentree-litteraire-2025\/#primaryimage","url":"https:\/\/marieclaire.be\/fr\/wp-content\/uploads\/2024\/10\/automne-romans.png","contentUrl":"https:\/\/marieclaire.be\/fr\/wp-content\/uploads\/2024\/10\/automne-romans.png","width":1200,"height":628,"caption":"Netflix"},{"@type":"BreadcrumbList","@id":"https:\/\/marieclaire.be\/fr\/romans-rentree-litteraire-2025\/#breadcrumb","itemListElement":[{"@type":"ListItem","position":1,"name":"Accueil","item":"https:\/\/marieclaire.be\/fr\/"},{"@type":"ListItem","position":2,"name":"Nos 3 romans coups de c\u0153ur de la rentr\u00e9e litt\u00e9raire 2025"}]},{"@type":"WebSite","@id":"https:\/\/marieclaire.be\/fr\/#website","url":"https:\/\/marieclaire.be\/fr\/","name":"Marie Claire Belgique","description":"Marie Claire Belgique, le magazine du style et de l\u2019intelligence qui parle de mode, des tendances, de la beaut\u00e9, de l\u2019actualit\u00e9 et de la culture","publisher":{"@id":"https:\/\/marieclaire.be\/fr\/#organization"},"potentialAction":[{"@type":"SearchAction","target":{"@type":"EntryPoint","urlTemplate":"https:\/\/marieclaire.be\/fr\/?s={search_term_string}"},"query-input":{"@type":"PropertyValueSpecification","valueRequired":true,"valueName":"search_term_string"}}],"inLanguage":"fr-FR"},{"@type":"Organization","@id":"https:\/\/marieclaire.be\/fr\/#organization","name":"Marie Claire","url":"https:\/\/marieclaire.be\/fr\/","logo":{"@type":"ImageObject","inLanguage":"fr-FR","@id":"https:\/\/marieclaire.be\/fr\/#\/schema\/logo\/image\/","url":"https:\/\/marieclaire.be\/fr\/wp-content\/uploads\/2018\/05\/mc-logo2.png","contentUrl":"https:\/\/marieclaire.be\/fr\/wp-content\/uploads\/2018\/05\/mc-logo2.png","width":1001,"height":189,"caption":"Marie Claire"},"image":{"@id":"https:\/\/marieclaire.be\/fr\/#\/schema\/logo\/image\/"},"sameAs":["https:\/\/www.facebook.com\/MarieClaire.Belgique\/","https:\/\/www.instagram.com\/marieclaire_belgique\/","https:\/\/fr.pinterest.com\/marieclairebe\/","https:\/\/www.youtube.com\/user\/BelgiumMarieClaire"]},{"@type":"Person","@id":"https:\/\/marieclaire.be\/fr\/#\/schema\/person\/6662706ba0bec65d82cc51520d640946","name":"Aur\u00e9lia Dejond","image":{"@type":"ImageObject","inLanguage":"fr-FR","@id":"https:\/\/marieclaire.be\/fr\/wp-content\/uploads\/2024\/07\/aurelia-profil-96x96.jpeg","url":"https:\/\/marieclaire.be\/fr\/wp-content\/uploads\/2024\/07\/aurelia-profil-96x96.jpeg","contentUrl":"https:\/\/marieclaire.be\/fr\/wp-content\/uploads\/2024\/07\/aurelia-profil-96x96.jpeg","caption":"Aur\u00e9lia Dejond"},"description":"\u00c9picurieuse de nature, t\u00eate chercheuse en tous genres, shoes et books addict, collectionneuse des pancartes \u00ab\u00a0Ne pas d\u00e9ranger\u00a0\u00bb. Toujours \u00e0 l\u2019aff\u00fbt d\u2019adresses d\u00e9cal\u00e9es, de concepts atypiques et de rencontres inspirantes.","sameAs":["https:\/\/www.instagram.com\/aurelia.dejond\/"],"url":"https:\/\/marieclaire.be\/fr\/author\/aurelia-dejondtelenet-be\/"}]}},"_links":{"self":[{"href":"https:\/\/marieclaire.be\/fr\/wp-json\/wp\/v2\/posts\/144848","targetHints":{"allow":["GET"]}}],"collection":[{"href":"https:\/\/marieclaire.be\/fr\/wp-json\/wp\/v2\/posts"}],"about":[{"href":"https:\/\/marieclaire.be\/fr\/wp-json\/wp\/v2\/types\/post"}],"author":[{"embeddable":true,"href":"https:\/\/marieclaire.be\/fr\/wp-json\/wp\/v2\/users\/74"}],"replies":[{"embeddable":true,"href":"https:\/\/marieclaire.be\/fr\/wp-json\/wp\/v2\/comments?post=144848"}],"version-history":[{"count":2,"href":"https:\/\/marieclaire.be\/fr\/wp-json\/wp\/v2\/posts\/144848\/revisions"}],"predecessor-version":[{"id":145056,"href":"https:\/\/marieclaire.be\/fr\/wp-json\/wp\/v2\/posts\/144848\/revisions\/145056"}],"wp:featuredmedia":[{"embeddable":true,"href":"https:\/\/marieclaire.be\/fr\/wp-json\/wp\/v2\/media\/138808"}],"wp:attachment":[{"href":"https:\/\/marieclaire.be\/fr\/wp-json\/wp\/v2\/media?parent=144848"}],"wp:term":[{"taxonomy":"category","embeddable":true,"href":"https:\/\/marieclaire.be\/fr\/wp-json\/wp\/v2\/categories?post=144848"},{"taxonomy":"post_tag","embeddable":true,"href":"https:\/\/marieclaire.be\/fr\/wp-json\/wp\/v2\/tags?post=144848"}],"curies":[{"name":"wp","href":"https:\/\/api.w.org\/{rel}","templated":true}]}}