{"id":144648,"date":"2025-09-03T10:00:18","date_gmt":"2025-09-03T08:00:18","guid":{"rendered":"https:\/\/marieclaire.be\/fr\/?p=144648"},"modified":"2025-08-26T15:36:27","modified_gmt":"2025-08-26T13:36:27","slug":"on-a-teste-anatura-un-havre-de-paix-au-coeur-de-la-nature","status":"publish","type":"post","link":"https:\/\/marieclaire.be\/fr\/on-a-teste-anatura-un-havre-de-paix-au-coeur-de-la-nature\/","title":{"rendered":"On a test\u00e9 : Anatura, un havre de paix au c\u0153ur de la nature"},"content":{"rendered":"","protected":false},"excerpt":{"rendered":"Situ\u00e9 \u00e0 la fronti\u00e8re Belgo-Luxembourgeoise, \u00e0 seulement deux heures de Bruxelles, l\u2019h\u00f4tel Anatura offre une escapade id\u00e9ale pour se reposer lors d\u2019un week-end en couple, en famille ou entre amis.","protected":false},"author":44,"featured_media":144649,"comment_status":"closed","ping_status":"closed","sticky":false,"template":"","format":"standard","meta":{"_acf_changed":false,"footnotes":""},"categories":[29,67],"tags":[],"class_list":["post-144648","post","type-post","status-publish","format-standard","has-post-thumbnail","hentry","category-voyages","category-lifestyle"],"acf":[],"_yoast_wpseo_title":null,"_yoast_wpseo_metadesc":"L'h\u00f4tel Anatura offre une escapade id\u00e9ale pour se reposer lors d\u2019un week-end. On a test\u00e9 l\u2019exp\u00e9rience et on est charm\u00e9.","image_verticale":"144654","yoast_head":"<!-- This site is optimized with the Yoast SEO plugin v27.3 - https:\/\/yoast.com\/product\/yoast-seo-wordpress\/ -->\n<title>On a test\u00e9 : Anatura, un havre de paix au c\u0153ur de la nature - Marie Claire Belgique<\/title>\n<meta name=\"description\" content=\"L&#039;h\u00f4tel Anatura offre une escapade id\u00e9ale pour se reposer lors d\u2019un week-end. On a test\u00e9 l\u2019exp\u00e9rience et on est charm\u00e9.\" \/>\n<meta name=\"robots\" content=\"index, follow, max-snippet:-1, max-image-preview:large, max-video-preview:-1\" \/>\n<link rel=\"canonical\" href=\"https:\/\/marieclaire.be\/fr\/on-a-teste-anatura-un-havre-de-paix-au-coeur-de-la-nature\/\" \/>\n<meta property=\"og:locale\" content=\"fr_FR\" \/>\n<meta property=\"og:type\" content=\"article\" \/>\n<meta property=\"og:title\" content=\"On a test\u00e9 : Anatura, un havre de paix au c\u0153ur de la nature - Marie Claire Belgique\" \/>\n<meta property=\"og:description\" content=\"L&#039;h\u00f4tel Anatura offre une escapade id\u00e9ale pour se reposer lors d\u2019un week-end. On a test\u00e9 l\u2019exp\u00e9rience et on est charm\u00e9.\" \/>\n<meta property=\"og:url\" content=\"https:\/\/marieclaire.be\/fr\/on-a-teste-anatura-un-havre-de-paix-au-coeur-de-la-nature\/\" \/>\n<meta property=\"og:site_name\" content=\"Marie Claire Belgique\" \/>\n<meta property=\"article:publisher\" content=\"https:\/\/www.facebook.com\/MarieClaire.Belgique\/\" \/>\n<meta property=\"article:published_time\" content=\"2025-09-03T08:00:18+00:00\" \/>\n<meta property=\"og:image\" content=\"https:\/\/marieclaire.be\/fr\/wp-content\/uploads\/2025\/07\/marie-claire-horiz-image-a-la-une-3.png\" \/>\n\t<meta property=\"og:image:width\" content=\"1280\" \/>\n\t<meta property=\"og:image:height\" content=\"670\" \/>\n\t<meta property=\"og:image:type\" content=\"image\/png\" \/>\n<meta name=\"author\" content=\"Marie Claire Partenaire\" \/>\n<meta name=\"twitter:label1\" content=\"\u00c9crit par\" \/>\n\t<meta name=\"twitter:data1\" content=\"Marie Claire Partenaire\" \/>\n\t<meta name=\"twitter:label2\" content=\"Dur\u00e9e de lecture estim\u00e9e\" \/>\n\t<meta name=\"twitter:data2\" content=\"3 minutes\" \/>\n<script type=\"application\/ld+json\" class=\"yoast-schema-graph\">{\"@context\":\"https:\\\/\\\/schema.org\",\"@graph\":[{\"@type\":\"NewsArticle\",\"@id\":\"https:\\\/\\\/marieclaire.be\\\/fr\\\/on-a-teste-anatura-un-havre-de-paix-au-coeur-de-la-nature\\\/#article\",\"isPartOf\":{\"@id\":\"https:\\\/\\\/marieclaire.be\\\/fr\\\/on-a-teste-anatura-un-havre-de-paix-au-coeur-de-la-nature\\\/\"},\"author\":{\"name\":\"Marie Claire Partenaire\",\"@id\":\"https:\\\/\\\/marieclaire.be\\\/fr\\\/#\\\/schema\\\/person\\\/bdba51896db3a4a4d511b535c2bfb06c\"},\"headline\":\"On a test\u00e9 : Anatura, un havre de paix au c\u0153ur de la nature\",\"datePublished\":\"2025-09-03T08:00:18+00:00\",\"mainEntityOfPage\":{\"@id\":\"https:\\\/\\\/marieclaire.be\\\/fr\\\/on-a-teste-anatura-un-havre-de-paix-au-coeur-de-la-nature\\\/\"},\"wordCount\":548,\"publisher\":{\"@id\":\"https:\\\/\\\/marieclaire.be\\\/fr\\\/#organization\"},\"image\":{\"@id\":\"https:\\\/\\\/marieclaire.be\\\/fr\\\/on-a-teste-anatura-un-havre-de-paix-au-coeur-de-la-nature\\\/#primaryimage\"},\"thumbnailUrl\":\"https:\\\/\\\/marieclaire.be\\\/fr\\\/wp-content\\\/uploads\\\/2025\\\/07\\\/marie-claire-horiz-image-a-la-une-3.png\",\"articleSection\":[\"Evasion\",\"Lifestyle\"],\"inLanguage\":\"fr-FR\"},{\"@type\":\"WebPage\",\"@id\":\"https:\\\/\\\/marieclaire.be\\\/fr\\\/on-a-teste-anatura-un-havre-de-paix-au-coeur-de-la-nature\\\/\",\"url\":\"https:\\\/\\\/marieclaire.be\\\/fr\\\/on-a-teste-anatura-un-havre-de-paix-au-coeur-de-la-nature\\\/\",\"name\":\"On a test\u00e9 : Anatura, un havre de paix au c\u0153ur de la nature - Marie Claire Belgique\",\"isPartOf\":{\"@id\":\"https:\\\/\\\/marieclaire.be\\\/fr\\\/#website\"},\"primaryImageOfPage\":{\"@id\":\"https:\\\/\\\/marieclaire.be\\\/fr\\\/on-a-teste-anatura-un-havre-de-paix-au-coeur-de-la-nature\\\/#primaryimage\"},\"image\":{\"@id\":\"https:\\\/\\\/marieclaire.be\\\/fr\\\/on-a-teste-anatura-un-havre-de-paix-au-coeur-de-la-nature\\\/#primaryimage\"},\"thumbnailUrl\":\"https:\\\/\\\/marieclaire.be\\\/fr\\\/wp-content\\\/uploads\\\/2025\\\/07\\\/marie-claire-horiz-image-a-la-une-3.png\",\"datePublished\":\"2025-09-03T08:00:18+00:00\",\"description\":\"L'h\u00f4tel Anatura offre une escapade id\u00e9ale pour se reposer lors d\u2019un week-end. On a test\u00e9 l\u2019exp\u00e9rience et on est charm\u00e9.\",\"breadcrumb\":{\"@id\":\"https:\\\/\\\/marieclaire.be\\\/fr\\\/on-a-teste-anatura-un-havre-de-paix-au-coeur-de-la-nature\\\/#breadcrumb\"},\"inLanguage\":\"fr-FR\",\"potentialAction\":[{\"@type\":\"ReadAction\",\"target\":[\"https:\\\/\\\/marieclaire.be\\\/fr\\\/on-a-teste-anatura-un-havre-de-paix-au-coeur-de-la-nature\\\/\"]}]},{\"@type\":\"ImageObject\",\"inLanguage\":\"fr-FR\",\"@id\":\"https:\\\/\\\/marieclaire.be\\\/fr\\\/on-a-teste-anatura-un-havre-de-paix-au-coeur-de-la-nature\\\/#primaryimage\",\"url\":\"https:\\\/\\\/marieclaire.be\\\/fr\\\/wp-content\\\/uploads\\\/2025\\\/07\\\/marie-claire-horiz-image-a-la-une-3.png\",\"contentUrl\":\"https:\\\/\\\/marieclaire.be\\\/fr\\\/wp-content\\\/uploads\\\/2025\\\/07\\\/marie-claire-horiz-image-a-la-une-3.png\",\"width\":1280,\"height\":670,\"caption\":\"Anatura\"},{\"@type\":\"BreadcrumbList\",\"@id\":\"https:\\\/\\\/marieclaire.be\\\/fr\\\/on-a-teste-anatura-un-havre-de-paix-au-coeur-de-la-nature\\\/#breadcrumb\",\"itemListElement\":[{\"@type\":\"ListItem\",\"position\":1,\"name\":\"Accueil\",\"item\":\"https:\\\/\\\/marieclaire.be\\\/fr\\\/\"},{\"@type\":\"ListItem\",\"position\":2,\"name\":\"On a test\u00e9 : Anatura, un havre de paix au c\u0153ur de la nature\"}]},{\"@type\":\"WebSite\",\"@id\":\"https:\\\/\\\/marieclaire.be\\\/fr\\\/#website\",\"url\":\"https:\\\/\\\/marieclaire.be\\\/fr\\\/\",\"name\":\"Marie Claire Belgique\",\"description\":\"Marie Claire Belgique, le magazine du style et de l\u2019intelligence qui parle de mode, des tendances, de la beaut\u00e9, de l\u2019actualit\u00e9 et de la culture\",\"publisher\":{\"@id\":\"https:\\\/\\\/marieclaire.be\\\/fr\\\/#organization\"},\"potentialAction\":[{\"@type\":\"SearchAction\",\"target\":{\"@type\":\"EntryPoint\",\"urlTemplate\":\"https:\\\/\\\/marieclaire.be\\\/fr\\\/?s={search_term_string}\"},\"query-input\":{\"@type\":\"PropertyValueSpecification\",\"valueRequired\":true,\"valueName\":\"search_term_string\"}}],\"inLanguage\":\"fr-FR\"},{\"@type\":\"Organization\",\"@id\":\"https:\\\/\\\/marieclaire.be\\\/fr\\\/#organization\",\"name\":\"Marie Claire\",\"url\":\"https:\\\/\\\/marieclaire.be\\\/fr\\\/\",\"logo\":{\"@type\":\"ImageObject\",\"inLanguage\":\"fr-FR\",\"@id\":\"https:\\\/\\\/marieclaire.be\\\/fr\\\/#\\\/schema\\\/logo\\\/image\\\/\",\"url\":\"https:\\\/\\\/marieclaire.be\\\/fr\\\/wp-content\\\/uploads\\\/2018\\\/05\\\/mc-logo2.png\",\"contentUrl\":\"https:\\\/\\\/marieclaire.be\\\/fr\\\/wp-content\\\/uploads\\\/2018\\\/05\\\/mc-logo2.png\",\"width\":1001,\"height\":189,\"caption\":\"Marie Claire\"},\"image\":{\"@id\":\"https:\\\/\\\/marieclaire.be\\\/fr\\\/#\\\/schema\\\/logo\\\/image\\\/\"},\"sameAs\":[\"https:\\\/\\\/www.facebook.com\\\/MarieClaire.Belgique\\\/\",\"https:\\\/\\\/www.instagram.com\\\/marieclaire_belgique\\\/\",\"https:\\\/\\\/fr.pinterest.com\\\/marieclairebe\\\/\",\"https:\\\/\\\/www.youtube.com\\\/user\\\/BelgiumMarieClaire\"]},{\"@type\":\"Person\",\"@id\":\"https:\\\/\\\/marieclaire.be\\\/fr\\\/#\\\/schema\\\/person\\\/bdba51896db3a4a4d511b535c2bfb06c\",\"name\":\"Marie Claire Partenaire\",\"image\":{\"@type\":\"ImageObject\",\"inLanguage\":\"fr-FR\",\"@id\":\"https:\\\/\\\/marieclaire.be\\\/fr\\\/wp-content\\\/uploads\\\/2025\\\/02\\\/mclogo-300x3001-96x96.jpg\",\"url\":\"https:\\\/\\\/marieclaire.be\\\/fr\\\/wp-content\\\/uploads\\\/2025\\\/02\\\/mclogo-300x3001-96x96.jpg\",\"contentUrl\":\"https:\\\/\\\/marieclaire.be\\\/fr\\\/wp-content\\\/uploads\\\/2025\\\/02\\\/mclogo-300x3001-96x96.jpg\",\"caption\":\"Marie Claire Partenaire\"},\"url\":\"https:\\\/\\\/marieclaire.be\\\/fr\\\/author\\\/marie-claire-os\\\/\"}]}<\/script>\n<!-- \/ Yoast SEO plugin. -->","yoast_head_json":{"title":"On a test\u00e9 : Anatura, un havre de paix au c\u0153ur de la nature - Marie Claire Belgique","description":"L'h\u00f4tel Anatura offre une escapade id\u00e9ale pour se reposer lors d\u2019un week-end. On a test\u00e9 l\u2019exp\u00e9rience et on est charm\u00e9.","robots":{"index":"index","follow":"follow","max-snippet":"max-snippet:-1","max-image-preview":"max-image-preview:large","max-video-preview":"max-video-preview:-1"},"canonical":"https:\/\/marieclaire.be\/fr\/on-a-teste-anatura-un-havre-de-paix-au-coeur-de-la-nature\/","og_locale":"fr_FR","og_type":"article","og_title":"On a test\u00e9 : Anatura, un havre de paix au c\u0153ur de la nature - Marie Claire Belgique","og_description":"L'h\u00f4tel Anatura offre une escapade id\u00e9ale pour se reposer lors d\u2019un week-end. On a test\u00e9 l\u2019exp\u00e9rience et on est charm\u00e9.","og_url":"https:\/\/marieclaire.be\/fr\/on-a-teste-anatura-un-havre-de-paix-au-coeur-de-la-nature\/","og_site_name":"Marie Claire Belgique","article_publisher":"https:\/\/www.facebook.com\/MarieClaire.Belgique\/","article_published_time":"2025-09-03T08:00:18+00:00","og_image":[{"width":1280,"height":670,"url":"https:\/\/marieclaire.be\/fr\/wp-content\/uploads\/2025\/07\/marie-claire-horiz-image-a-la-une-3.png","type":"image\/png"}],"author":"Marie Claire Partenaire","twitter_misc":{"\u00c9crit par":"Marie Claire Partenaire","Dur\u00e9e de lecture estim\u00e9e":"3 minutes"},"schema":{"@context":"https:\/\/schema.org","@graph":[{"@type":"NewsArticle","@id":"https:\/\/marieclaire.be\/fr\/on-a-teste-anatura-un-havre-de-paix-au-coeur-de-la-nature\/#article","isPartOf":{"@id":"https:\/\/marieclaire.be\/fr\/on-a-teste-anatura-un-havre-de-paix-au-coeur-de-la-nature\/"},"author":{"name":"Marie Claire Partenaire","@id":"https:\/\/marieclaire.be\/fr\/#\/schema\/person\/bdba51896db3a4a4d511b535c2bfb06c"},"headline":"On a test\u00e9 : Anatura, un havre de paix au c\u0153ur de la nature","datePublished":"2025-09-03T08:00:18+00:00","mainEntityOfPage":{"@id":"https:\/\/marieclaire.be\/fr\/on-a-teste-anatura-un-havre-de-paix-au-coeur-de-la-nature\/"},"wordCount":548,"publisher":{"@id":"https:\/\/marieclaire.be\/fr\/#organization"},"image":{"@id":"https:\/\/marieclaire.be\/fr\/on-a-teste-anatura-un-havre-de-paix-au-coeur-de-la-nature\/#primaryimage"},"thumbnailUrl":"https:\/\/marieclaire.be\/fr\/wp-content\/uploads\/2025\/07\/marie-claire-horiz-image-a-la-une-3.png","articleSection":["Evasion","Lifestyle"],"inLanguage":"fr-FR"},{"@type":"WebPage","@id":"https:\/\/marieclaire.be\/fr\/on-a-teste-anatura-un-havre-de-paix-au-coeur-de-la-nature\/","url":"https:\/\/marieclaire.be\/fr\/on-a-teste-anatura-un-havre-de-paix-au-coeur-de-la-nature\/","name":"On a test\u00e9 : Anatura, un havre de paix au c\u0153ur de la nature - Marie Claire Belgique","isPartOf":{"@id":"https:\/\/marieclaire.be\/fr\/#website"},"primaryImageOfPage":{"@id":"https:\/\/marieclaire.be\/fr\/on-a-teste-anatura-un-havre-de-paix-au-coeur-de-la-nature\/#primaryimage"},"image":{"@id":"https:\/\/marieclaire.be\/fr\/on-a-teste-anatura-un-havre-de-paix-au-coeur-de-la-nature\/#primaryimage"},"thumbnailUrl":"https:\/\/marieclaire.be\/fr\/wp-content\/uploads\/2025\/07\/marie-claire-horiz-image-a-la-une-3.png","datePublished":"2025-09-03T08:00:18+00:00","description":"L'h\u00f4tel Anatura offre une escapade id\u00e9ale pour se reposer lors d\u2019un week-end. On a test\u00e9 l\u2019exp\u00e9rience et on est charm\u00e9.","breadcrumb":{"@id":"https:\/\/marieclaire.be\/fr\/on-a-teste-anatura-un-havre-de-paix-au-coeur-de-la-nature\/#breadcrumb"},"inLanguage":"fr-FR","potentialAction":[{"@type":"ReadAction","target":["https:\/\/marieclaire.be\/fr\/on-a-teste-anatura-un-havre-de-paix-au-coeur-de-la-nature\/"]}]},{"@type":"ImageObject","inLanguage":"fr-FR","@id":"https:\/\/marieclaire.be\/fr\/on-a-teste-anatura-un-havre-de-paix-au-coeur-de-la-nature\/#primaryimage","url":"https:\/\/marieclaire.be\/fr\/wp-content\/uploads\/2025\/07\/marie-claire-horiz-image-a-la-une-3.png","contentUrl":"https:\/\/marieclaire.be\/fr\/wp-content\/uploads\/2025\/07\/marie-claire-horiz-image-a-la-une-3.png","width":1280,"height":670,"caption":"Anatura"},{"@type":"BreadcrumbList","@id":"https:\/\/marieclaire.be\/fr\/on-a-teste-anatura-un-havre-de-paix-au-coeur-de-la-nature\/#breadcrumb","itemListElement":[{"@type":"ListItem","position":1,"name":"Accueil","item":"https:\/\/marieclaire.be\/fr\/"},{"@type":"ListItem","position":2,"name":"On a test\u00e9 : Anatura, un havre de paix au c\u0153ur de la nature"}]},{"@type":"WebSite","@id":"https:\/\/marieclaire.be\/fr\/#website","url":"https:\/\/marieclaire.be\/fr\/","name":"Marie Claire Belgique","description":"Marie Claire Belgique, le magazine du style et de l\u2019intelligence qui parle de mode, des tendances, de la beaut\u00e9, de l\u2019actualit\u00e9 et de la culture","publisher":{"@id":"https:\/\/marieclaire.be\/fr\/#organization"},"potentialAction":[{"@type":"SearchAction","target":{"@type":"EntryPoint","urlTemplate":"https:\/\/marieclaire.be\/fr\/?s={search_term_string}"},"query-input":{"@type":"PropertyValueSpecification","valueRequired":true,"valueName":"search_term_string"}}],"inLanguage":"fr-FR"},{"@type":"Organization","@id":"https:\/\/marieclaire.be\/fr\/#organization","name":"Marie Claire","url":"https:\/\/marieclaire.be\/fr\/","logo":{"@type":"ImageObject","inLanguage":"fr-FR","@id":"https:\/\/marieclaire.be\/fr\/#\/schema\/logo\/image\/","url":"https:\/\/marieclaire.be\/fr\/wp-content\/uploads\/2018\/05\/mc-logo2.png","contentUrl":"https:\/\/marieclaire.be\/fr\/wp-content\/uploads\/2018\/05\/mc-logo2.png","width":1001,"height":189,"caption":"Marie Claire"},"image":{"@id":"https:\/\/marieclaire.be\/fr\/#\/schema\/logo\/image\/"},"sameAs":["https:\/\/www.facebook.com\/MarieClaire.Belgique\/","https:\/\/www.instagram.com\/marieclaire_belgique\/","https:\/\/fr.pinterest.com\/marieclairebe\/","https:\/\/www.youtube.com\/user\/BelgiumMarieClaire"]},{"@type":"Person","@id":"https:\/\/marieclaire.be\/fr\/#\/schema\/person\/bdba51896db3a4a4d511b535c2bfb06c","name":"Marie Claire Partenaire","image":{"@type":"ImageObject","inLanguage":"fr-FR","@id":"https:\/\/marieclaire.be\/fr\/wp-content\/uploads\/2025\/02\/mclogo-300x3001-96x96.jpg","url":"https:\/\/marieclaire.be\/fr\/wp-content\/uploads\/2025\/02\/mclogo-300x3001-96x96.jpg","contentUrl":"https:\/\/marieclaire.be\/fr\/wp-content\/uploads\/2025\/02\/mclogo-300x3001-96x96.jpg","caption":"Marie Claire Partenaire"},"url":"https:\/\/marieclaire.be\/fr\/author\/marie-claire-os\/"}]}},"_links":{"self":[{"href":"https:\/\/marieclaire.be\/fr\/wp-json\/wp\/v2\/posts\/144648","targetHints":{"allow":["GET"]}}],"collection":[{"href":"https:\/\/marieclaire.be\/fr\/wp-json\/wp\/v2\/posts"}],"about":[{"href":"https:\/\/marieclaire.be\/fr\/wp-json\/wp\/v2\/types\/post"}],"author":[{"embeddable":true,"href":"https:\/\/marieclaire.be\/fr\/wp-json\/wp\/v2\/users\/44"}],"replies":[{"embeddable":true,"href":"https:\/\/marieclaire.be\/fr\/wp-json\/wp\/v2\/comments?post=144648"}],"version-history":[{"count":6,"href":"https:\/\/marieclaire.be\/fr\/wp-json\/wp\/v2\/posts\/144648\/revisions"}],"predecessor-version":[{"id":144714,"href":"https:\/\/marieclaire.be\/fr\/wp-json\/wp\/v2\/posts\/144648\/revisions\/144714"}],"wp:featuredmedia":[{"embeddable":true,"href":"https:\/\/marieclaire.be\/fr\/wp-json\/wp\/v2\/media\/144649"}],"wp:attachment":[{"href":"https:\/\/marieclaire.be\/fr\/wp-json\/wp\/v2\/media?parent=144648"}],"wp:term":[{"taxonomy":"category","embeddable":true,"href":"https:\/\/marieclaire.be\/fr\/wp-json\/wp\/v2\/categories?post=144648"},{"taxonomy":"post_tag","embeddable":true,"href":"https:\/\/marieclaire.be\/fr\/wp-json\/wp\/v2\/tags?post=144648"}],"curies":[{"name":"wp","href":"https:\/\/api.w.org\/{rel}","templated":true}]}}