{"id":143867,"date":"2025-05-29T13:39:29","date_gmt":"2025-05-29T11:39:29","guid":{"rendered":"https:\/\/marieclaire.be\/fr\/?p=143867"},"modified":"2025-05-29T13:43:27","modified_gmt":"2025-05-29T11:43:27","slug":"defile-dior-croisiere-rome","status":"publish","type":"post","link":"https:\/\/marieclaire.be\/fr\/defile-dior-croisiere-rome\/","title":{"rendered":"\u00c0 Rome, Maria Grazia Chiuri signe un d\u00e9fil\u00e9 po\u00e9tique pour Dior"},"content":{"rendered":"","protected":false},"excerpt":{"rendered":"C\u2019est \u00e0 Rome, dans sa ville natale, que Maria Grazia Chiuri a sign\u00e9 un d\u00e9fil\u00e9 Dior d\u2019une \u00e9l\u00e9gance cisel\u00e9e, entre savoir-faire couture et dentelle sculpt\u00e9e.","protected":false},"author":30,"featured_media":143869,"comment_status":"closed","ping_status":"closed","sticky":false,"template":"","format":"standard","meta":{"_acf_changed":false,"footnotes":""},"categories":[22,6],"tags":[551],"class_list":["post-143867","post","type-post","status-publish","format-standard","has-post-thumbnail","hentry","category-defiles","category-mode","tag-dior"],"acf":[],"_yoast_wpseo_title":null,"_yoast_wpseo_metadesc":"Dans le d\u00e9cor intime de sa ville natale, Maria Grazia Chiuri a fait souffler un vent de gr\u00e2ce sur la collection croisi\u00e8re Dior 2026.","image_verticale":"143868","yoast_head":"<!-- This site is optimized with the Yoast SEO plugin v27.3 - https:\/\/yoast.com\/product\/yoast-seo-wordpress\/ -->\n<title>\u00c0 Rome, Maria Grazia Chiuri signe un d\u00e9fil\u00e9 po\u00e9tique pour Dior - Marie Claire Belgique<\/title>\n<meta name=\"description\" content=\"Dans le d\u00e9cor intime de sa ville natale, Maria Grazia Chiuri a fait souffler un vent de gr\u00e2ce sur la collection croisi\u00e8re Dior 2026.\" \/>\n<meta name=\"robots\" content=\"index, follow, max-snippet:-1, max-image-preview:large, max-video-preview:-1\" \/>\n<link rel=\"canonical\" href=\"https:\/\/marieclaire.be\/fr\/defile-dior-croisiere-rome\/\" \/>\n<meta property=\"og:locale\" content=\"fr_FR\" \/>\n<meta property=\"og:type\" content=\"article\" \/>\n<meta property=\"og:title\" content=\"\u00c0 Rome, Maria Grazia Chiuri signe un d\u00e9fil\u00e9 po\u00e9tique pour Dior - Marie Claire Belgique\" \/>\n<meta property=\"og:description\" content=\"Dans le d\u00e9cor intime de sa ville natale, Maria Grazia Chiuri a fait souffler un vent de gr\u00e2ce sur la collection croisi\u00e8re Dior 2026.\" \/>\n<meta property=\"og:url\" content=\"https:\/\/marieclaire.be\/fr\/defile-dior-croisiere-rome\/\" \/>\n<meta property=\"og:site_name\" content=\"Marie Claire Belgique\" \/>\n<meta property=\"article:publisher\" content=\"https:\/\/www.facebook.com\/MarieClaire.Belgique\/\" \/>\n<meta property=\"article:published_time\" content=\"2025-05-29T11:39:29+00:00\" \/>\n<meta property=\"article:modified_time\" content=\"2025-05-29T11:43:27+00:00\" \/>\n<meta property=\"og:image\" content=\"https:\/\/marieclaire.be\/fr\/wp-content\/uploads\/2025\/05\/dior-croisiere.png\" \/>\n\t<meta property=\"og:image:width\" content=\"1200\" \/>\n\t<meta property=\"og:image:height\" content=\"628\" \/>\n\t<meta property=\"og:image:type\" content=\"image\/png\" \/>\n<meta name=\"author\" content=\"Malvine Sevrin\" \/>\n<meta name=\"twitter:label1\" content=\"\u00c9crit par\" \/>\n\t<meta name=\"twitter:data1\" content=\"Malvine Sevrin\" \/>\n\t<meta name=\"twitter:label2\" content=\"Dur\u00e9e de lecture estim\u00e9e\" \/>\n\t<meta name=\"twitter:data2\" content=\"2 minutes\" \/>\n<script type=\"application\/ld+json\" class=\"yoast-schema-graph\">{\"@context\":\"https:\\\/\\\/schema.org\",\"@graph\":[{\"@type\":\"NewsArticle\",\"@id\":\"https:\\\/\\\/marieclaire.be\\\/fr\\\/defile-dior-croisiere-rome\\\/#article\",\"isPartOf\":{\"@id\":\"https:\\\/\\\/marieclaire.be\\\/fr\\\/defile-dior-croisiere-rome\\\/\"},\"author\":{\"name\":\"Malvine Sevrin\",\"@id\":\"https:\\\/\\\/marieclaire.be\\\/fr\\\/#\\\/schema\\\/person\\\/c71bd7a8c3e622513c7531a39292a34e\"},\"headline\":\"\u00c0 Rome, Maria Grazia Chiuri signe un d\u00e9fil\u00e9 po\u00e9tique pour Dior\",\"datePublished\":\"2025-05-29T11:39:29+00:00\",\"dateModified\":\"2025-05-29T11:43:27+00:00\",\"mainEntityOfPage\":{\"@id\":\"https:\\\/\\\/marieclaire.be\\\/fr\\\/defile-dior-croisiere-rome\\\/\"},\"wordCount\":303,\"publisher\":{\"@id\":\"https:\\\/\\\/marieclaire.be\\\/fr\\\/#organization\"},\"image\":{\"@id\":\"https:\\\/\\\/marieclaire.be\\\/fr\\\/defile-dior-croisiere-rome\\\/#primaryimage\"},\"thumbnailUrl\":\"https:\\\/\\\/marieclaire.be\\\/fr\\\/wp-content\\\/uploads\\\/2025\\\/05\\\/dior-croisiere.png\",\"keywords\":[\"Dior\"],\"articleSection\":[\"D\u00e9fil\u00e9s\",\"Mode\"],\"inLanguage\":\"fr-FR\"},{\"@type\":\"WebPage\",\"@id\":\"https:\\\/\\\/marieclaire.be\\\/fr\\\/defile-dior-croisiere-rome\\\/\",\"url\":\"https:\\\/\\\/marieclaire.be\\\/fr\\\/defile-dior-croisiere-rome\\\/\",\"name\":\"\u00c0 Rome, Maria Grazia Chiuri signe un d\u00e9fil\u00e9 po\u00e9tique pour Dior - Marie Claire Belgique\",\"isPartOf\":{\"@id\":\"https:\\\/\\\/marieclaire.be\\\/fr\\\/#website\"},\"primaryImageOfPage\":{\"@id\":\"https:\\\/\\\/marieclaire.be\\\/fr\\\/defile-dior-croisiere-rome\\\/#primaryimage\"},\"image\":{\"@id\":\"https:\\\/\\\/marieclaire.be\\\/fr\\\/defile-dior-croisiere-rome\\\/#primaryimage\"},\"thumbnailUrl\":\"https:\\\/\\\/marieclaire.be\\\/fr\\\/wp-content\\\/uploads\\\/2025\\\/05\\\/dior-croisiere.png\",\"datePublished\":\"2025-05-29T11:39:29+00:00\",\"dateModified\":\"2025-05-29T11:43:27+00:00\",\"description\":\"Dans le d\u00e9cor intime de sa ville natale, Maria Grazia Chiuri a fait souffler un vent de gr\u00e2ce sur la collection croisi\u00e8re Dior 2026.\",\"breadcrumb\":{\"@id\":\"https:\\\/\\\/marieclaire.be\\\/fr\\\/defile-dior-croisiere-rome\\\/#breadcrumb\"},\"inLanguage\":\"fr-FR\",\"potentialAction\":[{\"@type\":\"ReadAction\",\"target\":[\"https:\\\/\\\/marieclaire.be\\\/fr\\\/defile-dior-croisiere-rome\\\/\"]}]},{\"@type\":\"ImageObject\",\"inLanguage\":\"fr-FR\",\"@id\":\"https:\\\/\\\/marieclaire.be\\\/fr\\\/defile-dior-croisiere-rome\\\/#primaryimage\",\"url\":\"https:\\\/\\\/marieclaire.be\\\/fr\\\/wp-content\\\/uploads\\\/2025\\\/05\\\/dior-croisiere.png\",\"contentUrl\":\"https:\\\/\\\/marieclaire.be\\\/fr\\\/wp-content\\\/uploads\\\/2025\\\/05\\\/dior-croisiere.png\",\"width\":1200,\"height\":628,\"caption\":\"Laura Sciacovelli \u00a9 Fondazione Torlonia\"},{\"@type\":\"BreadcrumbList\",\"@id\":\"https:\\\/\\\/marieclaire.be\\\/fr\\\/defile-dior-croisiere-rome\\\/#breadcrumb\",\"itemListElement\":[{\"@type\":\"ListItem\",\"position\":1,\"name\":\"Accueil\",\"item\":\"https:\\\/\\\/marieclaire.be\\\/fr\\\/\"},{\"@type\":\"ListItem\",\"position\":2,\"name\":\"\u00c0 Rome, Maria Grazia Chiuri signe un d\u00e9fil\u00e9 po\u00e9tique pour Dior\"}]},{\"@type\":\"WebSite\",\"@id\":\"https:\\\/\\\/marieclaire.be\\\/fr\\\/#website\",\"url\":\"https:\\\/\\\/marieclaire.be\\\/fr\\\/\",\"name\":\"Marie Claire Belgique\",\"description\":\"Marie Claire Belgique, le magazine du style et de l\u2019intelligence qui parle de mode, des tendances, de la beaut\u00e9, de l\u2019actualit\u00e9 et de la culture\",\"publisher\":{\"@id\":\"https:\\\/\\\/marieclaire.be\\\/fr\\\/#organization\"},\"potentialAction\":[{\"@type\":\"SearchAction\",\"target\":{\"@type\":\"EntryPoint\",\"urlTemplate\":\"https:\\\/\\\/marieclaire.be\\\/fr\\\/?s={search_term_string}\"},\"query-input\":{\"@type\":\"PropertyValueSpecification\",\"valueRequired\":true,\"valueName\":\"search_term_string\"}}],\"inLanguage\":\"fr-FR\"},{\"@type\":\"Organization\",\"@id\":\"https:\\\/\\\/marieclaire.be\\\/fr\\\/#organization\",\"name\":\"Marie Claire\",\"url\":\"https:\\\/\\\/marieclaire.be\\\/fr\\\/\",\"logo\":{\"@type\":\"ImageObject\",\"inLanguage\":\"fr-FR\",\"@id\":\"https:\\\/\\\/marieclaire.be\\\/fr\\\/#\\\/schema\\\/logo\\\/image\\\/\",\"url\":\"https:\\\/\\\/marieclaire.be\\\/fr\\\/wp-content\\\/uploads\\\/2018\\\/05\\\/mc-logo2.png\",\"contentUrl\":\"https:\\\/\\\/marieclaire.be\\\/fr\\\/wp-content\\\/uploads\\\/2018\\\/05\\\/mc-logo2.png\",\"width\":1001,\"height\":189,\"caption\":\"Marie Claire\"},\"image\":{\"@id\":\"https:\\\/\\\/marieclaire.be\\\/fr\\\/#\\\/schema\\\/logo\\\/image\\\/\"},\"sameAs\":[\"https:\\\/\\\/www.facebook.com\\\/MarieClaire.Belgique\\\/\",\"https:\\\/\\\/www.instagram.com\\\/marieclaire_belgique\\\/\",\"https:\\\/\\\/fr.pinterest.com\\\/marieclairebe\\\/\",\"https:\\\/\\\/www.youtube.com\\\/user\\\/BelgiumMarieClaire\"]},{\"@type\":\"Person\",\"@id\":\"https:\\\/\\\/marieclaire.be\\\/fr\\\/#\\\/schema\\\/person\\\/c71bd7a8c3e622513c7531a39292a34e\",\"name\":\"Malvine Sevrin\",\"image\":{\"@type\":\"ImageObject\",\"inLanguage\":\"fr-FR\",\"@id\":\"https:\\\/\\\/marieclaire.be\\\/fr\\\/wp-content\\\/uploads\\\/2017\\\/05\\\/capture-decran-2024-02-13-a-145920-96x96.png\",\"url\":\"https:\\\/\\\/marieclaire.be\\\/fr\\\/wp-content\\\/uploads\\\/2017\\\/05\\\/capture-decran-2024-02-13-a-145920-96x96.png\",\"contentUrl\":\"https:\\\/\\\/marieclaire.be\\\/fr\\\/wp-content\\\/uploads\\\/2017\\\/05\\\/capture-decran-2024-02-13-a-145920-96x96.png\",\"caption\":\"Malvine Sevrin\"},\"description\":\"Des podiums parisiens aux derni\u00e8res nouveaut\u00e9s skincare qui enflamment TikTok, je d\u00e9crypte les tendances pour Marie Claire Belgique. Passionn\u00e9e de voyage, de mode et de beaut\u00e9, je partage mes coups de coeur d\u00e9nich\u00e9s aux quatre coins du globe. En tant que r\u00e9dactrice en chef digital, j'ai \u00e9galement \u00e0 coeur de mettre en lumi\u00e8re les histoires inspirantes de femmes \u00e0 travers notre site et sur nos r\u00e9seaux sociaux.\",\"sameAs\":[\"https:\\\/\\\/www.instagram.com\\\/malvinesev\\\/\"],\"url\":\"https:\\\/\\\/marieclaire.be\\\/fr\\\/author\\\/malvine\\\/\"}]}<\/script>\n<!-- \/ Yoast SEO plugin. -->","yoast_head_json":{"title":"\u00c0 Rome, Maria Grazia Chiuri signe un d\u00e9fil\u00e9 po\u00e9tique pour Dior - Marie Claire Belgique","description":"Dans le d\u00e9cor intime de sa ville natale, Maria Grazia Chiuri a fait souffler un vent de gr\u00e2ce sur la collection croisi\u00e8re Dior 2026.","robots":{"index":"index","follow":"follow","max-snippet":"max-snippet:-1","max-image-preview":"max-image-preview:large","max-video-preview":"max-video-preview:-1"},"canonical":"https:\/\/marieclaire.be\/fr\/defile-dior-croisiere-rome\/","og_locale":"fr_FR","og_type":"article","og_title":"\u00c0 Rome, Maria Grazia Chiuri signe un d\u00e9fil\u00e9 po\u00e9tique pour Dior - Marie Claire Belgique","og_description":"Dans le d\u00e9cor intime de sa ville natale, Maria Grazia Chiuri a fait souffler un vent de gr\u00e2ce sur la collection croisi\u00e8re Dior 2026.","og_url":"https:\/\/marieclaire.be\/fr\/defile-dior-croisiere-rome\/","og_site_name":"Marie Claire Belgique","article_publisher":"https:\/\/www.facebook.com\/MarieClaire.Belgique\/","article_published_time":"2025-05-29T11:39:29+00:00","article_modified_time":"2025-05-29T11:43:27+00:00","og_image":[{"width":1200,"height":628,"url":"https:\/\/marieclaire.be\/fr\/wp-content\/uploads\/2025\/05\/dior-croisiere.png","type":"image\/png"}],"author":"Malvine Sevrin","twitter_misc":{"\u00c9crit par":"Malvine Sevrin","Dur\u00e9e de lecture estim\u00e9e":"2 minutes"},"schema":{"@context":"https:\/\/schema.org","@graph":[{"@type":"NewsArticle","@id":"https:\/\/marieclaire.be\/fr\/defile-dior-croisiere-rome\/#article","isPartOf":{"@id":"https:\/\/marieclaire.be\/fr\/defile-dior-croisiere-rome\/"},"author":{"name":"Malvine Sevrin","@id":"https:\/\/marieclaire.be\/fr\/#\/schema\/person\/c71bd7a8c3e622513c7531a39292a34e"},"headline":"\u00c0 Rome, Maria Grazia Chiuri signe un d\u00e9fil\u00e9 po\u00e9tique pour Dior","datePublished":"2025-05-29T11:39:29+00:00","dateModified":"2025-05-29T11:43:27+00:00","mainEntityOfPage":{"@id":"https:\/\/marieclaire.be\/fr\/defile-dior-croisiere-rome\/"},"wordCount":303,"publisher":{"@id":"https:\/\/marieclaire.be\/fr\/#organization"},"image":{"@id":"https:\/\/marieclaire.be\/fr\/defile-dior-croisiere-rome\/#primaryimage"},"thumbnailUrl":"https:\/\/marieclaire.be\/fr\/wp-content\/uploads\/2025\/05\/dior-croisiere.png","keywords":["Dior"],"articleSection":["D\u00e9fil\u00e9s","Mode"],"inLanguage":"fr-FR"},{"@type":"WebPage","@id":"https:\/\/marieclaire.be\/fr\/defile-dior-croisiere-rome\/","url":"https:\/\/marieclaire.be\/fr\/defile-dior-croisiere-rome\/","name":"\u00c0 Rome, Maria Grazia Chiuri signe un d\u00e9fil\u00e9 po\u00e9tique pour Dior - Marie Claire Belgique","isPartOf":{"@id":"https:\/\/marieclaire.be\/fr\/#website"},"primaryImageOfPage":{"@id":"https:\/\/marieclaire.be\/fr\/defile-dior-croisiere-rome\/#primaryimage"},"image":{"@id":"https:\/\/marieclaire.be\/fr\/defile-dior-croisiere-rome\/#primaryimage"},"thumbnailUrl":"https:\/\/marieclaire.be\/fr\/wp-content\/uploads\/2025\/05\/dior-croisiere.png","datePublished":"2025-05-29T11:39:29+00:00","dateModified":"2025-05-29T11:43:27+00:00","description":"Dans le d\u00e9cor intime de sa ville natale, Maria Grazia Chiuri a fait souffler un vent de gr\u00e2ce sur la collection croisi\u00e8re Dior 2026.","breadcrumb":{"@id":"https:\/\/marieclaire.be\/fr\/defile-dior-croisiere-rome\/#breadcrumb"},"inLanguage":"fr-FR","potentialAction":[{"@type":"ReadAction","target":["https:\/\/marieclaire.be\/fr\/defile-dior-croisiere-rome\/"]}]},{"@type":"ImageObject","inLanguage":"fr-FR","@id":"https:\/\/marieclaire.be\/fr\/defile-dior-croisiere-rome\/#primaryimage","url":"https:\/\/marieclaire.be\/fr\/wp-content\/uploads\/2025\/05\/dior-croisiere.png","contentUrl":"https:\/\/marieclaire.be\/fr\/wp-content\/uploads\/2025\/05\/dior-croisiere.png","width":1200,"height":628,"caption":"Laura Sciacovelli \u00a9 Fondazione Torlonia"},{"@type":"BreadcrumbList","@id":"https:\/\/marieclaire.be\/fr\/defile-dior-croisiere-rome\/#breadcrumb","itemListElement":[{"@type":"ListItem","position":1,"name":"Accueil","item":"https:\/\/marieclaire.be\/fr\/"},{"@type":"ListItem","position":2,"name":"\u00c0 Rome, Maria Grazia Chiuri signe un d\u00e9fil\u00e9 po\u00e9tique pour Dior"}]},{"@type":"WebSite","@id":"https:\/\/marieclaire.be\/fr\/#website","url":"https:\/\/marieclaire.be\/fr\/","name":"Marie Claire Belgique","description":"Marie Claire Belgique, le magazine du style et de l\u2019intelligence qui parle de mode, des tendances, de la beaut\u00e9, de l\u2019actualit\u00e9 et de la culture","publisher":{"@id":"https:\/\/marieclaire.be\/fr\/#organization"},"potentialAction":[{"@type":"SearchAction","target":{"@type":"EntryPoint","urlTemplate":"https:\/\/marieclaire.be\/fr\/?s={search_term_string}"},"query-input":{"@type":"PropertyValueSpecification","valueRequired":true,"valueName":"search_term_string"}}],"inLanguage":"fr-FR"},{"@type":"Organization","@id":"https:\/\/marieclaire.be\/fr\/#organization","name":"Marie Claire","url":"https:\/\/marieclaire.be\/fr\/","logo":{"@type":"ImageObject","inLanguage":"fr-FR","@id":"https:\/\/marieclaire.be\/fr\/#\/schema\/logo\/image\/","url":"https:\/\/marieclaire.be\/fr\/wp-content\/uploads\/2018\/05\/mc-logo2.png","contentUrl":"https:\/\/marieclaire.be\/fr\/wp-content\/uploads\/2018\/05\/mc-logo2.png","width":1001,"height":189,"caption":"Marie Claire"},"image":{"@id":"https:\/\/marieclaire.be\/fr\/#\/schema\/logo\/image\/"},"sameAs":["https:\/\/www.facebook.com\/MarieClaire.Belgique\/","https:\/\/www.instagram.com\/marieclaire_belgique\/","https:\/\/fr.pinterest.com\/marieclairebe\/","https:\/\/www.youtube.com\/user\/BelgiumMarieClaire"]},{"@type":"Person","@id":"https:\/\/marieclaire.be\/fr\/#\/schema\/person\/c71bd7a8c3e622513c7531a39292a34e","name":"Malvine Sevrin","image":{"@type":"ImageObject","inLanguage":"fr-FR","@id":"https:\/\/marieclaire.be\/fr\/wp-content\/uploads\/2017\/05\/capture-decran-2024-02-13-a-145920-96x96.png","url":"https:\/\/marieclaire.be\/fr\/wp-content\/uploads\/2017\/05\/capture-decran-2024-02-13-a-145920-96x96.png","contentUrl":"https:\/\/marieclaire.be\/fr\/wp-content\/uploads\/2017\/05\/capture-decran-2024-02-13-a-145920-96x96.png","caption":"Malvine Sevrin"},"description":"Des podiums parisiens aux derni\u00e8res nouveaut\u00e9s skincare qui enflamment TikTok, je d\u00e9crypte les tendances pour Marie Claire Belgique. Passionn\u00e9e de voyage, de mode et de beaut\u00e9, je partage mes coups de coeur d\u00e9nich\u00e9s aux quatre coins du globe. En tant que r\u00e9dactrice en chef digital, j'ai \u00e9galement \u00e0 coeur de mettre en lumi\u00e8re les histoires inspirantes de femmes \u00e0 travers notre site et sur nos r\u00e9seaux sociaux.","sameAs":["https:\/\/www.instagram.com\/malvinesev\/"],"url":"https:\/\/marieclaire.be\/fr\/author\/malvine\/"}]}},"_links":{"self":[{"href":"https:\/\/marieclaire.be\/fr\/wp-json\/wp\/v2\/posts\/143867","targetHints":{"allow":["GET"]}}],"collection":[{"href":"https:\/\/marieclaire.be\/fr\/wp-json\/wp\/v2\/posts"}],"about":[{"href":"https:\/\/marieclaire.be\/fr\/wp-json\/wp\/v2\/types\/post"}],"author":[{"embeddable":true,"href":"https:\/\/marieclaire.be\/fr\/wp-json\/wp\/v2\/users\/30"}],"replies":[{"embeddable":true,"href":"https:\/\/marieclaire.be\/fr\/wp-json\/wp\/v2\/comments?post=143867"}],"version-history":[{"count":2,"href":"https:\/\/marieclaire.be\/fr\/wp-json\/wp\/v2\/posts\/143867\/revisions"}],"predecessor-version":[{"id":143871,"href":"https:\/\/marieclaire.be\/fr\/wp-json\/wp\/v2\/posts\/143867\/revisions\/143871"}],"wp:featuredmedia":[{"embeddable":true,"href":"https:\/\/marieclaire.be\/fr\/wp-json\/wp\/v2\/media\/143869"}],"wp:attachment":[{"href":"https:\/\/marieclaire.be\/fr\/wp-json\/wp\/v2\/media?parent=143867"}],"wp:term":[{"taxonomy":"category","embeddable":true,"href":"https:\/\/marieclaire.be\/fr\/wp-json\/wp\/v2\/categories?post=143867"},{"taxonomy":"post_tag","embeddable":true,"href":"https:\/\/marieclaire.be\/fr\/wp-json\/wp\/v2\/tags?post=143867"}],"curies":[{"name":"wp","href":"https:\/\/api.w.org\/{rel}","templated":true}]}}