{"id":143786,"date":"2025-06-03T08:05:16","date_gmt":"2025-06-03T06:05:16","guid":{"rendered":"https:\/\/marieclaire.be\/fr\/?p=143786"},"modified":"2025-06-03T11:30:57","modified_gmt":"2025-06-03T09:30:57","slug":"bridgerton-saison-4-benedict-intrigue","status":"publish","type":"post","link":"https:\/\/marieclaire.be\/fr\/bridgerton-saison-4-benedict-intrigue\/","title":{"rendered":"Voici ce que la saison 4 des Bridgerton nous r\u00e9serve"},"content":{"rendered":"","protected":false},"excerpt":{"rendered":"Sortez les \u00e9ventails et pr\u00e9parez vos plus beaux soupirs, car la haute soci\u00e9t\u00e9 de la R\u00e9gence anglaise est sur le point de nous livrer une nouvelle salve de passion, d\u2019intrigues et de corsets serr\u00e9s.","protected":false},"author":8,"featured_media":143789,"comment_status":"closed","ping_status":"closed","sticky":false,"template":"","format":"standard","meta":{"_acf_changed":false,"footnotes":""},"categories":[26,5167],"tags":[1437,193],"class_list":["post-143786","post","type-post","status-publish","format-standard","has-post-thumbnail","hentry","category-culture","category-series","tag-netflix","tag-serie"],"acf":[],"_yoast_wpseo_title":null,"_yoast_wpseo_metadesc":"La saga Bridgerton sera bient\u00f4t de retour sur nos \u00e9crans avec une 4e saison centr\u00e9e sur Benedict. Voici tout ce que l'on sait sur la suite tr\u00e8s attendue !","image_verticale":"143788","yoast_head":"<!-- This site is optimized with the Yoast SEO plugin v27.3 - https:\/\/yoast.com\/product\/yoast-seo-wordpress\/ -->\n<title>Voici ce que la saison 4 des Bridgerton nous r\u00e9serve - Marie Claire Belgique<\/title>\n<meta name=\"description\" content=\"La saga Bridgerton sera bient\u00f4t de retour sur nos \u00e9crans avec une 4e saison centr\u00e9e sur Benedict. Voici tout ce que l&#039;on sait sur la suite tr\u00e8s attendue !\" \/>\n<meta name=\"robots\" content=\"index, follow, max-snippet:-1, max-image-preview:large, max-video-preview:-1\" \/>\n<link rel=\"canonical\" href=\"https:\/\/marieclaire.be\/fr\/bridgerton-saison-4-benedict-intrigue\/\" \/>\n<meta property=\"og:locale\" content=\"fr_FR\" \/>\n<meta property=\"og:type\" content=\"article\" \/>\n<meta property=\"og:title\" content=\"Voici ce que la saison 4 des Bridgerton nous r\u00e9serve - Marie Claire Belgique\" \/>\n<meta property=\"og:description\" content=\"La saga Bridgerton sera bient\u00f4t de retour sur nos \u00e9crans avec une 4e saison centr\u00e9e sur Benedict. Voici tout ce que l&#039;on sait sur la suite tr\u00e8s attendue !\" \/>\n<meta property=\"og:url\" content=\"https:\/\/marieclaire.be\/fr\/bridgerton-saison-4-benedict-intrigue\/\" \/>\n<meta property=\"og:site_name\" content=\"Marie Claire Belgique\" \/>\n<meta property=\"article:publisher\" content=\"https:\/\/www.facebook.com\/MarieClaire.Belgique\/\" \/>\n<meta property=\"article:published_time\" content=\"2025-06-03T06:05:16+00:00\" \/>\n<meta property=\"article:modified_time\" content=\"2025-06-03T09:30:57+00:00\" \/>\n<meta property=\"og:image\" content=\"https:\/\/marieclaire.be\/fr\/wp-content\/uploads\/2025\/05\/bridgerton-4.png\" \/>\n\t<meta property=\"og:image:width\" content=\"1200\" \/>\n\t<meta property=\"og:image:height\" content=\"628\" \/>\n\t<meta property=\"og:image:type\" content=\"image\/png\" \/>\n<meta name=\"author\" content=\"Marie Claire\" \/>\n<meta name=\"twitter:label1\" content=\"\u00c9crit par\" \/>\n\t<meta name=\"twitter:data1\" content=\"Marie Claire\" \/>\n\t<meta name=\"twitter:label2\" content=\"Dur\u00e9e de lecture estim\u00e9e\" \/>\n\t<meta name=\"twitter:data2\" content=\"4 minutes\" \/>\n<script type=\"application\/ld+json\" class=\"yoast-schema-graph\">{\"@context\":\"https:\\\/\\\/schema.org\",\"@graph\":[{\"@type\":\"NewsArticle\",\"@id\":\"https:\\\/\\\/marieclaire.be\\\/fr\\\/bridgerton-saison-4-benedict-intrigue\\\/#article\",\"isPartOf\":{\"@id\":\"https:\\\/\\\/marieclaire.be\\\/fr\\\/bridgerton-saison-4-benedict-intrigue\\\/\"},\"author\":{\"name\":\"Marie Claire\",\"@id\":\"https:\\\/\\\/marieclaire.be\\\/fr\\\/#\\\/schema\\\/person\\\/6a5bc4eb4707dbc5cb47d17804a85f8c\"},\"headline\":\"Voici ce que la saison 4 des Bridgerton nous r\u00e9serve\",\"datePublished\":\"2025-06-03T06:05:16+00:00\",\"dateModified\":\"2025-06-03T09:30:57+00:00\",\"mainEntityOfPage\":{\"@id\":\"https:\\\/\\\/marieclaire.be\\\/fr\\\/bridgerton-saison-4-benedict-intrigue\\\/\"},\"wordCount\":668,\"publisher\":{\"@id\":\"https:\\\/\\\/marieclaire.be\\\/fr\\\/#organization\"},\"image\":{\"@id\":\"https:\\\/\\\/marieclaire.be\\\/fr\\\/bridgerton-saison-4-benedict-intrigue\\\/#primaryimage\"},\"thumbnailUrl\":\"https:\\\/\\\/marieclaire.be\\\/fr\\\/wp-content\\\/uploads\\\/2025\\\/05\\\/bridgerton-4.png\",\"keywords\":[\"Netflix\",\"s\u00e9rie\"],\"articleSection\":[\"Culture\",\"S\u00e9ries\"],\"inLanguage\":\"fr-FR\"},{\"@type\":\"WebPage\",\"@id\":\"https:\\\/\\\/marieclaire.be\\\/fr\\\/bridgerton-saison-4-benedict-intrigue\\\/\",\"url\":\"https:\\\/\\\/marieclaire.be\\\/fr\\\/bridgerton-saison-4-benedict-intrigue\\\/\",\"name\":\"Voici ce que la saison 4 des Bridgerton nous r\u00e9serve - Marie Claire Belgique\",\"isPartOf\":{\"@id\":\"https:\\\/\\\/marieclaire.be\\\/fr\\\/#website\"},\"primaryImageOfPage\":{\"@id\":\"https:\\\/\\\/marieclaire.be\\\/fr\\\/bridgerton-saison-4-benedict-intrigue\\\/#primaryimage\"},\"image\":{\"@id\":\"https:\\\/\\\/marieclaire.be\\\/fr\\\/bridgerton-saison-4-benedict-intrigue\\\/#primaryimage\"},\"thumbnailUrl\":\"https:\\\/\\\/marieclaire.be\\\/fr\\\/wp-content\\\/uploads\\\/2025\\\/05\\\/bridgerton-4.png\",\"datePublished\":\"2025-06-03T06:05:16+00:00\",\"dateModified\":\"2025-06-03T09:30:57+00:00\",\"description\":\"La saga Bridgerton sera bient\u00f4t de retour sur nos \u00e9crans avec une 4e saison centr\u00e9e sur Benedict. Voici tout ce que l'on sait sur la suite tr\u00e8s attendue !\",\"breadcrumb\":{\"@id\":\"https:\\\/\\\/marieclaire.be\\\/fr\\\/bridgerton-saison-4-benedict-intrigue\\\/#breadcrumb\"},\"inLanguage\":\"fr-FR\",\"potentialAction\":[{\"@type\":\"ReadAction\",\"target\":[\"https:\\\/\\\/marieclaire.be\\\/fr\\\/bridgerton-saison-4-benedict-intrigue\\\/\"]}]},{\"@type\":\"ImageObject\",\"inLanguage\":\"fr-FR\",\"@id\":\"https:\\\/\\\/marieclaire.be\\\/fr\\\/bridgerton-saison-4-benedict-intrigue\\\/#primaryimage\",\"url\":\"https:\\\/\\\/marieclaire.be\\\/fr\\\/wp-content\\\/uploads\\\/2025\\\/05\\\/bridgerton-4.png\",\"contentUrl\":\"https:\\\/\\\/marieclaire.be\\\/fr\\\/wp-content\\\/uploads\\\/2025\\\/05\\\/bridgerton-4.png\",\"width\":1200,\"height\":628,\"caption\":\"LIAM DANIEL\\\/NETFLIX\"},{\"@type\":\"BreadcrumbList\",\"@id\":\"https:\\\/\\\/marieclaire.be\\\/fr\\\/bridgerton-saison-4-benedict-intrigue\\\/#breadcrumb\",\"itemListElement\":[{\"@type\":\"ListItem\",\"position\":1,\"name\":\"Accueil\",\"item\":\"https:\\\/\\\/marieclaire.be\\\/fr\\\/\"},{\"@type\":\"ListItem\",\"position\":2,\"name\":\"Voici ce que la saison 4 des Bridgerton nous r\u00e9serve\"}]},{\"@type\":\"WebSite\",\"@id\":\"https:\\\/\\\/marieclaire.be\\\/fr\\\/#website\",\"url\":\"https:\\\/\\\/marieclaire.be\\\/fr\\\/\",\"name\":\"Marie Claire Belgique\",\"description\":\"Marie Claire Belgique, le magazine du style et de l\u2019intelligence qui parle de mode, des tendances, de la beaut\u00e9, de l\u2019actualit\u00e9 et de la culture\",\"publisher\":{\"@id\":\"https:\\\/\\\/marieclaire.be\\\/fr\\\/#organization\"},\"potentialAction\":[{\"@type\":\"SearchAction\",\"target\":{\"@type\":\"EntryPoint\",\"urlTemplate\":\"https:\\\/\\\/marieclaire.be\\\/fr\\\/?s={search_term_string}\"},\"query-input\":{\"@type\":\"PropertyValueSpecification\",\"valueRequired\":true,\"valueName\":\"search_term_string\"}}],\"inLanguage\":\"fr-FR\"},{\"@type\":\"Organization\",\"@id\":\"https:\\\/\\\/marieclaire.be\\\/fr\\\/#organization\",\"name\":\"Marie Claire\",\"url\":\"https:\\\/\\\/marieclaire.be\\\/fr\\\/\",\"logo\":{\"@type\":\"ImageObject\",\"inLanguage\":\"fr-FR\",\"@id\":\"https:\\\/\\\/marieclaire.be\\\/fr\\\/#\\\/schema\\\/logo\\\/image\\\/\",\"url\":\"https:\\\/\\\/marieclaire.be\\\/fr\\\/wp-content\\\/uploads\\\/2018\\\/05\\\/mc-logo2.png\",\"contentUrl\":\"https:\\\/\\\/marieclaire.be\\\/fr\\\/wp-content\\\/uploads\\\/2018\\\/05\\\/mc-logo2.png\",\"width\":1001,\"height\":189,\"caption\":\"Marie Claire\"},\"image\":{\"@id\":\"https:\\\/\\\/marieclaire.be\\\/fr\\\/#\\\/schema\\\/logo\\\/image\\\/\"},\"sameAs\":[\"https:\\\/\\\/www.facebook.com\\\/MarieClaire.Belgique\\\/\",\"https:\\\/\\\/www.instagram.com\\\/marieclaire_belgique\\\/\",\"https:\\\/\\\/fr.pinterest.com\\\/marieclairebe\\\/\",\"https:\\\/\\\/www.youtube.com\\\/user\\\/BelgiumMarieClaire\"]},{\"@type\":\"Person\",\"@id\":\"https:\\\/\\\/marieclaire.be\\\/fr\\\/#\\\/schema\\\/person\\\/6a5bc4eb4707dbc5cb47d17804a85f8c\",\"name\":\"Marie Claire\",\"image\":{\"@type\":\"ImageObject\",\"inLanguage\":\"fr-FR\",\"@id\":\"https:\\\/\\\/marieclaire.be\\\/fr\\\/wp-content\\\/uploads\\\/2016\\\/11\\\/mclogo-96x96.jpg\",\"url\":\"https:\\\/\\\/marieclaire.be\\\/fr\\\/wp-content\\\/uploads\\\/2016\\\/11\\\/mclogo-96x96.jpg\",\"contentUrl\":\"https:\\\/\\\/marieclaire.be\\\/fr\\\/wp-content\\\/uploads\\\/2016\\\/11\\\/mclogo-96x96.jpg\",\"caption\":\"Marie Claire\"},\"url\":\"https:\\\/\\\/marieclaire.be\\\/fr\\\/author\\\/stagiaire\\\/\"}]}<\/script>\n<!-- \/ Yoast SEO plugin. -->","yoast_head_json":{"title":"Voici ce que la saison 4 des Bridgerton nous r\u00e9serve - Marie Claire Belgique","description":"La saga Bridgerton sera bient\u00f4t de retour sur nos \u00e9crans avec une 4e saison centr\u00e9e sur Benedict. Voici tout ce que l'on sait sur la suite tr\u00e8s attendue !","robots":{"index":"index","follow":"follow","max-snippet":"max-snippet:-1","max-image-preview":"max-image-preview:large","max-video-preview":"max-video-preview:-1"},"canonical":"https:\/\/marieclaire.be\/fr\/bridgerton-saison-4-benedict-intrigue\/","og_locale":"fr_FR","og_type":"article","og_title":"Voici ce que la saison 4 des Bridgerton nous r\u00e9serve - Marie Claire Belgique","og_description":"La saga Bridgerton sera bient\u00f4t de retour sur nos \u00e9crans avec une 4e saison centr\u00e9e sur Benedict. Voici tout ce que l'on sait sur la suite tr\u00e8s attendue !","og_url":"https:\/\/marieclaire.be\/fr\/bridgerton-saison-4-benedict-intrigue\/","og_site_name":"Marie Claire Belgique","article_publisher":"https:\/\/www.facebook.com\/MarieClaire.Belgique\/","article_published_time":"2025-06-03T06:05:16+00:00","article_modified_time":"2025-06-03T09:30:57+00:00","og_image":[{"width":1200,"height":628,"url":"https:\/\/marieclaire.be\/fr\/wp-content\/uploads\/2025\/05\/bridgerton-4.png","type":"image\/png"}],"author":"Marie Claire","twitter_misc":{"\u00c9crit par":"Marie Claire","Dur\u00e9e de lecture estim\u00e9e":"4 minutes"},"schema":{"@context":"https:\/\/schema.org","@graph":[{"@type":"NewsArticle","@id":"https:\/\/marieclaire.be\/fr\/bridgerton-saison-4-benedict-intrigue\/#article","isPartOf":{"@id":"https:\/\/marieclaire.be\/fr\/bridgerton-saison-4-benedict-intrigue\/"},"author":{"name":"Marie Claire","@id":"https:\/\/marieclaire.be\/fr\/#\/schema\/person\/6a5bc4eb4707dbc5cb47d17804a85f8c"},"headline":"Voici ce que la saison 4 des Bridgerton nous r\u00e9serve","datePublished":"2025-06-03T06:05:16+00:00","dateModified":"2025-06-03T09:30:57+00:00","mainEntityOfPage":{"@id":"https:\/\/marieclaire.be\/fr\/bridgerton-saison-4-benedict-intrigue\/"},"wordCount":668,"publisher":{"@id":"https:\/\/marieclaire.be\/fr\/#organization"},"image":{"@id":"https:\/\/marieclaire.be\/fr\/bridgerton-saison-4-benedict-intrigue\/#primaryimage"},"thumbnailUrl":"https:\/\/marieclaire.be\/fr\/wp-content\/uploads\/2025\/05\/bridgerton-4.png","keywords":["Netflix","s\u00e9rie"],"articleSection":["Culture","S\u00e9ries"],"inLanguage":"fr-FR"},{"@type":"WebPage","@id":"https:\/\/marieclaire.be\/fr\/bridgerton-saison-4-benedict-intrigue\/","url":"https:\/\/marieclaire.be\/fr\/bridgerton-saison-4-benedict-intrigue\/","name":"Voici ce que la saison 4 des Bridgerton nous r\u00e9serve - Marie Claire Belgique","isPartOf":{"@id":"https:\/\/marieclaire.be\/fr\/#website"},"primaryImageOfPage":{"@id":"https:\/\/marieclaire.be\/fr\/bridgerton-saison-4-benedict-intrigue\/#primaryimage"},"image":{"@id":"https:\/\/marieclaire.be\/fr\/bridgerton-saison-4-benedict-intrigue\/#primaryimage"},"thumbnailUrl":"https:\/\/marieclaire.be\/fr\/wp-content\/uploads\/2025\/05\/bridgerton-4.png","datePublished":"2025-06-03T06:05:16+00:00","dateModified":"2025-06-03T09:30:57+00:00","description":"La saga Bridgerton sera bient\u00f4t de retour sur nos \u00e9crans avec une 4e saison centr\u00e9e sur Benedict. Voici tout ce que l'on sait sur la suite tr\u00e8s attendue !","breadcrumb":{"@id":"https:\/\/marieclaire.be\/fr\/bridgerton-saison-4-benedict-intrigue\/#breadcrumb"},"inLanguage":"fr-FR","potentialAction":[{"@type":"ReadAction","target":["https:\/\/marieclaire.be\/fr\/bridgerton-saison-4-benedict-intrigue\/"]}]},{"@type":"ImageObject","inLanguage":"fr-FR","@id":"https:\/\/marieclaire.be\/fr\/bridgerton-saison-4-benedict-intrigue\/#primaryimage","url":"https:\/\/marieclaire.be\/fr\/wp-content\/uploads\/2025\/05\/bridgerton-4.png","contentUrl":"https:\/\/marieclaire.be\/fr\/wp-content\/uploads\/2025\/05\/bridgerton-4.png","width":1200,"height":628,"caption":"LIAM DANIEL\/NETFLIX"},{"@type":"BreadcrumbList","@id":"https:\/\/marieclaire.be\/fr\/bridgerton-saison-4-benedict-intrigue\/#breadcrumb","itemListElement":[{"@type":"ListItem","position":1,"name":"Accueil","item":"https:\/\/marieclaire.be\/fr\/"},{"@type":"ListItem","position":2,"name":"Voici ce que la saison 4 des Bridgerton nous r\u00e9serve"}]},{"@type":"WebSite","@id":"https:\/\/marieclaire.be\/fr\/#website","url":"https:\/\/marieclaire.be\/fr\/","name":"Marie Claire Belgique","description":"Marie Claire Belgique, le magazine du style et de l\u2019intelligence qui parle de mode, des tendances, de la beaut\u00e9, de l\u2019actualit\u00e9 et de la culture","publisher":{"@id":"https:\/\/marieclaire.be\/fr\/#organization"},"potentialAction":[{"@type":"SearchAction","target":{"@type":"EntryPoint","urlTemplate":"https:\/\/marieclaire.be\/fr\/?s={search_term_string}"},"query-input":{"@type":"PropertyValueSpecification","valueRequired":true,"valueName":"search_term_string"}}],"inLanguage":"fr-FR"},{"@type":"Organization","@id":"https:\/\/marieclaire.be\/fr\/#organization","name":"Marie Claire","url":"https:\/\/marieclaire.be\/fr\/","logo":{"@type":"ImageObject","inLanguage":"fr-FR","@id":"https:\/\/marieclaire.be\/fr\/#\/schema\/logo\/image\/","url":"https:\/\/marieclaire.be\/fr\/wp-content\/uploads\/2018\/05\/mc-logo2.png","contentUrl":"https:\/\/marieclaire.be\/fr\/wp-content\/uploads\/2018\/05\/mc-logo2.png","width":1001,"height":189,"caption":"Marie Claire"},"image":{"@id":"https:\/\/marieclaire.be\/fr\/#\/schema\/logo\/image\/"},"sameAs":["https:\/\/www.facebook.com\/MarieClaire.Belgique\/","https:\/\/www.instagram.com\/marieclaire_belgique\/","https:\/\/fr.pinterest.com\/marieclairebe\/","https:\/\/www.youtube.com\/user\/BelgiumMarieClaire"]},{"@type":"Person","@id":"https:\/\/marieclaire.be\/fr\/#\/schema\/person\/6a5bc4eb4707dbc5cb47d17804a85f8c","name":"Marie Claire","image":{"@type":"ImageObject","inLanguage":"fr-FR","@id":"https:\/\/marieclaire.be\/fr\/wp-content\/uploads\/2016\/11\/mclogo-96x96.jpg","url":"https:\/\/marieclaire.be\/fr\/wp-content\/uploads\/2016\/11\/mclogo-96x96.jpg","contentUrl":"https:\/\/marieclaire.be\/fr\/wp-content\/uploads\/2016\/11\/mclogo-96x96.jpg","caption":"Marie Claire"},"url":"https:\/\/marieclaire.be\/fr\/author\/stagiaire\/"}]}},"_links":{"self":[{"href":"https:\/\/marieclaire.be\/fr\/wp-json\/wp\/v2\/posts\/143786","targetHints":{"allow":["GET"]}}],"collection":[{"href":"https:\/\/marieclaire.be\/fr\/wp-json\/wp\/v2\/posts"}],"about":[{"href":"https:\/\/marieclaire.be\/fr\/wp-json\/wp\/v2\/types\/post"}],"author":[{"embeddable":true,"href":"https:\/\/marieclaire.be\/fr\/wp-json\/wp\/v2\/users\/8"}],"replies":[{"embeddable":true,"href":"https:\/\/marieclaire.be\/fr\/wp-json\/wp\/v2\/comments?post=143786"}],"version-history":[{"count":2,"href":"https:\/\/marieclaire.be\/fr\/wp-json\/wp\/v2\/posts\/143786\/revisions"}],"predecessor-version":[{"id":143952,"href":"https:\/\/marieclaire.be\/fr\/wp-json\/wp\/v2\/posts\/143786\/revisions\/143952"}],"wp:featuredmedia":[{"embeddable":true,"href":"https:\/\/marieclaire.be\/fr\/wp-json\/wp\/v2\/media\/143789"}],"wp:attachment":[{"href":"https:\/\/marieclaire.be\/fr\/wp-json\/wp\/v2\/media?parent=143786"}],"wp:term":[{"taxonomy":"category","embeddable":true,"href":"https:\/\/marieclaire.be\/fr\/wp-json\/wp\/v2\/categories?post=143786"},{"taxonomy":"post_tag","embeddable":true,"href":"https:\/\/marieclaire.be\/fr\/wp-json\/wp\/v2\/tags?post=143786"}],"curies":[{"name":"wp","href":"https:\/\/api.w.org\/{rel}","templated":true}]}}