{"id":143671,"date":"2025-05-26T07:08:32","date_gmt":"2025-05-26T05:08:32","guid":{"rendered":"https:\/\/marieclaire.be\/fr\/?p=143671"},"modified":"2025-05-26T10:45:50","modified_gmt":"2025-05-26T08:45:50","slug":"morpho-mobilier-belge-design-tomorrowland","status":"publish","type":"post","link":"https:\/\/marieclaire.be\/fr\/morpho-mobilier-belge-design-tomorrowland\/","title":{"rendered":"Morpho, le label de design belge inspir\u00e9 par l&#8217;esth\u00e9tique de Tomorrowland"},"content":{"rendered":"","protected":false},"excerpt":{"rendered":"Et si votre salon vibrait sur la m\u00eame longueur d\u2019onde que Tomorrowland ? Le mythique festival belge fait une entr\u00e9e remarqu\u00e9e dans le monde du design avec Morpho, une toute nouvelle marque de mobilier haut de gamme pens\u00e9e pour transformer votre int\u00e9rieur en \u0153uvre d\u2019art.","protected":false},"author":8,"featured_media":143673,"comment_status":"closed","ping_status":"closed","sticky":false,"template":"","format":"standard","meta":{"_acf_changed":false,"footnotes":""},"categories":[68,67],"tags":[],"class_list":["post-143671","post","type-post","status-publish","format-standard","has-post-thumbnail","hentry","category-deco","category-lifestyle"],"acf":[],"_yoast_wpseo_title":null,"_yoast_wpseo_metadesc":"Le c\u00e9l\u00e8bre festival belge Tomorrowland fait une entr\u00e9e remarqu\u00e9e dans le monde du design avec Morpho, une collection de mobilier inspir\u00e9e de l\u2019Art nouveau.","image_verticale":"143672","yoast_head":"<!-- This site is optimized with the Yoast SEO plugin v27.3 - https:\/\/yoast.com\/product\/yoast-seo-wordpress\/ -->\n<title>Morpho, le label de design belge inspir\u00e9 par l&#039;esth\u00e9tique de Tomorrowland - Marie Claire Belgique<\/title>\n<meta name=\"description\" content=\"Le c\u00e9l\u00e8bre festival belge Tomorrowland fait une entr\u00e9e remarqu\u00e9e dans le monde du design avec Morpho, une collection de mobilier inspir\u00e9e de l\u2019Art nouveau.\" \/>\n<meta name=\"robots\" content=\"index, follow, max-snippet:-1, max-image-preview:large, max-video-preview:-1\" \/>\n<link rel=\"canonical\" href=\"https:\/\/marieclaire.be\/fr\/morpho-mobilier-belge-design-tomorrowland\/\" \/>\n<meta property=\"og:locale\" content=\"fr_FR\" \/>\n<meta property=\"og:type\" content=\"article\" \/>\n<meta property=\"og:title\" content=\"Morpho, le label de design belge inspir\u00e9 par l&#039;esth\u00e9tique de Tomorrowland - Marie Claire Belgique\" \/>\n<meta property=\"og:description\" content=\"Le c\u00e9l\u00e8bre festival belge Tomorrowland fait une entr\u00e9e remarqu\u00e9e dans le monde du design avec Morpho, une collection de mobilier inspir\u00e9e de l\u2019Art nouveau.\" \/>\n<meta property=\"og:url\" content=\"https:\/\/marieclaire.be\/fr\/morpho-mobilier-belge-design-tomorrowland\/\" \/>\n<meta property=\"og:site_name\" content=\"Marie Claire Belgique\" \/>\n<meta property=\"article:publisher\" content=\"https:\/\/www.facebook.com\/MarieClaire.Belgique\/\" \/>\n<meta property=\"article:published_time\" content=\"2025-05-26T05:08:32+00:00\" \/>\n<meta property=\"article:modified_time\" content=\"2025-05-26T08:45:50+00:00\" \/>\n<meta property=\"og:image\" content=\"https:\/\/marieclaire.be\/fr\/wp-content\/uploads\/2025\/05\/morpho-2.png\" \/>\n\t<meta property=\"og:image:width\" content=\"1200\" \/>\n\t<meta property=\"og:image:height\" content=\"628\" \/>\n\t<meta property=\"og:image:type\" content=\"image\/png\" \/>\n<meta name=\"author\" content=\"Marie Claire\" \/>\n<meta name=\"twitter:label1\" content=\"\u00c9crit par\" \/>\n\t<meta name=\"twitter:data1\" content=\"Marie Claire\" \/>\n\t<meta name=\"twitter:label2\" content=\"Dur\u00e9e de lecture estim\u00e9e\" \/>\n\t<meta name=\"twitter:data2\" content=\"3 minutes\" \/>\n<script type=\"application\/ld+json\" class=\"yoast-schema-graph\">{\"@context\":\"https:\\\/\\\/schema.org\",\"@graph\":[{\"@type\":\"NewsArticle\",\"@id\":\"https:\\\/\\\/marieclaire.be\\\/fr\\\/morpho-mobilier-belge-design-tomorrowland\\\/#article\",\"isPartOf\":{\"@id\":\"https:\\\/\\\/marieclaire.be\\\/fr\\\/morpho-mobilier-belge-design-tomorrowland\\\/\"},\"author\":{\"name\":\"Marie Claire\",\"@id\":\"https:\\\/\\\/marieclaire.be\\\/fr\\\/#\\\/schema\\\/person\\\/6a5bc4eb4707dbc5cb47d17804a85f8c\"},\"headline\":\"Morpho, le label de design belge inspir\u00e9 par l&#8217;esth\u00e9tique de Tomorrowland\",\"datePublished\":\"2025-05-26T05:08:32+00:00\",\"dateModified\":\"2025-05-26T08:45:50+00:00\",\"mainEntityOfPage\":{\"@id\":\"https:\\\/\\\/marieclaire.be\\\/fr\\\/morpho-mobilier-belge-design-tomorrowland\\\/\"},\"wordCount\":599,\"publisher\":{\"@id\":\"https:\\\/\\\/marieclaire.be\\\/fr\\\/#organization\"},\"image\":{\"@id\":\"https:\\\/\\\/marieclaire.be\\\/fr\\\/morpho-mobilier-belge-design-tomorrowland\\\/#primaryimage\"},\"thumbnailUrl\":\"https:\\\/\\\/marieclaire.be\\\/fr\\\/wp-content\\\/uploads\\\/2025\\\/05\\\/morpho-2.png\",\"articleSection\":[\"D\u00e9co\",\"Lifestyle\"],\"inLanguage\":\"fr-FR\"},{\"@type\":\"WebPage\",\"@id\":\"https:\\\/\\\/marieclaire.be\\\/fr\\\/morpho-mobilier-belge-design-tomorrowland\\\/\",\"url\":\"https:\\\/\\\/marieclaire.be\\\/fr\\\/morpho-mobilier-belge-design-tomorrowland\\\/\",\"name\":\"Morpho, le label de design belge inspir\u00e9 par l'esth\u00e9tique de Tomorrowland - Marie Claire Belgique\",\"isPartOf\":{\"@id\":\"https:\\\/\\\/marieclaire.be\\\/fr\\\/#website\"},\"primaryImageOfPage\":{\"@id\":\"https:\\\/\\\/marieclaire.be\\\/fr\\\/morpho-mobilier-belge-design-tomorrowland\\\/#primaryimage\"},\"image\":{\"@id\":\"https:\\\/\\\/marieclaire.be\\\/fr\\\/morpho-mobilier-belge-design-tomorrowland\\\/#primaryimage\"},\"thumbnailUrl\":\"https:\\\/\\\/marieclaire.be\\\/fr\\\/wp-content\\\/uploads\\\/2025\\\/05\\\/morpho-2.png\",\"datePublished\":\"2025-05-26T05:08:32+00:00\",\"dateModified\":\"2025-05-26T08:45:50+00:00\",\"description\":\"Le c\u00e9l\u00e8bre festival belge Tomorrowland fait une entr\u00e9e remarqu\u00e9e dans le monde du design avec Morpho, une collection de mobilier inspir\u00e9e de l\u2019Art nouveau.\",\"breadcrumb\":{\"@id\":\"https:\\\/\\\/marieclaire.be\\\/fr\\\/morpho-mobilier-belge-design-tomorrowland\\\/#breadcrumb\"},\"inLanguage\":\"fr-FR\",\"potentialAction\":[{\"@type\":\"ReadAction\",\"target\":[\"https:\\\/\\\/marieclaire.be\\\/fr\\\/morpho-mobilier-belge-design-tomorrowland\\\/\"]}]},{\"@type\":\"ImageObject\",\"inLanguage\":\"fr-FR\",\"@id\":\"https:\\\/\\\/marieclaire.be\\\/fr\\\/morpho-mobilier-belge-design-tomorrowland\\\/#primaryimage\",\"url\":\"https:\\\/\\\/marieclaire.be\\\/fr\\\/wp-content\\\/uploads\\\/2025\\\/05\\\/morpho-2.png\",\"contentUrl\":\"https:\\\/\\\/marieclaire.be\\\/fr\\\/wp-content\\\/uploads\\\/2025\\\/05\\\/morpho-2.png\",\"width\":1200,\"height\":628,\"caption\":\"Dirk Alexander\"},{\"@type\":\"BreadcrumbList\",\"@id\":\"https:\\\/\\\/marieclaire.be\\\/fr\\\/morpho-mobilier-belge-design-tomorrowland\\\/#breadcrumb\",\"itemListElement\":[{\"@type\":\"ListItem\",\"position\":1,\"name\":\"Accueil\",\"item\":\"https:\\\/\\\/marieclaire.be\\\/fr\\\/\"},{\"@type\":\"ListItem\",\"position\":2,\"name\":\"Morpho, le label de design belge inspir\u00e9 par l&#8217;esth\u00e9tique de Tomorrowland\"}]},{\"@type\":\"WebSite\",\"@id\":\"https:\\\/\\\/marieclaire.be\\\/fr\\\/#website\",\"url\":\"https:\\\/\\\/marieclaire.be\\\/fr\\\/\",\"name\":\"Marie Claire Belgique\",\"description\":\"Marie Claire Belgique, le magazine du style et de l\u2019intelligence qui parle de mode, des tendances, de la beaut\u00e9, de l\u2019actualit\u00e9 et de la culture\",\"publisher\":{\"@id\":\"https:\\\/\\\/marieclaire.be\\\/fr\\\/#organization\"},\"potentialAction\":[{\"@type\":\"SearchAction\",\"target\":{\"@type\":\"EntryPoint\",\"urlTemplate\":\"https:\\\/\\\/marieclaire.be\\\/fr\\\/?s={search_term_string}\"},\"query-input\":{\"@type\":\"PropertyValueSpecification\",\"valueRequired\":true,\"valueName\":\"search_term_string\"}}],\"inLanguage\":\"fr-FR\"},{\"@type\":\"Organization\",\"@id\":\"https:\\\/\\\/marieclaire.be\\\/fr\\\/#organization\",\"name\":\"Marie Claire\",\"url\":\"https:\\\/\\\/marieclaire.be\\\/fr\\\/\",\"logo\":{\"@type\":\"ImageObject\",\"inLanguage\":\"fr-FR\",\"@id\":\"https:\\\/\\\/marieclaire.be\\\/fr\\\/#\\\/schema\\\/logo\\\/image\\\/\",\"url\":\"https:\\\/\\\/marieclaire.be\\\/fr\\\/wp-content\\\/uploads\\\/2018\\\/05\\\/mc-logo2.png\",\"contentUrl\":\"https:\\\/\\\/marieclaire.be\\\/fr\\\/wp-content\\\/uploads\\\/2018\\\/05\\\/mc-logo2.png\",\"width\":1001,\"height\":189,\"caption\":\"Marie Claire\"},\"image\":{\"@id\":\"https:\\\/\\\/marieclaire.be\\\/fr\\\/#\\\/schema\\\/logo\\\/image\\\/\"},\"sameAs\":[\"https:\\\/\\\/www.facebook.com\\\/MarieClaire.Belgique\\\/\",\"https:\\\/\\\/www.instagram.com\\\/marieclaire_belgique\\\/\",\"https:\\\/\\\/fr.pinterest.com\\\/marieclairebe\\\/\",\"https:\\\/\\\/www.youtube.com\\\/user\\\/BelgiumMarieClaire\"]},{\"@type\":\"Person\",\"@id\":\"https:\\\/\\\/marieclaire.be\\\/fr\\\/#\\\/schema\\\/person\\\/6a5bc4eb4707dbc5cb47d17804a85f8c\",\"name\":\"Marie Claire\",\"image\":{\"@type\":\"ImageObject\",\"inLanguage\":\"fr-FR\",\"@id\":\"https:\\\/\\\/marieclaire.be\\\/fr\\\/wp-content\\\/uploads\\\/2016\\\/11\\\/mclogo-96x96.jpg\",\"url\":\"https:\\\/\\\/marieclaire.be\\\/fr\\\/wp-content\\\/uploads\\\/2016\\\/11\\\/mclogo-96x96.jpg\",\"contentUrl\":\"https:\\\/\\\/marieclaire.be\\\/fr\\\/wp-content\\\/uploads\\\/2016\\\/11\\\/mclogo-96x96.jpg\",\"caption\":\"Marie Claire\"},\"url\":\"https:\\\/\\\/marieclaire.be\\\/fr\\\/author\\\/stagiaire\\\/\"}]}<\/script>\n<!-- \/ Yoast SEO plugin. -->","yoast_head_json":{"title":"Morpho, le label de design belge inspir\u00e9 par l'esth\u00e9tique de Tomorrowland - Marie Claire Belgique","description":"Le c\u00e9l\u00e8bre festival belge Tomorrowland fait une entr\u00e9e remarqu\u00e9e dans le monde du design avec Morpho, une collection de mobilier inspir\u00e9e de l\u2019Art nouveau.","robots":{"index":"index","follow":"follow","max-snippet":"max-snippet:-1","max-image-preview":"max-image-preview:large","max-video-preview":"max-video-preview:-1"},"canonical":"https:\/\/marieclaire.be\/fr\/morpho-mobilier-belge-design-tomorrowland\/","og_locale":"fr_FR","og_type":"article","og_title":"Morpho, le label de design belge inspir\u00e9 par l'esth\u00e9tique de Tomorrowland - Marie Claire Belgique","og_description":"Le c\u00e9l\u00e8bre festival belge Tomorrowland fait une entr\u00e9e remarqu\u00e9e dans le monde du design avec Morpho, une collection de mobilier inspir\u00e9e de l\u2019Art nouveau.","og_url":"https:\/\/marieclaire.be\/fr\/morpho-mobilier-belge-design-tomorrowland\/","og_site_name":"Marie Claire Belgique","article_publisher":"https:\/\/www.facebook.com\/MarieClaire.Belgique\/","article_published_time":"2025-05-26T05:08:32+00:00","article_modified_time":"2025-05-26T08:45:50+00:00","og_image":[{"width":1200,"height":628,"url":"https:\/\/marieclaire.be\/fr\/wp-content\/uploads\/2025\/05\/morpho-2.png","type":"image\/png"}],"author":"Marie Claire","twitter_misc":{"\u00c9crit par":"Marie Claire","Dur\u00e9e de lecture estim\u00e9e":"3 minutes"},"schema":{"@context":"https:\/\/schema.org","@graph":[{"@type":"NewsArticle","@id":"https:\/\/marieclaire.be\/fr\/morpho-mobilier-belge-design-tomorrowland\/#article","isPartOf":{"@id":"https:\/\/marieclaire.be\/fr\/morpho-mobilier-belge-design-tomorrowland\/"},"author":{"name":"Marie Claire","@id":"https:\/\/marieclaire.be\/fr\/#\/schema\/person\/6a5bc4eb4707dbc5cb47d17804a85f8c"},"headline":"Morpho, le label de design belge inspir\u00e9 par l&#8217;esth\u00e9tique de Tomorrowland","datePublished":"2025-05-26T05:08:32+00:00","dateModified":"2025-05-26T08:45:50+00:00","mainEntityOfPage":{"@id":"https:\/\/marieclaire.be\/fr\/morpho-mobilier-belge-design-tomorrowland\/"},"wordCount":599,"publisher":{"@id":"https:\/\/marieclaire.be\/fr\/#organization"},"image":{"@id":"https:\/\/marieclaire.be\/fr\/morpho-mobilier-belge-design-tomorrowland\/#primaryimage"},"thumbnailUrl":"https:\/\/marieclaire.be\/fr\/wp-content\/uploads\/2025\/05\/morpho-2.png","articleSection":["D\u00e9co","Lifestyle"],"inLanguage":"fr-FR"},{"@type":"WebPage","@id":"https:\/\/marieclaire.be\/fr\/morpho-mobilier-belge-design-tomorrowland\/","url":"https:\/\/marieclaire.be\/fr\/morpho-mobilier-belge-design-tomorrowland\/","name":"Morpho, le label de design belge inspir\u00e9 par l'esth\u00e9tique de Tomorrowland - Marie Claire Belgique","isPartOf":{"@id":"https:\/\/marieclaire.be\/fr\/#website"},"primaryImageOfPage":{"@id":"https:\/\/marieclaire.be\/fr\/morpho-mobilier-belge-design-tomorrowland\/#primaryimage"},"image":{"@id":"https:\/\/marieclaire.be\/fr\/morpho-mobilier-belge-design-tomorrowland\/#primaryimage"},"thumbnailUrl":"https:\/\/marieclaire.be\/fr\/wp-content\/uploads\/2025\/05\/morpho-2.png","datePublished":"2025-05-26T05:08:32+00:00","dateModified":"2025-05-26T08:45:50+00:00","description":"Le c\u00e9l\u00e8bre festival belge Tomorrowland fait une entr\u00e9e remarqu\u00e9e dans le monde du design avec Morpho, une collection de mobilier inspir\u00e9e de l\u2019Art nouveau.","breadcrumb":{"@id":"https:\/\/marieclaire.be\/fr\/morpho-mobilier-belge-design-tomorrowland\/#breadcrumb"},"inLanguage":"fr-FR","potentialAction":[{"@type":"ReadAction","target":["https:\/\/marieclaire.be\/fr\/morpho-mobilier-belge-design-tomorrowland\/"]}]},{"@type":"ImageObject","inLanguage":"fr-FR","@id":"https:\/\/marieclaire.be\/fr\/morpho-mobilier-belge-design-tomorrowland\/#primaryimage","url":"https:\/\/marieclaire.be\/fr\/wp-content\/uploads\/2025\/05\/morpho-2.png","contentUrl":"https:\/\/marieclaire.be\/fr\/wp-content\/uploads\/2025\/05\/morpho-2.png","width":1200,"height":628,"caption":"Dirk Alexander"},{"@type":"BreadcrumbList","@id":"https:\/\/marieclaire.be\/fr\/morpho-mobilier-belge-design-tomorrowland\/#breadcrumb","itemListElement":[{"@type":"ListItem","position":1,"name":"Accueil","item":"https:\/\/marieclaire.be\/fr\/"},{"@type":"ListItem","position":2,"name":"Morpho, le label de design belge inspir\u00e9 par l&#8217;esth\u00e9tique de Tomorrowland"}]},{"@type":"WebSite","@id":"https:\/\/marieclaire.be\/fr\/#website","url":"https:\/\/marieclaire.be\/fr\/","name":"Marie Claire Belgique","description":"Marie Claire Belgique, le magazine du style et de l\u2019intelligence qui parle de mode, des tendances, de la beaut\u00e9, de l\u2019actualit\u00e9 et de la culture","publisher":{"@id":"https:\/\/marieclaire.be\/fr\/#organization"},"potentialAction":[{"@type":"SearchAction","target":{"@type":"EntryPoint","urlTemplate":"https:\/\/marieclaire.be\/fr\/?s={search_term_string}"},"query-input":{"@type":"PropertyValueSpecification","valueRequired":true,"valueName":"search_term_string"}}],"inLanguage":"fr-FR"},{"@type":"Organization","@id":"https:\/\/marieclaire.be\/fr\/#organization","name":"Marie Claire","url":"https:\/\/marieclaire.be\/fr\/","logo":{"@type":"ImageObject","inLanguage":"fr-FR","@id":"https:\/\/marieclaire.be\/fr\/#\/schema\/logo\/image\/","url":"https:\/\/marieclaire.be\/fr\/wp-content\/uploads\/2018\/05\/mc-logo2.png","contentUrl":"https:\/\/marieclaire.be\/fr\/wp-content\/uploads\/2018\/05\/mc-logo2.png","width":1001,"height":189,"caption":"Marie Claire"},"image":{"@id":"https:\/\/marieclaire.be\/fr\/#\/schema\/logo\/image\/"},"sameAs":["https:\/\/www.facebook.com\/MarieClaire.Belgique\/","https:\/\/www.instagram.com\/marieclaire_belgique\/","https:\/\/fr.pinterest.com\/marieclairebe\/","https:\/\/www.youtube.com\/user\/BelgiumMarieClaire"]},{"@type":"Person","@id":"https:\/\/marieclaire.be\/fr\/#\/schema\/person\/6a5bc4eb4707dbc5cb47d17804a85f8c","name":"Marie Claire","image":{"@type":"ImageObject","inLanguage":"fr-FR","@id":"https:\/\/marieclaire.be\/fr\/wp-content\/uploads\/2016\/11\/mclogo-96x96.jpg","url":"https:\/\/marieclaire.be\/fr\/wp-content\/uploads\/2016\/11\/mclogo-96x96.jpg","contentUrl":"https:\/\/marieclaire.be\/fr\/wp-content\/uploads\/2016\/11\/mclogo-96x96.jpg","caption":"Marie Claire"},"url":"https:\/\/marieclaire.be\/fr\/author\/stagiaire\/"}]}},"_links":{"self":[{"href":"https:\/\/marieclaire.be\/fr\/wp-json\/wp\/v2\/posts\/143671","targetHints":{"allow":["GET"]}}],"collection":[{"href":"https:\/\/marieclaire.be\/fr\/wp-json\/wp\/v2\/posts"}],"about":[{"href":"https:\/\/marieclaire.be\/fr\/wp-json\/wp\/v2\/types\/post"}],"author":[{"embeddable":true,"href":"https:\/\/marieclaire.be\/fr\/wp-json\/wp\/v2\/users\/8"}],"replies":[{"embeddable":true,"href":"https:\/\/marieclaire.be\/fr\/wp-json\/wp\/v2\/comments?post=143671"}],"version-history":[{"count":2,"href":"https:\/\/marieclaire.be\/fr\/wp-json\/wp\/v2\/posts\/143671\/revisions"}],"predecessor-version":[{"id":143700,"href":"https:\/\/marieclaire.be\/fr\/wp-json\/wp\/v2\/posts\/143671\/revisions\/143700"}],"wp:featuredmedia":[{"embeddable":true,"href":"https:\/\/marieclaire.be\/fr\/wp-json\/wp\/v2\/media\/143673"}],"wp:attachment":[{"href":"https:\/\/marieclaire.be\/fr\/wp-json\/wp\/v2\/media?parent=143671"}],"wp:term":[{"taxonomy":"category","embeddable":true,"href":"https:\/\/marieclaire.be\/fr\/wp-json\/wp\/v2\/categories?post=143671"},{"taxonomy":"post_tag","embeddable":true,"href":"https:\/\/marieclaire.be\/fr\/wp-json\/wp\/v2\/tags?post=143671"}],"curies":[{"name":"wp","href":"https:\/\/api.w.org\/{rel}","templated":true}]}}