{"id":142874,"date":"2025-04-15T15:03:40","date_gmt":"2025-04-15T13:03:40","guid":{"rendered":"https:\/\/marieclaire.be\/fr\/?p=142874"},"modified":"2025-04-15T15:35:14","modified_gmt":"2025-04-15T13:35:14","slug":"vol-spatial-femmes-katy-perry","status":"publish","type":"post","link":"https:\/\/marieclaire.be\/fr\/vol-spatial-femmes-katy-perry\/","title":{"rendered":"Pourquoi le vol spatial 100% f\u00e9minin de Katy Perry n\u2019est pas une victoire f\u00e9ministe ?"},"content":{"rendered":"","protected":false},"excerpt":{"rendered":"Un vol spatial 100 % f\u00e9minin, a emmen\u00e9 six femmes, dont Katy Perry, pour un aller-retour express de 11 minutes dans l\u2019espace. l\u2019espace....","protected":false},"author":30,"featured_media":142880,"comment_status":"closed","ping_status":"closed","sticky":false,"template":"","format":"standard","meta":{"_acf_changed":false,"footnotes":""},"categories":[27,1434],"tags":[],"class_list":["post-142874","post","type-post","status-publish","format-standard","has-post-thumbnail","hentry","category-combats-de-femme","category-societe"],"acf":[],"_yoast_wpseo_title":null,"_yoast_wpseo_metadesc":"Seules 12 % des personnes ayant \u00e9t\u00e9 dans l\u2019espace sont des femmes. Mais l\u2019envoi de Katy Perry dans l\u2019espace a-t-il vraiment contribu\u00e9 \u00e0 cette cause ?","image_verticale":"142876","yoast_head":"<!-- This site is optimized with the Yoast SEO plugin v27.3 - https:\/\/yoast.com\/product\/yoast-seo-wordpress\/ -->\n<title>Pourquoi le vol spatial 100% f\u00e9minin de Katy Perry n\u2019est pas une victoire f\u00e9ministe ? - Marie Claire Belgique<\/title>\n<meta name=\"description\" content=\"Seules 12 % des personnes ayant \u00e9t\u00e9 dans l\u2019espace sont des femmes. Mais l\u2019envoi de Katy Perry dans l\u2019espace a-t-il vraiment contribu\u00e9 \u00e0 cette cause ?\" \/>\n<meta name=\"robots\" content=\"index, follow, max-snippet:-1, max-image-preview:large, max-video-preview:-1\" \/>\n<link rel=\"canonical\" href=\"https:\/\/www.marieclaire.com.au\/news\/celebrity\/katy-perry-space-flight-blue-origin-purpose\/\" \/>\n<meta property=\"og:locale\" content=\"fr_FR\" \/>\n<meta property=\"og:type\" content=\"article\" \/>\n<meta property=\"og:title\" content=\"Pourquoi le vol spatial 100% f\u00e9minin de Katy Perry n\u2019est pas une victoire f\u00e9ministe ? - Marie Claire Belgique\" \/>\n<meta property=\"og:description\" content=\"Seules 12 % des personnes ayant \u00e9t\u00e9 dans l\u2019espace sont des femmes. Mais l\u2019envoi de Katy Perry dans l\u2019espace a-t-il vraiment contribu\u00e9 \u00e0 cette cause ?\" \/>\n<meta property=\"og:url\" content=\"https:\/\/www.marieclaire.com.au\/news\/celebrity\/katy-perry-space-flight-blue-origin-purpose\/\" \/>\n<meta property=\"og:site_name\" content=\"Marie Claire Belgique\" \/>\n<meta property=\"article:publisher\" content=\"https:\/\/www.facebook.com\/MarieClaire.Belgique\/\" \/>\n<meta property=\"article:published_time\" content=\"2025-04-15T13:03:40+00:00\" \/>\n<meta property=\"article:modified_time\" content=\"2025-04-15T13:35:14+00:00\" \/>\n<meta property=\"og:image\" content=\"https:\/\/marieclaire.be\/fr\/wp-content\/uploads\/2025\/04\/katy-perry-1.png\" \/>\n\t<meta property=\"og:image:width\" content=\"1200\" \/>\n\t<meta property=\"og:image:height\" content=\"628\" \/>\n\t<meta property=\"og:image:type\" content=\"image\/png\" \/>\n<meta name=\"author\" content=\"Malvine Sevrin\" \/>\n<meta name=\"twitter:label1\" content=\"\u00c9crit par\" \/>\n\t<meta name=\"twitter:data1\" content=\"Malvine Sevrin\" \/>\n\t<meta name=\"twitter:label2\" content=\"Dur\u00e9e de lecture estim\u00e9e\" \/>\n\t<meta name=\"twitter:data2\" content=\"6 minutes\" \/>\n<script type=\"application\/ld+json\" class=\"yoast-schema-graph\">{\"@context\":\"https:\\\/\\\/schema.org\",\"@graph\":[{\"@type\":\"NewsArticle\",\"@id\":\"https:\\\/\\\/www.marieclaire.com.au\\\/news\\\/celebrity\\\/katy-perry-space-flight-blue-origin-purpose\\\/#article\",\"isPartOf\":{\"@id\":\"https:\\\/\\\/marieclaire.be\\\/fr\\\/vol-spatial-femmes-katy-perry\\\/\"},\"author\":{\"name\":\"Malvine Sevrin\",\"@id\":\"https:\\\/\\\/marieclaire.be\\\/fr\\\/#\\\/schema\\\/person\\\/c71bd7a8c3e622513c7531a39292a34e\"},\"headline\":\"Pourquoi le vol spatial 100% f\u00e9minin de Katy Perry n\u2019est pas une victoire f\u00e9ministe ?\",\"datePublished\":\"2025-04-15T13:03:40+00:00\",\"dateModified\":\"2025-04-15T13:35:14+00:00\",\"mainEntityOfPage\":{\"@id\":\"https:\\\/\\\/marieclaire.be\\\/fr\\\/vol-spatial-femmes-katy-perry\\\/\"},\"wordCount\":1105,\"publisher\":{\"@id\":\"https:\\\/\\\/marieclaire.be\\\/fr\\\/#organization\"},\"image\":{\"@id\":\"https:\\\/\\\/www.marieclaire.com.au\\\/news\\\/celebrity\\\/katy-perry-space-flight-blue-origin-purpose\\\/#primaryimage\"},\"thumbnailUrl\":\"https:\\\/\\\/marieclaire.be\\\/fr\\\/wp-content\\\/uploads\\\/2025\\\/04\\\/katy-perry-1.png\",\"articleSection\":[\"Combats de femmes\",\"Soci\u00e9t\u00e9\"],\"inLanguage\":\"fr-FR\"},{\"@type\":\"WebPage\",\"@id\":\"https:\\\/\\\/marieclaire.be\\\/fr\\\/vol-spatial-femmes-katy-perry\\\/\",\"url\":\"https:\\\/\\\/www.marieclaire.com.au\\\/news\\\/celebrity\\\/katy-perry-space-flight-blue-origin-purpose\\\/\",\"name\":\"Pourquoi le vol spatial 100% f\u00e9minin de Katy Perry n\u2019est pas une victoire f\u00e9ministe ? - Marie Claire Belgique\",\"isPartOf\":{\"@id\":\"https:\\\/\\\/marieclaire.be\\\/fr\\\/#website\"},\"primaryImageOfPage\":{\"@id\":\"https:\\\/\\\/www.marieclaire.com.au\\\/news\\\/celebrity\\\/katy-perry-space-flight-blue-origin-purpose\\\/#primaryimage\"},\"image\":{\"@id\":\"https:\\\/\\\/www.marieclaire.com.au\\\/news\\\/celebrity\\\/katy-perry-space-flight-blue-origin-purpose\\\/#primaryimage\"},\"thumbnailUrl\":\"https:\\\/\\\/marieclaire.be\\\/fr\\\/wp-content\\\/uploads\\\/2025\\\/04\\\/katy-perry-1.png\",\"datePublished\":\"2025-04-15T13:03:40+00:00\",\"dateModified\":\"2025-04-15T13:35:14+00:00\",\"description\":\"Seules 12 % des personnes ayant \u00e9t\u00e9 dans l\u2019espace sont des femmes. Mais l\u2019envoi de Katy Perry dans l\u2019espace a-t-il vraiment contribu\u00e9 \u00e0 cette cause ?\",\"breadcrumb\":{\"@id\":\"https:\\\/\\\/www.marieclaire.com.au\\\/news\\\/celebrity\\\/katy-perry-space-flight-blue-origin-purpose\\\/#breadcrumb\"},\"inLanguage\":\"fr-FR\",\"potentialAction\":[{\"@type\":\"ReadAction\",\"target\":[\"https:\\\/\\\/www.marieclaire.com.au\\\/news\\\/celebrity\\\/katy-perry-space-flight-blue-origin-purpose\\\/\"]}]},{\"@type\":\"ImageObject\",\"inLanguage\":\"fr-FR\",\"@id\":\"https:\\\/\\\/www.marieclaire.com.au\\\/news\\\/celebrity\\\/katy-perry-space-flight-blue-origin-purpose\\\/#primaryimage\",\"url\":\"https:\\\/\\\/marieclaire.be\\\/fr\\\/wp-content\\\/uploads\\\/2025\\\/04\\\/katy-perry-1.png\",\"contentUrl\":\"https:\\\/\\\/marieclaire.be\\\/fr\\\/wp-content\\\/uploads\\\/2025\\\/04\\\/katy-perry-1.png\",\"width\":1200,\"height\":628,\"caption\":\"Instagram @katyperry\"},{\"@type\":\"BreadcrumbList\",\"@id\":\"https:\\\/\\\/www.marieclaire.com.au\\\/news\\\/celebrity\\\/katy-perry-space-flight-blue-origin-purpose\\\/#breadcrumb\",\"itemListElement\":[{\"@type\":\"ListItem\",\"position\":1,\"name\":\"Accueil\",\"item\":\"https:\\\/\\\/marieclaire.be\\\/fr\\\/\"},{\"@type\":\"ListItem\",\"position\":2,\"name\":\"Pourquoi le vol spatial 100% f\u00e9minin de Katy Perry n\u2019est pas une victoire f\u00e9ministe ?\"}]},{\"@type\":\"WebSite\",\"@id\":\"https:\\\/\\\/marieclaire.be\\\/fr\\\/#website\",\"url\":\"https:\\\/\\\/marieclaire.be\\\/fr\\\/\",\"name\":\"Marie Claire Belgique\",\"description\":\"Marie Claire Belgique, le magazine du style et de l\u2019intelligence qui parle de mode, des tendances, de la beaut\u00e9, de l\u2019actualit\u00e9 et de la culture\",\"publisher\":{\"@id\":\"https:\\\/\\\/marieclaire.be\\\/fr\\\/#organization\"},\"potentialAction\":[{\"@type\":\"SearchAction\",\"target\":{\"@type\":\"EntryPoint\",\"urlTemplate\":\"https:\\\/\\\/marieclaire.be\\\/fr\\\/?s={search_term_string}\"},\"query-input\":{\"@type\":\"PropertyValueSpecification\",\"valueRequired\":true,\"valueName\":\"search_term_string\"}}],\"inLanguage\":\"fr-FR\"},{\"@type\":\"Organization\",\"@id\":\"https:\\\/\\\/marieclaire.be\\\/fr\\\/#organization\",\"name\":\"Marie Claire\",\"url\":\"https:\\\/\\\/marieclaire.be\\\/fr\\\/\",\"logo\":{\"@type\":\"ImageObject\",\"inLanguage\":\"fr-FR\",\"@id\":\"https:\\\/\\\/marieclaire.be\\\/fr\\\/#\\\/schema\\\/logo\\\/image\\\/\",\"url\":\"https:\\\/\\\/marieclaire.be\\\/fr\\\/wp-content\\\/uploads\\\/2018\\\/05\\\/mc-logo2.png\",\"contentUrl\":\"https:\\\/\\\/marieclaire.be\\\/fr\\\/wp-content\\\/uploads\\\/2018\\\/05\\\/mc-logo2.png\",\"width\":1001,\"height\":189,\"caption\":\"Marie Claire\"},\"image\":{\"@id\":\"https:\\\/\\\/marieclaire.be\\\/fr\\\/#\\\/schema\\\/logo\\\/image\\\/\"},\"sameAs\":[\"https:\\\/\\\/www.facebook.com\\\/MarieClaire.Belgique\\\/\",\"https:\\\/\\\/www.instagram.com\\\/marieclaire_belgique\\\/\",\"https:\\\/\\\/fr.pinterest.com\\\/marieclairebe\\\/\",\"https:\\\/\\\/www.youtube.com\\\/user\\\/BelgiumMarieClaire\"]},{\"@type\":\"Person\",\"@id\":\"https:\\\/\\\/marieclaire.be\\\/fr\\\/#\\\/schema\\\/person\\\/c71bd7a8c3e622513c7531a39292a34e\",\"name\":\"Malvine Sevrin\",\"image\":{\"@type\":\"ImageObject\",\"inLanguage\":\"fr-FR\",\"@id\":\"https:\\\/\\\/marieclaire.be\\\/fr\\\/wp-content\\\/uploads\\\/2017\\\/05\\\/capture-decran-2024-02-13-a-145920-96x96.png\",\"url\":\"https:\\\/\\\/marieclaire.be\\\/fr\\\/wp-content\\\/uploads\\\/2017\\\/05\\\/capture-decran-2024-02-13-a-145920-96x96.png\",\"contentUrl\":\"https:\\\/\\\/marieclaire.be\\\/fr\\\/wp-content\\\/uploads\\\/2017\\\/05\\\/capture-decran-2024-02-13-a-145920-96x96.png\",\"caption\":\"Malvine Sevrin\"},\"description\":\"Des podiums parisiens aux derni\u00e8res nouveaut\u00e9s skincare qui enflamment TikTok, je d\u00e9crypte les tendances pour Marie Claire Belgique. Passionn\u00e9e de voyage, de mode et de beaut\u00e9, je partage mes coups de coeur d\u00e9nich\u00e9s aux quatre coins du globe. En tant que r\u00e9dactrice en chef digital, j'ai \u00e9galement \u00e0 coeur de mettre en lumi\u00e8re les histoires inspirantes de femmes \u00e0 travers notre site et sur nos r\u00e9seaux sociaux.\",\"sameAs\":[\"https:\\\/\\\/www.instagram.com\\\/malvinesev\\\/\"],\"url\":\"https:\\\/\\\/marieclaire.be\\\/fr\\\/author\\\/malvine\\\/\"}]}<\/script>\n<!-- \/ Yoast SEO plugin. -->","yoast_head_json":{"title":"Pourquoi le vol spatial 100% f\u00e9minin de Katy Perry n\u2019est pas une victoire f\u00e9ministe ? - Marie Claire Belgique","description":"Seules 12 % des personnes ayant \u00e9t\u00e9 dans l\u2019espace sont des femmes. Mais l\u2019envoi de Katy Perry dans l\u2019espace a-t-il vraiment contribu\u00e9 \u00e0 cette cause ?","robots":{"index":"index","follow":"follow","max-snippet":"max-snippet:-1","max-image-preview":"max-image-preview:large","max-video-preview":"max-video-preview:-1"},"canonical":"https:\/\/www.marieclaire.com.au\/news\/celebrity\/katy-perry-space-flight-blue-origin-purpose\/","og_locale":"fr_FR","og_type":"article","og_title":"Pourquoi le vol spatial 100% f\u00e9minin de Katy Perry n\u2019est pas une victoire f\u00e9ministe ? - Marie Claire Belgique","og_description":"Seules 12 % des personnes ayant \u00e9t\u00e9 dans l\u2019espace sont des femmes. Mais l\u2019envoi de Katy Perry dans l\u2019espace a-t-il vraiment contribu\u00e9 \u00e0 cette cause ?","og_url":"https:\/\/www.marieclaire.com.au\/news\/celebrity\/katy-perry-space-flight-blue-origin-purpose\/","og_site_name":"Marie Claire Belgique","article_publisher":"https:\/\/www.facebook.com\/MarieClaire.Belgique\/","article_published_time":"2025-04-15T13:03:40+00:00","article_modified_time":"2025-04-15T13:35:14+00:00","og_image":[{"width":1200,"height":628,"url":"https:\/\/marieclaire.be\/fr\/wp-content\/uploads\/2025\/04\/katy-perry-1.png","type":"image\/png"}],"author":"Malvine Sevrin","twitter_misc":{"\u00c9crit par":"Malvine Sevrin","Dur\u00e9e de lecture estim\u00e9e":"6 minutes"},"schema":{"@context":"https:\/\/schema.org","@graph":[{"@type":"NewsArticle","@id":"https:\/\/www.marieclaire.com.au\/news\/celebrity\/katy-perry-space-flight-blue-origin-purpose\/#article","isPartOf":{"@id":"https:\/\/marieclaire.be\/fr\/vol-spatial-femmes-katy-perry\/"},"author":{"name":"Malvine Sevrin","@id":"https:\/\/marieclaire.be\/fr\/#\/schema\/person\/c71bd7a8c3e622513c7531a39292a34e"},"headline":"Pourquoi le vol spatial 100% f\u00e9minin de Katy Perry n\u2019est pas une victoire f\u00e9ministe ?","datePublished":"2025-04-15T13:03:40+00:00","dateModified":"2025-04-15T13:35:14+00:00","mainEntityOfPage":{"@id":"https:\/\/marieclaire.be\/fr\/vol-spatial-femmes-katy-perry\/"},"wordCount":1105,"publisher":{"@id":"https:\/\/marieclaire.be\/fr\/#organization"},"image":{"@id":"https:\/\/www.marieclaire.com.au\/news\/celebrity\/katy-perry-space-flight-blue-origin-purpose\/#primaryimage"},"thumbnailUrl":"https:\/\/marieclaire.be\/fr\/wp-content\/uploads\/2025\/04\/katy-perry-1.png","articleSection":["Combats de femmes","Soci\u00e9t\u00e9"],"inLanguage":"fr-FR"},{"@type":"WebPage","@id":"https:\/\/marieclaire.be\/fr\/vol-spatial-femmes-katy-perry\/","url":"https:\/\/www.marieclaire.com.au\/news\/celebrity\/katy-perry-space-flight-blue-origin-purpose\/","name":"Pourquoi le vol spatial 100% f\u00e9minin de Katy Perry n\u2019est pas une victoire f\u00e9ministe ? - Marie Claire Belgique","isPartOf":{"@id":"https:\/\/marieclaire.be\/fr\/#website"},"primaryImageOfPage":{"@id":"https:\/\/www.marieclaire.com.au\/news\/celebrity\/katy-perry-space-flight-blue-origin-purpose\/#primaryimage"},"image":{"@id":"https:\/\/www.marieclaire.com.au\/news\/celebrity\/katy-perry-space-flight-blue-origin-purpose\/#primaryimage"},"thumbnailUrl":"https:\/\/marieclaire.be\/fr\/wp-content\/uploads\/2025\/04\/katy-perry-1.png","datePublished":"2025-04-15T13:03:40+00:00","dateModified":"2025-04-15T13:35:14+00:00","description":"Seules 12 % des personnes ayant \u00e9t\u00e9 dans l\u2019espace sont des femmes. Mais l\u2019envoi de Katy Perry dans l\u2019espace a-t-il vraiment contribu\u00e9 \u00e0 cette cause ?","breadcrumb":{"@id":"https:\/\/www.marieclaire.com.au\/news\/celebrity\/katy-perry-space-flight-blue-origin-purpose\/#breadcrumb"},"inLanguage":"fr-FR","potentialAction":[{"@type":"ReadAction","target":["https:\/\/www.marieclaire.com.au\/news\/celebrity\/katy-perry-space-flight-blue-origin-purpose\/"]}]},{"@type":"ImageObject","inLanguage":"fr-FR","@id":"https:\/\/www.marieclaire.com.au\/news\/celebrity\/katy-perry-space-flight-blue-origin-purpose\/#primaryimage","url":"https:\/\/marieclaire.be\/fr\/wp-content\/uploads\/2025\/04\/katy-perry-1.png","contentUrl":"https:\/\/marieclaire.be\/fr\/wp-content\/uploads\/2025\/04\/katy-perry-1.png","width":1200,"height":628,"caption":"Instagram @katyperry"},{"@type":"BreadcrumbList","@id":"https:\/\/www.marieclaire.com.au\/news\/celebrity\/katy-perry-space-flight-blue-origin-purpose\/#breadcrumb","itemListElement":[{"@type":"ListItem","position":1,"name":"Accueil","item":"https:\/\/marieclaire.be\/fr\/"},{"@type":"ListItem","position":2,"name":"Pourquoi le vol spatial 100% f\u00e9minin de Katy Perry n\u2019est pas une victoire f\u00e9ministe ?"}]},{"@type":"WebSite","@id":"https:\/\/marieclaire.be\/fr\/#website","url":"https:\/\/marieclaire.be\/fr\/","name":"Marie Claire Belgique","description":"Marie Claire Belgique, le magazine du style et de l\u2019intelligence qui parle de mode, des tendances, de la beaut\u00e9, de l\u2019actualit\u00e9 et de la culture","publisher":{"@id":"https:\/\/marieclaire.be\/fr\/#organization"},"potentialAction":[{"@type":"SearchAction","target":{"@type":"EntryPoint","urlTemplate":"https:\/\/marieclaire.be\/fr\/?s={search_term_string}"},"query-input":{"@type":"PropertyValueSpecification","valueRequired":true,"valueName":"search_term_string"}}],"inLanguage":"fr-FR"},{"@type":"Organization","@id":"https:\/\/marieclaire.be\/fr\/#organization","name":"Marie Claire","url":"https:\/\/marieclaire.be\/fr\/","logo":{"@type":"ImageObject","inLanguage":"fr-FR","@id":"https:\/\/marieclaire.be\/fr\/#\/schema\/logo\/image\/","url":"https:\/\/marieclaire.be\/fr\/wp-content\/uploads\/2018\/05\/mc-logo2.png","contentUrl":"https:\/\/marieclaire.be\/fr\/wp-content\/uploads\/2018\/05\/mc-logo2.png","width":1001,"height":189,"caption":"Marie Claire"},"image":{"@id":"https:\/\/marieclaire.be\/fr\/#\/schema\/logo\/image\/"},"sameAs":["https:\/\/www.facebook.com\/MarieClaire.Belgique\/","https:\/\/www.instagram.com\/marieclaire_belgique\/","https:\/\/fr.pinterest.com\/marieclairebe\/","https:\/\/www.youtube.com\/user\/BelgiumMarieClaire"]},{"@type":"Person","@id":"https:\/\/marieclaire.be\/fr\/#\/schema\/person\/c71bd7a8c3e622513c7531a39292a34e","name":"Malvine Sevrin","image":{"@type":"ImageObject","inLanguage":"fr-FR","@id":"https:\/\/marieclaire.be\/fr\/wp-content\/uploads\/2017\/05\/capture-decran-2024-02-13-a-145920-96x96.png","url":"https:\/\/marieclaire.be\/fr\/wp-content\/uploads\/2017\/05\/capture-decran-2024-02-13-a-145920-96x96.png","contentUrl":"https:\/\/marieclaire.be\/fr\/wp-content\/uploads\/2017\/05\/capture-decran-2024-02-13-a-145920-96x96.png","caption":"Malvine Sevrin"},"description":"Des podiums parisiens aux derni\u00e8res nouveaut\u00e9s skincare qui enflamment TikTok, je d\u00e9crypte les tendances pour Marie Claire Belgique. Passionn\u00e9e de voyage, de mode et de beaut\u00e9, je partage mes coups de coeur d\u00e9nich\u00e9s aux quatre coins du globe. En tant que r\u00e9dactrice en chef digital, j'ai \u00e9galement \u00e0 coeur de mettre en lumi\u00e8re les histoires inspirantes de femmes \u00e0 travers notre site et sur nos r\u00e9seaux sociaux.","sameAs":["https:\/\/www.instagram.com\/malvinesev\/"],"url":"https:\/\/marieclaire.be\/fr\/author\/malvine\/"}]}},"_links":{"self":[{"href":"https:\/\/marieclaire.be\/fr\/wp-json\/wp\/v2\/posts\/142874","targetHints":{"allow":["GET"]}}],"collection":[{"href":"https:\/\/marieclaire.be\/fr\/wp-json\/wp\/v2\/posts"}],"about":[{"href":"https:\/\/marieclaire.be\/fr\/wp-json\/wp\/v2\/types\/post"}],"author":[{"embeddable":true,"href":"https:\/\/marieclaire.be\/fr\/wp-json\/wp\/v2\/users\/30"}],"replies":[{"embeddable":true,"href":"https:\/\/marieclaire.be\/fr\/wp-json\/wp\/v2\/comments?post=142874"}],"version-history":[{"count":8,"href":"https:\/\/marieclaire.be\/fr\/wp-json\/wp\/v2\/posts\/142874\/revisions"}],"predecessor-version":[{"id":142887,"href":"https:\/\/marieclaire.be\/fr\/wp-json\/wp\/v2\/posts\/142874\/revisions\/142887"}],"wp:featuredmedia":[{"embeddable":true,"href":"https:\/\/marieclaire.be\/fr\/wp-json\/wp\/v2\/media\/142880"}],"wp:attachment":[{"href":"https:\/\/marieclaire.be\/fr\/wp-json\/wp\/v2\/media?parent=142874"}],"wp:term":[{"taxonomy":"category","embeddable":true,"href":"https:\/\/marieclaire.be\/fr\/wp-json\/wp\/v2\/categories?post=142874"},{"taxonomy":"post_tag","embeddable":true,"href":"https:\/\/marieclaire.be\/fr\/wp-json\/wp\/v2\/tags?post=142874"}],"curies":[{"name":"wp","href":"https:\/\/api.w.org\/{rel}","templated":true}]}}