{"id":141854,"date":"2025-04-22T06:00:30","date_gmt":"2025-04-22T04:00:30","guid":{"rendered":"https:\/\/marieclaire.be\/fr\/?p=141854"},"modified":"2025-04-22T19:20:47","modified_gmt":"2025-04-22T17:20:47","slug":"menage-de-printemps-comment-donner-une-seconde-vie-a-votre-ancien-telephone","status":"publish","type":"post","link":"https:\/\/marieclaire.be\/fr\/menage-de-printemps-comment-donner-une-seconde-vie-a-votre-ancien-telephone\/","title":{"rendered":"M\u00e9nage de printemps : comment donner une seconde vie \u00e0 votre ancien t\u00e9l\u00e9phone ?"},"content":{"rendered":"","protected":false},"excerpt":{"rendered":"Le m\u00e9nage de printemps, ce n\u2019est pas que pour les placards ! Plut\u00f4t que de laisser un ancien iPhone prendre la poussi\u00e8re, pourquoi ne pas le revendre et lui offrir une seconde vie ? Un geste simple, rapide et bon pour la plan\u00e8te !","protected":false},"author":44,"featured_media":141856,"comment_status":"closed","ping_status":"closed","sticky":false,"template":"","format":"standard","meta":{"_acf_changed":false,"footnotes":""},"categories":[67,1725],"tags":[],"class_list":["post-141854","post","type-post","status-publish","format-standard","has-post-thumbnail","hentry","category-lifestyle","category-vie-pratique"],"acf":[],"_yoast_wpseo_title":"Donner une seconde vie \u00e0 votre ancien t\u00e9l\u00e9phone gr\u00e2ce \u00e0 Swappie %%page%% %%sep%% %%sitename%%","_yoast_wpseo_metadesc":"Plut\u00f4t que de laisser votre ancien smartphone prendre la poussi\u00e8re, pourquoi ne pas le vendre et lui offrir une seconde vie gr\u00e2ce \u00e0 Swappie ?","image_verticale":"141857","yoast_head":"<!-- This site is optimized with the Yoast SEO plugin v27.3 - https:\/\/yoast.com\/product\/yoast-seo-wordpress\/ -->\n<title>Donner une seconde vie \u00e0 votre ancien t\u00e9l\u00e9phone gr\u00e2ce \u00e0 Swappie - Marie Claire Belgique<\/title>\n<meta name=\"description\" content=\"Plut\u00f4t que de laisser votre ancien smartphone prendre la poussi\u00e8re, pourquoi ne pas le vendre et lui offrir une seconde vie gr\u00e2ce \u00e0 Swappie ?\" \/>\n<meta name=\"robots\" content=\"index, follow, max-snippet:-1, max-image-preview:large, max-video-preview:-1\" \/>\n<link rel=\"canonical\" href=\"https:\/\/marieclaire.be\/fr\/menage-de-printemps-comment-donner-une-seconde-vie-a-votre-ancien-telephone\/\" \/>\n<meta property=\"og:locale\" content=\"fr_FR\" \/>\n<meta property=\"og:type\" content=\"article\" \/>\n<meta property=\"og:title\" content=\"Donner une seconde vie \u00e0 votre ancien t\u00e9l\u00e9phone gr\u00e2ce \u00e0 Swappie - Marie Claire Belgique\" \/>\n<meta property=\"og:description\" content=\"Plut\u00f4t que de laisser votre ancien smartphone prendre la poussi\u00e8re, pourquoi ne pas le vendre et lui offrir une seconde vie gr\u00e2ce \u00e0 Swappie ?\" \/>\n<meta property=\"og:url\" content=\"https:\/\/marieclaire.be\/fr\/menage-de-printemps-comment-donner-une-seconde-vie-a-votre-ancien-telephone\/\" \/>\n<meta property=\"og:site_name\" content=\"Marie Claire Belgique\" \/>\n<meta property=\"article:publisher\" content=\"https:\/\/www.facebook.com\/MarieClaire.Belgique\/\" \/>\n<meta property=\"article:published_time\" content=\"2025-04-22T04:00:30+00:00\" \/>\n<meta property=\"article:modified_time\" content=\"2025-04-22T17:20:47+00:00\" \/>\n<meta property=\"og:image\" content=\"https:\/\/marieclaire.be\/fr\/wp-content\/uploads\/2025\/03\/mc-1200x628-swappie.png\" \/>\n\t<meta property=\"og:image:width\" content=\"1200\" \/>\n\t<meta property=\"og:image:height\" content=\"628\" \/>\n\t<meta property=\"og:image:type\" content=\"image\/png\" \/>\n<meta name=\"author\" content=\"Marie Claire Partenaire\" \/>\n<meta name=\"twitter:label1\" content=\"\u00c9crit par\" \/>\n\t<meta name=\"twitter:data1\" content=\"Marie Claire Partenaire\" \/>\n\t<meta name=\"twitter:label2\" content=\"Dur\u00e9e de lecture estim\u00e9e\" \/>\n\t<meta name=\"twitter:data2\" content=\"3 minutes\" \/>\n<script type=\"application\/ld+json\" class=\"yoast-schema-graph\">{\"@context\":\"https:\\\/\\\/schema.org\",\"@graph\":[{\"@type\":\"NewsArticle\",\"@id\":\"https:\\\/\\\/marieclaire.be\\\/fr\\\/menage-de-printemps-comment-donner-une-seconde-vie-a-votre-ancien-telephone\\\/#article\",\"isPartOf\":{\"@id\":\"https:\\\/\\\/marieclaire.be\\\/fr\\\/menage-de-printemps-comment-donner-une-seconde-vie-a-votre-ancien-telephone\\\/\"},\"author\":{\"name\":\"Marie Claire Partenaire\",\"@id\":\"https:\\\/\\\/marieclaire.be\\\/fr\\\/#\\\/schema\\\/person\\\/bdba51896db3a4a4d511b535c2bfb06c\"},\"headline\":\"M\u00e9nage de printemps : comment donner une seconde vie \u00e0 votre ancien t\u00e9l\u00e9phone ?\",\"datePublished\":\"2025-04-22T04:00:30+00:00\",\"dateModified\":\"2025-04-22T17:20:47+00:00\",\"mainEntityOfPage\":{\"@id\":\"https:\\\/\\\/marieclaire.be\\\/fr\\\/menage-de-printemps-comment-donner-une-seconde-vie-a-votre-ancien-telephone\\\/\"},\"wordCount\":466,\"publisher\":{\"@id\":\"https:\\\/\\\/marieclaire.be\\\/fr\\\/#organization\"},\"image\":{\"@id\":\"https:\\\/\\\/marieclaire.be\\\/fr\\\/menage-de-printemps-comment-donner-une-seconde-vie-a-votre-ancien-telephone\\\/#primaryimage\"},\"thumbnailUrl\":\"https:\\\/\\\/marieclaire.be\\\/fr\\\/wp-content\\\/uploads\\\/2025\\\/03\\\/mc-1200x628-swappie.png\",\"articleSection\":[\"Lifestyle\",\"Vie pratique\"],\"inLanguage\":\"fr-FR\"},{\"@type\":\"WebPage\",\"@id\":\"https:\\\/\\\/marieclaire.be\\\/fr\\\/menage-de-printemps-comment-donner-une-seconde-vie-a-votre-ancien-telephone\\\/\",\"url\":\"https:\\\/\\\/marieclaire.be\\\/fr\\\/menage-de-printemps-comment-donner-une-seconde-vie-a-votre-ancien-telephone\\\/\",\"name\":\"Donner une seconde vie \u00e0 votre ancien t\u00e9l\u00e9phone gr\u00e2ce \u00e0 Swappie - Marie Claire Belgique\",\"isPartOf\":{\"@id\":\"https:\\\/\\\/marieclaire.be\\\/fr\\\/#website\"},\"primaryImageOfPage\":{\"@id\":\"https:\\\/\\\/marieclaire.be\\\/fr\\\/menage-de-printemps-comment-donner-une-seconde-vie-a-votre-ancien-telephone\\\/#primaryimage\"},\"image\":{\"@id\":\"https:\\\/\\\/marieclaire.be\\\/fr\\\/menage-de-printemps-comment-donner-une-seconde-vie-a-votre-ancien-telephone\\\/#primaryimage\"},\"thumbnailUrl\":\"https:\\\/\\\/marieclaire.be\\\/fr\\\/wp-content\\\/uploads\\\/2025\\\/03\\\/mc-1200x628-swappie.png\",\"datePublished\":\"2025-04-22T04:00:30+00:00\",\"dateModified\":\"2025-04-22T17:20:47+00:00\",\"description\":\"Plut\u00f4t que de laisser votre ancien smartphone prendre la poussi\u00e8re, pourquoi ne pas le vendre et lui offrir une seconde vie gr\u00e2ce \u00e0 Swappie ?\",\"breadcrumb\":{\"@id\":\"https:\\\/\\\/marieclaire.be\\\/fr\\\/menage-de-printemps-comment-donner-une-seconde-vie-a-votre-ancien-telephone\\\/#breadcrumb\"},\"inLanguage\":\"fr-FR\",\"potentialAction\":[{\"@type\":\"ReadAction\",\"target\":[\"https:\\\/\\\/marieclaire.be\\\/fr\\\/menage-de-printemps-comment-donner-une-seconde-vie-a-votre-ancien-telephone\\\/\"]}]},{\"@type\":\"ImageObject\",\"inLanguage\":\"fr-FR\",\"@id\":\"https:\\\/\\\/marieclaire.be\\\/fr\\\/menage-de-printemps-comment-donner-une-seconde-vie-a-votre-ancien-telephone\\\/#primaryimage\",\"url\":\"https:\\\/\\\/marieclaire.be\\\/fr\\\/wp-content\\\/uploads\\\/2025\\\/03\\\/mc-1200x628-swappie.png\",\"contentUrl\":\"https:\\\/\\\/marieclaire.be\\\/fr\\\/wp-content\\\/uploads\\\/2025\\\/03\\\/mc-1200x628-swappie.png\",\"width\":1200,\"height\":628,\"caption\":\"Adobe Stock\"},{\"@type\":\"BreadcrumbList\",\"@id\":\"https:\\\/\\\/marieclaire.be\\\/fr\\\/menage-de-printemps-comment-donner-une-seconde-vie-a-votre-ancien-telephone\\\/#breadcrumb\",\"itemListElement\":[{\"@type\":\"ListItem\",\"position\":1,\"name\":\"Accueil\",\"item\":\"https:\\\/\\\/marieclaire.be\\\/fr\\\/\"},{\"@type\":\"ListItem\",\"position\":2,\"name\":\"M\u00e9nage de printemps : comment donner une seconde vie \u00e0 votre ancien t\u00e9l\u00e9phone ?\"}]},{\"@type\":\"WebSite\",\"@id\":\"https:\\\/\\\/marieclaire.be\\\/fr\\\/#website\",\"url\":\"https:\\\/\\\/marieclaire.be\\\/fr\\\/\",\"name\":\"Marie Claire Belgique\",\"description\":\"Marie Claire Belgique, le magazine du style et de l\u2019intelligence qui parle de mode, des tendances, de la beaut\u00e9, de l\u2019actualit\u00e9 et de la culture\",\"publisher\":{\"@id\":\"https:\\\/\\\/marieclaire.be\\\/fr\\\/#organization\"},\"potentialAction\":[{\"@type\":\"SearchAction\",\"target\":{\"@type\":\"EntryPoint\",\"urlTemplate\":\"https:\\\/\\\/marieclaire.be\\\/fr\\\/?s={search_term_string}\"},\"query-input\":{\"@type\":\"PropertyValueSpecification\",\"valueRequired\":true,\"valueName\":\"search_term_string\"}}],\"inLanguage\":\"fr-FR\"},{\"@type\":\"Organization\",\"@id\":\"https:\\\/\\\/marieclaire.be\\\/fr\\\/#organization\",\"name\":\"Marie Claire\",\"url\":\"https:\\\/\\\/marieclaire.be\\\/fr\\\/\",\"logo\":{\"@type\":\"ImageObject\",\"inLanguage\":\"fr-FR\",\"@id\":\"https:\\\/\\\/marieclaire.be\\\/fr\\\/#\\\/schema\\\/logo\\\/image\\\/\",\"url\":\"https:\\\/\\\/marieclaire.be\\\/fr\\\/wp-content\\\/uploads\\\/2018\\\/05\\\/mc-logo2.png\",\"contentUrl\":\"https:\\\/\\\/marieclaire.be\\\/fr\\\/wp-content\\\/uploads\\\/2018\\\/05\\\/mc-logo2.png\",\"width\":1001,\"height\":189,\"caption\":\"Marie Claire\"},\"image\":{\"@id\":\"https:\\\/\\\/marieclaire.be\\\/fr\\\/#\\\/schema\\\/logo\\\/image\\\/\"},\"sameAs\":[\"https:\\\/\\\/www.facebook.com\\\/MarieClaire.Belgique\\\/\",\"https:\\\/\\\/www.instagram.com\\\/marieclaire_belgique\\\/\",\"https:\\\/\\\/fr.pinterest.com\\\/marieclairebe\\\/\",\"https:\\\/\\\/www.youtube.com\\\/user\\\/BelgiumMarieClaire\"]},{\"@type\":\"Person\",\"@id\":\"https:\\\/\\\/marieclaire.be\\\/fr\\\/#\\\/schema\\\/person\\\/bdba51896db3a4a4d511b535c2bfb06c\",\"name\":\"Marie Claire Partenaire\",\"image\":{\"@type\":\"ImageObject\",\"inLanguage\":\"fr-FR\",\"@id\":\"https:\\\/\\\/marieclaire.be\\\/fr\\\/wp-content\\\/uploads\\\/2025\\\/02\\\/mclogo-300x3001-96x96.jpg\",\"url\":\"https:\\\/\\\/marieclaire.be\\\/fr\\\/wp-content\\\/uploads\\\/2025\\\/02\\\/mclogo-300x3001-96x96.jpg\",\"contentUrl\":\"https:\\\/\\\/marieclaire.be\\\/fr\\\/wp-content\\\/uploads\\\/2025\\\/02\\\/mclogo-300x3001-96x96.jpg\",\"caption\":\"Marie Claire Partenaire\"},\"url\":\"https:\\\/\\\/marieclaire.be\\\/fr\\\/author\\\/marie-claire-os\\\/\"}]}<\/script>\n<!-- \/ Yoast SEO plugin. -->","yoast_head_json":{"title":"Donner une seconde vie \u00e0 votre ancien t\u00e9l\u00e9phone gr\u00e2ce \u00e0 Swappie - Marie Claire Belgique","description":"Plut\u00f4t que de laisser votre ancien smartphone prendre la poussi\u00e8re, pourquoi ne pas le vendre et lui offrir une seconde vie gr\u00e2ce \u00e0 Swappie ?","robots":{"index":"index","follow":"follow","max-snippet":"max-snippet:-1","max-image-preview":"max-image-preview:large","max-video-preview":"max-video-preview:-1"},"canonical":"https:\/\/marieclaire.be\/fr\/menage-de-printemps-comment-donner-une-seconde-vie-a-votre-ancien-telephone\/","og_locale":"fr_FR","og_type":"article","og_title":"Donner une seconde vie \u00e0 votre ancien t\u00e9l\u00e9phone gr\u00e2ce \u00e0 Swappie - Marie Claire Belgique","og_description":"Plut\u00f4t que de laisser votre ancien smartphone prendre la poussi\u00e8re, pourquoi ne pas le vendre et lui offrir une seconde vie gr\u00e2ce \u00e0 Swappie ?","og_url":"https:\/\/marieclaire.be\/fr\/menage-de-printemps-comment-donner-une-seconde-vie-a-votre-ancien-telephone\/","og_site_name":"Marie Claire Belgique","article_publisher":"https:\/\/www.facebook.com\/MarieClaire.Belgique\/","article_published_time":"2025-04-22T04:00:30+00:00","article_modified_time":"2025-04-22T17:20:47+00:00","og_image":[{"width":1200,"height":628,"url":"https:\/\/marieclaire.be\/fr\/wp-content\/uploads\/2025\/03\/mc-1200x628-swappie.png","type":"image\/png"}],"author":"Marie Claire Partenaire","twitter_misc":{"\u00c9crit par":"Marie Claire Partenaire","Dur\u00e9e de lecture estim\u00e9e":"3 minutes"},"schema":{"@context":"https:\/\/schema.org","@graph":[{"@type":"NewsArticle","@id":"https:\/\/marieclaire.be\/fr\/menage-de-printemps-comment-donner-une-seconde-vie-a-votre-ancien-telephone\/#article","isPartOf":{"@id":"https:\/\/marieclaire.be\/fr\/menage-de-printemps-comment-donner-une-seconde-vie-a-votre-ancien-telephone\/"},"author":{"name":"Marie Claire Partenaire","@id":"https:\/\/marieclaire.be\/fr\/#\/schema\/person\/bdba51896db3a4a4d511b535c2bfb06c"},"headline":"M\u00e9nage de printemps : comment donner une seconde vie \u00e0 votre ancien t\u00e9l\u00e9phone ?","datePublished":"2025-04-22T04:00:30+00:00","dateModified":"2025-04-22T17:20:47+00:00","mainEntityOfPage":{"@id":"https:\/\/marieclaire.be\/fr\/menage-de-printemps-comment-donner-une-seconde-vie-a-votre-ancien-telephone\/"},"wordCount":466,"publisher":{"@id":"https:\/\/marieclaire.be\/fr\/#organization"},"image":{"@id":"https:\/\/marieclaire.be\/fr\/menage-de-printemps-comment-donner-une-seconde-vie-a-votre-ancien-telephone\/#primaryimage"},"thumbnailUrl":"https:\/\/marieclaire.be\/fr\/wp-content\/uploads\/2025\/03\/mc-1200x628-swappie.png","articleSection":["Lifestyle","Vie pratique"],"inLanguage":"fr-FR"},{"@type":"WebPage","@id":"https:\/\/marieclaire.be\/fr\/menage-de-printemps-comment-donner-une-seconde-vie-a-votre-ancien-telephone\/","url":"https:\/\/marieclaire.be\/fr\/menage-de-printemps-comment-donner-une-seconde-vie-a-votre-ancien-telephone\/","name":"Donner une seconde vie \u00e0 votre ancien t\u00e9l\u00e9phone gr\u00e2ce \u00e0 Swappie - Marie Claire Belgique","isPartOf":{"@id":"https:\/\/marieclaire.be\/fr\/#website"},"primaryImageOfPage":{"@id":"https:\/\/marieclaire.be\/fr\/menage-de-printemps-comment-donner-une-seconde-vie-a-votre-ancien-telephone\/#primaryimage"},"image":{"@id":"https:\/\/marieclaire.be\/fr\/menage-de-printemps-comment-donner-une-seconde-vie-a-votre-ancien-telephone\/#primaryimage"},"thumbnailUrl":"https:\/\/marieclaire.be\/fr\/wp-content\/uploads\/2025\/03\/mc-1200x628-swappie.png","datePublished":"2025-04-22T04:00:30+00:00","dateModified":"2025-04-22T17:20:47+00:00","description":"Plut\u00f4t que de laisser votre ancien smartphone prendre la poussi\u00e8re, pourquoi ne pas le vendre et lui offrir une seconde vie gr\u00e2ce \u00e0 Swappie ?","breadcrumb":{"@id":"https:\/\/marieclaire.be\/fr\/menage-de-printemps-comment-donner-une-seconde-vie-a-votre-ancien-telephone\/#breadcrumb"},"inLanguage":"fr-FR","potentialAction":[{"@type":"ReadAction","target":["https:\/\/marieclaire.be\/fr\/menage-de-printemps-comment-donner-une-seconde-vie-a-votre-ancien-telephone\/"]}]},{"@type":"ImageObject","inLanguage":"fr-FR","@id":"https:\/\/marieclaire.be\/fr\/menage-de-printemps-comment-donner-une-seconde-vie-a-votre-ancien-telephone\/#primaryimage","url":"https:\/\/marieclaire.be\/fr\/wp-content\/uploads\/2025\/03\/mc-1200x628-swappie.png","contentUrl":"https:\/\/marieclaire.be\/fr\/wp-content\/uploads\/2025\/03\/mc-1200x628-swappie.png","width":1200,"height":628,"caption":"Adobe Stock"},{"@type":"BreadcrumbList","@id":"https:\/\/marieclaire.be\/fr\/menage-de-printemps-comment-donner-une-seconde-vie-a-votre-ancien-telephone\/#breadcrumb","itemListElement":[{"@type":"ListItem","position":1,"name":"Accueil","item":"https:\/\/marieclaire.be\/fr\/"},{"@type":"ListItem","position":2,"name":"M\u00e9nage de printemps : comment donner une seconde vie \u00e0 votre ancien t\u00e9l\u00e9phone ?"}]},{"@type":"WebSite","@id":"https:\/\/marieclaire.be\/fr\/#website","url":"https:\/\/marieclaire.be\/fr\/","name":"Marie Claire Belgique","description":"Marie Claire Belgique, le magazine du style et de l\u2019intelligence qui parle de mode, des tendances, de la beaut\u00e9, de l\u2019actualit\u00e9 et de la culture","publisher":{"@id":"https:\/\/marieclaire.be\/fr\/#organization"},"potentialAction":[{"@type":"SearchAction","target":{"@type":"EntryPoint","urlTemplate":"https:\/\/marieclaire.be\/fr\/?s={search_term_string}"},"query-input":{"@type":"PropertyValueSpecification","valueRequired":true,"valueName":"search_term_string"}}],"inLanguage":"fr-FR"},{"@type":"Organization","@id":"https:\/\/marieclaire.be\/fr\/#organization","name":"Marie Claire","url":"https:\/\/marieclaire.be\/fr\/","logo":{"@type":"ImageObject","inLanguage":"fr-FR","@id":"https:\/\/marieclaire.be\/fr\/#\/schema\/logo\/image\/","url":"https:\/\/marieclaire.be\/fr\/wp-content\/uploads\/2018\/05\/mc-logo2.png","contentUrl":"https:\/\/marieclaire.be\/fr\/wp-content\/uploads\/2018\/05\/mc-logo2.png","width":1001,"height":189,"caption":"Marie Claire"},"image":{"@id":"https:\/\/marieclaire.be\/fr\/#\/schema\/logo\/image\/"},"sameAs":["https:\/\/www.facebook.com\/MarieClaire.Belgique\/","https:\/\/www.instagram.com\/marieclaire_belgique\/","https:\/\/fr.pinterest.com\/marieclairebe\/","https:\/\/www.youtube.com\/user\/BelgiumMarieClaire"]},{"@type":"Person","@id":"https:\/\/marieclaire.be\/fr\/#\/schema\/person\/bdba51896db3a4a4d511b535c2bfb06c","name":"Marie Claire Partenaire","image":{"@type":"ImageObject","inLanguage":"fr-FR","@id":"https:\/\/marieclaire.be\/fr\/wp-content\/uploads\/2025\/02\/mclogo-300x3001-96x96.jpg","url":"https:\/\/marieclaire.be\/fr\/wp-content\/uploads\/2025\/02\/mclogo-300x3001-96x96.jpg","contentUrl":"https:\/\/marieclaire.be\/fr\/wp-content\/uploads\/2025\/02\/mclogo-300x3001-96x96.jpg","caption":"Marie Claire Partenaire"},"url":"https:\/\/marieclaire.be\/fr\/author\/marie-claire-os\/"}]}},"_links":{"self":[{"href":"https:\/\/marieclaire.be\/fr\/wp-json\/wp\/v2\/posts\/141854","targetHints":{"allow":["GET"]}}],"collection":[{"href":"https:\/\/marieclaire.be\/fr\/wp-json\/wp\/v2\/posts"}],"about":[{"href":"https:\/\/marieclaire.be\/fr\/wp-json\/wp\/v2\/types\/post"}],"author":[{"embeddable":true,"href":"https:\/\/marieclaire.be\/fr\/wp-json\/wp\/v2\/users\/44"}],"replies":[{"embeddable":true,"href":"https:\/\/marieclaire.be\/fr\/wp-json\/wp\/v2\/comments?post=141854"}],"version-history":[{"count":4,"href":"https:\/\/marieclaire.be\/fr\/wp-json\/wp\/v2\/posts\/141854\/revisions"}],"predecessor-version":[{"id":142141,"href":"https:\/\/marieclaire.be\/fr\/wp-json\/wp\/v2\/posts\/141854\/revisions\/142141"}],"wp:featuredmedia":[{"embeddable":true,"href":"https:\/\/marieclaire.be\/fr\/wp-json\/wp\/v2\/media\/141856"}],"wp:attachment":[{"href":"https:\/\/marieclaire.be\/fr\/wp-json\/wp\/v2\/media?parent=141854"}],"wp:term":[{"taxonomy":"category","embeddable":true,"href":"https:\/\/marieclaire.be\/fr\/wp-json\/wp\/v2\/categories?post=141854"},{"taxonomy":"post_tag","embeddable":true,"href":"https:\/\/marieclaire.be\/fr\/wp-json\/wp\/v2\/tags?post=141854"}],"curies":[{"name":"wp","href":"https:\/\/api.w.org\/{rel}","templated":true}]}}