{"id":141777,"date":"2025-03-17T09:00:32","date_gmt":"2025-03-17T08:00:32","guid":{"rendered":"https:\/\/marieclaire.be\/fr\/?p=141777"},"modified":"2025-03-17T14:55:13","modified_gmt":"2025-03-17T13:55:13","slug":"les-cours-de-pilates-a-bruxelles-au-studio-boutique-bepilates","status":"publish","type":"post","link":"https:\/\/marieclaire.be\/fr\/les-cours-de-pilates-a-bruxelles-au-studio-boutique-bepilates\/","title":{"rendered":"Les cours de pilates \u00e0 Bruxelles, au studio boutique bepilates"},"content":{"rendered":"","protected":false},"excerpt":{"rendered":"Avec ses cours de Pilates sur Reformer adapt\u00e9s \u00e0 tous les \u00e2ges et tous les niveaux, bepilates, un studio \u00e0 Bruxelles, accompagne ses participants \u00e0 am\u00e9liorer leur condition physique dans une ambiance conviviale, calme, mais sportive.","protected":false},"author":70,"featured_media":141888,"comment_status":"closed","ping_status":"closed","sticky":false,"template":"","format":"standard","meta":{"_acf_changed":false,"footnotes":""},"categories":[67],"tags":[],"class_list":["post-141777","post","type-post","status-publish","format-standard","has-post-thumbnail","hentry","category-lifestyle"],"acf":[],"_yoast_wpseo_title":"bepilates : l\u2019art du mouvement au c\u0153ur de Bruxelles","_yoast_wpseo_metadesc":"Avec ses cours de Pilates sur Reformer adapt\u00e9s \u00e0 tous les \u00e2ges, bepilates, un studio boutique \u00e0 Bruxelles, accompagne ses participants \u00e0 am\u00e9liorer leur condition physique.","image_verticale":"","yoast_head":"<!-- This site is optimized with the Yoast SEO plugin v27.3 - https:\/\/yoast.com\/product\/yoast-seo-wordpress\/ -->\n<title>bepilates : l\u2019art du mouvement au c\u0153ur de Bruxelles<\/title>\n<meta name=\"description\" content=\"Avec ses cours de Pilates sur Reformer adapt\u00e9s \u00e0 tous les \u00e2ges, bepilates, un studio boutique \u00e0 Bruxelles, accompagne ses participants \u00e0 am\u00e9liorer leur condition physique.\" \/>\n<meta name=\"robots\" content=\"index, follow, max-snippet:-1, max-image-preview:large, max-video-preview:-1\" \/>\n<link rel=\"canonical\" href=\"https:\/\/marieclaire.be\/fr\/les-cours-de-pilates-a-bruxelles-au-studio-boutique-bepilates\/\" \/>\n<meta property=\"og:locale\" content=\"fr_FR\" \/>\n<meta property=\"og:type\" content=\"article\" \/>\n<meta property=\"og:title\" content=\"bepilates : l\u2019art du mouvement au c\u0153ur de Bruxelles\" \/>\n<meta property=\"og:description\" content=\"Avec ses cours de Pilates sur Reformer adapt\u00e9s \u00e0 tous les \u00e2ges, bepilates, un studio boutique \u00e0 Bruxelles, accompagne ses participants \u00e0 am\u00e9liorer leur condition physique.\" \/>\n<meta property=\"og:url\" content=\"https:\/\/marieclaire.be\/fr\/les-cours-de-pilates-a-bruxelles-au-studio-boutique-bepilates\/\" \/>\n<meta property=\"og:site_name\" content=\"Marie Claire Belgique\" \/>\n<meta property=\"article:publisher\" content=\"https:\/\/www.facebook.com\/MarieClaire.Belgique\/\" \/>\n<meta property=\"article:published_time\" content=\"2025-03-17T08:00:32+00:00\" \/>\n<meta property=\"article:modified_time\" content=\"2025-03-17T13:55:13+00:00\" \/>\n<meta property=\"og:image\" content=\"https:\/\/marieclaire.be\/fr\/wp-content\/uploads\/2025\/03\/nouveau-projet-2025-03-17t145111240.jpg\" \/>\n\t<meta property=\"og:image:width\" content=\"1280\" \/>\n\t<meta property=\"og:image:height\" content=\"720\" \/>\n\t<meta property=\"og:image:type\" content=\"image\/jpeg\" \/>\n<meta name=\"author\" content=\"Marie Claire Partenaire\" \/>\n<meta name=\"twitter:label1\" content=\"\u00c9crit par\" \/>\n\t<meta name=\"twitter:data1\" content=\"Marie Claire Partenaire\" \/>\n\t<meta name=\"twitter:label2\" content=\"Dur\u00e9e de lecture estim\u00e9e\" \/>\n\t<meta name=\"twitter:data2\" content=\"3 minutes\" \/>\n<script type=\"application\/ld+json\" class=\"yoast-schema-graph\">{\"@context\":\"https:\\\/\\\/schema.org\",\"@graph\":[{\"@type\":\"NewsArticle\",\"@id\":\"https:\\\/\\\/marieclaire.be\\\/fr\\\/les-cours-de-pilates-a-bruxelles-au-studio-boutique-bepilates\\\/#article\",\"isPartOf\":{\"@id\":\"https:\\\/\\\/marieclaire.be\\\/fr\\\/les-cours-de-pilates-a-bruxelles-au-studio-boutique-bepilates\\\/\"},\"author\":{\"name\":\"Marie Claire Partenaire\",\"@id\":\"https:\\\/\\\/marieclaire.be\\\/fr\\\/#\\\/schema\\\/person\\\/c9f308ff3e5a63cb3efc0ae1c0c0a3fd\"},\"headline\":\"Les cours de pilates \u00e0 Bruxelles, au studio boutique bepilates\",\"datePublished\":\"2025-03-17T08:00:32+00:00\",\"dateModified\":\"2025-03-17T13:55:13+00:00\",\"mainEntityOfPage\":{\"@id\":\"https:\\\/\\\/marieclaire.be\\\/fr\\\/les-cours-de-pilates-a-bruxelles-au-studio-boutique-bepilates\\\/\"},\"wordCount\":498,\"publisher\":{\"@id\":\"https:\\\/\\\/marieclaire.be\\\/fr\\\/#organization\"},\"image\":{\"@id\":\"https:\\\/\\\/marieclaire.be\\\/fr\\\/les-cours-de-pilates-a-bruxelles-au-studio-boutique-bepilates\\\/#primaryimage\"},\"thumbnailUrl\":\"https:\\\/\\\/marieclaire.be\\\/fr\\\/wp-content\\\/uploads\\\/2025\\\/03\\\/nouveau-projet-2025-03-17t145111240.jpg\",\"articleSection\":[\"Lifestyle\"],\"inLanguage\":\"fr-FR\"},{\"@type\":\"WebPage\",\"@id\":\"https:\\\/\\\/marieclaire.be\\\/fr\\\/les-cours-de-pilates-a-bruxelles-au-studio-boutique-bepilates\\\/\",\"url\":\"https:\\\/\\\/marieclaire.be\\\/fr\\\/les-cours-de-pilates-a-bruxelles-au-studio-boutique-bepilates\\\/\",\"name\":\"bepilates : l\u2019art du mouvement au c\u0153ur de Bruxelles\",\"isPartOf\":{\"@id\":\"https:\\\/\\\/marieclaire.be\\\/fr\\\/#website\"},\"primaryImageOfPage\":{\"@id\":\"https:\\\/\\\/marieclaire.be\\\/fr\\\/les-cours-de-pilates-a-bruxelles-au-studio-boutique-bepilates\\\/#primaryimage\"},\"image\":{\"@id\":\"https:\\\/\\\/marieclaire.be\\\/fr\\\/les-cours-de-pilates-a-bruxelles-au-studio-boutique-bepilates\\\/#primaryimage\"},\"thumbnailUrl\":\"https:\\\/\\\/marieclaire.be\\\/fr\\\/wp-content\\\/uploads\\\/2025\\\/03\\\/nouveau-projet-2025-03-17t145111240.jpg\",\"datePublished\":\"2025-03-17T08:00:32+00:00\",\"dateModified\":\"2025-03-17T13:55:13+00:00\",\"description\":\"Avec ses cours de Pilates sur Reformer adapt\u00e9s \u00e0 tous les \u00e2ges, bepilates, un studio boutique \u00e0 Bruxelles, accompagne ses participants \u00e0 am\u00e9liorer leur condition physique.\",\"breadcrumb\":{\"@id\":\"https:\\\/\\\/marieclaire.be\\\/fr\\\/les-cours-de-pilates-a-bruxelles-au-studio-boutique-bepilates\\\/#breadcrumb\"},\"inLanguage\":\"fr-FR\",\"potentialAction\":[{\"@type\":\"ReadAction\",\"target\":[\"https:\\\/\\\/marieclaire.be\\\/fr\\\/les-cours-de-pilates-a-bruxelles-au-studio-boutique-bepilates\\\/\"]}]},{\"@type\":\"ImageObject\",\"inLanguage\":\"fr-FR\",\"@id\":\"https:\\\/\\\/marieclaire.be\\\/fr\\\/les-cours-de-pilates-a-bruxelles-au-studio-boutique-bepilates\\\/#primaryimage\",\"url\":\"https:\\\/\\\/marieclaire.be\\\/fr\\\/wp-content\\\/uploads\\\/2025\\\/03\\\/nouveau-projet-2025-03-17t145111240.jpg\",\"contentUrl\":\"https:\\\/\\\/marieclaire.be\\\/fr\\\/wp-content\\\/uploads\\\/2025\\\/03\\\/nouveau-projet-2025-03-17t145111240.jpg\",\"width\":1280,\"height\":720},{\"@type\":\"BreadcrumbList\",\"@id\":\"https:\\\/\\\/marieclaire.be\\\/fr\\\/les-cours-de-pilates-a-bruxelles-au-studio-boutique-bepilates\\\/#breadcrumb\",\"itemListElement\":[{\"@type\":\"ListItem\",\"position\":1,\"name\":\"Accueil\",\"item\":\"https:\\\/\\\/marieclaire.be\\\/fr\\\/\"},{\"@type\":\"ListItem\",\"position\":2,\"name\":\"Les cours de pilates \u00e0 Bruxelles, au studio boutique bepilates\"}]},{\"@type\":\"WebSite\",\"@id\":\"https:\\\/\\\/marieclaire.be\\\/fr\\\/#website\",\"url\":\"https:\\\/\\\/marieclaire.be\\\/fr\\\/\",\"name\":\"Marie Claire Belgique\",\"description\":\"Marie Claire Belgique, le magazine du style et de l\u2019intelligence qui parle de mode, des tendances, de la beaut\u00e9, de l\u2019actualit\u00e9 et de la culture\",\"publisher\":{\"@id\":\"https:\\\/\\\/marieclaire.be\\\/fr\\\/#organization\"},\"potentialAction\":[{\"@type\":\"SearchAction\",\"target\":{\"@type\":\"EntryPoint\",\"urlTemplate\":\"https:\\\/\\\/marieclaire.be\\\/fr\\\/?s={search_term_string}\"},\"query-input\":{\"@type\":\"PropertyValueSpecification\",\"valueRequired\":true,\"valueName\":\"search_term_string\"}}],\"inLanguage\":\"fr-FR\"},{\"@type\":\"Organization\",\"@id\":\"https:\\\/\\\/marieclaire.be\\\/fr\\\/#organization\",\"name\":\"Marie Claire\",\"url\":\"https:\\\/\\\/marieclaire.be\\\/fr\\\/\",\"logo\":{\"@type\":\"ImageObject\",\"inLanguage\":\"fr-FR\",\"@id\":\"https:\\\/\\\/marieclaire.be\\\/fr\\\/#\\\/schema\\\/logo\\\/image\\\/\",\"url\":\"https:\\\/\\\/marieclaire.be\\\/fr\\\/wp-content\\\/uploads\\\/2018\\\/05\\\/mc-logo2.png\",\"contentUrl\":\"https:\\\/\\\/marieclaire.be\\\/fr\\\/wp-content\\\/uploads\\\/2018\\\/05\\\/mc-logo2.png\",\"width\":1001,\"height\":189,\"caption\":\"Marie Claire\"},\"image\":{\"@id\":\"https:\\\/\\\/marieclaire.be\\\/fr\\\/#\\\/schema\\\/logo\\\/image\\\/\"},\"sameAs\":[\"https:\\\/\\\/www.facebook.com\\\/MarieClaire.Belgique\\\/\",\"https:\\\/\\\/www.instagram.com\\\/marieclaire_belgique\\\/\",\"https:\\\/\\\/fr.pinterest.com\\\/marieclairebe\\\/\",\"https:\\\/\\\/www.youtube.com\\\/user\\\/BelgiumMarieClaire\"]},{\"@type\":\"Person\",\"@id\":\"https:\\\/\\\/marieclaire.be\\\/fr\\\/#\\\/schema\\\/person\\\/c9f308ff3e5a63cb3efc0ae1c0c0a3fd\",\"name\":\"Marie Claire Partenaire\",\"image\":{\"@type\":\"ImageObject\",\"inLanguage\":\"fr-FR\",\"@id\":\"https:\\\/\\\/secure.gravatar.com\\\/avatar\\\/081d2cd4575981df403100e247f888ad2ab94033015c4f0b86a6c6d09d3d121c?s=96&d=mm&r=g\",\"url\":\"https:\\\/\\\/secure.gravatar.com\\\/avatar\\\/081d2cd4575981df403100e247f888ad2ab94033015c4f0b86a6c6d09d3d121c?s=96&d=mm&r=g\",\"contentUrl\":\"https:\\\/\\\/secure.gravatar.com\\\/avatar\\\/081d2cd4575981df403100e247f888ad2ab94033015c4f0b86a6c6d09d3d121c?s=96&d=mm&r=g\",\"caption\":\"Marie Claire Partenaire\"},\"url\":\"https:\\\/\\\/marieclaire.be\\\/fr\\\/author\\\/reworldmediaseo\\\/\"}]}<\/script>\n<!-- \/ Yoast SEO plugin. -->","yoast_head_json":{"title":"bepilates : l\u2019art du mouvement au c\u0153ur de Bruxelles","description":"Avec ses cours de Pilates sur Reformer adapt\u00e9s \u00e0 tous les \u00e2ges, bepilates, un studio boutique \u00e0 Bruxelles, accompagne ses participants \u00e0 am\u00e9liorer leur condition physique.","robots":{"index":"index","follow":"follow","max-snippet":"max-snippet:-1","max-image-preview":"max-image-preview:large","max-video-preview":"max-video-preview:-1"},"canonical":"https:\/\/marieclaire.be\/fr\/les-cours-de-pilates-a-bruxelles-au-studio-boutique-bepilates\/","og_locale":"fr_FR","og_type":"article","og_title":"bepilates : l\u2019art du mouvement au c\u0153ur de Bruxelles","og_description":"Avec ses cours de Pilates sur Reformer adapt\u00e9s \u00e0 tous les \u00e2ges, bepilates, un studio boutique \u00e0 Bruxelles, accompagne ses participants \u00e0 am\u00e9liorer leur condition physique.","og_url":"https:\/\/marieclaire.be\/fr\/les-cours-de-pilates-a-bruxelles-au-studio-boutique-bepilates\/","og_site_name":"Marie Claire Belgique","article_publisher":"https:\/\/www.facebook.com\/MarieClaire.Belgique\/","article_published_time":"2025-03-17T08:00:32+00:00","article_modified_time":"2025-03-17T13:55:13+00:00","og_image":[{"width":1280,"height":720,"url":"https:\/\/marieclaire.be\/fr\/wp-content\/uploads\/2025\/03\/nouveau-projet-2025-03-17t145111240.jpg","type":"image\/jpeg"}],"author":"Marie Claire Partenaire","twitter_misc":{"\u00c9crit par":"Marie Claire Partenaire","Dur\u00e9e de lecture estim\u00e9e":"3 minutes"},"schema":{"@context":"https:\/\/schema.org","@graph":[{"@type":"NewsArticle","@id":"https:\/\/marieclaire.be\/fr\/les-cours-de-pilates-a-bruxelles-au-studio-boutique-bepilates\/#article","isPartOf":{"@id":"https:\/\/marieclaire.be\/fr\/les-cours-de-pilates-a-bruxelles-au-studio-boutique-bepilates\/"},"author":{"name":"Marie Claire Partenaire","@id":"https:\/\/marieclaire.be\/fr\/#\/schema\/person\/c9f308ff3e5a63cb3efc0ae1c0c0a3fd"},"headline":"Les cours de pilates \u00e0 Bruxelles, au studio boutique bepilates","datePublished":"2025-03-17T08:00:32+00:00","dateModified":"2025-03-17T13:55:13+00:00","mainEntityOfPage":{"@id":"https:\/\/marieclaire.be\/fr\/les-cours-de-pilates-a-bruxelles-au-studio-boutique-bepilates\/"},"wordCount":498,"publisher":{"@id":"https:\/\/marieclaire.be\/fr\/#organization"},"image":{"@id":"https:\/\/marieclaire.be\/fr\/les-cours-de-pilates-a-bruxelles-au-studio-boutique-bepilates\/#primaryimage"},"thumbnailUrl":"https:\/\/marieclaire.be\/fr\/wp-content\/uploads\/2025\/03\/nouveau-projet-2025-03-17t145111240.jpg","articleSection":["Lifestyle"],"inLanguage":"fr-FR"},{"@type":"WebPage","@id":"https:\/\/marieclaire.be\/fr\/les-cours-de-pilates-a-bruxelles-au-studio-boutique-bepilates\/","url":"https:\/\/marieclaire.be\/fr\/les-cours-de-pilates-a-bruxelles-au-studio-boutique-bepilates\/","name":"bepilates : l\u2019art du mouvement au c\u0153ur de Bruxelles","isPartOf":{"@id":"https:\/\/marieclaire.be\/fr\/#website"},"primaryImageOfPage":{"@id":"https:\/\/marieclaire.be\/fr\/les-cours-de-pilates-a-bruxelles-au-studio-boutique-bepilates\/#primaryimage"},"image":{"@id":"https:\/\/marieclaire.be\/fr\/les-cours-de-pilates-a-bruxelles-au-studio-boutique-bepilates\/#primaryimage"},"thumbnailUrl":"https:\/\/marieclaire.be\/fr\/wp-content\/uploads\/2025\/03\/nouveau-projet-2025-03-17t145111240.jpg","datePublished":"2025-03-17T08:00:32+00:00","dateModified":"2025-03-17T13:55:13+00:00","description":"Avec ses cours de Pilates sur Reformer adapt\u00e9s \u00e0 tous les \u00e2ges, bepilates, un studio boutique \u00e0 Bruxelles, accompagne ses participants \u00e0 am\u00e9liorer leur condition physique.","breadcrumb":{"@id":"https:\/\/marieclaire.be\/fr\/les-cours-de-pilates-a-bruxelles-au-studio-boutique-bepilates\/#breadcrumb"},"inLanguage":"fr-FR","potentialAction":[{"@type":"ReadAction","target":["https:\/\/marieclaire.be\/fr\/les-cours-de-pilates-a-bruxelles-au-studio-boutique-bepilates\/"]}]},{"@type":"ImageObject","inLanguage":"fr-FR","@id":"https:\/\/marieclaire.be\/fr\/les-cours-de-pilates-a-bruxelles-au-studio-boutique-bepilates\/#primaryimage","url":"https:\/\/marieclaire.be\/fr\/wp-content\/uploads\/2025\/03\/nouveau-projet-2025-03-17t145111240.jpg","contentUrl":"https:\/\/marieclaire.be\/fr\/wp-content\/uploads\/2025\/03\/nouveau-projet-2025-03-17t145111240.jpg","width":1280,"height":720},{"@type":"BreadcrumbList","@id":"https:\/\/marieclaire.be\/fr\/les-cours-de-pilates-a-bruxelles-au-studio-boutique-bepilates\/#breadcrumb","itemListElement":[{"@type":"ListItem","position":1,"name":"Accueil","item":"https:\/\/marieclaire.be\/fr\/"},{"@type":"ListItem","position":2,"name":"Les cours de pilates \u00e0 Bruxelles, au studio boutique bepilates"}]},{"@type":"WebSite","@id":"https:\/\/marieclaire.be\/fr\/#website","url":"https:\/\/marieclaire.be\/fr\/","name":"Marie Claire Belgique","description":"Marie Claire Belgique, le magazine du style et de l\u2019intelligence qui parle de mode, des tendances, de la beaut\u00e9, de l\u2019actualit\u00e9 et de la culture","publisher":{"@id":"https:\/\/marieclaire.be\/fr\/#organization"},"potentialAction":[{"@type":"SearchAction","target":{"@type":"EntryPoint","urlTemplate":"https:\/\/marieclaire.be\/fr\/?s={search_term_string}"},"query-input":{"@type":"PropertyValueSpecification","valueRequired":true,"valueName":"search_term_string"}}],"inLanguage":"fr-FR"},{"@type":"Organization","@id":"https:\/\/marieclaire.be\/fr\/#organization","name":"Marie Claire","url":"https:\/\/marieclaire.be\/fr\/","logo":{"@type":"ImageObject","inLanguage":"fr-FR","@id":"https:\/\/marieclaire.be\/fr\/#\/schema\/logo\/image\/","url":"https:\/\/marieclaire.be\/fr\/wp-content\/uploads\/2018\/05\/mc-logo2.png","contentUrl":"https:\/\/marieclaire.be\/fr\/wp-content\/uploads\/2018\/05\/mc-logo2.png","width":1001,"height":189,"caption":"Marie Claire"},"image":{"@id":"https:\/\/marieclaire.be\/fr\/#\/schema\/logo\/image\/"},"sameAs":["https:\/\/www.facebook.com\/MarieClaire.Belgique\/","https:\/\/www.instagram.com\/marieclaire_belgique\/","https:\/\/fr.pinterest.com\/marieclairebe\/","https:\/\/www.youtube.com\/user\/BelgiumMarieClaire"]},{"@type":"Person","@id":"https:\/\/marieclaire.be\/fr\/#\/schema\/person\/c9f308ff3e5a63cb3efc0ae1c0c0a3fd","name":"Marie Claire Partenaire","image":{"@type":"ImageObject","inLanguage":"fr-FR","@id":"https:\/\/secure.gravatar.com\/avatar\/081d2cd4575981df403100e247f888ad2ab94033015c4f0b86a6c6d09d3d121c?s=96&d=mm&r=g","url":"https:\/\/secure.gravatar.com\/avatar\/081d2cd4575981df403100e247f888ad2ab94033015c4f0b86a6c6d09d3d121c?s=96&d=mm&r=g","contentUrl":"https:\/\/secure.gravatar.com\/avatar\/081d2cd4575981df403100e247f888ad2ab94033015c4f0b86a6c6d09d3d121c?s=96&d=mm&r=g","caption":"Marie Claire Partenaire"},"url":"https:\/\/marieclaire.be\/fr\/author\/reworldmediaseo\/"}]}},"_links":{"self":[{"href":"https:\/\/marieclaire.be\/fr\/wp-json\/wp\/v2\/posts\/141777","targetHints":{"allow":["GET"]}}],"collection":[{"href":"https:\/\/marieclaire.be\/fr\/wp-json\/wp\/v2\/posts"}],"about":[{"href":"https:\/\/marieclaire.be\/fr\/wp-json\/wp\/v2\/types\/post"}],"author":[{"embeddable":true,"href":"https:\/\/marieclaire.be\/fr\/wp-json\/wp\/v2\/users\/70"}],"replies":[{"embeddable":true,"href":"https:\/\/marieclaire.be\/fr\/wp-json\/wp\/v2\/comments?post=141777"}],"version-history":[{"count":2,"href":"https:\/\/marieclaire.be\/fr\/wp-json\/wp\/v2\/posts\/141777\/revisions"}],"predecessor-version":[{"id":141887,"href":"https:\/\/marieclaire.be\/fr\/wp-json\/wp\/v2\/posts\/141777\/revisions\/141887"}],"wp:featuredmedia":[{"embeddable":true,"href":"https:\/\/marieclaire.be\/fr\/wp-json\/wp\/v2\/media\/141888"}],"wp:attachment":[{"href":"https:\/\/marieclaire.be\/fr\/wp-json\/wp\/v2\/media?parent=141777"}],"wp:term":[{"taxonomy":"category","embeddable":true,"href":"https:\/\/marieclaire.be\/fr\/wp-json\/wp\/v2\/categories?post=141777"},{"taxonomy":"post_tag","embeddable":true,"href":"https:\/\/marieclaire.be\/fr\/wp-json\/wp\/v2\/tags?post=141777"}],"curies":[{"name":"wp","href":"https:\/\/api.w.org\/{rel}","templated":true}]}}