{"id":141240,"date":"2025-01-11T17:04:08","date_gmt":"2025-01-11T16:04:08","guid":{"rendered":"https:\/\/marieclaire.be\/fr\/?p=141240"},"modified":"2025-02-25T14:46:25","modified_gmt":"2025-02-25T13:46:25","slug":"vanessa-bokanowski-psychologue-clinicienne-il-ny-a-pas-de-changement-profond-et-durable-si-on-ignore-son-inconscient","status":"publish","type":"post","link":"https:\/\/marieclaire.be\/fr\/vanessa-bokanowski-psychologue-clinicienne-il-ny-a-pas-de-changement-profond-et-durable-si-on-ignore-son-inconscient\/","title":{"rendered":"Vanessa Bokanowski, psychologue clinicienne : \u00ab Il n\u2019y a pas de changement profond  et durable si on ignore son inconscient \u00bb"},"content":{"rendered":"","protected":false},"excerpt":{"rendered":"Psychologue \u00e0 Bruxelles, Vanessa Bokanowski s\u2019inspire des derni\u00e8res avanc\u00e9es en mati\u00e8re de th\u00e9rapie, qu\u2019elle int\u00e8gre \u00e0 son approche de base \u00e0 savoir la mise en lumi\u00e8re de l\u2019inconscient au travers d\u2019une approche moderne de la psychoth\u00e9rapie psychanalytique.","protected":false},"author":70,"featured_media":141304,"comment_status":"closed","ping_status":"closed","sticky":false,"template":"","format":"standard","meta":{"_acf_changed":false,"footnotes":""},"categories":[73,1433],"tags":[],"class_list":["post-141240","post","type-post","status-publish","format-standard","has-post-thumbnail","hentry","category-psycho","category-sante"],"acf":[],"_yoast_wpseo_title":"Vanessa Bokanowski, psychologue clinicienne et psychotherapeute \u00e0 Bruxelles.","_yoast_wpseo_metadesc":"Vanessa Bokanowski adopte une approche int\u00e9gr\u00e9e, en combinant la psychoth\u00e9rapie psychanalytique moderne , les derni\u00e8res avanc\u00e9es sur le traumatisme complexe, la th\u00e9rapie IFS et le breathwork pour lib\u00e9rer les tensions et traumatismes log\u00e9s dans le corps.","image_verticale":"","yoast_head":"<!-- This site is optimized with the Yoast SEO plugin v27.3 - https:\/\/yoast.com\/product\/yoast-seo-wordpress\/ -->\n<title>Vanessa Bokanowski, psychologue clinicienne et psychotherapeute \u00e0 Bruxelles.<\/title>\n<meta name=\"description\" content=\"Vanessa Bokanowski adopte une approche int\u00e9gr\u00e9e, en combinant la psychoth\u00e9rapie psychanalytique moderne , les derni\u00e8res avanc\u00e9es sur le traumatisme complexe, la th\u00e9rapie IFS et le breathwork pour lib\u00e9rer les tensions et traumatismes log\u00e9s dans le corps.\" \/>\n<meta name=\"robots\" content=\"index, follow, max-snippet:-1, max-image-preview:large, max-video-preview:-1\" \/>\n<link rel=\"canonical\" href=\"https:\/\/marieclaire.be\/fr\/vanessa-bokanowski-psychologue-clinicienne-il-ny-a-pas-de-changement-profond-et-durable-si-on-ignore-son-inconscient\/\" \/>\n<meta property=\"og:locale\" content=\"fr_FR\" \/>\n<meta property=\"og:type\" content=\"article\" \/>\n<meta property=\"og:title\" content=\"Vanessa Bokanowski, psychologue clinicienne et psychotherapeute \u00e0 Bruxelles.\" \/>\n<meta property=\"og:description\" content=\"Vanessa Bokanowski adopte une approche int\u00e9gr\u00e9e, en combinant la psychoth\u00e9rapie psychanalytique moderne , les derni\u00e8res avanc\u00e9es sur le traumatisme complexe, la th\u00e9rapie IFS et le breathwork pour lib\u00e9rer les tensions et traumatismes log\u00e9s dans le corps.\" \/>\n<meta property=\"og:url\" content=\"https:\/\/marieclaire.be\/fr\/vanessa-bokanowski-psychologue-clinicienne-il-ny-a-pas-de-changement-profond-et-durable-si-on-ignore-son-inconscient\/\" \/>\n<meta property=\"og:site_name\" content=\"Marie Claire Belgique\" \/>\n<meta property=\"article:publisher\" content=\"https:\/\/www.facebook.com\/MarieClaire.Belgique\/\" \/>\n<meta property=\"article:published_time\" content=\"2025-01-11T16:04:08+00:00\" \/>\n<meta property=\"article:modified_time\" content=\"2025-02-25T13:46:25+00:00\" \/>\n<meta property=\"og:image\" content=\"https:\/\/marieclaire.be\/fr\/wp-content\/uploads\/2025\/01\/12-47.jpg\" \/>\n\t<meta property=\"og:image:width\" content=\"2048\" \/>\n\t<meta property=\"og:image:height\" content=\"1365\" \/>\n\t<meta property=\"og:image:type\" content=\"image\/jpeg\" \/>\n<meta name=\"author\" content=\"Marie Claire Partenaire\" \/>\n<meta name=\"twitter:label1\" content=\"\u00c9crit par\" \/>\n\t<meta name=\"twitter:data1\" content=\"Marie Claire Partenaire\" \/>\n\t<meta name=\"twitter:label2\" content=\"Dur\u00e9e de lecture estim\u00e9e\" \/>\n\t<meta name=\"twitter:data2\" content=\"3 minutes\" \/>\n<script type=\"application\/ld+json\" class=\"yoast-schema-graph\">{\"@context\":\"https:\\\/\\\/schema.org\",\"@graph\":[{\"@type\":\"NewsArticle\",\"@id\":\"https:\\\/\\\/marieclaire.be\\\/fr\\\/vanessa-bokanowski-psychologue-clinicienne-il-ny-a-pas-de-changement-profond-et-durable-si-on-ignore-son-inconscient\\\/#article\",\"isPartOf\":{\"@id\":\"https:\\\/\\\/marieclaire.be\\\/fr\\\/vanessa-bokanowski-psychologue-clinicienne-il-ny-a-pas-de-changement-profond-et-durable-si-on-ignore-son-inconscient\\\/\"},\"author\":{\"name\":\"Marie Claire Partenaire\",\"@id\":\"https:\\\/\\\/marieclaire.be\\\/fr\\\/#\\\/schema\\\/person\\\/c9f308ff3e5a63cb3efc0ae1c0c0a3fd\"},\"headline\":\"Vanessa Bokanowski, psychologue clinicienne : \u00ab Il n\u2019y a pas de changement profond et durable si on ignore son inconscient \u00bb\",\"datePublished\":\"2025-01-11T16:04:08+00:00\",\"dateModified\":\"2025-02-25T13:46:25+00:00\",\"mainEntityOfPage\":{\"@id\":\"https:\\\/\\\/marieclaire.be\\\/fr\\\/vanessa-bokanowski-psychologue-clinicienne-il-ny-a-pas-de-changement-profond-et-durable-si-on-ignore-son-inconscient\\\/\"},\"wordCount\":512,\"publisher\":{\"@id\":\"https:\\\/\\\/marieclaire.be\\\/fr\\\/#organization\"},\"image\":{\"@id\":\"https:\\\/\\\/marieclaire.be\\\/fr\\\/vanessa-bokanowski-psychologue-clinicienne-il-ny-a-pas-de-changement-profond-et-durable-si-on-ignore-son-inconscient\\\/#primaryimage\"},\"thumbnailUrl\":\"https:\\\/\\\/marieclaire.be\\\/fr\\\/wp-content\\\/uploads\\\/2025\\\/01\\\/12-47.jpg\",\"articleSection\":[\"Psycho\",\"Sant\u00e9\"],\"inLanguage\":\"fr-FR\"},{\"@type\":\"WebPage\",\"@id\":\"https:\\\/\\\/marieclaire.be\\\/fr\\\/vanessa-bokanowski-psychologue-clinicienne-il-ny-a-pas-de-changement-profond-et-durable-si-on-ignore-son-inconscient\\\/\",\"url\":\"https:\\\/\\\/marieclaire.be\\\/fr\\\/vanessa-bokanowski-psychologue-clinicienne-il-ny-a-pas-de-changement-profond-et-durable-si-on-ignore-son-inconscient\\\/\",\"name\":\"Vanessa Bokanowski, psychologue clinicienne et psychotherapeute \u00e0 Bruxelles.\",\"isPartOf\":{\"@id\":\"https:\\\/\\\/marieclaire.be\\\/fr\\\/#website\"},\"primaryImageOfPage\":{\"@id\":\"https:\\\/\\\/marieclaire.be\\\/fr\\\/vanessa-bokanowski-psychologue-clinicienne-il-ny-a-pas-de-changement-profond-et-durable-si-on-ignore-son-inconscient\\\/#primaryimage\"},\"image\":{\"@id\":\"https:\\\/\\\/marieclaire.be\\\/fr\\\/vanessa-bokanowski-psychologue-clinicienne-il-ny-a-pas-de-changement-profond-et-durable-si-on-ignore-son-inconscient\\\/#primaryimage\"},\"thumbnailUrl\":\"https:\\\/\\\/marieclaire.be\\\/fr\\\/wp-content\\\/uploads\\\/2025\\\/01\\\/12-47.jpg\",\"datePublished\":\"2025-01-11T16:04:08+00:00\",\"dateModified\":\"2025-02-25T13:46:25+00:00\",\"description\":\"Vanessa Bokanowski adopte une approche int\u00e9gr\u00e9e, en combinant la psychoth\u00e9rapie psychanalytique moderne , les derni\u00e8res avanc\u00e9es sur le traumatisme complexe, la th\u00e9rapie IFS et le breathwork pour lib\u00e9rer les tensions et traumatismes log\u00e9s dans le corps.\",\"breadcrumb\":{\"@id\":\"https:\\\/\\\/marieclaire.be\\\/fr\\\/vanessa-bokanowski-psychologue-clinicienne-il-ny-a-pas-de-changement-profond-et-durable-si-on-ignore-son-inconscient\\\/#breadcrumb\"},\"inLanguage\":\"fr-FR\",\"potentialAction\":[{\"@type\":\"ReadAction\",\"target\":[\"https:\\\/\\\/marieclaire.be\\\/fr\\\/vanessa-bokanowski-psychologue-clinicienne-il-ny-a-pas-de-changement-profond-et-durable-si-on-ignore-son-inconscient\\\/\"]}]},{\"@type\":\"ImageObject\",\"inLanguage\":\"fr-FR\",\"@id\":\"https:\\\/\\\/marieclaire.be\\\/fr\\\/vanessa-bokanowski-psychologue-clinicienne-il-ny-a-pas-de-changement-profond-et-durable-si-on-ignore-son-inconscient\\\/#primaryimage\",\"url\":\"https:\\\/\\\/marieclaire.be\\\/fr\\\/wp-content\\\/uploads\\\/2025\\\/01\\\/12-47.jpg\",\"contentUrl\":\"https:\\\/\\\/marieclaire.be\\\/fr\\\/wp-content\\\/uploads\\\/2025\\\/01\\\/12-47.jpg\",\"width\":2048,\"height\":1365},{\"@type\":\"BreadcrumbList\",\"@id\":\"https:\\\/\\\/marieclaire.be\\\/fr\\\/vanessa-bokanowski-psychologue-clinicienne-il-ny-a-pas-de-changement-profond-et-durable-si-on-ignore-son-inconscient\\\/#breadcrumb\",\"itemListElement\":[{\"@type\":\"ListItem\",\"position\":1,\"name\":\"Accueil\",\"item\":\"https:\\\/\\\/marieclaire.be\\\/fr\\\/\"},{\"@type\":\"ListItem\",\"position\":2,\"name\":\"Vanessa Bokanowski, psychologue clinicienne : \u00ab Il n\u2019y a pas de changement profond et durable si on ignore son inconscient \u00bb\"}]},{\"@type\":\"WebSite\",\"@id\":\"https:\\\/\\\/marieclaire.be\\\/fr\\\/#website\",\"url\":\"https:\\\/\\\/marieclaire.be\\\/fr\\\/\",\"name\":\"Marie Claire Belgique\",\"description\":\"Marie Claire Belgique, le magazine du style et de l\u2019intelligence qui parle de mode, des tendances, de la beaut\u00e9, de l\u2019actualit\u00e9 et de la culture\",\"publisher\":{\"@id\":\"https:\\\/\\\/marieclaire.be\\\/fr\\\/#organization\"},\"potentialAction\":[{\"@type\":\"SearchAction\",\"target\":{\"@type\":\"EntryPoint\",\"urlTemplate\":\"https:\\\/\\\/marieclaire.be\\\/fr\\\/?s={search_term_string}\"},\"query-input\":{\"@type\":\"PropertyValueSpecification\",\"valueRequired\":true,\"valueName\":\"search_term_string\"}}],\"inLanguage\":\"fr-FR\"},{\"@type\":\"Organization\",\"@id\":\"https:\\\/\\\/marieclaire.be\\\/fr\\\/#organization\",\"name\":\"Marie Claire\",\"url\":\"https:\\\/\\\/marieclaire.be\\\/fr\\\/\",\"logo\":{\"@type\":\"ImageObject\",\"inLanguage\":\"fr-FR\",\"@id\":\"https:\\\/\\\/marieclaire.be\\\/fr\\\/#\\\/schema\\\/logo\\\/image\\\/\",\"url\":\"https:\\\/\\\/marieclaire.be\\\/fr\\\/wp-content\\\/uploads\\\/2018\\\/05\\\/mc-logo2.png\",\"contentUrl\":\"https:\\\/\\\/marieclaire.be\\\/fr\\\/wp-content\\\/uploads\\\/2018\\\/05\\\/mc-logo2.png\",\"width\":1001,\"height\":189,\"caption\":\"Marie Claire\"},\"image\":{\"@id\":\"https:\\\/\\\/marieclaire.be\\\/fr\\\/#\\\/schema\\\/logo\\\/image\\\/\"},\"sameAs\":[\"https:\\\/\\\/www.facebook.com\\\/MarieClaire.Belgique\\\/\",\"https:\\\/\\\/www.instagram.com\\\/marieclaire_belgique\\\/\",\"https:\\\/\\\/fr.pinterest.com\\\/marieclairebe\\\/\",\"https:\\\/\\\/www.youtube.com\\\/user\\\/BelgiumMarieClaire\"]},{\"@type\":\"Person\",\"@id\":\"https:\\\/\\\/marieclaire.be\\\/fr\\\/#\\\/schema\\\/person\\\/c9f308ff3e5a63cb3efc0ae1c0c0a3fd\",\"name\":\"Marie Claire Partenaire\",\"image\":{\"@type\":\"ImageObject\",\"inLanguage\":\"fr-FR\",\"@id\":\"https:\\\/\\\/secure.gravatar.com\\\/avatar\\\/081d2cd4575981df403100e247f888ad2ab94033015c4f0b86a6c6d09d3d121c?s=96&d=mm&r=g\",\"url\":\"https:\\\/\\\/secure.gravatar.com\\\/avatar\\\/081d2cd4575981df403100e247f888ad2ab94033015c4f0b86a6c6d09d3d121c?s=96&d=mm&r=g\",\"contentUrl\":\"https:\\\/\\\/secure.gravatar.com\\\/avatar\\\/081d2cd4575981df403100e247f888ad2ab94033015c4f0b86a6c6d09d3d121c?s=96&d=mm&r=g\",\"caption\":\"Marie Claire Partenaire\"},\"url\":\"https:\\\/\\\/marieclaire.be\\\/fr\\\/author\\\/reworldmediaseo\\\/\"}]}<\/script>\n<!-- \/ Yoast SEO plugin. -->","yoast_head_json":{"title":"Vanessa Bokanowski, psychologue clinicienne et psychotherapeute \u00e0 Bruxelles.","description":"Vanessa Bokanowski adopte une approche int\u00e9gr\u00e9e, en combinant la psychoth\u00e9rapie psychanalytique moderne , les derni\u00e8res avanc\u00e9es sur le traumatisme complexe, la th\u00e9rapie IFS et le breathwork pour lib\u00e9rer les tensions et traumatismes log\u00e9s dans le corps.","robots":{"index":"index","follow":"follow","max-snippet":"max-snippet:-1","max-image-preview":"max-image-preview:large","max-video-preview":"max-video-preview:-1"},"canonical":"https:\/\/marieclaire.be\/fr\/vanessa-bokanowski-psychologue-clinicienne-il-ny-a-pas-de-changement-profond-et-durable-si-on-ignore-son-inconscient\/","og_locale":"fr_FR","og_type":"article","og_title":"Vanessa Bokanowski, psychologue clinicienne et psychotherapeute \u00e0 Bruxelles.","og_description":"Vanessa Bokanowski adopte une approche int\u00e9gr\u00e9e, en combinant la psychoth\u00e9rapie psychanalytique moderne , les derni\u00e8res avanc\u00e9es sur le traumatisme complexe, la th\u00e9rapie IFS et le breathwork pour lib\u00e9rer les tensions et traumatismes log\u00e9s dans le corps.","og_url":"https:\/\/marieclaire.be\/fr\/vanessa-bokanowski-psychologue-clinicienne-il-ny-a-pas-de-changement-profond-et-durable-si-on-ignore-son-inconscient\/","og_site_name":"Marie Claire Belgique","article_publisher":"https:\/\/www.facebook.com\/MarieClaire.Belgique\/","article_published_time":"2025-01-11T16:04:08+00:00","article_modified_time":"2025-02-25T13:46:25+00:00","og_image":[{"width":2048,"height":1365,"url":"https:\/\/marieclaire.be\/fr\/wp-content\/uploads\/2025\/01\/12-47.jpg","type":"image\/jpeg"}],"author":"Marie Claire Partenaire","twitter_misc":{"\u00c9crit par":"Marie Claire Partenaire","Dur\u00e9e de lecture estim\u00e9e":"3 minutes"},"schema":{"@context":"https:\/\/schema.org","@graph":[{"@type":"NewsArticle","@id":"https:\/\/marieclaire.be\/fr\/vanessa-bokanowski-psychologue-clinicienne-il-ny-a-pas-de-changement-profond-et-durable-si-on-ignore-son-inconscient\/#article","isPartOf":{"@id":"https:\/\/marieclaire.be\/fr\/vanessa-bokanowski-psychologue-clinicienne-il-ny-a-pas-de-changement-profond-et-durable-si-on-ignore-son-inconscient\/"},"author":{"name":"Marie Claire Partenaire","@id":"https:\/\/marieclaire.be\/fr\/#\/schema\/person\/c9f308ff3e5a63cb3efc0ae1c0c0a3fd"},"headline":"Vanessa Bokanowski, psychologue clinicienne : \u00ab Il n\u2019y a pas de changement profond et durable si on ignore son inconscient \u00bb","datePublished":"2025-01-11T16:04:08+00:00","dateModified":"2025-02-25T13:46:25+00:00","mainEntityOfPage":{"@id":"https:\/\/marieclaire.be\/fr\/vanessa-bokanowski-psychologue-clinicienne-il-ny-a-pas-de-changement-profond-et-durable-si-on-ignore-son-inconscient\/"},"wordCount":512,"publisher":{"@id":"https:\/\/marieclaire.be\/fr\/#organization"},"image":{"@id":"https:\/\/marieclaire.be\/fr\/vanessa-bokanowski-psychologue-clinicienne-il-ny-a-pas-de-changement-profond-et-durable-si-on-ignore-son-inconscient\/#primaryimage"},"thumbnailUrl":"https:\/\/marieclaire.be\/fr\/wp-content\/uploads\/2025\/01\/12-47.jpg","articleSection":["Psycho","Sant\u00e9"],"inLanguage":"fr-FR"},{"@type":"WebPage","@id":"https:\/\/marieclaire.be\/fr\/vanessa-bokanowski-psychologue-clinicienne-il-ny-a-pas-de-changement-profond-et-durable-si-on-ignore-son-inconscient\/","url":"https:\/\/marieclaire.be\/fr\/vanessa-bokanowski-psychologue-clinicienne-il-ny-a-pas-de-changement-profond-et-durable-si-on-ignore-son-inconscient\/","name":"Vanessa Bokanowski, psychologue clinicienne et psychotherapeute \u00e0 Bruxelles.","isPartOf":{"@id":"https:\/\/marieclaire.be\/fr\/#website"},"primaryImageOfPage":{"@id":"https:\/\/marieclaire.be\/fr\/vanessa-bokanowski-psychologue-clinicienne-il-ny-a-pas-de-changement-profond-et-durable-si-on-ignore-son-inconscient\/#primaryimage"},"image":{"@id":"https:\/\/marieclaire.be\/fr\/vanessa-bokanowski-psychologue-clinicienne-il-ny-a-pas-de-changement-profond-et-durable-si-on-ignore-son-inconscient\/#primaryimage"},"thumbnailUrl":"https:\/\/marieclaire.be\/fr\/wp-content\/uploads\/2025\/01\/12-47.jpg","datePublished":"2025-01-11T16:04:08+00:00","dateModified":"2025-02-25T13:46:25+00:00","description":"Vanessa Bokanowski adopte une approche int\u00e9gr\u00e9e, en combinant la psychoth\u00e9rapie psychanalytique moderne , les derni\u00e8res avanc\u00e9es sur le traumatisme complexe, la th\u00e9rapie IFS et le breathwork pour lib\u00e9rer les tensions et traumatismes log\u00e9s dans le corps.","breadcrumb":{"@id":"https:\/\/marieclaire.be\/fr\/vanessa-bokanowski-psychologue-clinicienne-il-ny-a-pas-de-changement-profond-et-durable-si-on-ignore-son-inconscient\/#breadcrumb"},"inLanguage":"fr-FR","potentialAction":[{"@type":"ReadAction","target":["https:\/\/marieclaire.be\/fr\/vanessa-bokanowski-psychologue-clinicienne-il-ny-a-pas-de-changement-profond-et-durable-si-on-ignore-son-inconscient\/"]}]},{"@type":"ImageObject","inLanguage":"fr-FR","@id":"https:\/\/marieclaire.be\/fr\/vanessa-bokanowski-psychologue-clinicienne-il-ny-a-pas-de-changement-profond-et-durable-si-on-ignore-son-inconscient\/#primaryimage","url":"https:\/\/marieclaire.be\/fr\/wp-content\/uploads\/2025\/01\/12-47.jpg","contentUrl":"https:\/\/marieclaire.be\/fr\/wp-content\/uploads\/2025\/01\/12-47.jpg","width":2048,"height":1365},{"@type":"BreadcrumbList","@id":"https:\/\/marieclaire.be\/fr\/vanessa-bokanowski-psychologue-clinicienne-il-ny-a-pas-de-changement-profond-et-durable-si-on-ignore-son-inconscient\/#breadcrumb","itemListElement":[{"@type":"ListItem","position":1,"name":"Accueil","item":"https:\/\/marieclaire.be\/fr\/"},{"@type":"ListItem","position":2,"name":"Vanessa Bokanowski, psychologue clinicienne : \u00ab Il n\u2019y a pas de changement profond et durable si on ignore son inconscient \u00bb"}]},{"@type":"WebSite","@id":"https:\/\/marieclaire.be\/fr\/#website","url":"https:\/\/marieclaire.be\/fr\/","name":"Marie Claire Belgique","description":"Marie Claire Belgique, le magazine du style et de l\u2019intelligence qui parle de mode, des tendances, de la beaut\u00e9, de l\u2019actualit\u00e9 et de la culture","publisher":{"@id":"https:\/\/marieclaire.be\/fr\/#organization"},"potentialAction":[{"@type":"SearchAction","target":{"@type":"EntryPoint","urlTemplate":"https:\/\/marieclaire.be\/fr\/?s={search_term_string}"},"query-input":{"@type":"PropertyValueSpecification","valueRequired":true,"valueName":"search_term_string"}}],"inLanguage":"fr-FR"},{"@type":"Organization","@id":"https:\/\/marieclaire.be\/fr\/#organization","name":"Marie Claire","url":"https:\/\/marieclaire.be\/fr\/","logo":{"@type":"ImageObject","inLanguage":"fr-FR","@id":"https:\/\/marieclaire.be\/fr\/#\/schema\/logo\/image\/","url":"https:\/\/marieclaire.be\/fr\/wp-content\/uploads\/2018\/05\/mc-logo2.png","contentUrl":"https:\/\/marieclaire.be\/fr\/wp-content\/uploads\/2018\/05\/mc-logo2.png","width":1001,"height":189,"caption":"Marie Claire"},"image":{"@id":"https:\/\/marieclaire.be\/fr\/#\/schema\/logo\/image\/"},"sameAs":["https:\/\/www.facebook.com\/MarieClaire.Belgique\/","https:\/\/www.instagram.com\/marieclaire_belgique\/","https:\/\/fr.pinterest.com\/marieclairebe\/","https:\/\/www.youtube.com\/user\/BelgiumMarieClaire"]},{"@type":"Person","@id":"https:\/\/marieclaire.be\/fr\/#\/schema\/person\/c9f308ff3e5a63cb3efc0ae1c0c0a3fd","name":"Marie Claire Partenaire","image":{"@type":"ImageObject","inLanguage":"fr-FR","@id":"https:\/\/secure.gravatar.com\/avatar\/081d2cd4575981df403100e247f888ad2ab94033015c4f0b86a6c6d09d3d121c?s=96&d=mm&r=g","url":"https:\/\/secure.gravatar.com\/avatar\/081d2cd4575981df403100e247f888ad2ab94033015c4f0b86a6c6d09d3d121c?s=96&d=mm&r=g","contentUrl":"https:\/\/secure.gravatar.com\/avatar\/081d2cd4575981df403100e247f888ad2ab94033015c4f0b86a6c6d09d3d121c?s=96&d=mm&r=g","caption":"Marie Claire Partenaire"},"url":"https:\/\/marieclaire.be\/fr\/author\/reworldmediaseo\/"}]}},"_links":{"self":[{"href":"https:\/\/marieclaire.be\/fr\/wp-json\/wp\/v2\/posts\/141240","targetHints":{"allow":["GET"]}}],"collection":[{"href":"https:\/\/marieclaire.be\/fr\/wp-json\/wp\/v2\/posts"}],"about":[{"href":"https:\/\/marieclaire.be\/fr\/wp-json\/wp\/v2\/types\/post"}],"author":[{"embeddable":true,"href":"https:\/\/marieclaire.be\/fr\/wp-json\/wp\/v2\/users\/70"}],"replies":[{"embeddable":true,"href":"https:\/\/marieclaire.be\/fr\/wp-json\/wp\/v2\/comments?post=141240"}],"version-history":[{"count":10,"href":"https:\/\/marieclaire.be\/fr\/wp-json\/wp\/v2\/posts\/141240\/revisions"}],"predecessor-version":[{"id":141608,"href":"https:\/\/marieclaire.be\/fr\/wp-json\/wp\/v2\/posts\/141240\/revisions\/141608"}],"wp:featuredmedia":[{"embeddable":true,"href":"https:\/\/marieclaire.be\/fr\/wp-json\/wp\/v2\/media\/141304"}],"wp:attachment":[{"href":"https:\/\/marieclaire.be\/fr\/wp-json\/wp\/v2\/media?parent=141240"}],"wp:term":[{"taxonomy":"category","embeddable":true,"href":"https:\/\/marieclaire.be\/fr\/wp-json\/wp\/v2\/categories?post=141240"},{"taxonomy":"post_tag","embeddable":true,"href":"https:\/\/marieclaire.be\/fr\/wp-json\/wp\/v2\/tags?post=141240"}],"curies":[{"name":"wp","href":"https:\/\/api.w.org\/{rel}","templated":true}]}}