{"id":140882,"date":"2025-01-29T14:10:34","date_gmt":"2025-01-29T13:10:34","guid":{"rendered":"https:\/\/marieclaire.be\/fr\/?p=140882"},"modified":"2025-01-29T14:10:34","modified_gmt":"2025-01-29T13:10:34","slug":"bains-glace-tendance-matiere-bien-etre","status":"publish","type":"post","link":"https:\/\/marieclaire.be\/fr\/bains-glace-tendance-matiere-bien-etre\/","title":{"rendered":"Pourquoi les bains glac\u00e9s sont-ils la nouvelle obsession bien-\u00eatre ?"},"content":{"rendered":"","protected":false},"excerpt":{"rendered":"Ce qui n\u2019\u00e9tait au d\u00e9part qu\u2019une pratique de niche pris\u00e9e par les athl\u00e8tes de haut niveau s\u2019est transform\u00e9 en un v\u00e9ritable ph\u00e9nom\u00e8ne mondial.","protected":false},"author":30,"featured_media":140891,"comment_status":"closed","ping_status":"closed","sticky":false,"template":"","format":"standard","meta":{"_acf_changed":false,"footnotes":""},"categories":[21,1433],"tags":[],"class_list":["post-140882","post","type-post","status-publish","format-standard","has-post-thumbnail","hentry","category-wellness","category-sante"],"acf":[],"_yoast_wpseo_title":null,"_yoast_wpseo_metadesc":"Le bain glac\u00e9 qui n\u2019\u00e9tait au d\u00e9part qu\u2019une pratique de niche pris\u00e9e par les athl\u00e8tes de haut niveau s\u2019est transform\u00e9 en un v\u00e9ritable ph\u00e9nom\u00e8ne mondial.","image_verticale":"140887","yoast_head":"<!-- This site is optimized with the Yoast SEO plugin v27.3 - https:\/\/yoast.com\/product\/yoast-seo-wordpress\/ -->\n<title>Pourquoi les bains glac\u00e9s sont-ils la nouvelle obsession bien-\u00eatre ? - Marie Claire Belgique<\/title>\n<meta name=\"description\" content=\"Le bain glac\u00e9 qui n\u2019\u00e9tait au d\u00e9part qu\u2019une pratique de niche pris\u00e9e par les athl\u00e8tes de haut niveau s\u2019est transform\u00e9 en un v\u00e9ritable ph\u00e9nom\u00e8ne mondial.\" \/>\n<meta name=\"robots\" content=\"index, follow, max-snippet:-1, max-image-preview:large, max-video-preview:-1\" \/>\n<link rel=\"canonical\" href=\"https:\/\/marieclaire.be\/fr\/bains-glace-tendance-matiere-bien-etre\/\" \/>\n<meta property=\"og:locale\" content=\"fr_FR\" \/>\n<meta property=\"og:type\" content=\"article\" \/>\n<meta property=\"og:title\" content=\"Pourquoi les bains glac\u00e9s sont-ils la nouvelle obsession bien-\u00eatre ? - Marie Claire Belgique\" \/>\n<meta property=\"og:description\" content=\"Le bain glac\u00e9 qui n\u2019\u00e9tait au d\u00e9part qu\u2019une pratique de niche pris\u00e9e par les athl\u00e8tes de haut niveau s\u2019est transform\u00e9 en un v\u00e9ritable ph\u00e9nom\u00e8ne mondial.\" \/>\n<meta property=\"og:url\" content=\"https:\/\/marieclaire.be\/fr\/bains-glace-tendance-matiere-bien-etre\/\" \/>\n<meta property=\"og:site_name\" content=\"Marie Claire Belgique\" \/>\n<meta property=\"article:publisher\" content=\"https:\/\/www.facebook.com\/MarieClaire.Belgique\/\" \/>\n<meta property=\"article:published_time\" content=\"2025-01-29T13:10:34+00:00\" \/>\n<meta property=\"og:image\" content=\"https:\/\/marieclaire.be\/fr\/wp-content\/uploads\/2025\/01\/bain-froid.png\" \/>\n\t<meta property=\"og:image:width\" content=\"1200\" \/>\n\t<meta property=\"og:image:height\" content=\"628\" \/>\n\t<meta property=\"og:image:type\" content=\"image\/png\" \/>\n<meta name=\"author\" content=\"Malvine Sevrin\" \/>\n<meta name=\"twitter:label1\" content=\"\u00c9crit par\" \/>\n\t<meta name=\"twitter:data1\" content=\"Malvine Sevrin\" \/>\n\t<meta name=\"twitter:label2\" content=\"Dur\u00e9e de lecture estim\u00e9e\" \/>\n\t<meta name=\"twitter:data2\" content=\"3 minutes\" \/>\n<script type=\"application\/ld+json\" class=\"yoast-schema-graph\">{\"@context\":\"https:\\\/\\\/schema.org\",\"@graph\":[{\"@type\":\"NewsArticle\",\"@id\":\"https:\\\/\\\/marieclaire.be\\\/fr\\\/bains-glace-tendance-matiere-bien-etre\\\/#article\",\"isPartOf\":{\"@id\":\"https:\\\/\\\/marieclaire.be\\\/fr\\\/bains-glace-tendance-matiere-bien-etre\\\/\"},\"author\":{\"name\":\"Malvine Sevrin\",\"@id\":\"https:\\\/\\\/marieclaire.be\\\/fr\\\/#\\\/schema\\\/person\\\/c71bd7a8c3e622513c7531a39292a34e\"},\"headline\":\"Pourquoi les bains glac\u00e9s sont-ils la nouvelle obsession bien-\u00eatre ?\",\"datePublished\":\"2025-01-29T13:10:34+00:00\",\"mainEntityOfPage\":{\"@id\":\"https:\\\/\\\/marieclaire.be\\\/fr\\\/bains-glace-tendance-matiere-bien-etre\\\/\"},\"wordCount\":578,\"publisher\":{\"@id\":\"https:\\\/\\\/marieclaire.be\\\/fr\\\/#organization\"},\"image\":{\"@id\":\"https:\\\/\\\/marieclaire.be\\\/fr\\\/bains-glace-tendance-matiere-bien-etre\\\/#primaryimage\"},\"thumbnailUrl\":\"https:\\\/\\\/marieclaire.be\\\/fr\\\/wp-content\\\/uploads\\\/2025\\\/01\\\/bain-froid.png\",\"articleSection\":[\"Bien-\u00eatre\",\"Sant\u00e9\"],\"inLanguage\":\"fr-FR\"},{\"@type\":\"WebPage\",\"@id\":\"https:\\\/\\\/marieclaire.be\\\/fr\\\/bains-glace-tendance-matiere-bien-etre\\\/\",\"url\":\"https:\\\/\\\/marieclaire.be\\\/fr\\\/bains-glace-tendance-matiere-bien-etre\\\/\",\"name\":\"Pourquoi les bains glac\u00e9s sont-ils la nouvelle obsession bien-\u00eatre ? - Marie Claire Belgique\",\"isPartOf\":{\"@id\":\"https:\\\/\\\/marieclaire.be\\\/fr\\\/#website\"},\"primaryImageOfPage\":{\"@id\":\"https:\\\/\\\/marieclaire.be\\\/fr\\\/bains-glace-tendance-matiere-bien-etre\\\/#primaryimage\"},\"image\":{\"@id\":\"https:\\\/\\\/marieclaire.be\\\/fr\\\/bains-glace-tendance-matiere-bien-etre\\\/#primaryimage\"},\"thumbnailUrl\":\"https:\\\/\\\/marieclaire.be\\\/fr\\\/wp-content\\\/uploads\\\/2025\\\/01\\\/bain-froid.png\",\"datePublished\":\"2025-01-29T13:10:34+00:00\",\"description\":\"Le bain glac\u00e9 qui n\u2019\u00e9tait au d\u00e9part qu\u2019une pratique de niche pris\u00e9e par les athl\u00e8tes de haut niveau s\u2019est transform\u00e9 en un v\u00e9ritable ph\u00e9nom\u00e8ne mondial.\",\"breadcrumb\":{\"@id\":\"https:\\\/\\\/marieclaire.be\\\/fr\\\/bains-glace-tendance-matiere-bien-etre\\\/#breadcrumb\"},\"inLanguage\":\"fr-FR\",\"potentialAction\":[{\"@type\":\"ReadAction\",\"target\":[\"https:\\\/\\\/marieclaire.be\\\/fr\\\/bains-glace-tendance-matiere-bien-etre\\\/\"]}]},{\"@type\":\"ImageObject\",\"inLanguage\":\"fr-FR\",\"@id\":\"https:\\\/\\\/marieclaire.be\\\/fr\\\/bains-glace-tendance-matiere-bien-etre\\\/#primaryimage\",\"url\":\"https:\\\/\\\/marieclaire.be\\\/fr\\\/wp-content\\\/uploads\\\/2025\\\/01\\\/bain-froid.png\",\"contentUrl\":\"https:\\\/\\\/marieclaire.be\\\/fr\\\/wp-content\\\/uploads\\\/2025\\\/01\\\/bain-froid.png\",\"width\":1200,\"height\":628,\"caption\":\"Presse\"},{\"@type\":\"BreadcrumbList\",\"@id\":\"https:\\\/\\\/marieclaire.be\\\/fr\\\/bains-glace-tendance-matiere-bien-etre\\\/#breadcrumb\",\"itemListElement\":[{\"@type\":\"ListItem\",\"position\":1,\"name\":\"Accueil\",\"item\":\"https:\\\/\\\/marieclaire.be\\\/fr\\\/\"},{\"@type\":\"ListItem\",\"position\":2,\"name\":\"Pourquoi les bains glac\u00e9s sont-ils la nouvelle obsession bien-\u00eatre ?\"}]},{\"@type\":\"WebSite\",\"@id\":\"https:\\\/\\\/marieclaire.be\\\/fr\\\/#website\",\"url\":\"https:\\\/\\\/marieclaire.be\\\/fr\\\/\",\"name\":\"Marie Claire Belgique\",\"description\":\"Marie Claire Belgique, le magazine du style et de l\u2019intelligence qui parle de mode, des tendances, de la beaut\u00e9, de l\u2019actualit\u00e9 et de la culture\",\"publisher\":{\"@id\":\"https:\\\/\\\/marieclaire.be\\\/fr\\\/#organization\"},\"potentialAction\":[{\"@type\":\"SearchAction\",\"target\":{\"@type\":\"EntryPoint\",\"urlTemplate\":\"https:\\\/\\\/marieclaire.be\\\/fr\\\/?s={search_term_string}\"},\"query-input\":{\"@type\":\"PropertyValueSpecification\",\"valueRequired\":true,\"valueName\":\"search_term_string\"}}],\"inLanguage\":\"fr-FR\"},{\"@type\":\"Organization\",\"@id\":\"https:\\\/\\\/marieclaire.be\\\/fr\\\/#organization\",\"name\":\"Marie Claire\",\"url\":\"https:\\\/\\\/marieclaire.be\\\/fr\\\/\",\"logo\":{\"@type\":\"ImageObject\",\"inLanguage\":\"fr-FR\",\"@id\":\"https:\\\/\\\/marieclaire.be\\\/fr\\\/#\\\/schema\\\/logo\\\/image\\\/\",\"url\":\"https:\\\/\\\/marieclaire.be\\\/fr\\\/wp-content\\\/uploads\\\/2018\\\/05\\\/mc-logo2.png\",\"contentUrl\":\"https:\\\/\\\/marieclaire.be\\\/fr\\\/wp-content\\\/uploads\\\/2018\\\/05\\\/mc-logo2.png\",\"width\":1001,\"height\":189,\"caption\":\"Marie Claire\"},\"image\":{\"@id\":\"https:\\\/\\\/marieclaire.be\\\/fr\\\/#\\\/schema\\\/logo\\\/image\\\/\"},\"sameAs\":[\"https:\\\/\\\/www.facebook.com\\\/MarieClaire.Belgique\\\/\",\"https:\\\/\\\/www.instagram.com\\\/marieclaire_belgique\\\/\",\"https:\\\/\\\/fr.pinterest.com\\\/marieclairebe\\\/\",\"https:\\\/\\\/www.youtube.com\\\/user\\\/BelgiumMarieClaire\"]},{\"@type\":\"Person\",\"@id\":\"https:\\\/\\\/marieclaire.be\\\/fr\\\/#\\\/schema\\\/person\\\/c71bd7a8c3e622513c7531a39292a34e\",\"name\":\"Malvine Sevrin\",\"image\":{\"@type\":\"ImageObject\",\"inLanguage\":\"fr-FR\",\"@id\":\"https:\\\/\\\/marieclaire.be\\\/fr\\\/wp-content\\\/uploads\\\/2017\\\/05\\\/capture-decran-2024-02-13-a-145920-96x96.png\",\"url\":\"https:\\\/\\\/marieclaire.be\\\/fr\\\/wp-content\\\/uploads\\\/2017\\\/05\\\/capture-decran-2024-02-13-a-145920-96x96.png\",\"contentUrl\":\"https:\\\/\\\/marieclaire.be\\\/fr\\\/wp-content\\\/uploads\\\/2017\\\/05\\\/capture-decran-2024-02-13-a-145920-96x96.png\",\"caption\":\"Malvine Sevrin\"},\"description\":\"Des podiums parisiens aux derni\u00e8res nouveaut\u00e9s skincare qui enflamment TikTok, je d\u00e9crypte les tendances pour Marie Claire Belgique. Passionn\u00e9e de voyage, de mode et de beaut\u00e9, je partage mes coups de coeur d\u00e9nich\u00e9s aux quatre coins du globe. En tant que r\u00e9dactrice en chef digital, j'ai \u00e9galement \u00e0 coeur de mettre en lumi\u00e8re les histoires inspirantes de femmes \u00e0 travers notre site et sur nos r\u00e9seaux sociaux.\",\"sameAs\":[\"https:\\\/\\\/www.instagram.com\\\/malvinesev\\\/\"],\"url\":\"https:\\\/\\\/marieclaire.be\\\/fr\\\/author\\\/malvine\\\/\"}]}<\/script>\n<!-- \/ Yoast SEO plugin. -->","yoast_head_json":{"title":"Pourquoi les bains glac\u00e9s sont-ils la nouvelle obsession bien-\u00eatre ? - Marie Claire Belgique","description":"Le bain glac\u00e9 qui n\u2019\u00e9tait au d\u00e9part qu\u2019une pratique de niche pris\u00e9e par les athl\u00e8tes de haut niveau s\u2019est transform\u00e9 en un v\u00e9ritable ph\u00e9nom\u00e8ne mondial.","robots":{"index":"index","follow":"follow","max-snippet":"max-snippet:-1","max-image-preview":"max-image-preview:large","max-video-preview":"max-video-preview:-1"},"canonical":"https:\/\/marieclaire.be\/fr\/bains-glace-tendance-matiere-bien-etre\/","og_locale":"fr_FR","og_type":"article","og_title":"Pourquoi les bains glac\u00e9s sont-ils la nouvelle obsession bien-\u00eatre ? - Marie Claire Belgique","og_description":"Le bain glac\u00e9 qui n\u2019\u00e9tait au d\u00e9part qu\u2019une pratique de niche pris\u00e9e par les athl\u00e8tes de haut niveau s\u2019est transform\u00e9 en un v\u00e9ritable ph\u00e9nom\u00e8ne mondial.","og_url":"https:\/\/marieclaire.be\/fr\/bains-glace-tendance-matiere-bien-etre\/","og_site_name":"Marie Claire Belgique","article_publisher":"https:\/\/www.facebook.com\/MarieClaire.Belgique\/","article_published_time":"2025-01-29T13:10:34+00:00","og_image":[{"width":1200,"height":628,"url":"https:\/\/marieclaire.be\/fr\/wp-content\/uploads\/2025\/01\/bain-froid.png","type":"image\/png"}],"author":"Malvine Sevrin","twitter_misc":{"\u00c9crit par":"Malvine Sevrin","Dur\u00e9e de lecture estim\u00e9e":"3 minutes"},"schema":{"@context":"https:\/\/schema.org","@graph":[{"@type":"NewsArticle","@id":"https:\/\/marieclaire.be\/fr\/bains-glace-tendance-matiere-bien-etre\/#article","isPartOf":{"@id":"https:\/\/marieclaire.be\/fr\/bains-glace-tendance-matiere-bien-etre\/"},"author":{"name":"Malvine Sevrin","@id":"https:\/\/marieclaire.be\/fr\/#\/schema\/person\/c71bd7a8c3e622513c7531a39292a34e"},"headline":"Pourquoi les bains glac\u00e9s sont-ils la nouvelle obsession bien-\u00eatre ?","datePublished":"2025-01-29T13:10:34+00:00","mainEntityOfPage":{"@id":"https:\/\/marieclaire.be\/fr\/bains-glace-tendance-matiere-bien-etre\/"},"wordCount":578,"publisher":{"@id":"https:\/\/marieclaire.be\/fr\/#organization"},"image":{"@id":"https:\/\/marieclaire.be\/fr\/bains-glace-tendance-matiere-bien-etre\/#primaryimage"},"thumbnailUrl":"https:\/\/marieclaire.be\/fr\/wp-content\/uploads\/2025\/01\/bain-froid.png","articleSection":["Bien-\u00eatre","Sant\u00e9"],"inLanguage":"fr-FR"},{"@type":"WebPage","@id":"https:\/\/marieclaire.be\/fr\/bains-glace-tendance-matiere-bien-etre\/","url":"https:\/\/marieclaire.be\/fr\/bains-glace-tendance-matiere-bien-etre\/","name":"Pourquoi les bains glac\u00e9s sont-ils la nouvelle obsession bien-\u00eatre ? - Marie Claire Belgique","isPartOf":{"@id":"https:\/\/marieclaire.be\/fr\/#website"},"primaryImageOfPage":{"@id":"https:\/\/marieclaire.be\/fr\/bains-glace-tendance-matiere-bien-etre\/#primaryimage"},"image":{"@id":"https:\/\/marieclaire.be\/fr\/bains-glace-tendance-matiere-bien-etre\/#primaryimage"},"thumbnailUrl":"https:\/\/marieclaire.be\/fr\/wp-content\/uploads\/2025\/01\/bain-froid.png","datePublished":"2025-01-29T13:10:34+00:00","description":"Le bain glac\u00e9 qui n\u2019\u00e9tait au d\u00e9part qu\u2019une pratique de niche pris\u00e9e par les athl\u00e8tes de haut niveau s\u2019est transform\u00e9 en un v\u00e9ritable ph\u00e9nom\u00e8ne mondial.","breadcrumb":{"@id":"https:\/\/marieclaire.be\/fr\/bains-glace-tendance-matiere-bien-etre\/#breadcrumb"},"inLanguage":"fr-FR","potentialAction":[{"@type":"ReadAction","target":["https:\/\/marieclaire.be\/fr\/bains-glace-tendance-matiere-bien-etre\/"]}]},{"@type":"ImageObject","inLanguage":"fr-FR","@id":"https:\/\/marieclaire.be\/fr\/bains-glace-tendance-matiere-bien-etre\/#primaryimage","url":"https:\/\/marieclaire.be\/fr\/wp-content\/uploads\/2025\/01\/bain-froid.png","contentUrl":"https:\/\/marieclaire.be\/fr\/wp-content\/uploads\/2025\/01\/bain-froid.png","width":1200,"height":628,"caption":"Presse"},{"@type":"BreadcrumbList","@id":"https:\/\/marieclaire.be\/fr\/bains-glace-tendance-matiere-bien-etre\/#breadcrumb","itemListElement":[{"@type":"ListItem","position":1,"name":"Accueil","item":"https:\/\/marieclaire.be\/fr\/"},{"@type":"ListItem","position":2,"name":"Pourquoi les bains glac\u00e9s sont-ils la nouvelle obsession bien-\u00eatre ?"}]},{"@type":"WebSite","@id":"https:\/\/marieclaire.be\/fr\/#website","url":"https:\/\/marieclaire.be\/fr\/","name":"Marie Claire Belgique","description":"Marie Claire Belgique, le magazine du style et de l\u2019intelligence qui parle de mode, des tendances, de la beaut\u00e9, de l\u2019actualit\u00e9 et de la culture","publisher":{"@id":"https:\/\/marieclaire.be\/fr\/#organization"},"potentialAction":[{"@type":"SearchAction","target":{"@type":"EntryPoint","urlTemplate":"https:\/\/marieclaire.be\/fr\/?s={search_term_string}"},"query-input":{"@type":"PropertyValueSpecification","valueRequired":true,"valueName":"search_term_string"}}],"inLanguage":"fr-FR"},{"@type":"Organization","@id":"https:\/\/marieclaire.be\/fr\/#organization","name":"Marie Claire","url":"https:\/\/marieclaire.be\/fr\/","logo":{"@type":"ImageObject","inLanguage":"fr-FR","@id":"https:\/\/marieclaire.be\/fr\/#\/schema\/logo\/image\/","url":"https:\/\/marieclaire.be\/fr\/wp-content\/uploads\/2018\/05\/mc-logo2.png","contentUrl":"https:\/\/marieclaire.be\/fr\/wp-content\/uploads\/2018\/05\/mc-logo2.png","width":1001,"height":189,"caption":"Marie Claire"},"image":{"@id":"https:\/\/marieclaire.be\/fr\/#\/schema\/logo\/image\/"},"sameAs":["https:\/\/www.facebook.com\/MarieClaire.Belgique\/","https:\/\/www.instagram.com\/marieclaire_belgique\/","https:\/\/fr.pinterest.com\/marieclairebe\/","https:\/\/www.youtube.com\/user\/BelgiumMarieClaire"]},{"@type":"Person","@id":"https:\/\/marieclaire.be\/fr\/#\/schema\/person\/c71bd7a8c3e622513c7531a39292a34e","name":"Malvine Sevrin","image":{"@type":"ImageObject","inLanguage":"fr-FR","@id":"https:\/\/marieclaire.be\/fr\/wp-content\/uploads\/2017\/05\/capture-decran-2024-02-13-a-145920-96x96.png","url":"https:\/\/marieclaire.be\/fr\/wp-content\/uploads\/2017\/05\/capture-decran-2024-02-13-a-145920-96x96.png","contentUrl":"https:\/\/marieclaire.be\/fr\/wp-content\/uploads\/2017\/05\/capture-decran-2024-02-13-a-145920-96x96.png","caption":"Malvine Sevrin"},"description":"Des podiums parisiens aux derni\u00e8res nouveaut\u00e9s skincare qui enflamment TikTok, je d\u00e9crypte les tendances pour Marie Claire Belgique. Passionn\u00e9e de voyage, de mode et de beaut\u00e9, je partage mes coups de coeur d\u00e9nich\u00e9s aux quatre coins du globe. En tant que r\u00e9dactrice en chef digital, j'ai \u00e9galement \u00e0 coeur de mettre en lumi\u00e8re les histoires inspirantes de femmes \u00e0 travers notre site et sur nos r\u00e9seaux sociaux.","sameAs":["https:\/\/www.instagram.com\/malvinesev\/"],"url":"https:\/\/marieclaire.be\/fr\/author\/malvine\/"}]}},"_links":{"self":[{"href":"https:\/\/marieclaire.be\/fr\/wp-json\/wp\/v2\/posts\/140882","targetHints":{"allow":["GET"]}}],"collection":[{"href":"https:\/\/marieclaire.be\/fr\/wp-json\/wp\/v2\/posts"}],"about":[{"href":"https:\/\/marieclaire.be\/fr\/wp-json\/wp\/v2\/types\/post"}],"author":[{"embeddable":true,"href":"https:\/\/marieclaire.be\/fr\/wp-json\/wp\/v2\/users\/30"}],"replies":[{"embeddable":true,"href":"https:\/\/marieclaire.be\/fr\/wp-json\/wp\/v2\/comments?post=140882"}],"version-history":[{"count":6,"href":"https:\/\/marieclaire.be\/fr\/wp-json\/wp\/v2\/posts\/140882\/revisions"}],"predecessor-version":[{"id":140892,"href":"https:\/\/marieclaire.be\/fr\/wp-json\/wp\/v2\/posts\/140882\/revisions\/140892"}],"wp:featuredmedia":[{"embeddable":true,"href":"https:\/\/marieclaire.be\/fr\/wp-json\/wp\/v2\/media\/140891"}],"wp:attachment":[{"href":"https:\/\/marieclaire.be\/fr\/wp-json\/wp\/v2\/media?parent=140882"}],"wp:term":[{"taxonomy":"category","embeddable":true,"href":"https:\/\/marieclaire.be\/fr\/wp-json\/wp\/v2\/categories?post=140882"},{"taxonomy":"post_tag","embeddable":true,"href":"https:\/\/marieclaire.be\/fr\/wp-json\/wp\/v2\/tags?post=140882"}],"curies":[{"name":"wp","href":"https:\/\/api.w.org\/{rel}","templated":true}]}}