{"id":140538,"date":"2025-03-31T07:51:47","date_gmt":"2025-03-31T05:51:47","guid":{"rendered":"https:\/\/marieclaire.be\/fr\/?p=140538"},"modified":"2025-03-31T10:45:55","modified_gmt":"2025-03-31T08:45:55","slug":"gaultmillau-restaurant-recompenses-2025","status":"publish","type":"post","link":"https:\/\/marieclaire.be\/fr\/gaultmillau-restaurant-recompenses-2025\/","title":{"rendered":"Gault&#038;Millau\u00a0: 8 adresses r\u00e9compens\u00e9es par l\u2019\u00e9dition 2025 qu\u2019on se languit de tester"},"content":{"rendered":"","protected":false},"excerpt":{"rendered":"Qui mieux que le prestigieux guide pour inspirer nos futures d\u00e9couvertes culinaires de haut vol ? Des tables qui subliment la gastronomie belge aux jeunes chefs de l\u2019ann\u00e9e, les laur\u00e9ats de la prestigieuse cuv\u00e9e 2025 du Gault&amp;Millau rejoignent nos adresses phares \u00e0 d\u00e9couvrir sans plus tarder.","protected":false},"author":30,"featured_media":140542,"comment_status":"closed","ping_status":"closed","sticky":false,"template":"","format":"standard","meta":{"_acf_changed":false,"footnotes":""},"categories":[30,67],"tags":[838],"class_list":["post-140538","post","type-post","status-publish","format-standard","has-post-thumbnail","hentry","category-hotspots","category-lifestyle","tag-restaurant"],"acf":[],"_yoast_wpseo_title":null,"_yoast_wpseo_metadesc":"Entre tables embl\u00e9matiques de la gastronomie belge et jeunes talents, la cuv\u00e9e 2025 du Gault&Millau nous d\u00e9voile les adresses \u00e0 d\u00e9couvrir sans plus tarder.","image_verticale":"140539","yoast_head":"<!-- This site is optimized with the Yoast SEO plugin v27.3 - https:\/\/yoast.com\/product\/yoast-seo-wordpress\/ -->\n<title>Gault&amp;Millau\u00a0: 8 adresses r\u00e9compens\u00e9es par l\u2019\u00e9dition 2025 qu\u2019on se languit de tester - Marie Claire Belgique<\/title>\n<meta name=\"description\" content=\"Entre tables embl\u00e9matiques de la gastronomie belge et jeunes talents, la cuv\u00e9e 2025 du Gault&amp;Millau nous d\u00e9voile les adresses \u00e0 d\u00e9couvrir sans plus tarder.\" \/>\n<meta name=\"robots\" content=\"index, follow, max-snippet:-1, max-image-preview:large, max-video-preview:-1\" \/>\n<link rel=\"canonical\" href=\"https:\/\/marieclaire.be\/fr\/gaultmillau-restaurant-recompenses-2025\/\" \/>\n<link rel=\"next\" href=\"https:\/\/marieclaire.be\/fr\/gaultmillau-restaurant-recompenses-2025\/2\/\" \/>\n<meta property=\"og:locale\" content=\"fr_FR\" \/>\n<meta property=\"og:type\" content=\"article\" \/>\n<meta property=\"og:title\" content=\"Gault&amp;Millau\u00a0: 8 adresses r\u00e9compens\u00e9es par l\u2019\u00e9dition 2025 qu\u2019on se languit de tester - Marie Claire Belgique\" \/>\n<meta property=\"og:description\" content=\"Entre tables embl\u00e9matiques de la gastronomie belge et jeunes talents, la cuv\u00e9e 2025 du Gault&amp;Millau nous d\u00e9voile les adresses \u00e0 d\u00e9couvrir sans plus tarder.\" \/>\n<meta property=\"og:url\" content=\"https:\/\/marieclaire.be\/fr\/gaultmillau-restaurant-recompenses-2025\/\" \/>\n<meta property=\"og:site_name\" content=\"Marie Claire Belgique\" \/>\n<meta property=\"article:publisher\" content=\"https:\/\/www.facebook.com\/MarieClaire.Belgique\/\" \/>\n<meta property=\"article:published_time\" content=\"2025-03-31T05:51:47+00:00\" \/>\n<meta property=\"article:modified_time\" content=\"2025-03-31T08:45:55+00:00\" \/>\n<meta property=\"og:image\" content=\"https:\/\/marieclaire.be\/fr\/wp-content\/uploads\/2025\/01\/restos-gault.png\" \/>\n\t<meta property=\"og:image:width\" content=\"1200\" \/>\n\t<meta property=\"og:image:height\" content=\"628\" \/>\n\t<meta property=\"og:image:type\" content=\"image\/png\" \/>\n<meta name=\"author\" content=\"Malvine Sevrin\" \/>\n<meta name=\"twitter:label1\" content=\"\u00c9crit par\" \/>\n\t<meta name=\"twitter:data1\" content=\"Malvine Sevrin\" \/>\n\t<meta name=\"twitter:label2\" content=\"Dur\u00e9e de lecture estim\u00e9e\" \/>\n\t<meta name=\"twitter:data2\" content=\"4 minutes\" \/>\n<script type=\"application\/ld+json\" class=\"yoast-schema-graph\">{\"@context\":\"https:\\\/\\\/schema.org\",\"@graph\":[{\"@type\":\"NewsArticle\",\"@id\":\"https:\\\/\\\/marieclaire.be\\\/fr\\\/gaultmillau-restaurant-recompenses-2025\\\/#article\",\"isPartOf\":{\"@id\":\"https:\\\/\\\/marieclaire.be\\\/fr\\\/gaultmillau-restaurant-recompenses-2025\\\/\"},\"author\":{\"name\":\"Malvine Sevrin\",\"@id\":\"https:\\\/\\\/marieclaire.be\\\/fr\\\/#\\\/schema\\\/person\\\/c71bd7a8c3e622513c7531a39292a34e\"},\"headline\":\"Gault&#038;Millau\u00a0: 8 adresses r\u00e9compens\u00e9es par l\u2019\u00e9dition 2025 qu\u2019on se languit de tester\",\"datePublished\":\"2025-03-31T05:51:47+00:00\",\"dateModified\":\"2025-03-31T08:45:55+00:00\",\"mainEntityOfPage\":{\"@id\":\"https:\\\/\\\/marieclaire.be\\\/fr\\\/gaultmillau-restaurant-recompenses-2025\\\/\"},\"wordCount\":809,\"publisher\":{\"@id\":\"https:\\\/\\\/marieclaire.be\\\/fr\\\/#organization\"},\"image\":{\"@id\":\"https:\\\/\\\/marieclaire.be\\\/fr\\\/gaultmillau-restaurant-recompenses-2025\\\/#primaryimage\"},\"thumbnailUrl\":\"https:\\\/\\\/marieclaire.be\\\/fr\\\/wp-content\\\/uploads\\\/2025\\\/01\\\/restos-gault.png\",\"keywords\":[\"restaurant\"],\"articleSection\":[\"Hotspots\",\"Lifestyle\"],\"inLanguage\":\"fr-FR\"},{\"@type\":\"WebPage\",\"@id\":\"https:\\\/\\\/marieclaire.be\\\/fr\\\/gaultmillau-restaurant-recompenses-2025\\\/\",\"url\":\"https:\\\/\\\/marieclaire.be\\\/fr\\\/gaultmillau-restaurant-recompenses-2025\\\/\",\"name\":\"Gault&Millau\u00a0: 8 adresses r\u00e9compens\u00e9es par l\u2019\u00e9dition 2025 qu\u2019on se languit de tester - Marie Claire Belgique\",\"isPartOf\":{\"@id\":\"https:\\\/\\\/marieclaire.be\\\/fr\\\/#website\"},\"primaryImageOfPage\":{\"@id\":\"https:\\\/\\\/marieclaire.be\\\/fr\\\/gaultmillau-restaurant-recompenses-2025\\\/#primaryimage\"},\"image\":{\"@id\":\"https:\\\/\\\/marieclaire.be\\\/fr\\\/gaultmillau-restaurant-recompenses-2025\\\/#primaryimage\"},\"thumbnailUrl\":\"https:\\\/\\\/marieclaire.be\\\/fr\\\/wp-content\\\/uploads\\\/2025\\\/01\\\/restos-gault.png\",\"datePublished\":\"2025-03-31T05:51:47+00:00\",\"dateModified\":\"2025-03-31T08:45:55+00:00\",\"description\":\"Entre tables embl\u00e9matiques de la gastronomie belge et jeunes talents, la cuv\u00e9e 2025 du Gault&Millau nous d\u00e9voile les adresses \u00e0 d\u00e9couvrir sans plus tarder.\",\"inLanguage\":\"fr-FR\",\"potentialAction\":[{\"@type\":\"ReadAction\",\"target\":[\"https:\\\/\\\/marieclaire.be\\\/fr\\\/gaultmillau-restaurant-recompenses-2025\\\/\"]}]},{\"@type\":\"ImageObject\",\"inLanguage\":\"fr-FR\",\"@id\":\"https:\\\/\\\/marieclaire.be\\\/fr\\\/gaultmillau-restaurant-recompenses-2025\\\/#primaryimage\",\"url\":\"https:\\\/\\\/marieclaire.be\\\/fr\\\/wp-content\\\/uploads\\\/2025\\\/01\\\/restos-gault.png\",\"contentUrl\":\"https:\\\/\\\/marieclaire.be\\\/fr\\\/wp-content\\\/uploads\\\/2025\\\/01\\\/restos-gault.png\",\"width\":1200,\"height\":628,\"caption\":\"Restaurant Nebo\"},{\"@type\":\"WebSite\",\"@id\":\"https:\\\/\\\/marieclaire.be\\\/fr\\\/#website\",\"url\":\"https:\\\/\\\/marieclaire.be\\\/fr\\\/\",\"name\":\"Marie Claire Belgique\",\"description\":\"Marie Claire Belgique, le magazine du style et de l\u2019intelligence qui parle de mode, des tendances, de la beaut\u00e9, de l\u2019actualit\u00e9 et de la culture\",\"publisher\":{\"@id\":\"https:\\\/\\\/marieclaire.be\\\/fr\\\/#organization\"},\"potentialAction\":[{\"@type\":\"SearchAction\",\"target\":{\"@type\":\"EntryPoint\",\"urlTemplate\":\"https:\\\/\\\/marieclaire.be\\\/fr\\\/?s={search_term_string}\"},\"query-input\":{\"@type\":\"PropertyValueSpecification\",\"valueRequired\":true,\"valueName\":\"search_term_string\"}}],\"inLanguage\":\"fr-FR\"},{\"@type\":\"Organization\",\"@id\":\"https:\\\/\\\/marieclaire.be\\\/fr\\\/#organization\",\"name\":\"Marie Claire\",\"url\":\"https:\\\/\\\/marieclaire.be\\\/fr\\\/\",\"logo\":{\"@type\":\"ImageObject\",\"inLanguage\":\"fr-FR\",\"@id\":\"https:\\\/\\\/marieclaire.be\\\/fr\\\/#\\\/schema\\\/logo\\\/image\\\/\",\"url\":\"https:\\\/\\\/marieclaire.be\\\/fr\\\/wp-content\\\/uploads\\\/2018\\\/05\\\/mc-logo2.png\",\"contentUrl\":\"https:\\\/\\\/marieclaire.be\\\/fr\\\/wp-content\\\/uploads\\\/2018\\\/05\\\/mc-logo2.png\",\"width\":1001,\"height\":189,\"caption\":\"Marie Claire\"},\"image\":{\"@id\":\"https:\\\/\\\/marieclaire.be\\\/fr\\\/#\\\/schema\\\/logo\\\/image\\\/\"},\"sameAs\":[\"https:\\\/\\\/www.facebook.com\\\/MarieClaire.Belgique\\\/\",\"https:\\\/\\\/www.instagram.com\\\/marieclaire_belgique\\\/\",\"https:\\\/\\\/fr.pinterest.com\\\/marieclairebe\\\/\",\"https:\\\/\\\/www.youtube.com\\\/user\\\/BelgiumMarieClaire\"]},{\"@type\":\"Person\",\"@id\":\"https:\\\/\\\/marieclaire.be\\\/fr\\\/#\\\/schema\\\/person\\\/c71bd7a8c3e622513c7531a39292a34e\",\"name\":\"Malvine Sevrin\",\"image\":{\"@type\":\"ImageObject\",\"inLanguage\":\"fr-FR\",\"@id\":\"https:\\\/\\\/marieclaire.be\\\/fr\\\/wp-content\\\/uploads\\\/2017\\\/05\\\/capture-decran-2024-02-13-a-145920-96x96.png\",\"url\":\"https:\\\/\\\/marieclaire.be\\\/fr\\\/wp-content\\\/uploads\\\/2017\\\/05\\\/capture-decran-2024-02-13-a-145920-96x96.png\",\"contentUrl\":\"https:\\\/\\\/marieclaire.be\\\/fr\\\/wp-content\\\/uploads\\\/2017\\\/05\\\/capture-decran-2024-02-13-a-145920-96x96.png\",\"caption\":\"Malvine Sevrin\"},\"description\":\"Des podiums parisiens aux derni\u00e8res nouveaut\u00e9s skincare qui enflamment TikTok, je d\u00e9crypte les tendances pour Marie Claire Belgique. Passionn\u00e9e de voyage, de mode et de beaut\u00e9, je partage mes coups de coeur d\u00e9nich\u00e9s aux quatre coins du globe. En tant que r\u00e9dactrice en chef digital, j'ai \u00e9galement \u00e0 coeur de mettre en lumi\u00e8re les histoires inspirantes de femmes \u00e0 travers notre site et sur nos r\u00e9seaux sociaux.\",\"sameAs\":[\"https:\\\/\\\/www.instagram.com\\\/malvinesev\\\/\"],\"url\":\"https:\\\/\\\/marieclaire.be\\\/fr\\\/author\\\/malvine\\\/\"}]}<\/script>\n<!-- \/ Yoast SEO plugin. -->","yoast_head_json":{"title":"Gault&Millau\u00a0: 8 adresses r\u00e9compens\u00e9es par l\u2019\u00e9dition 2025 qu\u2019on se languit de tester - Marie Claire Belgique","description":"Entre tables embl\u00e9matiques de la gastronomie belge et jeunes talents, la cuv\u00e9e 2025 du Gault&Millau nous d\u00e9voile les adresses \u00e0 d\u00e9couvrir sans plus tarder.","robots":{"index":"index","follow":"follow","max-snippet":"max-snippet:-1","max-image-preview":"max-image-preview:large","max-video-preview":"max-video-preview:-1"},"canonical":"https:\/\/marieclaire.be\/fr\/gaultmillau-restaurant-recompenses-2025\/","next":"https:\/\/marieclaire.be\/fr\/gaultmillau-restaurant-recompenses-2025\/2\/","og_locale":"fr_FR","og_type":"article","og_title":"Gault&Millau\u00a0: 8 adresses r\u00e9compens\u00e9es par l\u2019\u00e9dition 2025 qu\u2019on se languit de tester - Marie Claire Belgique","og_description":"Entre tables embl\u00e9matiques de la gastronomie belge et jeunes talents, la cuv\u00e9e 2025 du Gault&Millau nous d\u00e9voile les adresses \u00e0 d\u00e9couvrir sans plus tarder.","og_url":"https:\/\/marieclaire.be\/fr\/gaultmillau-restaurant-recompenses-2025\/","og_site_name":"Marie Claire Belgique","article_publisher":"https:\/\/www.facebook.com\/MarieClaire.Belgique\/","article_published_time":"2025-03-31T05:51:47+00:00","article_modified_time":"2025-03-31T08:45:55+00:00","og_image":[{"width":1200,"height":628,"url":"https:\/\/marieclaire.be\/fr\/wp-content\/uploads\/2025\/01\/restos-gault.png","type":"image\/png"}],"author":"Malvine Sevrin","twitter_misc":{"\u00c9crit par":"Malvine Sevrin","Dur\u00e9e de lecture estim\u00e9e":"4 minutes"},"schema":{"@context":"https:\/\/schema.org","@graph":[{"@type":"NewsArticle","@id":"https:\/\/marieclaire.be\/fr\/gaultmillau-restaurant-recompenses-2025\/#article","isPartOf":{"@id":"https:\/\/marieclaire.be\/fr\/gaultmillau-restaurant-recompenses-2025\/"},"author":{"name":"Malvine Sevrin","@id":"https:\/\/marieclaire.be\/fr\/#\/schema\/person\/c71bd7a8c3e622513c7531a39292a34e"},"headline":"Gault&#038;Millau\u00a0: 8 adresses r\u00e9compens\u00e9es par l\u2019\u00e9dition 2025 qu\u2019on se languit de tester","datePublished":"2025-03-31T05:51:47+00:00","dateModified":"2025-03-31T08:45:55+00:00","mainEntityOfPage":{"@id":"https:\/\/marieclaire.be\/fr\/gaultmillau-restaurant-recompenses-2025\/"},"wordCount":809,"publisher":{"@id":"https:\/\/marieclaire.be\/fr\/#organization"},"image":{"@id":"https:\/\/marieclaire.be\/fr\/gaultmillau-restaurant-recompenses-2025\/#primaryimage"},"thumbnailUrl":"https:\/\/marieclaire.be\/fr\/wp-content\/uploads\/2025\/01\/restos-gault.png","keywords":["restaurant"],"articleSection":["Hotspots","Lifestyle"],"inLanguage":"fr-FR"},{"@type":"WebPage","@id":"https:\/\/marieclaire.be\/fr\/gaultmillau-restaurant-recompenses-2025\/","url":"https:\/\/marieclaire.be\/fr\/gaultmillau-restaurant-recompenses-2025\/","name":"Gault&Millau\u00a0: 8 adresses r\u00e9compens\u00e9es par l\u2019\u00e9dition 2025 qu\u2019on se languit de tester - Marie Claire Belgique","isPartOf":{"@id":"https:\/\/marieclaire.be\/fr\/#website"},"primaryImageOfPage":{"@id":"https:\/\/marieclaire.be\/fr\/gaultmillau-restaurant-recompenses-2025\/#primaryimage"},"image":{"@id":"https:\/\/marieclaire.be\/fr\/gaultmillau-restaurant-recompenses-2025\/#primaryimage"},"thumbnailUrl":"https:\/\/marieclaire.be\/fr\/wp-content\/uploads\/2025\/01\/restos-gault.png","datePublished":"2025-03-31T05:51:47+00:00","dateModified":"2025-03-31T08:45:55+00:00","description":"Entre tables embl\u00e9matiques de la gastronomie belge et jeunes talents, la cuv\u00e9e 2025 du Gault&Millau nous d\u00e9voile les adresses \u00e0 d\u00e9couvrir sans plus tarder.","inLanguage":"fr-FR","potentialAction":[{"@type":"ReadAction","target":["https:\/\/marieclaire.be\/fr\/gaultmillau-restaurant-recompenses-2025\/"]}]},{"@type":"ImageObject","inLanguage":"fr-FR","@id":"https:\/\/marieclaire.be\/fr\/gaultmillau-restaurant-recompenses-2025\/#primaryimage","url":"https:\/\/marieclaire.be\/fr\/wp-content\/uploads\/2025\/01\/restos-gault.png","contentUrl":"https:\/\/marieclaire.be\/fr\/wp-content\/uploads\/2025\/01\/restos-gault.png","width":1200,"height":628,"caption":"Restaurant Nebo"},{"@type":"WebSite","@id":"https:\/\/marieclaire.be\/fr\/#website","url":"https:\/\/marieclaire.be\/fr\/","name":"Marie Claire Belgique","description":"Marie Claire Belgique, le magazine du style et de l\u2019intelligence qui parle de mode, des tendances, de la beaut\u00e9, de l\u2019actualit\u00e9 et de la culture","publisher":{"@id":"https:\/\/marieclaire.be\/fr\/#organization"},"potentialAction":[{"@type":"SearchAction","target":{"@type":"EntryPoint","urlTemplate":"https:\/\/marieclaire.be\/fr\/?s={search_term_string}"},"query-input":{"@type":"PropertyValueSpecification","valueRequired":true,"valueName":"search_term_string"}}],"inLanguage":"fr-FR"},{"@type":"Organization","@id":"https:\/\/marieclaire.be\/fr\/#organization","name":"Marie Claire","url":"https:\/\/marieclaire.be\/fr\/","logo":{"@type":"ImageObject","inLanguage":"fr-FR","@id":"https:\/\/marieclaire.be\/fr\/#\/schema\/logo\/image\/","url":"https:\/\/marieclaire.be\/fr\/wp-content\/uploads\/2018\/05\/mc-logo2.png","contentUrl":"https:\/\/marieclaire.be\/fr\/wp-content\/uploads\/2018\/05\/mc-logo2.png","width":1001,"height":189,"caption":"Marie Claire"},"image":{"@id":"https:\/\/marieclaire.be\/fr\/#\/schema\/logo\/image\/"},"sameAs":["https:\/\/www.facebook.com\/MarieClaire.Belgique\/","https:\/\/www.instagram.com\/marieclaire_belgique\/","https:\/\/fr.pinterest.com\/marieclairebe\/","https:\/\/www.youtube.com\/user\/BelgiumMarieClaire"]},{"@type":"Person","@id":"https:\/\/marieclaire.be\/fr\/#\/schema\/person\/c71bd7a8c3e622513c7531a39292a34e","name":"Malvine Sevrin","image":{"@type":"ImageObject","inLanguage":"fr-FR","@id":"https:\/\/marieclaire.be\/fr\/wp-content\/uploads\/2017\/05\/capture-decran-2024-02-13-a-145920-96x96.png","url":"https:\/\/marieclaire.be\/fr\/wp-content\/uploads\/2017\/05\/capture-decran-2024-02-13-a-145920-96x96.png","contentUrl":"https:\/\/marieclaire.be\/fr\/wp-content\/uploads\/2017\/05\/capture-decran-2024-02-13-a-145920-96x96.png","caption":"Malvine Sevrin"},"description":"Des podiums parisiens aux derni\u00e8res nouveaut\u00e9s skincare qui enflamment TikTok, je d\u00e9crypte les tendances pour Marie Claire Belgique. Passionn\u00e9e de voyage, de mode et de beaut\u00e9, je partage mes coups de coeur d\u00e9nich\u00e9s aux quatre coins du globe. En tant que r\u00e9dactrice en chef digital, j'ai \u00e9galement \u00e0 coeur de mettre en lumi\u00e8re les histoires inspirantes de femmes \u00e0 travers notre site et sur nos r\u00e9seaux sociaux.","sameAs":["https:\/\/www.instagram.com\/malvinesev\/"],"url":"https:\/\/marieclaire.be\/fr\/author\/malvine\/"}]}},"_links":{"self":[{"href":"https:\/\/marieclaire.be\/fr\/wp-json\/wp\/v2\/posts\/140538","targetHints":{"allow":["GET"]}}],"collection":[{"href":"https:\/\/marieclaire.be\/fr\/wp-json\/wp\/v2\/posts"}],"about":[{"href":"https:\/\/marieclaire.be\/fr\/wp-json\/wp\/v2\/types\/post"}],"author":[{"embeddable":true,"href":"https:\/\/marieclaire.be\/fr\/wp-json\/wp\/v2\/users\/30"}],"replies":[{"embeddable":true,"href":"https:\/\/marieclaire.be\/fr\/wp-json\/wp\/v2\/comments?post=140538"}],"version-history":[{"count":5,"href":"https:\/\/marieclaire.be\/fr\/wp-json\/wp\/v2\/posts\/140538\/revisions"}],"predecessor-version":[{"id":140545,"href":"https:\/\/marieclaire.be\/fr\/wp-json\/wp\/v2\/posts\/140538\/revisions\/140545"}],"wp:featuredmedia":[{"embeddable":true,"href":"https:\/\/marieclaire.be\/fr\/wp-json\/wp\/v2\/media\/140542"}],"wp:attachment":[{"href":"https:\/\/marieclaire.be\/fr\/wp-json\/wp\/v2\/media?parent=140538"}],"wp:term":[{"taxonomy":"category","embeddable":true,"href":"https:\/\/marieclaire.be\/fr\/wp-json\/wp\/v2\/categories?post=140538"},{"taxonomy":"post_tag","embeddable":true,"href":"https:\/\/marieclaire.be\/fr\/wp-json\/wp\/v2\/tags?post=140538"}],"curies":[{"name":"wp","href":"https:\/\/api.w.org\/{rel}","templated":true}]}}