{"id":14016,"date":"2017-04-28T13:17:04","date_gmt":"2017-04-28T11:17:04","guid":{"rendered":"http:\/\/marieclaire.be\/fr\/?p=14016"},"modified":"2017-04-28T11:49:28","modified_gmt":"2017-04-28T09:49:28","slug":"hermes-carre-de-soie-hermesmatic","status":"publish","type":"post","link":"https:\/\/marieclaire.be\/fr\/hermes-carre-de-soie-hermesmatic\/","title":{"rendered":"Herm\u00e8s offre un bain de jouvence \u00e0 notre carr\u00e9 de soie"},"content":{"rendered":"","protected":false},"excerpt":{"rendered":"Vous r\u00eaviez d&#8217;offrir une seconde jeunesse \u00e0 votre carr\u00e9 de soie Herm\u00e8s ? Gr\u00e2ce \u00e0 la &#8220;Herm\u00e8smatic&#8221; c&#8217;est d\u00e9sormais possible. ...","protected":false},"author":30,"featured_media":14017,"comment_status":"closed","ping_status":"open","sticky":false,"template":"","format":"standard","meta":{"_acf_changed":false,"footnotes":""},"categories":[30],"tags":[1336,1475,122,552],"class_list":["post-14016","post","type-post","status-publish","format-standard","has-post-thumbnail","hentry","category-hotspots","tag-hermes","tag-hermesmatic","tag-mode","tag-pop-up"],"acf":[],"_yoast_wpseo_title":null,"_yoast_wpseo_metadesc":"Vous r\u00eaviez d'offrir une seconde jeunesse \u00e0 votre carr\u00e9 de soie Herm\u00e8s ? Gr\u00e2ce \u00e0 la \"Herm\u00e8smatic\" c'est d\u00e9sormais possible. \u00c0 vos marques, pr\u00eat, teintez !","image_verticale":null,"yoast_head":"<!-- This site is optimized with the Yoast SEO plugin v27.3 - https:\/\/yoast.com\/product\/yoast-seo-wordpress\/ -->\n<title>Herm\u00e8s offre un bain de jouvence \u00e0 notre carr\u00e9 de soie - Marie Claire Belgique<\/title>\n<meta name=\"description\" content=\"Vous r\u00eaviez d&#039;offrir une seconde jeunesse \u00e0 votre carr\u00e9 de soie Herm\u00e8s ? Gr\u00e2ce \u00e0 la &quot;Herm\u00e8smatic&quot; c&#039;est d\u00e9sormais possible. \u00c0 vos marques, pr\u00eat, teintez !\" \/>\n<meta name=\"robots\" content=\"index, follow, max-snippet:-1, max-image-preview:large, max-video-preview:-1\" \/>\n<link rel=\"canonical\" href=\"https:\/\/marieclaire.be\/fr\/hermes-carre-de-soie-hermesmatic\/\" \/>\n<meta property=\"og:locale\" content=\"fr_FR\" \/>\n<meta property=\"og:type\" content=\"article\" \/>\n<meta property=\"og:title\" content=\"Herm\u00e8s offre un bain de jouvence \u00e0 notre carr\u00e9 de soie - Marie Claire Belgique\" \/>\n<meta property=\"og:description\" content=\"Vous r\u00eaviez d&#039;offrir une seconde jeunesse \u00e0 votre carr\u00e9 de soie Herm\u00e8s ? Gr\u00e2ce \u00e0 la &quot;Herm\u00e8smatic&quot; c&#039;est d\u00e9sormais possible. \u00c0 vos marques, pr\u00eat, teintez !\" \/>\n<meta property=\"og:url\" content=\"https:\/\/marieclaire.be\/fr\/hermes-carre-de-soie-hermesmatic\/\" \/>\n<meta property=\"og:site_name\" content=\"Marie Claire Belgique\" \/>\n<meta property=\"article:publisher\" content=\"https:\/\/www.facebook.com\/MarieClaire.Belgique\/\" \/>\n<meta property=\"article:published_time\" content=\"2017-04-28T11:17:04+00:00\" \/>\n<meta property=\"og:image\" content=\"https:\/\/marieclaire.be\/fr\/wp-content\/uploads\/2017\/04\/marieclaire_hermes.jpg\" \/>\n\t<meta property=\"og:image:width\" content=\"690\" \/>\n\t<meta property=\"og:image:height\" content=\"361\" \/>\n\t<meta property=\"og:image:type\" content=\"image\/jpeg\" \/>\n<meta name=\"author\" content=\"Malvine Sevrin\" \/>\n<meta name=\"twitter:label1\" content=\"\u00c9crit par\" \/>\n\t<meta name=\"twitter:data1\" content=\"Malvine Sevrin\" \/>\n\t<meta name=\"twitter:label2\" content=\"Dur\u00e9e de lecture estim\u00e9e\" \/>\n\t<meta name=\"twitter:data2\" content=\"1 minute\" \/>\n<script type=\"application\/ld+json\" class=\"yoast-schema-graph\">{\"@context\":\"https:\\\/\\\/schema.org\",\"@graph\":[{\"@type\":\"NewsArticle\",\"@id\":\"https:\\\/\\\/marieclaire.be\\\/fr\\\/hermes-carre-de-soie-hermesmatic\\\/#article\",\"isPartOf\":{\"@id\":\"https:\\\/\\\/marieclaire.be\\\/fr\\\/hermes-carre-de-soie-hermesmatic\\\/\"},\"author\":{\"name\":\"Malvine Sevrin\",\"@id\":\"https:\\\/\\\/marieclaire.be\\\/fr\\\/#\\\/schema\\\/person\\\/c71bd7a8c3e622513c7531a39292a34e\"},\"headline\":\"Herm\u00e8s offre un bain de jouvence \u00e0 notre carr\u00e9 de soie\",\"datePublished\":\"2017-04-28T11:17:04+00:00\",\"mainEntityOfPage\":{\"@id\":\"https:\\\/\\\/marieclaire.be\\\/fr\\\/hermes-carre-de-soie-hermesmatic\\\/\"},\"wordCount\":211,\"publisher\":{\"@id\":\"https:\\\/\\\/marieclaire.be\\\/fr\\\/#organization\"},\"image\":{\"@id\":\"https:\\\/\\\/marieclaire.be\\\/fr\\\/hermes-carre-de-soie-hermesmatic\\\/#primaryimage\"},\"thumbnailUrl\":\"https:\\\/\\\/marieclaire.be\\\/fr\\\/wp-content\\\/uploads\\\/2017\\\/04\\\/marieclaire_hermes.jpg\",\"keywords\":[\"Herm\u00e8s\",\"Herm\u00e8smatic\",\"mode\",\"Pop Up\"],\"articleSection\":[\"Hotspots\"],\"inLanguage\":\"fr-FR\"},{\"@type\":\"WebPage\",\"@id\":\"https:\\\/\\\/marieclaire.be\\\/fr\\\/hermes-carre-de-soie-hermesmatic\\\/\",\"url\":\"https:\\\/\\\/marieclaire.be\\\/fr\\\/hermes-carre-de-soie-hermesmatic\\\/\",\"name\":\"Herm\u00e8s offre un bain de jouvence \u00e0 notre carr\u00e9 de soie - Marie Claire Belgique\",\"isPartOf\":{\"@id\":\"https:\\\/\\\/marieclaire.be\\\/fr\\\/#website\"},\"primaryImageOfPage\":{\"@id\":\"https:\\\/\\\/marieclaire.be\\\/fr\\\/hermes-carre-de-soie-hermesmatic\\\/#primaryimage\"},\"image\":{\"@id\":\"https:\\\/\\\/marieclaire.be\\\/fr\\\/hermes-carre-de-soie-hermesmatic\\\/#primaryimage\"},\"thumbnailUrl\":\"https:\\\/\\\/marieclaire.be\\\/fr\\\/wp-content\\\/uploads\\\/2017\\\/04\\\/marieclaire_hermes.jpg\",\"datePublished\":\"2017-04-28T11:17:04+00:00\",\"description\":\"Vous r\u00eaviez d'offrir une seconde jeunesse \u00e0 votre carr\u00e9 de soie Herm\u00e8s ? Gr\u00e2ce \u00e0 la \\\"Herm\u00e8smatic\\\" c'est d\u00e9sormais possible. \u00c0 vos marques, pr\u00eat, teintez !\",\"breadcrumb\":{\"@id\":\"https:\\\/\\\/marieclaire.be\\\/fr\\\/hermes-carre-de-soie-hermesmatic\\\/#breadcrumb\"},\"inLanguage\":\"fr-FR\",\"potentialAction\":[{\"@type\":\"ReadAction\",\"target\":[\"https:\\\/\\\/marieclaire.be\\\/fr\\\/hermes-carre-de-soie-hermesmatic\\\/\"]}]},{\"@type\":\"ImageObject\",\"inLanguage\":\"fr-FR\",\"@id\":\"https:\\\/\\\/marieclaire.be\\\/fr\\\/hermes-carre-de-soie-hermesmatic\\\/#primaryimage\",\"url\":\"https:\\\/\\\/marieclaire.be\\\/fr\\\/wp-content\\\/uploads\\\/2017\\\/04\\\/marieclaire_hermes.jpg\",\"contentUrl\":\"https:\\\/\\\/marieclaire.be\\\/fr\\\/wp-content\\\/uploads\\\/2017\\\/04\\\/marieclaire_hermes.jpg\",\"width\":690,\"height\":361,\"caption\":\"Herm\u00e8s\"},{\"@type\":\"BreadcrumbList\",\"@id\":\"https:\\\/\\\/marieclaire.be\\\/fr\\\/hermes-carre-de-soie-hermesmatic\\\/#breadcrumb\",\"itemListElement\":[{\"@type\":\"ListItem\",\"position\":1,\"name\":\"Accueil\",\"item\":\"https:\\\/\\\/marieclaire.be\\\/fr\\\/\"},{\"@type\":\"ListItem\",\"position\":2,\"name\":\"Herm\u00e8s offre un bain de jouvence \u00e0 notre carr\u00e9 de soie\"}]},{\"@type\":\"WebSite\",\"@id\":\"https:\\\/\\\/marieclaire.be\\\/fr\\\/#website\",\"url\":\"https:\\\/\\\/marieclaire.be\\\/fr\\\/\",\"name\":\"Marie Claire Belgique\",\"description\":\"Marie Claire Belgique, le magazine du style et de l\u2019intelligence qui parle de mode, des tendances, de la beaut\u00e9, de l\u2019actualit\u00e9 et de la culture\",\"publisher\":{\"@id\":\"https:\\\/\\\/marieclaire.be\\\/fr\\\/#organization\"},\"potentialAction\":[{\"@type\":\"SearchAction\",\"target\":{\"@type\":\"EntryPoint\",\"urlTemplate\":\"https:\\\/\\\/marieclaire.be\\\/fr\\\/?s={search_term_string}\"},\"query-input\":{\"@type\":\"PropertyValueSpecification\",\"valueRequired\":true,\"valueName\":\"search_term_string\"}}],\"inLanguage\":\"fr-FR\"},{\"@type\":\"Organization\",\"@id\":\"https:\\\/\\\/marieclaire.be\\\/fr\\\/#organization\",\"name\":\"Marie Claire\",\"url\":\"https:\\\/\\\/marieclaire.be\\\/fr\\\/\",\"logo\":{\"@type\":\"ImageObject\",\"inLanguage\":\"fr-FR\",\"@id\":\"https:\\\/\\\/marieclaire.be\\\/fr\\\/#\\\/schema\\\/logo\\\/image\\\/\",\"url\":\"https:\\\/\\\/marieclaire.be\\\/fr\\\/wp-content\\\/uploads\\\/2018\\\/05\\\/mc-logo2.png\",\"contentUrl\":\"https:\\\/\\\/marieclaire.be\\\/fr\\\/wp-content\\\/uploads\\\/2018\\\/05\\\/mc-logo2.png\",\"width\":1001,\"height\":189,\"caption\":\"Marie Claire\"},\"image\":{\"@id\":\"https:\\\/\\\/marieclaire.be\\\/fr\\\/#\\\/schema\\\/logo\\\/image\\\/\"},\"sameAs\":[\"https:\\\/\\\/www.facebook.com\\\/MarieClaire.Belgique\\\/\",\"https:\\\/\\\/www.instagram.com\\\/marieclaire_belgique\\\/\",\"https:\\\/\\\/fr.pinterest.com\\\/marieclairebe\\\/\",\"https:\\\/\\\/www.youtube.com\\\/user\\\/BelgiumMarieClaire\"]},{\"@type\":\"Person\",\"@id\":\"https:\\\/\\\/marieclaire.be\\\/fr\\\/#\\\/schema\\\/person\\\/c71bd7a8c3e622513c7531a39292a34e\",\"name\":\"Malvine Sevrin\",\"image\":{\"@type\":\"ImageObject\",\"inLanguage\":\"fr-FR\",\"@id\":\"https:\\\/\\\/marieclaire.be\\\/fr\\\/wp-content\\\/uploads\\\/2017\\\/05\\\/capture-decran-2024-02-13-a-145920-96x96.png\",\"url\":\"https:\\\/\\\/marieclaire.be\\\/fr\\\/wp-content\\\/uploads\\\/2017\\\/05\\\/capture-decran-2024-02-13-a-145920-96x96.png\",\"contentUrl\":\"https:\\\/\\\/marieclaire.be\\\/fr\\\/wp-content\\\/uploads\\\/2017\\\/05\\\/capture-decran-2024-02-13-a-145920-96x96.png\",\"caption\":\"Malvine Sevrin\"},\"description\":\"Des podiums parisiens aux derni\u00e8res nouveaut\u00e9s skincare qui enflamment TikTok, je d\u00e9crypte les tendances pour Marie Claire Belgique. Passionn\u00e9e de voyage, de mode et de beaut\u00e9, je partage mes coups de coeur d\u00e9nich\u00e9s aux quatre coins du globe. En tant que r\u00e9dactrice en chef digital, j'ai \u00e9galement \u00e0 coeur de mettre en lumi\u00e8re les histoires inspirantes de femmes \u00e0 travers notre site et sur nos r\u00e9seaux sociaux.\",\"sameAs\":[\"https:\\\/\\\/www.instagram.com\\\/malvinesev\\\/\"],\"url\":\"https:\\\/\\\/marieclaire.be\\\/fr\\\/author\\\/malvine\\\/\"}]}<\/script>\n<!-- \/ Yoast SEO plugin. -->","yoast_head_json":{"title":"Herm\u00e8s offre un bain de jouvence \u00e0 notre carr\u00e9 de soie - Marie Claire Belgique","description":"Vous r\u00eaviez d'offrir une seconde jeunesse \u00e0 votre carr\u00e9 de soie Herm\u00e8s ? Gr\u00e2ce \u00e0 la \"Herm\u00e8smatic\" c'est d\u00e9sormais possible. \u00c0 vos marques, pr\u00eat, teintez !","robots":{"index":"index","follow":"follow","max-snippet":"max-snippet:-1","max-image-preview":"max-image-preview:large","max-video-preview":"max-video-preview:-1"},"canonical":"https:\/\/marieclaire.be\/fr\/hermes-carre-de-soie-hermesmatic\/","og_locale":"fr_FR","og_type":"article","og_title":"Herm\u00e8s offre un bain de jouvence \u00e0 notre carr\u00e9 de soie - Marie Claire Belgique","og_description":"Vous r\u00eaviez d'offrir une seconde jeunesse \u00e0 votre carr\u00e9 de soie Herm\u00e8s ? Gr\u00e2ce \u00e0 la \"Herm\u00e8smatic\" c'est d\u00e9sormais possible. \u00c0 vos marques, pr\u00eat, teintez !","og_url":"https:\/\/marieclaire.be\/fr\/hermes-carre-de-soie-hermesmatic\/","og_site_name":"Marie Claire Belgique","article_publisher":"https:\/\/www.facebook.com\/MarieClaire.Belgique\/","article_published_time":"2017-04-28T11:17:04+00:00","og_image":[{"width":690,"height":361,"url":"https:\/\/marieclaire.be\/fr\/wp-content\/uploads\/2017\/04\/marieclaire_hermes.jpg","type":"image\/jpeg"}],"author":"Malvine Sevrin","twitter_misc":{"\u00c9crit par":"Malvine Sevrin","Dur\u00e9e de lecture estim\u00e9e":"1 minute"},"schema":{"@context":"https:\/\/schema.org","@graph":[{"@type":"NewsArticle","@id":"https:\/\/marieclaire.be\/fr\/hermes-carre-de-soie-hermesmatic\/#article","isPartOf":{"@id":"https:\/\/marieclaire.be\/fr\/hermes-carre-de-soie-hermesmatic\/"},"author":{"name":"Malvine Sevrin","@id":"https:\/\/marieclaire.be\/fr\/#\/schema\/person\/c71bd7a8c3e622513c7531a39292a34e"},"headline":"Herm\u00e8s offre un bain de jouvence \u00e0 notre carr\u00e9 de soie","datePublished":"2017-04-28T11:17:04+00:00","mainEntityOfPage":{"@id":"https:\/\/marieclaire.be\/fr\/hermes-carre-de-soie-hermesmatic\/"},"wordCount":211,"publisher":{"@id":"https:\/\/marieclaire.be\/fr\/#organization"},"image":{"@id":"https:\/\/marieclaire.be\/fr\/hermes-carre-de-soie-hermesmatic\/#primaryimage"},"thumbnailUrl":"https:\/\/marieclaire.be\/fr\/wp-content\/uploads\/2017\/04\/marieclaire_hermes.jpg","keywords":["Herm\u00e8s","Herm\u00e8smatic","mode","Pop Up"],"articleSection":["Hotspots"],"inLanguage":"fr-FR"},{"@type":"WebPage","@id":"https:\/\/marieclaire.be\/fr\/hermes-carre-de-soie-hermesmatic\/","url":"https:\/\/marieclaire.be\/fr\/hermes-carre-de-soie-hermesmatic\/","name":"Herm\u00e8s offre un bain de jouvence \u00e0 notre carr\u00e9 de soie - Marie Claire Belgique","isPartOf":{"@id":"https:\/\/marieclaire.be\/fr\/#website"},"primaryImageOfPage":{"@id":"https:\/\/marieclaire.be\/fr\/hermes-carre-de-soie-hermesmatic\/#primaryimage"},"image":{"@id":"https:\/\/marieclaire.be\/fr\/hermes-carre-de-soie-hermesmatic\/#primaryimage"},"thumbnailUrl":"https:\/\/marieclaire.be\/fr\/wp-content\/uploads\/2017\/04\/marieclaire_hermes.jpg","datePublished":"2017-04-28T11:17:04+00:00","description":"Vous r\u00eaviez d'offrir une seconde jeunesse \u00e0 votre carr\u00e9 de soie Herm\u00e8s ? Gr\u00e2ce \u00e0 la \"Herm\u00e8smatic\" c'est d\u00e9sormais possible. \u00c0 vos marques, pr\u00eat, teintez !","breadcrumb":{"@id":"https:\/\/marieclaire.be\/fr\/hermes-carre-de-soie-hermesmatic\/#breadcrumb"},"inLanguage":"fr-FR","potentialAction":[{"@type":"ReadAction","target":["https:\/\/marieclaire.be\/fr\/hermes-carre-de-soie-hermesmatic\/"]}]},{"@type":"ImageObject","inLanguage":"fr-FR","@id":"https:\/\/marieclaire.be\/fr\/hermes-carre-de-soie-hermesmatic\/#primaryimage","url":"https:\/\/marieclaire.be\/fr\/wp-content\/uploads\/2017\/04\/marieclaire_hermes.jpg","contentUrl":"https:\/\/marieclaire.be\/fr\/wp-content\/uploads\/2017\/04\/marieclaire_hermes.jpg","width":690,"height":361,"caption":"Herm\u00e8s"},{"@type":"BreadcrumbList","@id":"https:\/\/marieclaire.be\/fr\/hermes-carre-de-soie-hermesmatic\/#breadcrumb","itemListElement":[{"@type":"ListItem","position":1,"name":"Accueil","item":"https:\/\/marieclaire.be\/fr\/"},{"@type":"ListItem","position":2,"name":"Herm\u00e8s offre un bain de jouvence \u00e0 notre carr\u00e9 de soie"}]},{"@type":"WebSite","@id":"https:\/\/marieclaire.be\/fr\/#website","url":"https:\/\/marieclaire.be\/fr\/","name":"Marie Claire Belgique","description":"Marie Claire Belgique, le magazine du style et de l\u2019intelligence qui parle de mode, des tendances, de la beaut\u00e9, de l\u2019actualit\u00e9 et de la culture","publisher":{"@id":"https:\/\/marieclaire.be\/fr\/#organization"},"potentialAction":[{"@type":"SearchAction","target":{"@type":"EntryPoint","urlTemplate":"https:\/\/marieclaire.be\/fr\/?s={search_term_string}"},"query-input":{"@type":"PropertyValueSpecification","valueRequired":true,"valueName":"search_term_string"}}],"inLanguage":"fr-FR"},{"@type":"Organization","@id":"https:\/\/marieclaire.be\/fr\/#organization","name":"Marie Claire","url":"https:\/\/marieclaire.be\/fr\/","logo":{"@type":"ImageObject","inLanguage":"fr-FR","@id":"https:\/\/marieclaire.be\/fr\/#\/schema\/logo\/image\/","url":"https:\/\/marieclaire.be\/fr\/wp-content\/uploads\/2018\/05\/mc-logo2.png","contentUrl":"https:\/\/marieclaire.be\/fr\/wp-content\/uploads\/2018\/05\/mc-logo2.png","width":1001,"height":189,"caption":"Marie Claire"},"image":{"@id":"https:\/\/marieclaire.be\/fr\/#\/schema\/logo\/image\/"},"sameAs":["https:\/\/www.facebook.com\/MarieClaire.Belgique\/","https:\/\/www.instagram.com\/marieclaire_belgique\/","https:\/\/fr.pinterest.com\/marieclairebe\/","https:\/\/www.youtube.com\/user\/BelgiumMarieClaire"]},{"@type":"Person","@id":"https:\/\/marieclaire.be\/fr\/#\/schema\/person\/c71bd7a8c3e622513c7531a39292a34e","name":"Malvine Sevrin","image":{"@type":"ImageObject","inLanguage":"fr-FR","@id":"https:\/\/marieclaire.be\/fr\/wp-content\/uploads\/2017\/05\/capture-decran-2024-02-13-a-145920-96x96.png","url":"https:\/\/marieclaire.be\/fr\/wp-content\/uploads\/2017\/05\/capture-decran-2024-02-13-a-145920-96x96.png","contentUrl":"https:\/\/marieclaire.be\/fr\/wp-content\/uploads\/2017\/05\/capture-decran-2024-02-13-a-145920-96x96.png","caption":"Malvine Sevrin"},"description":"Des podiums parisiens aux derni\u00e8res nouveaut\u00e9s skincare qui enflamment TikTok, je d\u00e9crypte les tendances pour Marie Claire Belgique. Passionn\u00e9e de voyage, de mode et de beaut\u00e9, je partage mes coups de coeur d\u00e9nich\u00e9s aux quatre coins du globe. En tant que r\u00e9dactrice en chef digital, j'ai \u00e9galement \u00e0 coeur de mettre en lumi\u00e8re les histoires inspirantes de femmes \u00e0 travers notre site et sur nos r\u00e9seaux sociaux.","sameAs":["https:\/\/www.instagram.com\/malvinesev\/"],"url":"https:\/\/marieclaire.be\/fr\/author\/malvine\/"}]}},"_links":{"self":[{"href":"https:\/\/marieclaire.be\/fr\/wp-json\/wp\/v2\/posts\/14016","targetHints":{"allow":["GET"]}}],"collection":[{"href":"https:\/\/marieclaire.be\/fr\/wp-json\/wp\/v2\/posts"}],"about":[{"href":"https:\/\/marieclaire.be\/fr\/wp-json\/wp\/v2\/types\/post"}],"author":[{"embeddable":true,"href":"https:\/\/marieclaire.be\/fr\/wp-json\/wp\/v2\/users\/30"}],"replies":[{"embeddable":true,"href":"https:\/\/marieclaire.be\/fr\/wp-json\/wp\/v2\/comments?post=14016"}],"version-history":[{"count":0,"href":"https:\/\/marieclaire.be\/fr\/wp-json\/wp\/v2\/posts\/14016\/revisions"}],"wp:featuredmedia":[{"embeddable":true,"href":"https:\/\/marieclaire.be\/fr\/wp-json\/wp\/v2\/media\/14017"}],"wp:attachment":[{"href":"https:\/\/marieclaire.be\/fr\/wp-json\/wp\/v2\/media?parent=14016"}],"wp:term":[{"taxonomy":"category","embeddable":true,"href":"https:\/\/marieclaire.be\/fr\/wp-json\/wp\/v2\/categories?post=14016"},{"taxonomy":"post_tag","embeddable":true,"href":"https:\/\/marieclaire.be\/fr\/wp-json\/wp\/v2\/tags?post=14016"}],"curies":[{"name":"wp","href":"https:\/\/api.w.org\/{rel}","templated":true}]}}