{"id":139687,"date":"2024-11-04T09:00:39","date_gmt":"2024-11-04T08:00:39","guid":{"rendered":"https:\/\/marieclaire.be\/fr\/?p=139687"},"modified":"2024-12-06T11:02:18","modified_gmt":"2024-12-06T10:02:18","slug":"reequilibrer-sa-sante-grace-a-la-nutritherapie-le-microbiote-au-coeur-du-bien-etre","status":"publish","type":"post","link":"https:\/\/marieclaire.be\/fr\/reequilibrer-sa-sante-grace-a-la-nutritherapie-le-microbiote-au-coeur-du-bien-etre\/","title":{"rendered":"R\u00e9\u00e9quilibrer sa sant\u00e9 gr\u00e2ce \u00e0 la nutrith\u00e9rapie : le microbiote au c\u0153ur du bien-\u00eatre"},"content":{"rendered":"","protected":false},"excerpt":{"rendered":"Rencontre avec H\u00e9l\u00e8ne Sevrin, nutrith\u00e9rapeute et praticienne en sant\u00e9 fonctionnelle en Belgique et en France, qui nous \u00e9claire sur l\u2019importance du microbiote intestinal, ses d\u00e9s\u00e9quilibres et les solutions pour retrouver une sant\u00e9 globale et durable.","protected":false},"author":70,"featured_media":139690,"comment_status":"closed","ping_status":"closed","sticky":false,"template":"","format":"standard","meta":{"_acf_changed":false,"footnotes":""},"categories":[21,1433],"tags":[],"class_list":["post-139687","post","type-post","status-publish","format-standard","has-post-thumbnail","hentry","category-wellness","category-sante"],"acf":[],"_yoast_wpseo_title":"Nutrith\u00e9rapie et microbiote : les cl\u00e9s pour une sant\u00e9 durable avec H\u00e9l\u00e8ne Sevrin","_yoast_wpseo_metadesc":"\u00c9coute attentive, analyse approfondie et recommandations personnalis\u00e9es.","image_verticale":"","yoast_head":"<!-- This site is optimized with the Yoast SEO plugin v27.3 - https:\/\/yoast.com\/product\/yoast-seo-wordpress\/ -->\n<title>Nutrith\u00e9rapie et microbiote : les cl\u00e9s pour une sant\u00e9 durable avec H\u00e9l\u00e8ne Sevrin<\/title>\n<meta name=\"description\" content=\"\u00c9coute attentive, analyse approfondie et recommandations personnalis\u00e9es.\" \/>\n<meta name=\"robots\" content=\"index, follow, max-snippet:-1, max-image-preview:large, max-video-preview:-1\" \/>\n<link rel=\"canonical\" href=\"https:\/\/marieclaire.be\/fr\/reequilibrer-sa-sante-grace-a-la-nutritherapie-le-microbiote-au-coeur-du-bien-etre\/\" \/>\n<meta property=\"og:locale\" content=\"fr_FR\" \/>\n<meta property=\"og:type\" content=\"article\" \/>\n<meta property=\"og:title\" content=\"Nutrith\u00e9rapie et microbiote : les cl\u00e9s pour une sant\u00e9 durable avec H\u00e9l\u00e8ne Sevrin\" \/>\n<meta property=\"og:description\" content=\"\u00c9coute attentive, analyse approfondie et recommandations personnalis\u00e9es.\" \/>\n<meta property=\"og:url\" content=\"https:\/\/marieclaire.be\/fr\/reequilibrer-sa-sante-grace-a-la-nutritherapie-le-microbiote-au-coeur-du-bien-etre\/\" \/>\n<meta property=\"og:site_name\" content=\"Marie Claire Belgique\" \/>\n<meta property=\"article:publisher\" content=\"https:\/\/www.facebook.com\/MarieClaire.Belgique\/\" \/>\n<meta property=\"article:published_time\" content=\"2024-11-04T08:00:39+00:00\" \/>\n<meta property=\"article:modified_time\" content=\"2024-12-06T10:02:18+00:00\" \/>\n<meta property=\"og:image\" content=\"https:\/\/marieclaire.be\/fr\/wp-content\/uploads\/2024\/12\/helene-sevrin-03.png\" \/>\n\t<meta property=\"og:image:width\" content=\"800\" \/>\n\t<meta property=\"og:image:height\" content=\"400\" \/>\n\t<meta property=\"og:image:type\" content=\"image\/png\" \/>\n<meta name=\"author\" content=\"Marie Claire Partenaire\" \/>\n<meta name=\"twitter:label1\" content=\"\u00c9crit par\" \/>\n\t<meta name=\"twitter:data1\" content=\"Marie Claire Partenaire\" \/>\n\t<meta name=\"twitter:label2\" content=\"Dur\u00e9e de lecture estim\u00e9e\" \/>\n\t<meta name=\"twitter:data2\" content=\"4 minutes\" \/>\n<script type=\"application\/ld+json\" class=\"yoast-schema-graph\">{\"@context\":\"https:\\\/\\\/schema.org\",\"@graph\":[{\"@type\":\"NewsArticle\",\"@id\":\"https:\\\/\\\/marieclaire.be\\\/fr\\\/reequilibrer-sa-sante-grace-a-la-nutritherapie-le-microbiote-au-coeur-du-bien-etre\\\/#article\",\"isPartOf\":{\"@id\":\"https:\\\/\\\/marieclaire.be\\\/fr\\\/reequilibrer-sa-sante-grace-a-la-nutritherapie-le-microbiote-au-coeur-du-bien-etre\\\/\"},\"author\":{\"name\":\"Marie Claire Partenaire\",\"@id\":\"https:\\\/\\\/marieclaire.be\\\/fr\\\/#\\\/schema\\\/person\\\/c9f308ff3e5a63cb3efc0ae1c0c0a3fd\"},\"headline\":\"R\u00e9\u00e9quilibrer sa sant\u00e9 gr\u00e2ce \u00e0 la nutrith\u00e9rapie : le microbiote au c\u0153ur du bien-\u00eatre\",\"datePublished\":\"2024-11-04T08:00:39+00:00\",\"dateModified\":\"2024-12-06T10:02:18+00:00\",\"mainEntityOfPage\":{\"@id\":\"https:\\\/\\\/marieclaire.be\\\/fr\\\/reequilibrer-sa-sante-grace-a-la-nutritherapie-le-microbiote-au-coeur-du-bien-etre\\\/\"},\"wordCount\":721,\"publisher\":{\"@id\":\"https:\\\/\\\/marieclaire.be\\\/fr\\\/#organization\"},\"image\":{\"@id\":\"https:\\\/\\\/marieclaire.be\\\/fr\\\/reequilibrer-sa-sante-grace-a-la-nutritherapie-le-microbiote-au-coeur-du-bien-etre\\\/#primaryimage\"},\"thumbnailUrl\":\"https:\\\/\\\/marieclaire.be\\\/fr\\\/wp-content\\\/uploads\\\/2024\\\/12\\\/helene-sevrin-03.png\",\"articleSection\":[\"Bien-\u00eatre\",\"Sant\u00e9\"],\"inLanguage\":\"fr-FR\"},{\"@type\":\"WebPage\",\"@id\":\"https:\\\/\\\/marieclaire.be\\\/fr\\\/reequilibrer-sa-sante-grace-a-la-nutritherapie-le-microbiote-au-coeur-du-bien-etre\\\/\",\"url\":\"https:\\\/\\\/marieclaire.be\\\/fr\\\/reequilibrer-sa-sante-grace-a-la-nutritherapie-le-microbiote-au-coeur-du-bien-etre\\\/\",\"name\":\"Nutrith\u00e9rapie et microbiote : les cl\u00e9s pour une sant\u00e9 durable avec H\u00e9l\u00e8ne Sevrin\",\"isPartOf\":{\"@id\":\"https:\\\/\\\/marieclaire.be\\\/fr\\\/#website\"},\"primaryImageOfPage\":{\"@id\":\"https:\\\/\\\/marieclaire.be\\\/fr\\\/reequilibrer-sa-sante-grace-a-la-nutritherapie-le-microbiote-au-coeur-du-bien-etre\\\/#primaryimage\"},\"image\":{\"@id\":\"https:\\\/\\\/marieclaire.be\\\/fr\\\/reequilibrer-sa-sante-grace-a-la-nutritherapie-le-microbiote-au-coeur-du-bien-etre\\\/#primaryimage\"},\"thumbnailUrl\":\"https:\\\/\\\/marieclaire.be\\\/fr\\\/wp-content\\\/uploads\\\/2024\\\/12\\\/helene-sevrin-03.png\",\"datePublished\":\"2024-11-04T08:00:39+00:00\",\"dateModified\":\"2024-12-06T10:02:18+00:00\",\"description\":\"\u00c9coute attentive, analyse approfondie et recommandations personnalis\u00e9es.\",\"breadcrumb\":{\"@id\":\"https:\\\/\\\/marieclaire.be\\\/fr\\\/reequilibrer-sa-sante-grace-a-la-nutritherapie-le-microbiote-au-coeur-du-bien-etre\\\/#breadcrumb\"},\"inLanguage\":\"fr-FR\",\"potentialAction\":[{\"@type\":\"ReadAction\",\"target\":[\"https:\\\/\\\/marieclaire.be\\\/fr\\\/reequilibrer-sa-sante-grace-a-la-nutritherapie-le-microbiote-au-coeur-du-bien-etre\\\/\"]}]},{\"@type\":\"ImageObject\",\"inLanguage\":\"fr-FR\",\"@id\":\"https:\\\/\\\/marieclaire.be\\\/fr\\\/reequilibrer-sa-sante-grace-a-la-nutritherapie-le-microbiote-au-coeur-du-bien-etre\\\/#primaryimage\",\"url\":\"https:\\\/\\\/marieclaire.be\\\/fr\\\/wp-content\\\/uploads\\\/2024\\\/12\\\/helene-sevrin-03.png\",\"contentUrl\":\"https:\\\/\\\/marieclaire.be\\\/fr\\\/wp-content\\\/uploads\\\/2024\\\/12\\\/helene-sevrin-03.png\",\"width\":800,\"height\":400},{\"@type\":\"BreadcrumbList\",\"@id\":\"https:\\\/\\\/marieclaire.be\\\/fr\\\/reequilibrer-sa-sante-grace-a-la-nutritherapie-le-microbiote-au-coeur-du-bien-etre\\\/#breadcrumb\",\"itemListElement\":[{\"@type\":\"ListItem\",\"position\":1,\"name\":\"Accueil\",\"item\":\"https:\\\/\\\/marieclaire.be\\\/fr\\\/\"},{\"@type\":\"ListItem\",\"position\":2,\"name\":\"R\u00e9\u00e9quilibrer sa sant\u00e9 gr\u00e2ce \u00e0 la nutrith\u00e9rapie : le microbiote au c\u0153ur du bien-\u00eatre\"}]},{\"@type\":\"WebSite\",\"@id\":\"https:\\\/\\\/marieclaire.be\\\/fr\\\/#website\",\"url\":\"https:\\\/\\\/marieclaire.be\\\/fr\\\/\",\"name\":\"Marie Claire Belgique\",\"description\":\"Marie Claire Belgique, le magazine du style et de l\u2019intelligence qui parle de mode, des tendances, de la beaut\u00e9, de l\u2019actualit\u00e9 et de la culture\",\"publisher\":{\"@id\":\"https:\\\/\\\/marieclaire.be\\\/fr\\\/#organization\"},\"potentialAction\":[{\"@type\":\"SearchAction\",\"target\":{\"@type\":\"EntryPoint\",\"urlTemplate\":\"https:\\\/\\\/marieclaire.be\\\/fr\\\/?s={search_term_string}\"},\"query-input\":{\"@type\":\"PropertyValueSpecification\",\"valueRequired\":true,\"valueName\":\"search_term_string\"}}],\"inLanguage\":\"fr-FR\"},{\"@type\":\"Organization\",\"@id\":\"https:\\\/\\\/marieclaire.be\\\/fr\\\/#organization\",\"name\":\"Marie Claire\",\"url\":\"https:\\\/\\\/marieclaire.be\\\/fr\\\/\",\"logo\":{\"@type\":\"ImageObject\",\"inLanguage\":\"fr-FR\",\"@id\":\"https:\\\/\\\/marieclaire.be\\\/fr\\\/#\\\/schema\\\/logo\\\/image\\\/\",\"url\":\"https:\\\/\\\/marieclaire.be\\\/fr\\\/wp-content\\\/uploads\\\/2018\\\/05\\\/mc-logo2.png\",\"contentUrl\":\"https:\\\/\\\/marieclaire.be\\\/fr\\\/wp-content\\\/uploads\\\/2018\\\/05\\\/mc-logo2.png\",\"width\":1001,\"height\":189,\"caption\":\"Marie Claire\"},\"image\":{\"@id\":\"https:\\\/\\\/marieclaire.be\\\/fr\\\/#\\\/schema\\\/logo\\\/image\\\/\"},\"sameAs\":[\"https:\\\/\\\/www.facebook.com\\\/MarieClaire.Belgique\\\/\",\"https:\\\/\\\/www.instagram.com\\\/marieclaire_belgique\\\/\",\"https:\\\/\\\/fr.pinterest.com\\\/marieclairebe\\\/\",\"https:\\\/\\\/www.youtube.com\\\/user\\\/BelgiumMarieClaire\"]},{\"@type\":\"Person\",\"@id\":\"https:\\\/\\\/marieclaire.be\\\/fr\\\/#\\\/schema\\\/person\\\/c9f308ff3e5a63cb3efc0ae1c0c0a3fd\",\"name\":\"Marie Claire Partenaire\",\"image\":{\"@type\":\"ImageObject\",\"inLanguage\":\"fr-FR\",\"@id\":\"https:\\\/\\\/secure.gravatar.com\\\/avatar\\\/081d2cd4575981df403100e247f888ad2ab94033015c4f0b86a6c6d09d3d121c?s=96&d=mm&r=g\",\"url\":\"https:\\\/\\\/secure.gravatar.com\\\/avatar\\\/081d2cd4575981df403100e247f888ad2ab94033015c4f0b86a6c6d09d3d121c?s=96&d=mm&r=g\",\"contentUrl\":\"https:\\\/\\\/secure.gravatar.com\\\/avatar\\\/081d2cd4575981df403100e247f888ad2ab94033015c4f0b86a6c6d09d3d121c?s=96&d=mm&r=g\",\"caption\":\"Marie Claire Partenaire\"},\"url\":\"https:\\\/\\\/marieclaire.be\\\/fr\\\/author\\\/reworldmediaseo\\\/\"}]}<\/script>\n<!-- \/ Yoast SEO plugin. -->","yoast_head_json":{"title":"Nutrith\u00e9rapie et microbiote : les cl\u00e9s pour une sant\u00e9 durable avec H\u00e9l\u00e8ne Sevrin","description":"\u00c9coute attentive, analyse approfondie et recommandations personnalis\u00e9es.","robots":{"index":"index","follow":"follow","max-snippet":"max-snippet:-1","max-image-preview":"max-image-preview:large","max-video-preview":"max-video-preview:-1"},"canonical":"https:\/\/marieclaire.be\/fr\/reequilibrer-sa-sante-grace-a-la-nutritherapie-le-microbiote-au-coeur-du-bien-etre\/","og_locale":"fr_FR","og_type":"article","og_title":"Nutrith\u00e9rapie et microbiote : les cl\u00e9s pour une sant\u00e9 durable avec H\u00e9l\u00e8ne Sevrin","og_description":"\u00c9coute attentive, analyse approfondie et recommandations personnalis\u00e9es.","og_url":"https:\/\/marieclaire.be\/fr\/reequilibrer-sa-sante-grace-a-la-nutritherapie-le-microbiote-au-coeur-du-bien-etre\/","og_site_name":"Marie Claire Belgique","article_publisher":"https:\/\/www.facebook.com\/MarieClaire.Belgique\/","article_published_time":"2024-11-04T08:00:39+00:00","article_modified_time":"2024-12-06T10:02:18+00:00","og_image":[{"width":800,"height":400,"url":"https:\/\/marieclaire.be\/fr\/wp-content\/uploads\/2024\/12\/helene-sevrin-03.png","type":"image\/png"}],"author":"Marie Claire Partenaire","twitter_misc":{"\u00c9crit par":"Marie Claire Partenaire","Dur\u00e9e de lecture estim\u00e9e":"4 minutes"},"schema":{"@context":"https:\/\/schema.org","@graph":[{"@type":"NewsArticle","@id":"https:\/\/marieclaire.be\/fr\/reequilibrer-sa-sante-grace-a-la-nutritherapie-le-microbiote-au-coeur-du-bien-etre\/#article","isPartOf":{"@id":"https:\/\/marieclaire.be\/fr\/reequilibrer-sa-sante-grace-a-la-nutritherapie-le-microbiote-au-coeur-du-bien-etre\/"},"author":{"name":"Marie Claire Partenaire","@id":"https:\/\/marieclaire.be\/fr\/#\/schema\/person\/c9f308ff3e5a63cb3efc0ae1c0c0a3fd"},"headline":"R\u00e9\u00e9quilibrer sa sant\u00e9 gr\u00e2ce \u00e0 la nutrith\u00e9rapie : le microbiote au c\u0153ur du bien-\u00eatre","datePublished":"2024-11-04T08:00:39+00:00","dateModified":"2024-12-06T10:02:18+00:00","mainEntityOfPage":{"@id":"https:\/\/marieclaire.be\/fr\/reequilibrer-sa-sante-grace-a-la-nutritherapie-le-microbiote-au-coeur-du-bien-etre\/"},"wordCount":721,"publisher":{"@id":"https:\/\/marieclaire.be\/fr\/#organization"},"image":{"@id":"https:\/\/marieclaire.be\/fr\/reequilibrer-sa-sante-grace-a-la-nutritherapie-le-microbiote-au-coeur-du-bien-etre\/#primaryimage"},"thumbnailUrl":"https:\/\/marieclaire.be\/fr\/wp-content\/uploads\/2024\/12\/helene-sevrin-03.png","articleSection":["Bien-\u00eatre","Sant\u00e9"],"inLanguage":"fr-FR"},{"@type":"WebPage","@id":"https:\/\/marieclaire.be\/fr\/reequilibrer-sa-sante-grace-a-la-nutritherapie-le-microbiote-au-coeur-du-bien-etre\/","url":"https:\/\/marieclaire.be\/fr\/reequilibrer-sa-sante-grace-a-la-nutritherapie-le-microbiote-au-coeur-du-bien-etre\/","name":"Nutrith\u00e9rapie et microbiote : les cl\u00e9s pour une sant\u00e9 durable avec H\u00e9l\u00e8ne Sevrin","isPartOf":{"@id":"https:\/\/marieclaire.be\/fr\/#website"},"primaryImageOfPage":{"@id":"https:\/\/marieclaire.be\/fr\/reequilibrer-sa-sante-grace-a-la-nutritherapie-le-microbiote-au-coeur-du-bien-etre\/#primaryimage"},"image":{"@id":"https:\/\/marieclaire.be\/fr\/reequilibrer-sa-sante-grace-a-la-nutritherapie-le-microbiote-au-coeur-du-bien-etre\/#primaryimage"},"thumbnailUrl":"https:\/\/marieclaire.be\/fr\/wp-content\/uploads\/2024\/12\/helene-sevrin-03.png","datePublished":"2024-11-04T08:00:39+00:00","dateModified":"2024-12-06T10:02:18+00:00","description":"\u00c9coute attentive, analyse approfondie et recommandations personnalis\u00e9es.","breadcrumb":{"@id":"https:\/\/marieclaire.be\/fr\/reequilibrer-sa-sante-grace-a-la-nutritherapie-le-microbiote-au-coeur-du-bien-etre\/#breadcrumb"},"inLanguage":"fr-FR","potentialAction":[{"@type":"ReadAction","target":["https:\/\/marieclaire.be\/fr\/reequilibrer-sa-sante-grace-a-la-nutritherapie-le-microbiote-au-coeur-du-bien-etre\/"]}]},{"@type":"ImageObject","inLanguage":"fr-FR","@id":"https:\/\/marieclaire.be\/fr\/reequilibrer-sa-sante-grace-a-la-nutritherapie-le-microbiote-au-coeur-du-bien-etre\/#primaryimage","url":"https:\/\/marieclaire.be\/fr\/wp-content\/uploads\/2024\/12\/helene-sevrin-03.png","contentUrl":"https:\/\/marieclaire.be\/fr\/wp-content\/uploads\/2024\/12\/helene-sevrin-03.png","width":800,"height":400},{"@type":"BreadcrumbList","@id":"https:\/\/marieclaire.be\/fr\/reequilibrer-sa-sante-grace-a-la-nutritherapie-le-microbiote-au-coeur-du-bien-etre\/#breadcrumb","itemListElement":[{"@type":"ListItem","position":1,"name":"Accueil","item":"https:\/\/marieclaire.be\/fr\/"},{"@type":"ListItem","position":2,"name":"R\u00e9\u00e9quilibrer sa sant\u00e9 gr\u00e2ce \u00e0 la nutrith\u00e9rapie : le microbiote au c\u0153ur du bien-\u00eatre"}]},{"@type":"WebSite","@id":"https:\/\/marieclaire.be\/fr\/#website","url":"https:\/\/marieclaire.be\/fr\/","name":"Marie Claire Belgique","description":"Marie Claire Belgique, le magazine du style et de l\u2019intelligence qui parle de mode, des tendances, de la beaut\u00e9, de l\u2019actualit\u00e9 et de la culture","publisher":{"@id":"https:\/\/marieclaire.be\/fr\/#organization"},"potentialAction":[{"@type":"SearchAction","target":{"@type":"EntryPoint","urlTemplate":"https:\/\/marieclaire.be\/fr\/?s={search_term_string}"},"query-input":{"@type":"PropertyValueSpecification","valueRequired":true,"valueName":"search_term_string"}}],"inLanguage":"fr-FR"},{"@type":"Organization","@id":"https:\/\/marieclaire.be\/fr\/#organization","name":"Marie Claire","url":"https:\/\/marieclaire.be\/fr\/","logo":{"@type":"ImageObject","inLanguage":"fr-FR","@id":"https:\/\/marieclaire.be\/fr\/#\/schema\/logo\/image\/","url":"https:\/\/marieclaire.be\/fr\/wp-content\/uploads\/2018\/05\/mc-logo2.png","contentUrl":"https:\/\/marieclaire.be\/fr\/wp-content\/uploads\/2018\/05\/mc-logo2.png","width":1001,"height":189,"caption":"Marie Claire"},"image":{"@id":"https:\/\/marieclaire.be\/fr\/#\/schema\/logo\/image\/"},"sameAs":["https:\/\/www.facebook.com\/MarieClaire.Belgique\/","https:\/\/www.instagram.com\/marieclaire_belgique\/","https:\/\/fr.pinterest.com\/marieclairebe\/","https:\/\/www.youtube.com\/user\/BelgiumMarieClaire"]},{"@type":"Person","@id":"https:\/\/marieclaire.be\/fr\/#\/schema\/person\/c9f308ff3e5a63cb3efc0ae1c0c0a3fd","name":"Marie Claire Partenaire","image":{"@type":"ImageObject","inLanguage":"fr-FR","@id":"https:\/\/secure.gravatar.com\/avatar\/081d2cd4575981df403100e247f888ad2ab94033015c4f0b86a6c6d09d3d121c?s=96&d=mm&r=g","url":"https:\/\/secure.gravatar.com\/avatar\/081d2cd4575981df403100e247f888ad2ab94033015c4f0b86a6c6d09d3d121c?s=96&d=mm&r=g","contentUrl":"https:\/\/secure.gravatar.com\/avatar\/081d2cd4575981df403100e247f888ad2ab94033015c4f0b86a6c6d09d3d121c?s=96&d=mm&r=g","caption":"Marie Claire Partenaire"},"url":"https:\/\/marieclaire.be\/fr\/author\/reworldmediaseo\/"}]}},"_links":{"self":[{"href":"https:\/\/marieclaire.be\/fr\/wp-json\/wp\/v2\/posts\/139687","targetHints":{"allow":["GET"]}}],"collection":[{"href":"https:\/\/marieclaire.be\/fr\/wp-json\/wp\/v2\/posts"}],"about":[{"href":"https:\/\/marieclaire.be\/fr\/wp-json\/wp\/v2\/types\/post"}],"author":[{"embeddable":true,"href":"https:\/\/marieclaire.be\/fr\/wp-json\/wp\/v2\/users\/70"}],"replies":[{"embeddable":true,"href":"https:\/\/marieclaire.be\/fr\/wp-json\/wp\/v2\/comments?post=139687"}],"version-history":[{"count":5,"href":"https:\/\/marieclaire.be\/fr\/wp-json\/wp\/v2\/posts\/139687\/revisions"}],"predecessor-version":[{"id":139789,"href":"https:\/\/marieclaire.be\/fr\/wp-json\/wp\/v2\/posts\/139687\/revisions\/139789"}],"wp:featuredmedia":[{"embeddable":true,"href":"https:\/\/marieclaire.be\/fr\/wp-json\/wp\/v2\/media\/139690"}],"wp:attachment":[{"href":"https:\/\/marieclaire.be\/fr\/wp-json\/wp\/v2\/media?parent=139687"}],"wp:term":[{"taxonomy":"category","embeddable":true,"href":"https:\/\/marieclaire.be\/fr\/wp-json\/wp\/v2\/categories?post=139687"},{"taxonomy":"post_tag","embeddable":true,"href":"https:\/\/marieclaire.be\/fr\/wp-json\/wp\/v2\/tags?post=139687"}],"curies":[{"name":"wp","href":"https:\/\/api.w.org\/{rel}","templated":true}]}}