{"id":139161,"date":"2025-09-23T07:26:28","date_gmt":"2025-09-23T05:26:28","guid":{"rendered":"https:\/\/marieclaire.be\/fr\/?p=139161"},"modified":"2025-09-22T17:46:37","modified_gmt":"2025-09-22T15:46:37","slug":"cet-hiver-rejoignez-les-plus-belles-destinations-de-ski-en-train","status":"publish","type":"post","link":"https:\/\/marieclaire.be\/fr\/cet-hiver-rejoignez-les-plus-belles-destinations-de-ski-en-train\/","title":{"rendered":"Cet hiver, rejoignez les plus belles destinations de ski en train"},"content":{"rendered":"","protected":false},"excerpt":{"rendered":"S&#8217;\u00e9vader du quotidien et \u00e9changer la grisaille belge contre l\u2019immensit\u00e9 des sommets enneig\u00e9s \u00e0 perte de vue ? Cette ann\u00e9e, on se laisse une nouvelle fois s\u00e9duire par nos envies d\u2019ailleurs et surtout de sports d\u2019hiver, gr\u00e2ce \u00e0 Eurostar Snow et ses trains qui nous d\u00e9posent directement au pied des pistes.","protected":false},"author":30,"featured_media":139170,"comment_status":"closed","ping_status":"closed","sticky":false,"template":"","format":"standard","meta":{"_acf_changed":false,"footnotes":""},"categories":[29,67],"tags":[],"class_list":["post-139161","post","type-post","status-publish","format-standard","has-post-thumbnail","hentry","category-voyages","category-lifestyle"],"acf":[],"_yoast_wpseo_title":null,"_yoast_wpseo_metadesc":"Cet hiver, embarquez pour les plus belles destinations de ski en train depuis les gares d'Anvers ou de Bruxelles.","image_verticale":"139165","yoast_head":"<!-- This site is optimized with the Yoast SEO plugin v27.3 - https:\/\/yoast.com\/product\/yoast-seo-wordpress\/ -->\n<title>Cet hiver, rejoignez les plus belles destinations de ski en train - Marie Claire Belgique<\/title>\n<meta name=\"description\" content=\"Cet hiver, embarquez pour les plus belles destinations de ski en train depuis les gares d&#039;Anvers ou de Bruxelles.\" \/>\n<meta name=\"robots\" content=\"index, follow, max-snippet:-1, max-image-preview:large, max-video-preview:-1\" \/>\n<link rel=\"canonical\" href=\"https:\/\/marieclaire.be\/fr\/cet-hiver-rejoignez-les-plus-belles-destinations-de-ski-en-train\/\" \/>\n<meta property=\"og:locale\" content=\"fr_FR\" \/>\n<meta property=\"og:type\" content=\"article\" \/>\n<meta property=\"og:title\" content=\"Cet hiver, rejoignez les plus belles destinations de ski en train - Marie Claire Belgique\" \/>\n<meta property=\"og:description\" content=\"Cet hiver, embarquez pour les plus belles destinations de ski en train depuis les gares d&#039;Anvers ou de Bruxelles.\" \/>\n<meta property=\"og:url\" content=\"https:\/\/marieclaire.be\/fr\/cet-hiver-rejoignez-les-plus-belles-destinations-de-ski-en-train\/\" \/>\n<meta property=\"og:site_name\" content=\"Marie Claire Belgique\" \/>\n<meta property=\"article:publisher\" content=\"https:\/\/www.facebook.com\/MarieClaire.Belgique\/\" \/>\n<meta property=\"article:published_time\" content=\"2025-09-23T05:26:28+00:00\" \/>\n<meta property=\"og:image\" content=\"https:\/\/marieclaire.be\/fr\/wp-content\/uploads\/2024\/11\/train-ski-1.png\" \/>\n\t<meta property=\"og:image:width\" content=\"1200\" \/>\n\t<meta property=\"og:image:height\" content=\"628\" \/>\n\t<meta property=\"og:image:type\" content=\"image\/png\" \/>\n<meta name=\"author\" content=\"Malvine Sevrin\" \/>\n<meta name=\"twitter:label1\" content=\"\u00c9crit par\" \/>\n\t<meta name=\"twitter:data1\" content=\"Malvine Sevrin\" \/>\n\t<meta name=\"twitter:label2\" content=\"Dur\u00e9e de lecture estim\u00e9e\" \/>\n\t<meta name=\"twitter:data2\" content=\"3 minutes\" \/>\n<script type=\"application\/ld+json\" class=\"yoast-schema-graph\">{\"@context\":\"https:\\\/\\\/schema.org\",\"@graph\":[{\"@type\":\"NewsArticle\",\"@id\":\"https:\\\/\\\/marieclaire.be\\\/fr\\\/cet-hiver-rejoignez-les-plus-belles-destinations-de-ski-en-train\\\/#article\",\"isPartOf\":{\"@id\":\"https:\\\/\\\/marieclaire.be\\\/fr\\\/cet-hiver-rejoignez-les-plus-belles-destinations-de-ski-en-train\\\/\"},\"author\":{\"name\":\"Malvine Sevrin\",\"@id\":\"https:\\\/\\\/marieclaire.be\\\/fr\\\/#\\\/schema\\\/person\\\/c71bd7a8c3e622513c7531a39292a34e\"},\"headline\":\"Cet hiver, rejoignez les plus belles destinations de ski en train\",\"datePublished\":\"2025-09-23T05:26:28+00:00\",\"mainEntityOfPage\":{\"@id\":\"https:\\\/\\\/marieclaire.be\\\/fr\\\/cet-hiver-rejoignez-les-plus-belles-destinations-de-ski-en-train\\\/\"},\"wordCount\":423,\"publisher\":{\"@id\":\"https:\\\/\\\/marieclaire.be\\\/fr\\\/#organization\"},\"image\":{\"@id\":\"https:\\\/\\\/marieclaire.be\\\/fr\\\/cet-hiver-rejoignez-les-plus-belles-destinations-de-ski-en-train\\\/#primaryimage\"},\"thumbnailUrl\":\"https:\\\/\\\/marieclaire.be\\\/fr\\\/wp-content\\\/uploads\\\/2024\\\/11\\\/train-ski-1.png\",\"articleSection\":[\"Evasion\",\"Lifestyle\"],\"inLanguage\":\"fr-FR\"},{\"@type\":\"WebPage\",\"@id\":\"https:\\\/\\\/marieclaire.be\\\/fr\\\/cet-hiver-rejoignez-les-plus-belles-destinations-de-ski-en-train\\\/\",\"url\":\"https:\\\/\\\/marieclaire.be\\\/fr\\\/cet-hiver-rejoignez-les-plus-belles-destinations-de-ski-en-train\\\/\",\"name\":\"Cet hiver, rejoignez les plus belles destinations de ski en train - Marie Claire Belgique\",\"isPartOf\":{\"@id\":\"https:\\\/\\\/marieclaire.be\\\/fr\\\/#website\"},\"primaryImageOfPage\":{\"@id\":\"https:\\\/\\\/marieclaire.be\\\/fr\\\/cet-hiver-rejoignez-les-plus-belles-destinations-de-ski-en-train\\\/#primaryimage\"},\"image\":{\"@id\":\"https:\\\/\\\/marieclaire.be\\\/fr\\\/cet-hiver-rejoignez-les-plus-belles-destinations-de-ski-en-train\\\/#primaryimage\"},\"thumbnailUrl\":\"https:\\\/\\\/marieclaire.be\\\/fr\\\/wp-content\\\/uploads\\\/2024\\\/11\\\/train-ski-1.png\",\"datePublished\":\"2025-09-23T05:26:28+00:00\",\"description\":\"Cet hiver, embarquez pour les plus belles destinations de ski en train depuis les gares d'Anvers ou de Bruxelles.\",\"breadcrumb\":{\"@id\":\"https:\\\/\\\/marieclaire.be\\\/fr\\\/cet-hiver-rejoignez-les-plus-belles-destinations-de-ski-en-train\\\/#breadcrumb\"},\"inLanguage\":\"fr-FR\",\"potentialAction\":[{\"@type\":\"ReadAction\",\"target\":[\"https:\\\/\\\/marieclaire.be\\\/fr\\\/cet-hiver-rejoignez-les-plus-belles-destinations-de-ski-en-train\\\/\"]}]},{\"@type\":\"ImageObject\",\"inLanguage\":\"fr-FR\",\"@id\":\"https:\\\/\\\/marieclaire.be\\\/fr\\\/cet-hiver-rejoignez-les-plus-belles-destinations-de-ski-en-train\\\/#primaryimage\",\"url\":\"https:\\\/\\\/marieclaire.be\\\/fr\\\/wp-content\\\/uploads\\\/2024\\\/11\\\/train-ski-1.png\",\"contentUrl\":\"https:\\\/\\\/marieclaire.be\\\/fr\\\/wp-content\\\/uploads\\\/2024\\\/11\\\/train-ski-1.png\",\"width\":1200,\"height\":628,\"caption\":\"Presse\"},{\"@type\":\"BreadcrumbList\",\"@id\":\"https:\\\/\\\/marieclaire.be\\\/fr\\\/cet-hiver-rejoignez-les-plus-belles-destinations-de-ski-en-train\\\/#breadcrumb\",\"itemListElement\":[{\"@type\":\"ListItem\",\"position\":1,\"name\":\"Accueil\",\"item\":\"https:\\\/\\\/marieclaire.be\\\/fr\\\/\"},{\"@type\":\"ListItem\",\"position\":2,\"name\":\"Cet hiver, rejoignez les plus belles destinations de ski en train\"}]},{\"@type\":\"WebSite\",\"@id\":\"https:\\\/\\\/marieclaire.be\\\/fr\\\/#website\",\"url\":\"https:\\\/\\\/marieclaire.be\\\/fr\\\/\",\"name\":\"Marie Claire Belgique\",\"description\":\"Marie Claire Belgique, le magazine du style et de l\u2019intelligence qui parle de mode, des tendances, de la beaut\u00e9, de l\u2019actualit\u00e9 et de la culture\",\"publisher\":{\"@id\":\"https:\\\/\\\/marieclaire.be\\\/fr\\\/#organization\"},\"potentialAction\":[{\"@type\":\"SearchAction\",\"target\":{\"@type\":\"EntryPoint\",\"urlTemplate\":\"https:\\\/\\\/marieclaire.be\\\/fr\\\/?s={search_term_string}\"},\"query-input\":{\"@type\":\"PropertyValueSpecification\",\"valueRequired\":true,\"valueName\":\"search_term_string\"}}],\"inLanguage\":\"fr-FR\"},{\"@type\":\"Organization\",\"@id\":\"https:\\\/\\\/marieclaire.be\\\/fr\\\/#organization\",\"name\":\"Marie Claire\",\"url\":\"https:\\\/\\\/marieclaire.be\\\/fr\\\/\",\"logo\":{\"@type\":\"ImageObject\",\"inLanguage\":\"fr-FR\",\"@id\":\"https:\\\/\\\/marieclaire.be\\\/fr\\\/#\\\/schema\\\/logo\\\/image\\\/\",\"url\":\"https:\\\/\\\/marieclaire.be\\\/fr\\\/wp-content\\\/uploads\\\/2018\\\/05\\\/mc-logo2.png\",\"contentUrl\":\"https:\\\/\\\/marieclaire.be\\\/fr\\\/wp-content\\\/uploads\\\/2018\\\/05\\\/mc-logo2.png\",\"width\":1001,\"height\":189,\"caption\":\"Marie Claire\"},\"image\":{\"@id\":\"https:\\\/\\\/marieclaire.be\\\/fr\\\/#\\\/schema\\\/logo\\\/image\\\/\"},\"sameAs\":[\"https:\\\/\\\/www.facebook.com\\\/MarieClaire.Belgique\\\/\",\"https:\\\/\\\/www.instagram.com\\\/marieclaire_belgique\\\/\",\"https:\\\/\\\/fr.pinterest.com\\\/marieclairebe\\\/\",\"https:\\\/\\\/www.youtube.com\\\/user\\\/BelgiumMarieClaire\"]},{\"@type\":\"Person\",\"@id\":\"https:\\\/\\\/marieclaire.be\\\/fr\\\/#\\\/schema\\\/person\\\/c71bd7a8c3e622513c7531a39292a34e\",\"name\":\"Malvine Sevrin\",\"image\":{\"@type\":\"ImageObject\",\"inLanguage\":\"fr-FR\",\"@id\":\"https:\\\/\\\/marieclaire.be\\\/fr\\\/wp-content\\\/uploads\\\/2017\\\/05\\\/capture-decran-2024-02-13-a-145920-96x96.png\",\"url\":\"https:\\\/\\\/marieclaire.be\\\/fr\\\/wp-content\\\/uploads\\\/2017\\\/05\\\/capture-decran-2024-02-13-a-145920-96x96.png\",\"contentUrl\":\"https:\\\/\\\/marieclaire.be\\\/fr\\\/wp-content\\\/uploads\\\/2017\\\/05\\\/capture-decran-2024-02-13-a-145920-96x96.png\",\"caption\":\"Malvine Sevrin\"},\"description\":\"Des podiums parisiens aux derni\u00e8res nouveaut\u00e9s skincare qui enflamment TikTok, je d\u00e9crypte les tendances pour Marie Claire Belgique. Passionn\u00e9e de voyage, de mode et de beaut\u00e9, je partage mes coups de coeur d\u00e9nich\u00e9s aux quatre coins du globe. En tant que r\u00e9dactrice en chef digital, j'ai \u00e9galement \u00e0 coeur de mettre en lumi\u00e8re les histoires inspirantes de femmes \u00e0 travers notre site et sur nos r\u00e9seaux sociaux.\",\"sameAs\":[\"https:\\\/\\\/www.instagram.com\\\/malvinesev\\\/\"],\"url\":\"https:\\\/\\\/marieclaire.be\\\/fr\\\/author\\\/malvine\\\/\"}]}<\/script>\n<!-- \/ Yoast SEO plugin. -->","yoast_head_json":{"title":"Cet hiver, rejoignez les plus belles destinations de ski en train - Marie Claire Belgique","description":"Cet hiver, embarquez pour les plus belles destinations de ski en train depuis les gares d'Anvers ou de Bruxelles.","robots":{"index":"index","follow":"follow","max-snippet":"max-snippet:-1","max-image-preview":"max-image-preview:large","max-video-preview":"max-video-preview:-1"},"canonical":"https:\/\/marieclaire.be\/fr\/cet-hiver-rejoignez-les-plus-belles-destinations-de-ski-en-train\/","og_locale":"fr_FR","og_type":"article","og_title":"Cet hiver, rejoignez les plus belles destinations de ski en train - Marie Claire Belgique","og_description":"Cet hiver, embarquez pour les plus belles destinations de ski en train depuis les gares d'Anvers ou de Bruxelles.","og_url":"https:\/\/marieclaire.be\/fr\/cet-hiver-rejoignez-les-plus-belles-destinations-de-ski-en-train\/","og_site_name":"Marie Claire Belgique","article_publisher":"https:\/\/www.facebook.com\/MarieClaire.Belgique\/","article_published_time":"2025-09-23T05:26:28+00:00","og_image":[{"width":1200,"height":628,"url":"https:\/\/marieclaire.be\/fr\/wp-content\/uploads\/2024\/11\/train-ski-1.png","type":"image\/png"}],"author":"Malvine Sevrin","twitter_misc":{"\u00c9crit par":"Malvine Sevrin","Dur\u00e9e de lecture estim\u00e9e":"3 minutes"},"schema":{"@context":"https:\/\/schema.org","@graph":[{"@type":"NewsArticle","@id":"https:\/\/marieclaire.be\/fr\/cet-hiver-rejoignez-les-plus-belles-destinations-de-ski-en-train\/#article","isPartOf":{"@id":"https:\/\/marieclaire.be\/fr\/cet-hiver-rejoignez-les-plus-belles-destinations-de-ski-en-train\/"},"author":{"name":"Malvine Sevrin","@id":"https:\/\/marieclaire.be\/fr\/#\/schema\/person\/c71bd7a8c3e622513c7531a39292a34e"},"headline":"Cet hiver, rejoignez les plus belles destinations de ski en train","datePublished":"2025-09-23T05:26:28+00:00","mainEntityOfPage":{"@id":"https:\/\/marieclaire.be\/fr\/cet-hiver-rejoignez-les-plus-belles-destinations-de-ski-en-train\/"},"wordCount":423,"publisher":{"@id":"https:\/\/marieclaire.be\/fr\/#organization"},"image":{"@id":"https:\/\/marieclaire.be\/fr\/cet-hiver-rejoignez-les-plus-belles-destinations-de-ski-en-train\/#primaryimage"},"thumbnailUrl":"https:\/\/marieclaire.be\/fr\/wp-content\/uploads\/2024\/11\/train-ski-1.png","articleSection":["Evasion","Lifestyle"],"inLanguage":"fr-FR"},{"@type":"WebPage","@id":"https:\/\/marieclaire.be\/fr\/cet-hiver-rejoignez-les-plus-belles-destinations-de-ski-en-train\/","url":"https:\/\/marieclaire.be\/fr\/cet-hiver-rejoignez-les-plus-belles-destinations-de-ski-en-train\/","name":"Cet hiver, rejoignez les plus belles destinations de ski en train - Marie Claire Belgique","isPartOf":{"@id":"https:\/\/marieclaire.be\/fr\/#website"},"primaryImageOfPage":{"@id":"https:\/\/marieclaire.be\/fr\/cet-hiver-rejoignez-les-plus-belles-destinations-de-ski-en-train\/#primaryimage"},"image":{"@id":"https:\/\/marieclaire.be\/fr\/cet-hiver-rejoignez-les-plus-belles-destinations-de-ski-en-train\/#primaryimage"},"thumbnailUrl":"https:\/\/marieclaire.be\/fr\/wp-content\/uploads\/2024\/11\/train-ski-1.png","datePublished":"2025-09-23T05:26:28+00:00","description":"Cet hiver, embarquez pour les plus belles destinations de ski en train depuis les gares d'Anvers ou de Bruxelles.","breadcrumb":{"@id":"https:\/\/marieclaire.be\/fr\/cet-hiver-rejoignez-les-plus-belles-destinations-de-ski-en-train\/#breadcrumb"},"inLanguage":"fr-FR","potentialAction":[{"@type":"ReadAction","target":["https:\/\/marieclaire.be\/fr\/cet-hiver-rejoignez-les-plus-belles-destinations-de-ski-en-train\/"]}]},{"@type":"ImageObject","inLanguage":"fr-FR","@id":"https:\/\/marieclaire.be\/fr\/cet-hiver-rejoignez-les-plus-belles-destinations-de-ski-en-train\/#primaryimage","url":"https:\/\/marieclaire.be\/fr\/wp-content\/uploads\/2024\/11\/train-ski-1.png","contentUrl":"https:\/\/marieclaire.be\/fr\/wp-content\/uploads\/2024\/11\/train-ski-1.png","width":1200,"height":628,"caption":"Presse"},{"@type":"BreadcrumbList","@id":"https:\/\/marieclaire.be\/fr\/cet-hiver-rejoignez-les-plus-belles-destinations-de-ski-en-train\/#breadcrumb","itemListElement":[{"@type":"ListItem","position":1,"name":"Accueil","item":"https:\/\/marieclaire.be\/fr\/"},{"@type":"ListItem","position":2,"name":"Cet hiver, rejoignez les plus belles destinations de ski en train"}]},{"@type":"WebSite","@id":"https:\/\/marieclaire.be\/fr\/#website","url":"https:\/\/marieclaire.be\/fr\/","name":"Marie Claire Belgique","description":"Marie Claire Belgique, le magazine du style et de l\u2019intelligence qui parle de mode, des tendances, de la beaut\u00e9, de l\u2019actualit\u00e9 et de la culture","publisher":{"@id":"https:\/\/marieclaire.be\/fr\/#organization"},"potentialAction":[{"@type":"SearchAction","target":{"@type":"EntryPoint","urlTemplate":"https:\/\/marieclaire.be\/fr\/?s={search_term_string}"},"query-input":{"@type":"PropertyValueSpecification","valueRequired":true,"valueName":"search_term_string"}}],"inLanguage":"fr-FR"},{"@type":"Organization","@id":"https:\/\/marieclaire.be\/fr\/#organization","name":"Marie Claire","url":"https:\/\/marieclaire.be\/fr\/","logo":{"@type":"ImageObject","inLanguage":"fr-FR","@id":"https:\/\/marieclaire.be\/fr\/#\/schema\/logo\/image\/","url":"https:\/\/marieclaire.be\/fr\/wp-content\/uploads\/2018\/05\/mc-logo2.png","contentUrl":"https:\/\/marieclaire.be\/fr\/wp-content\/uploads\/2018\/05\/mc-logo2.png","width":1001,"height":189,"caption":"Marie Claire"},"image":{"@id":"https:\/\/marieclaire.be\/fr\/#\/schema\/logo\/image\/"},"sameAs":["https:\/\/www.facebook.com\/MarieClaire.Belgique\/","https:\/\/www.instagram.com\/marieclaire_belgique\/","https:\/\/fr.pinterest.com\/marieclairebe\/","https:\/\/www.youtube.com\/user\/BelgiumMarieClaire"]},{"@type":"Person","@id":"https:\/\/marieclaire.be\/fr\/#\/schema\/person\/c71bd7a8c3e622513c7531a39292a34e","name":"Malvine Sevrin","image":{"@type":"ImageObject","inLanguage":"fr-FR","@id":"https:\/\/marieclaire.be\/fr\/wp-content\/uploads\/2017\/05\/capture-decran-2024-02-13-a-145920-96x96.png","url":"https:\/\/marieclaire.be\/fr\/wp-content\/uploads\/2017\/05\/capture-decran-2024-02-13-a-145920-96x96.png","contentUrl":"https:\/\/marieclaire.be\/fr\/wp-content\/uploads\/2017\/05\/capture-decran-2024-02-13-a-145920-96x96.png","caption":"Malvine Sevrin"},"description":"Des podiums parisiens aux derni\u00e8res nouveaut\u00e9s skincare qui enflamment TikTok, je d\u00e9crypte les tendances pour Marie Claire Belgique. Passionn\u00e9e de voyage, de mode et de beaut\u00e9, je partage mes coups de coeur d\u00e9nich\u00e9s aux quatre coins du globe. En tant que r\u00e9dactrice en chef digital, j'ai \u00e9galement \u00e0 coeur de mettre en lumi\u00e8re les histoires inspirantes de femmes \u00e0 travers notre site et sur nos r\u00e9seaux sociaux.","sameAs":["https:\/\/www.instagram.com\/malvinesev\/"],"url":"https:\/\/marieclaire.be\/fr\/author\/malvine\/"}]}},"_links":{"self":[{"href":"https:\/\/marieclaire.be\/fr\/wp-json\/wp\/v2\/posts\/139161","targetHints":{"allow":["GET"]}}],"collection":[{"href":"https:\/\/marieclaire.be\/fr\/wp-json\/wp\/v2\/posts"}],"about":[{"href":"https:\/\/marieclaire.be\/fr\/wp-json\/wp\/v2\/types\/post"}],"author":[{"embeddable":true,"href":"https:\/\/marieclaire.be\/fr\/wp-json\/wp\/v2\/users\/30"}],"replies":[{"embeddable":true,"href":"https:\/\/marieclaire.be\/fr\/wp-json\/wp\/v2\/comments?post=139161"}],"version-history":[{"count":8,"href":"https:\/\/marieclaire.be\/fr\/wp-json\/wp\/v2\/posts\/139161\/revisions"}],"predecessor-version":[{"id":145373,"href":"https:\/\/marieclaire.be\/fr\/wp-json\/wp\/v2\/posts\/139161\/revisions\/145373"}],"wp:featuredmedia":[{"embeddable":true,"href":"https:\/\/marieclaire.be\/fr\/wp-json\/wp\/v2\/media\/139170"}],"wp:attachment":[{"href":"https:\/\/marieclaire.be\/fr\/wp-json\/wp\/v2\/media?parent=139161"}],"wp:term":[{"taxonomy":"category","embeddable":true,"href":"https:\/\/marieclaire.be\/fr\/wp-json\/wp\/v2\/categories?post=139161"},{"taxonomy":"post_tag","embeddable":true,"href":"https:\/\/marieclaire.be\/fr\/wp-json\/wp\/v2\/tags?post=139161"}],"curies":[{"name":"wp","href":"https:\/\/api.w.org\/{rel}","templated":true}]}}