{"id":138387,"date":"2024-09-23T07:41:56","date_gmt":"2024-09-23T05:41:56","guid":{"rendered":"https:\/\/marieclaire.be\/fr\/?p=138387"},"modified":"2024-09-23T08:57:27","modified_gmt":"2024-09-23T06:57:27","slug":"lv-lvers-parfum-pharrell-williams-louis-vuitton","status":"publish","type":"post","link":"https:\/\/marieclaire.be\/fr\/lv-lvers-parfum-pharrell-williams-louis-vuitton\/","title":{"rendered":"Pharrell Williams signe LV LVERS, son premier parfum pour Louis Vuitton"},"content":{"rendered":"","protected":false},"excerpt":{"rendered":"Pharrell Williams, ind\u00e9tr\u00f4nable ic\u00f4ne du cool, a cr\u00e9\u00e9 un parfum pour Louis Vuitton. ...","protected":false},"author":30,"featured_media":138391,"comment_status":"closed","ping_status":"closed","sticky":false,"template":"","format":"standard","meta":{"_acf_changed":false,"footnotes":""},"categories":[7,18],"tags":[1489],"class_list":["post-138387","post","type-post","status-publish","format-standard","has-post-thumbnail","hentry","category-beaute","category-parfums","tag-louis-vuitton"],"acf":[],"_yoast_wpseo_title":null,"_yoast_wpseo_metadesc":"Pharrell Williams, i ic\u00f4ne du cool et directeur artistique des collections Homme de Louis Vuitton, a cr\u00e9\u00e9 un parfum pour la maison fran\u00e7aise.","image_verticale":"138389","yoast_head":"<!-- This site is optimized with the Yoast SEO plugin v27.3 - https:\/\/yoast.com\/product\/yoast-seo-wordpress\/ -->\n<title>Pharrell Williams signe LV LVERS, son premier parfum pour Louis Vuitton - Marie Claire Belgique<\/title>\n<meta name=\"description\" content=\"Pharrell Williams, i ic\u00f4ne du cool et directeur artistique des collections Homme de Louis Vuitton, a cr\u00e9\u00e9 un parfum pour la maison fran\u00e7aise.\" \/>\n<meta name=\"robots\" content=\"index, follow, max-snippet:-1, max-image-preview:large, max-video-preview:-1\" \/>\n<link rel=\"canonical\" href=\"https:\/\/marieclaire.be\/fr\/lv-lvers-parfum-pharrell-williams-louis-vuitton\/\" \/>\n<link rel=\"next\" href=\"https:\/\/marieclaire.be\/fr\/lv-lvers-parfum-pharrell-williams-louis-vuitton\/2\/\" \/>\n<meta property=\"og:locale\" content=\"fr_FR\" \/>\n<meta property=\"og:type\" content=\"article\" \/>\n<meta property=\"og:title\" content=\"Pharrell Williams signe LV LVERS, son premier parfum pour Louis Vuitton - Marie Claire Belgique\" \/>\n<meta property=\"og:description\" content=\"Pharrell Williams, i ic\u00f4ne du cool et directeur artistique des collections Homme de Louis Vuitton, a cr\u00e9\u00e9 un parfum pour la maison fran\u00e7aise.\" \/>\n<meta property=\"og:url\" content=\"https:\/\/marieclaire.be\/fr\/lv-lvers-parfum-pharrell-williams-louis-vuitton\/\" \/>\n<meta property=\"og:site_name\" content=\"Marie Claire Belgique\" \/>\n<meta property=\"article:publisher\" content=\"https:\/\/www.facebook.com\/MarieClaire.Belgique\/\" \/>\n<meta property=\"article:published_time\" content=\"2024-09-23T05:41:56+00:00\" \/>\n<meta property=\"article:modified_time\" content=\"2024-09-23T06:57:27+00:00\" \/>\n<meta property=\"og:image\" content=\"https:\/\/marieclaire.be\/fr\/wp-content\/uploads\/2024\/09\/lvers-fragrance-trunk-scaled.jpg\" \/>\n\t<meta property=\"og:image:width\" content=\"1536\" \/>\n\t<meta property=\"og:image:height\" content=\"2048\" \/>\n\t<meta property=\"og:image:type\" content=\"image\/jpeg\" \/>\n<meta name=\"author\" content=\"Malvine Sevrin\" \/>\n<meta name=\"twitter:label1\" content=\"\u00c9crit par\" \/>\n\t<meta name=\"twitter:data1\" content=\"Malvine Sevrin\" \/>\n\t<meta name=\"twitter:label2\" content=\"Dur\u00e9e de lecture estim\u00e9e\" \/>\n\t<meta name=\"twitter:data2\" content=\"4 minutes\" \/>\n<script type=\"application\/ld+json\" class=\"yoast-schema-graph\">{\"@context\":\"https:\\\/\\\/schema.org\",\"@graph\":[{\"@type\":\"NewsArticle\",\"@id\":\"https:\\\/\\\/marieclaire.be\\\/fr\\\/lv-lvers-parfum-pharrell-williams-louis-vuitton\\\/#article\",\"isPartOf\":{\"@id\":\"https:\\\/\\\/marieclaire.be\\\/fr\\\/lv-lvers-parfum-pharrell-williams-louis-vuitton\\\/\"},\"author\":{\"name\":\"Malvine Sevrin\",\"@id\":\"https:\\\/\\\/marieclaire.be\\\/fr\\\/#\\\/schema\\\/person\\\/c71bd7a8c3e622513c7531a39292a34e\"},\"headline\":\"Pharrell Williams signe LV LVERS, son premier parfum pour Louis Vuitton\",\"datePublished\":\"2024-09-23T05:41:56+00:00\",\"dateModified\":\"2024-09-23T06:57:27+00:00\",\"mainEntityOfPage\":{\"@id\":\"https:\\\/\\\/marieclaire.be\\\/fr\\\/lv-lvers-parfum-pharrell-williams-louis-vuitton\\\/\"},\"wordCount\":821,\"publisher\":{\"@id\":\"https:\\\/\\\/marieclaire.be\\\/fr\\\/#organization\"},\"image\":{\"@id\":\"https:\\\/\\\/marieclaire.be\\\/fr\\\/lv-lvers-parfum-pharrell-williams-louis-vuitton\\\/#primaryimage\"},\"thumbnailUrl\":\"https:\\\/\\\/marieclaire.be\\\/fr\\\/wp-content\\\/uploads\\\/2024\\\/09\\\/lvers-fragrance-trunk.jpg\",\"keywords\":[\"louis vuitton\"],\"articleSection\":[\"Beaut\u00e9\",\"Parfums\"],\"inLanguage\":\"fr-FR\"},{\"@type\":\"WebPage\",\"@id\":\"https:\\\/\\\/marieclaire.be\\\/fr\\\/lv-lvers-parfum-pharrell-williams-louis-vuitton\\\/\",\"url\":\"https:\\\/\\\/marieclaire.be\\\/fr\\\/lv-lvers-parfum-pharrell-williams-louis-vuitton\\\/\",\"name\":\"Pharrell Williams signe LV LVERS, son premier parfum pour Louis Vuitton - Marie Claire Belgique\",\"isPartOf\":{\"@id\":\"https:\\\/\\\/marieclaire.be\\\/fr\\\/#website\"},\"primaryImageOfPage\":{\"@id\":\"https:\\\/\\\/marieclaire.be\\\/fr\\\/lv-lvers-parfum-pharrell-williams-louis-vuitton\\\/#primaryimage\"},\"image\":{\"@id\":\"https:\\\/\\\/marieclaire.be\\\/fr\\\/lv-lvers-parfum-pharrell-williams-louis-vuitton\\\/#primaryimage\"},\"thumbnailUrl\":\"https:\\\/\\\/marieclaire.be\\\/fr\\\/wp-content\\\/uploads\\\/2024\\\/09\\\/lvers-fragrance-trunk.jpg\",\"datePublished\":\"2024-09-23T05:41:56+00:00\",\"dateModified\":\"2024-09-23T06:57:27+00:00\",\"description\":\"Pharrell Williams, i ic\u00f4ne du cool et directeur artistique des collections Homme de Louis Vuitton, a cr\u00e9\u00e9 un parfum pour la maison fran\u00e7aise.\",\"inLanguage\":\"fr-FR\",\"potentialAction\":[{\"@type\":\"ReadAction\",\"target\":[\"https:\\\/\\\/marieclaire.be\\\/fr\\\/lv-lvers-parfum-pharrell-williams-louis-vuitton\\\/\"]}]},{\"@type\":\"ImageObject\",\"inLanguage\":\"fr-FR\",\"@id\":\"https:\\\/\\\/marieclaire.be\\\/fr\\\/lv-lvers-parfum-pharrell-williams-louis-vuitton\\\/#primaryimage\",\"url\":\"https:\\\/\\\/marieclaire.be\\\/fr\\\/wp-content\\\/uploads\\\/2024\\\/09\\\/lvers-fragrance-trunk.jpg\",\"contentUrl\":\"https:\\\/\\\/marieclaire.be\\\/fr\\\/wp-content\\\/uploads\\\/2024\\\/09\\\/lvers-fragrance-trunk.jpg\",\"width\":1536,\"height\":2048,\"caption\":\"Stacked from 11 images. Method=B (R=1,S=1)\"},{\"@type\":\"WebSite\",\"@id\":\"https:\\\/\\\/marieclaire.be\\\/fr\\\/#website\",\"url\":\"https:\\\/\\\/marieclaire.be\\\/fr\\\/\",\"name\":\"Marie Claire Belgique\",\"description\":\"Marie Claire Belgique, le magazine du style et de l\u2019intelligence qui parle de mode, des tendances, de la beaut\u00e9, de l\u2019actualit\u00e9 et de la culture\",\"publisher\":{\"@id\":\"https:\\\/\\\/marieclaire.be\\\/fr\\\/#organization\"},\"potentialAction\":[{\"@type\":\"SearchAction\",\"target\":{\"@type\":\"EntryPoint\",\"urlTemplate\":\"https:\\\/\\\/marieclaire.be\\\/fr\\\/?s={search_term_string}\"},\"query-input\":{\"@type\":\"PropertyValueSpecification\",\"valueRequired\":true,\"valueName\":\"search_term_string\"}}],\"inLanguage\":\"fr-FR\"},{\"@type\":\"Organization\",\"@id\":\"https:\\\/\\\/marieclaire.be\\\/fr\\\/#organization\",\"name\":\"Marie Claire\",\"url\":\"https:\\\/\\\/marieclaire.be\\\/fr\\\/\",\"logo\":{\"@type\":\"ImageObject\",\"inLanguage\":\"fr-FR\",\"@id\":\"https:\\\/\\\/marieclaire.be\\\/fr\\\/#\\\/schema\\\/logo\\\/image\\\/\",\"url\":\"https:\\\/\\\/marieclaire.be\\\/fr\\\/wp-content\\\/uploads\\\/2018\\\/05\\\/mc-logo2.png\",\"contentUrl\":\"https:\\\/\\\/marieclaire.be\\\/fr\\\/wp-content\\\/uploads\\\/2018\\\/05\\\/mc-logo2.png\",\"width\":1001,\"height\":189,\"caption\":\"Marie Claire\"},\"image\":{\"@id\":\"https:\\\/\\\/marieclaire.be\\\/fr\\\/#\\\/schema\\\/logo\\\/image\\\/\"},\"sameAs\":[\"https:\\\/\\\/www.facebook.com\\\/MarieClaire.Belgique\\\/\",\"https:\\\/\\\/www.instagram.com\\\/marieclaire_belgique\\\/\",\"https:\\\/\\\/fr.pinterest.com\\\/marieclairebe\\\/\",\"https:\\\/\\\/www.youtube.com\\\/user\\\/BelgiumMarieClaire\"]},{\"@type\":\"Person\",\"@id\":\"https:\\\/\\\/marieclaire.be\\\/fr\\\/#\\\/schema\\\/person\\\/c71bd7a8c3e622513c7531a39292a34e\",\"name\":\"Malvine Sevrin\",\"image\":{\"@type\":\"ImageObject\",\"inLanguage\":\"fr-FR\",\"@id\":\"https:\\\/\\\/marieclaire.be\\\/fr\\\/wp-content\\\/uploads\\\/2017\\\/05\\\/capture-decran-2024-02-13-a-145920-96x96.png\",\"url\":\"https:\\\/\\\/marieclaire.be\\\/fr\\\/wp-content\\\/uploads\\\/2017\\\/05\\\/capture-decran-2024-02-13-a-145920-96x96.png\",\"contentUrl\":\"https:\\\/\\\/marieclaire.be\\\/fr\\\/wp-content\\\/uploads\\\/2017\\\/05\\\/capture-decran-2024-02-13-a-145920-96x96.png\",\"caption\":\"Malvine Sevrin\"},\"description\":\"Des podiums parisiens aux derni\u00e8res nouveaut\u00e9s skincare qui enflamment TikTok, je d\u00e9crypte les tendances pour Marie Claire Belgique. Passionn\u00e9e de voyage, de mode et de beaut\u00e9, je partage mes coups de coeur d\u00e9nich\u00e9s aux quatre coins du globe. En tant que r\u00e9dactrice en chef digital, j'ai \u00e9galement \u00e0 coeur de mettre en lumi\u00e8re les histoires inspirantes de femmes \u00e0 travers notre site et sur nos r\u00e9seaux sociaux.\",\"sameAs\":[\"https:\\\/\\\/www.instagram.com\\\/malvinesev\\\/\"],\"url\":\"https:\\\/\\\/marieclaire.be\\\/fr\\\/author\\\/malvine\\\/\"}]}<\/script>\n<!-- \/ Yoast SEO plugin. -->","yoast_head_json":{"title":"Pharrell Williams signe LV LVERS, son premier parfum pour Louis Vuitton - Marie Claire Belgique","description":"Pharrell Williams, i ic\u00f4ne du cool et directeur artistique des collections Homme de Louis Vuitton, a cr\u00e9\u00e9 un parfum pour la maison fran\u00e7aise.","robots":{"index":"index","follow":"follow","max-snippet":"max-snippet:-1","max-image-preview":"max-image-preview:large","max-video-preview":"max-video-preview:-1"},"canonical":"https:\/\/marieclaire.be\/fr\/lv-lvers-parfum-pharrell-williams-louis-vuitton\/","next":"https:\/\/marieclaire.be\/fr\/lv-lvers-parfum-pharrell-williams-louis-vuitton\/2\/","og_locale":"fr_FR","og_type":"article","og_title":"Pharrell Williams signe LV LVERS, son premier parfum pour Louis Vuitton - Marie Claire Belgique","og_description":"Pharrell Williams, i ic\u00f4ne du cool et directeur artistique des collections Homme de Louis Vuitton, a cr\u00e9\u00e9 un parfum pour la maison fran\u00e7aise.","og_url":"https:\/\/marieclaire.be\/fr\/lv-lvers-parfum-pharrell-williams-louis-vuitton\/","og_site_name":"Marie Claire Belgique","article_publisher":"https:\/\/www.facebook.com\/MarieClaire.Belgique\/","article_published_time":"2024-09-23T05:41:56+00:00","article_modified_time":"2024-09-23T06:57:27+00:00","og_image":[{"width":1536,"height":2048,"url":"https:\/\/marieclaire.be\/fr\/wp-content\/uploads\/2024\/09\/lvers-fragrance-trunk-scaled.jpg","type":"image\/jpeg"}],"author":"Malvine Sevrin","twitter_misc":{"\u00c9crit par":"Malvine Sevrin","Dur\u00e9e de lecture estim\u00e9e":"4 minutes"},"schema":{"@context":"https:\/\/schema.org","@graph":[{"@type":"NewsArticle","@id":"https:\/\/marieclaire.be\/fr\/lv-lvers-parfum-pharrell-williams-louis-vuitton\/#article","isPartOf":{"@id":"https:\/\/marieclaire.be\/fr\/lv-lvers-parfum-pharrell-williams-louis-vuitton\/"},"author":{"name":"Malvine Sevrin","@id":"https:\/\/marieclaire.be\/fr\/#\/schema\/person\/c71bd7a8c3e622513c7531a39292a34e"},"headline":"Pharrell Williams signe LV LVERS, son premier parfum pour Louis Vuitton","datePublished":"2024-09-23T05:41:56+00:00","dateModified":"2024-09-23T06:57:27+00:00","mainEntityOfPage":{"@id":"https:\/\/marieclaire.be\/fr\/lv-lvers-parfum-pharrell-williams-louis-vuitton\/"},"wordCount":821,"publisher":{"@id":"https:\/\/marieclaire.be\/fr\/#organization"},"image":{"@id":"https:\/\/marieclaire.be\/fr\/lv-lvers-parfum-pharrell-williams-louis-vuitton\/#primaryimage"},"thumbnailUrl":"https:\/\/marieclaire.be\/fr\/wp-content\/uploads\/2024\/09\/lvers-fragrance-trunk.jpg","keywords":["louis vuitton"],"articleSection":["Beaut\u00e9","Parfums"],"inLanguage":"fr-FR"},{"@type":"WebPage","@id":"https:\/\/marieclaire.be\/fr\/lv-lvers-parfum-pharrell-williams-louis-vuitton\/","url":"https:\/\/marieclaire.be\/fr\/lv-lvers-parfum-pharrell-williams-louis-vuitton\/","name":"Pharrell Williams signe LV LVERS, son premier parfum pour Louis Vuitton - Marie Claire Belgique","isPartOf":{"@id":"https:\/\/marieclaire.be\/fr\/#website"},"primaryImageOfPage":{"@id":"https:\/\/marieclaire.be\/fr\/lv-lvers-parfum-pharrell-williams-louis-vuitton\/#primaryimage"},"image":{"@id":"https:\/\/marieclaire.be\/fr\/lv-lvers-parfum-pharrell-williams-louis-vuitton\/#primaryimage"},"thumbnailUrl":"https:\/\/marieclaire.be\/fr\/wp-content\/uploads\/2024\/09\/lvers-fragrance-trunk.jpg","datePublished":"2024-09-23T05:41:56+00:00","dateModified":"2024-09-23T06:57:27+00:00","description":"Pharrell Williams, i ic\u00f4ne du cool et directeur artistique des collections Homme de Louis Vuitton, a cr\u00e9\u00e9 un parfum pour la maison fran\u00e7aise.","inLanguage":"fr-FR","potentialAction":[{"@type":"ReadAction","target":["https:\/\/marieclaire.be\/fr\/lv-lvers-parfum-pharrell-williams-louis-vuitton\/"]}]},{"@type":"ImageObject","inLanguage":"fr-FR","@id":"https:\/\/marieclaire.be\/fr\/lv-lvers-parfum-pharrell-williams-louis-vuitton\/#primaryimage","url":"https:\/\/marieclaire.be\/fr\/wp-content\/uploads\/2024\/09\/lvers-fragrance-trunk.jpg","contentUrl":"https:\/\/marieclaire.be\/fr\/wp-content\/uploads\/2024\/09\/lvers-fragrance-trunk.jpg","width":1536,"height":2048,"caption":"Stacked from 11 images. Method=B (R=1,S=1)"},{"@type":"WebSite","@id":"https:\/\/marieclaire.be\/fr\/#website","url":"https:\/\/marieclaire.be\/fr\/","name":"Marie Claire Belgique","description":"Marie Claire Belgique, le magazine du style et de l\u2019intelligence qui parle de mode, des tendances, de la beaut\u00e9, de l\u2019actualit\u00e9 et de la culture","publisher":{"@id":"https:\/\/marieclaire.be\/fr\/#organization"},"potentialAction":[{"@type":"SearchAction","target":{"@type":"EntryPoint","urlTemplate":"https:\/\/marieclaire.be\/fr\/?s={search_term_string}"},"query-input":{"@type":"PropertyValueSpecification","valueRequired":true,"valueName":"search_term_string"}}],"inLanguage":"fr-FR"},{"@type":"Organization","@id":"https:\/\/marieclaire.be\/fr\/#organization","name":"Marie Claire","url":"https:\/\/marieclaire.be\/fr\/","logo":{"@type":"ImageObject","inLanguage":"fr-FR","@id":"https:\/\/marieclaire.be\/fr\/#\/schema\/logo\/image\/","url":"https:\/\/marieclaire.be\/fr\/wp-content\/uploads\/2018\/05\/mc-logo2.png","contentUrl":"https:\/\/marieclaire.be\/fr\/wp-content\/uploads\/2018\/05\/mc-logo2.png","width":1001,"height":189,"caption":"Marie Claire"},"image":{"@id":"https:\/\/marieclaire.be\/fr\/#\/schema\/logo\/image\/"},"sameAs":["https:\/\/www.facebook.com\/MarieClaire.Belgique\/","https:\/\/www.instagram.com\/marieclaire_belgique\/","https:\/\/fr.pinterest.com\/marieclairebe\/","https:\/\/www.youtube.com\/user\/BelgiumMarieClaire"]},{"@type":"Person","@id":"https:\/\/marieclaire.be\/fr\/#\/schema\/person\/c71bd7a8c3e622513c7531a39292a34e","name":"Malvine Sevrin","image":{"@type":"ImageObject","inLanguage":"fr-FR","@id":"https:\/\/marieclaire.be\/fr\/wp-content\/uploads\/2017\/05\/capture-decran-2024-02-13-a-145920-96x96.png","url":"https:\/\/marieclaire.be\/fr\/wp-content\/uploads\/2017\/05\/capture-decran-2024-02-13-a-145920-96x96.png","contentUrl":"https:\/\/marieclaire.be\/fr\/wp-content\/uploads\/2017\/05\/capture-decran-2024-02-13-a-145920-96x96.png","caption":"Malvine Sevrin"},"description":"Des podiums parisiens aux derni\u00e8res nouveaut\u00e9s skincare qui enflamment TikTok, je d\u00e9crypte les tendances pour Marie Claire Belgique. Passionn\u00e9e de voyage, de mode et de beaut\u00e9, je partage mes coups de coeur d\u00e9nich\u00e9s aux quatre coins du globe. En tant que r\u00e9dactrice en chef digital, j'ai \u00e9galement \u00e0 coeur de mettre en lumi\u00e8re les histoires inspirantes de femmes \u00e0 travers notre site et sur nos r\u00e9seaux sociaux.","sameAs":["https:\/\/www.instagram.com\/malvinesev\/"],"url":"https:\/\/marieclaire.be\/fr\/author\/malvine\/"}]}},"_links":{"self":[{"href":"https:\/\/marieclaire.be\/fr\/wp-json\/wp\/v2\/posts\/138387","targetHints":{"allow":["GET"]}}],"collection":[{"href":"https:\/\/marieclaire.be\/fr\/wp-json\/wp\/v2\/posts"}],"about":[{"href":"https:\/\/marieclaire.be\/fr\/wp-json\/wp\/v2\/types\/post"}],"author":[{"embeddable":true,"href":"https:\/\/marieclaire.be\/fr\/wp-json\/wp\/v2\/users\/30"}],"replies":[{"embeddable":true,"href":"https:\/\/marieclaire.be\/fr\/wp-json\/wp\/v2\/comments?post=138387"}],"version-history":[{"count":4,"href":"https:\/\/marieclaire.be\/fr\/wp-json\/wp\/v2\/posts\/138387\/revisions"}],"predecessor-version":[{"id":138393,"href":"https:\/\/marieclaire.be\/fr\/wp-json\/wp\/v2\/posts\/138387\/revisions\/138393"}],"wp:featuredmedia":[{"embeddable":true,"href":"https:\/\/marieclaire.be\/fr\/wp-json\/wp\/v2\/media\/138391"}],"wp:attachment":[{"href":"https:\/\/marieclaire.be\/fr\/wp-json\/wp\/v2\/media?parent=138387"}],"wp:term":[{"taxonomy":"category","embeddable":true,"href":"https:\/\/marieclaire.be\/fr\/wp-json\/wp\/v2\/categories?post=138387"},{"taxonomy":"post_tag","embeddable":true,"href":"https:\/\/marieclaire.be\/fr\/wp-json\/wp\/v2\/tags?post=138387"}],"curies":[{"name":"wp","href":"https:\/\/api.w.org\/{rel}","templated":true}]}}