{"id":137955,"date":"2024-08-30T09:15:16","date_gmt":"2024-08-30T07:15:16","guid":{"rendered":"https:\/\/marieclaire.be\/fr\/?p=137955"},"modified":"2024-08-29T15:33:46","modified_gmt":"2024-08-29T13:33:46","slug":"5-choses-a-savoir-sur-charli-xcx","status":"publish","type":"post","link":"https:\/\/marieclaire.be\/fr\/5-choses-a-savoir-sur-charli-xcx\/","title":{"rendered":"5 choses \u00e0 savoir sur Charli XCX"},"content":{"rendered":"","protected":false},"excerpt":{"rendered":"Depuis la sortie de son nouvel album Brat cet \u00e9t\u00e9, Charli XCX est la chanteuse Britannique dont tout le monde parle. ...","protected":false},"author":8,"featured_media":138003,"comment_status":"closed","ping_status":"closed","sticky":false,"template":"","format":"standard","meta":{"_acf_changed":false,"footnotes":""},"categories":[26,67],"tags":[366],"class_list":["post-137955","post","type-post","status-publish","format-standard","has-post-thumbnail","hentry","category-culture","category-lifestyle","tag-musique"],"acf":[],"_yoast_wpseo_title":null,"_yoast_wpseo_metadesc":"Depuis la sortie de \"Brat\", Charli XCX red\u00e9finit la pop avec son style futuriste et 100% \u00e9lectro. Voici 5 choses \u00e0 savoir \u00e0 propos de l'artiste britannique.","image_verticale":"138002","yoast_head":"<!-- This site is optimized with the Yoast SEO plugin v27.3 - https:\/\/yoast.com\/product\/yoast-seo-wordpress\/ -->\n<title>5 choses \u00e0 savoir sur Charli XCX - Marie Claire Belgique<\/title>\n<meta name=\"description\" content=\"Depuis la sortie de &quot;Brat&quot;, Charli XCX red\u00e9finit la pop avec son style futuriste et 100% \u00e9lectro. Voici 5 choses \u00e0 savoir \u00e0 propos de l&#039;artiste britannique.\" \/>\n<meta name=\"robots\" content=\"index, follow, max-snippet:-1, max-image-preview:large, max-video-preview:-1\" \/>\n<link rel=\"canonical\" href=\"https:\/\/marieclaire.be\/fr\/5-choses-a-savoir-sur-charli-xcx\/\" \/>\n<link rel=\"next\" href=\"https:\/\/marieclaire.be\/fr\/5-choses-a-savoir-sur-charli-xcx\/2\/\" \/>\n<meta property=\"og:locale\" content=\"fr_FR\" \/>\n<meta property=\"og:type\" content=\"article\" \/>\n<meta property=\"og:title\" content=\"5 choses \u00e0 savoir sur Charli XCX - Marie Claire Belgique\" \/>\n<meta property=\"og:description\" content=\"Depuis la sortie de &quot;Brat&quot;, Charli XCX red\u00e9finit la pop avec son style futuriste et 100% \u00e9lectro. Voici 5 choses \u00e0 savoir \u00e0 propos de l&#039;artiste britannique.\" \/>\n<meta property=\"og:url\" content=\"https:\/\/marieclaire.be\/fr\/5-choses-a-savoir-sur-charli-xcx\/\" \/>\n<meta property=\"og:site_name\" content=\"Marie Claire Belgique\" \/>\n<meta property=\"article:publisher\" content=\"https:\/\/www.facebook.com\/MarieClaire.Belgique\/\" \/>\n<meta property=\"article:published_time\" content=\"2024-08-30T07:15:16+00:00\" \/>\n<meta property=\"og:image\" content=\"https:\/\/marieclaire.be\/fr\/wp-content\/uploads\/2024\/08\/xcx-charli.png\" \/>\n\t<meta property=\"og:image:width\" content=\"1200\" \/>\n\t<meta property=\"og:image:height\" content=\"628\" \/>\n\t<meta property=\"og:image:type\" content=\"image\/png\" \/>\n<meta name=\"author\" content=\"Marie Claire\" \/>\n<meta name=\"twitter:label1\" content=\"\u00c9crit par\" \/>\n\t<meta name=\"twitter:data1\" content=\"Marie Claire\" \/>\n\t<meta name=\"twitter:label2\" content=\"Dur\u00e9e de lecture estim\u00e9e\" \/>\n\t<meta name=\"twitter:data2\" content=\"4 minutes\" \/>\n<script type=\"application\/ld+json\" class=\"yoast-schema-graph\">{\"@context\":\"https:\\\/\\\/schema.org\",\"@graph\":[{\"@type\":\"NewsArticle\",\"@id\":\"https:\\\/\\\/marieclaire.be\\\/fr\\\/5-choses-a-savoir-sur-charli-xcx\\\/#article\",\"isPartOf\":{\"@id\":\"https:\\\/\\\/marieclaire.be\\\/fr\\\/5-choses-a-savoir-sur-charli-xcx\\\/\"},\"author\":{\"name\":\"Marie Claire\",\"@id\":\"https:\\\/\\\/marieclaire.be\\\/fr\\\/#\\\/schema\\\/person\\\/6a5bc4eb4707dbc5cb47d17804a85f8c\"},\"headline\":\"5 choses \u00e0 savoir sur Charli XCX\",\"datePublished\":\"2024-08-30T07:15:16+00:00\",\"mainEntityOfPage\":{\"@id\":\"https:\\\/\\\/marieclaire.be\\\/fr\\\/5-choses-a-savoir-sur-charli-xcx\\\/\"},\"wordCount\":779,\"publisher\":{\"@id\":\"https:\\\/\\\/marieclaire.be\\\/fr\\\/#organization\"},\"image\":{\"@id\":\"https:\\\/\\\/marieclaire.be\\\/fr\\\/5-choses-a-savoir-sur-charli-xcx\\\/#primaryimage\"},\"thumbnailUrl\":\"https:\\\/\\\/marieclaire.be\\\/fr\\\/wp-content\\\/uploads\\\/2024\\\/08\\\/xcx-charli.png\",\"keywords\":[\"musique\"],\"articleSection\":[\"Culture\",\"Lifestyle\"],\"inLanguage\":\"fr-FR\"},{\"@type\":\"WebPage\",\"@id\":\"https:\\\/\\\/marieclaire.be\\\/fr\\\/5-choses-a-savoir-sur-charli-xcx\\\/\",\"url\":\"https:\\\/\\\/marieclaire.be\\\/fr\\\/5-choses-a-savoir-sur-charli-xcx\\\/\",\"name\":\"5 choses \u00e0 savoir sur Charli XCX - Marie Claire Belgique\",\"isPartOf\":{\"@id\":\"https:\\\/\\\/marieclaire.be\\\/fr\\\/#website\"},\"primaryImageOfPage\":{\"@id\":\"https:\\\/\\\/marieclaire.be\\\/fr\\\/5-choses-a-savoir-sur-charli-xcx\\\/#primaryimage\"},\"image\":{\"@id\":\"https:\\\/\\\/marieclaire.be\\\/fr\\\/5-choses-a-savoir-sur-charli-xcx\\\/#primaryimage\"},\"thumbnailUrl\":\"https:\\\/\\\/marieclaire.be\\\/fr\\\/wp-content\\\/uploads\\\/2024\\\/08\\\/xcx-charli.png\",\"datePublished\":\"2024-08-30T07:15:16+00:00\",\"description\":\"Depuis la sortie de \\\"Brat\\\", Charli XCX red\u00e9finit la pop avec son style futuriste et 100% \u00e9lectro. Voici 5 choses \u00e0 savoir \u00e0 propos de l'artiste britannique.\",\"inLanguage\":\"fr-FR\",\"potentialAction\":[{\"@type\":\"ReadAction\",\"target\":[\"https:\\\/\\\/marieclaire.be\\\/fr\\\/5-choses-a-savoir-sur-charli-xcx\\\/\"]}]},{\"@type\":\"ImageObject\",\"inLanguage\":\"fr-FR\",\"@id\":\"https:\\\/\\\/marieclaire.be\\\/fr\\\/5-choses-a-savoir-sur-charli-xcx\\\/#primaryimage\",\"url\":\"https:\\\/\\\/marieclaire.be\\\/fr\\\/wp-content\\\/uploads\\\/2024\\\/08\\\/xcx-charli.png\",\"contentUrl\":\"https:\\\/\\\/marieclaire.be\\\/fr\\\/wp-content\\\/uploads\\\/2024\\\/08\\\/xcx-charli.png\",\"width\":1200,\"height\":628,\"caption\":\"Launchmetrics Spotlight\"},{\"@type\":\"WebSite\",\"@id\":\"https:\\\/\\\/marieclaire.be\\\/fr\\\/#website\",\"url\":\"https:\\\/\\\/marieclaire.be\\\/fr\\\/\",\"name\":\"Marie Claire Belgique\",\"description\":\"Marie Claire Belgique, le magazine du style et de l\u2019intelligence qui parle de mode, des tendances, de la beaut\u00e9, de l\u2019actualit\u00e9 et de la culture\",\"publisher\":{\"@id\":\"https:\\\/\\\/marieclaire.be\\\/fr\\\/#organization\"},\"potentialAction\":[{\"@type\":\"SearchAction\",\"target\":{\"@type\":\"EntryPoint\",\"urlTemplate\":\"https:\\\/\\\/marieclaire.be\\\/fr\\\/?s={search_term_string}\"},\"query-input\":{\"@type\":\"PropertyValueSpecification\",\"valueRequired\":true,\"valueName\":\"search_term_string\"}}],\"inLanguage\":\"fr-FR\"},{\"@type\":\"Organization\",\"@id\":\"https:\\\/\\\/marieclaire.be\\\/fr\\\/#organization\",\"name\":\"Marie Claire\",\"url\":\"https:\\\/\\\/marieclaire.be\\\/fr\\\/\",\"logo\":{\"@type\":\"ImageObject\",\"inLanguage\":\"fr-FR\",\"@id\":\"https:\\\/\\\/marieclaire.be\\\/fr\\\/#\\\/schema\\\/logo\\\/image\\\/\",\"url\":\"https:\\\/\\\/marieclaire.be\\\/fr\\\/wp-content\\\/uploads\\\/2018\\\/05\\\/mc-logo2.png\",\"contentUrl\":\"https:\\\/\\\/marieclaire.be\\\/fr\\\/wp-content\\\/uploads\\\/2018\\\/05\\\/mc-logo2.png\",\"width\":1001,\"height\":189,\"caption\":\"Marie Claire\"},\"image\":{\"@id\":\"https:\\\/\\\/marieclaire.be\\\/fr\\\/#\\\/schema\\\/logo\\\/image\\\/\"},\"sameAs\":[\"https:\\\/\\\/www.facebook.com\\\/MarieClaire.Belgique\\\/\",\"https:\\\/\\\/www.instagram.com\\\/marieclaire_belgique\\\/\",\"https:\\\/\\\/fr.pinterest.com\\\/marieclairebe\\\/\",\"https:\\\/\\\/www.youtube.com\\\/user\\\/BelgiumMarieClaire\"]},{\"@type\":\"Person\",\"@id\":\"https:\\\/\\\/marieclaire.be\\\/fr\\\/#\\\/schema\\\/person\\\/6a5bc4eb4707dbc5cb47d17804a85f8c\",\"name\":\"Marie Claire\",\"image\":{\"@type\":\"ImageObject\",\"inLanguage\":\"fr-FR\",\"@id\":\"https:\\\/\\\/marieclaire.be\\\/fr\\\/wp-content\\\/uploads\\\/2016\\\/11\\\/mclogo-96x96.jpg\",\"url\":\"https:\\\/\\\/marieclaire.be\\\/fr\\\/wp-content\\\/uploads\\\/2016\\\/11\\\/mclogo-96x96.jpg\",\"contentUrl\":\"https:\\\/\\\/marieclaire.be\\\/fr\\\/wp-content\\\/uploads\\\/2016\\\/11\\\/mclogo-96x96.jpg\",\"caption\":\"Marie Claire\"},\"url\":\"https:\\\/\\\/marieclaire.be\\\/fr\\\/author\\\/stagiaire\\\/\"}]}<\/script>\n<!-- \/ Yoast SEO plugin. -->","yoast_head_json":{"title":"5 choses \u00e0 savoir sur Charli XCX - Marie Claire Belgique","description":"Depuis la sortie de \"Brat\", Charli XCX red\u00e9finit la pop avec son style futuriste et 100% \u00e9lectro. Voici 5 choses \u00e0 savoir \u00e0 propos de l'artiste britannique.","robots":{"index":"index","follow":"follow","max-snippet":"max-snippet:-1","max-image-preview":"max-image-preview:large","max-video-preview":"max-video-preview:-1"},"canonical":"https:\/\/marieclaire.be\/fr\/5-choses-a-savoir-sur-charli-xcx\/","next":"https:\/\/marieclaire.be\/fr\/5-choses-a-savoir-sur-charli-xcx\/2\/","og_locale":"fr_FR","og_type":"article","og_title":"5 choses \u00e0 savoir sur Charli XCX - Marie Claire Belgique","og_description":"Depuis la sortie de \"Brat\", Charli XCX red\u00e9finit la pop avec son style futuriste et 100% \u00e9lectro. Voici 5 choses \u00e0 savoir \u00e0 propos de l'artiste britannique.","og_url":"https:\/\/marieclaire.be\/fr\/5-choses-a-savoir-sur-charli-xcx\/","og_site_name":"Marie Claire Belgique","article_publisher":"https:\/\/www.facebook.com\/MarieClaire.Belgique\/","article_published_time":"2024-08-30T07:15:16+00:00","og_image":[{"width":1200,"height":628,"url":"https:\/\/marieclaire.be\/fr\/wp-content\/uploads\/2024\/08\/xcx-charli.png","type":"image\/png"}],"author":"Marie Claire","twitter_misc":{"\u00c9crit par":"Marie Claire","Dur\u00e9e de lecture estim\u00e9e":"4 minutes"},"schema":{"@context":"https:\/\/schema.org","@graph":[{"@type":"NewsArticle","@id":"https:\/\/marieclaire.be\/fr\/5-choses-a-savoir-sur-charli-xcx\/#article","isPartOf":{"@id":"https:\/\/marieclaire.be\/fr\/5-choses-a-savoir-sur-charli-xcx\/"},"author":{"name":"Marie Claire","@id":"https:\/\/marieclaire.be\/fr\/#\/schema\/person\/6a5bc4eb4707dbc5cb47d17804a85f8c"},"headline":"5 choses \u00e0 savoir sur Charli XCX","datePublished":"2024-08-30T07:15:16+00:00","mainEntityOfPage":{"@id":"https:\/\/marieclaire.be\/fr\/5-choses-a-savoir-sur-charli-xcx\/"},"wordCount":779,"publisher":{"@id":"https:\/\/marieclaire.be\/fr\/#organization"},"image":{"@id":"https:\/\/marieclaire.be\/fr\/5-choses-a-savoir-sur-charli-xcx\/#primaryimage"},"thumbnailUrl":"https:\/\/marieclaire.be\/fr\/wp-content\/uploads\/2024\/08\/xcx-charli.png","keywords":["musique"],"articleSection":["Culture","Lifestyle"],"inLanguage":"fr-FR"},{"@type":"WebPage","@id":"https:\/\/marieclaire.be\/fr\/5-choses-a-savoir-sur-charli-xcx\/","url":"https:\/\/marieclaire.be\/fr\/5-choses-a-savoir-sur-charli-xcx\/","name":"5 choses \u00e0 savoir sur Charli XCX - Marie Claire Belgique","isPartOf":{"@id":"https:\/\/marieclaire.be\/fr\/#website"},"primaryImageOfPage":{"@id":"https:\/\/marieclaire.be\/fr\/5-choses-a-savoir-sur-charli-xcx\/#primaryimage"},"image":{"@id":"https:\/\/marieclaire.be\/fr\/5-choses-a-savoir-sur-charli-xcx\/#primaryimage"},"thumbnailUrl":"https:\/\/marieclaire.be\/fr\/wp-content\/uploads\/2024\/08\/xcx-charli.png","datePublished":"2024-08-30T07:15:16+00:00","description":"Depuis la sortie de \"Brat\", Charli XCX red\u00e9finit la pop avec son style futuriste et 100% \u00e9lectro. Voici 5 choses \u00e0 savoir \u00e0 propos de l'artiste britannique.","inLanguage":"fr-FR","potentialAction":[{"@type":"ReadAction","target":["https:\/\/marieclaire.be\/fr\/5-choses-a-savoir-sur-charli-xcx\/"]}]},{"@type":"ImageObject","inLanguage":"fr-FR","@id":"https:\/\/marieclaire.be\/fr\/5-choses-a-savoir-sur-charli-xcx\/#primaryimage","url":"https:\/\/marieclaire.be\/fr\/wp-content\/uploads\/2024\/08\/xcx-charli.png","contentUrl":"https:\/\/marieclaire.be\/fr\/wp-content\/uploads\/2024\/08\/xcx-charli.png","width":1200,"height":628,"caption":"Launchmetrics Spotlight"},{"@type":"WebSite","@id":"https:\/\/marieclaire.be\/fr\/#website","url":"https:\/\/marieclaire.be\/fr\/","name":"Marie Claire Belgique","description":"Marie Claire Belgique, le magazine du style et de l\u2019intelligence qui parle de mode, des tendances, de la beaut\u00e9, de l\u2019actualit\u00e9 et de la culture","publisher":{"@id":"https:\/\/marieclaire.be\/fr\/#organization"},"potentialAction":[{"@type":"SearchAction","target":{"@type":"EntryPoint","urlTemplate":"https:\/\/marieclaire.be\/fr\/?s={search_term_string}"},"query-input":{"@type":"PropertyValueSpecification","valueRequired":true,"valueName":"search_term_string"}}],"inLanguage":"fr-FR"},{"@type":"Organization","@id":"https:\/\/marieclaire.be\/fr\/#organization","name":"Marie Claire","url":"https:\/\/marieclaire.be\/fr\/","logo":{"@type":"ImageObject","inLanguage":"fr-FR","@id":"https:\/\/marieclaire.be\/fr\/#\/schema\/logo\/image\/","url":"https:\/\/marieclaire.be\/fr\/wp-content\/uploads\/2018\/05\/mc-logo2.png","contentUrl":"https:\/\/marieclaire.be\/fr\/wp-content\/uploads\/2018\/05\/mc-logo2.png","width":1001,"height":189,"caption":"Marie Claire"},"image":{"@id":"https:\/\/marieclaire.be\/fr\/#\/schema\/logo\/image\/"},"sameAs":["https:\/\/www.facebook.com\/MarieClaire.Belgique\/","https:\/\/www.instagram.com\/marieclaire_belgique\/","https:\/\/fr.pinterest.com\/marieclairebe\/","https:\/\/www.youtube.com\/user\/BelgiumMarieClaire"]},{"@type":"Person","@id":"https:\/\/marieclaire.be\/fr\/#\/schema\/person\/6a5bc4eb4707dbc5cb47d17804a85f8c","name":"Marie Claire","image":{"@type":"ImageObject","inLanguage":"fr-FR","@id":"https:\/\/marieclaire.be\/fr\/wp-content\/uploads\/2016\/11\/mclogo-96x96.jpg","url":"https:\/\/marieclaire.be\/fr\/wp-content\/uploads\/2016\/11\/mclogo-96x96.jpg","contentUrl":"https:\/\/marieclaire.be\/fr\/wp-content\/uploads\/2016\/11\/mclogo-96x96.jpg","caption":"Marie Claire"},"url":"https:\/\/marieclaire.be\/fr\/author\/stagiaire\/"}]}},"_links":{"self":[{"href":"https:\/\/marieclaire.be\/fr\/wp-json\/wp\/v2\/posts\/137955","targetHints":{"allow":["GET"]}}],"collection":[{"href":"https:\/\/marieclaire.be\/fr\/wp-json\/wp\/v2\/posts"}],"about":[{"href":"https:\/\/marieclaire.be\/fr\/wp-json\/wp\/v2\/types\/post"}],"author":[{"embeddable":true,"href":"https:\/\/marieclaire.be\/fr\/wp-json\/wp\/v2\/users\/8"}],"replies":[{"embeddable":true,"href":"https:\/\/marieclaire.be\/fr\/wp-json\/wp\/v2\/comments?post=137955"}],"version-history":[{"count":11,"href":"https:\/\/marieclaire.be\/fr\/wp-json\/wp\/v2\/posts\/137955\/revisions"}],"predecessor-version":[{"id":138004,"href":"https:\/\/marieclaire.be\/fr\/wp-json\/wp\/v2\/posts\/137955\/revisions\/138004"}],"wp:featuredmedia":[{"embeddable":true,"href":"https:\/\/marieclaire.be\/fr\/wp-json\/wp\/v2\/media\/138003"}],"wp:attachment":[{"href":"https:\/\/marieclaire.be\/fr\/wp-json\/wp\/v2\/media?parent=137955"}],"wp:term":[{"taxonomy":"category","embeddable":true,"href":"https:\/\/marieclaire.be\/fr\/wp-json\/wp\/v2\/categories?post=137955"},{"taxonomy":"post_tag","embeddable":true,"href":"https:\/\/marieclaire.be\/fr\/wp-json\/wp\/v2\/tags?post=137955"}],"curies":[{"name":"wp","href":"https:\/\/api.w.org\/{rel}","templated":true}]}}