{"id":136749,"date":"2024-06-27T10:59:26","date_gmt":"2024-06-27T08:59:26","guid":{"rendered":"https:\/\/marieclaire.be\/fr\/?p=136749"},"modified":"2024-06-27T10:59:26","modified_gmt":"2024-06-27T08:59:26","slug":"chanel-defile-couture-palais-garnier","status":"publish","type":"post","link":"https:\/\/marieclaire.be\/fr\/chanel-defile-couture-palais-garnier\/","title":{"rendered":"Chanel s&#8217;invite \u00e0 l&#8217;Op\u00e9ra avec sa collection haute couture automne-hiver 2024\/25"},"content":{"rendered":"","protected":false},"excerpt":{"rendered":"Sophistiqu\u00e9e, luxueuse, th\u00e9\u00e2trale, la collection Haute Couture Automne-Hiver 2024\/25 de\u00a0Chanel\u00a0a pris vie au sein du Palais Garnier, haut lieu de repr\u00e9sentation et d&#8217;\u00e9l\u00e9gance.","protected":false},"author":30,"featured_media":136751,"comment_status":"closed","ping_status":"closed","sticky":false,"template":"","format":"standard","meta":{"_acf_changed":false,"footnotes":""},"categories":[22,6],"tags":[778],"class_list":["post-136749","post","type-post","status-publish","format-standard","has-post-thumbnail","hentry","category-defiles","category-mode","tag-chanel"],"acf":[],"_yoast_wpseo_title":null,"_yoast_wpseo_metadesc":"Sophistiqu\u00e9e, luxueuse, th\u00e9\u00e2trale, la collection Haute Couture Automne-Hiver 2024\/25 de\u00a0Chanel\u00a0a \u00e9t\u00e9 d\u00e9voil\u00e9e au sein du Palais Garnier.","image_verticale":"136750","yoast_head":"<!-- This site is optimized with the Yoast SEO plugin v27.3 - https:\/\/yoast.com\/product\/yoast-seo-wordpress\/ -->\n<title>Chanel s&#039;invite \u00e0 l&#039;Op\u00e9ra avec sa collection haute couture automne-hiver 2024\/25 - Marie Claire Belgique<\/title>\n<meta name=\"description\" content=\"Sophistiqu\u00e9e, luxueuse, th\u00e9\u00e2trale, la collection Haute Couture Automne-Hiver 2024\/25 de\u00a0Chanel\u00a0a \u00e9t\u00e9 d\u00e9voil\u00e9e au sein du Palais Garnier.\" \/>\n<meta name=\"robots\" content=\"index, follow, max-snippet:-1, max-image-preview:large, max-video-preview:-1\" \/>\n<link rel=\"canonical\" href=\"https:\/\/marieclaire.be\/fr\/chanel-defile-couture-palais-garnier\/\" \/>\n<link rel=\"next\" href=\"https:\/\/marieclaire.be\/fr\/chanel-defile-couture-palais-garnier\/2\/\" \/>\n<meta property=\"og:locale\" content=\"fr_FR\" \/>\n<meta property=\"og:type\" content=\"article\" \/>\n<meta property=\"og:title\" content=\"Chanel s&#039;invite \u00e0 l&#039;Op\u00e9ra avec sa collection haute couture automne-hiver 2024\/25 - Marie Claire Belgique\" \/>\n<meta property=\"og:description\" content=\"Sophistiqu\u00e9e, luxueuse, th\u00e9\u00e2trale, la collection Haute Couture Automne-Hiver 2024\/25 de\u00a0Chanel\u00a0a \u00e9t\u00e9 d\u00e9voil\u00e9e au sein du Palais Garnier.\" \/>\n<meta property=\"og:url\" content=\"https:\/\/marieclaire.be\/fr\/chanel-defile-couture-palais-garnier\/\" \/>\n<meta property=\"og:site_name\" content=\"Marie Claire Belgique\" \/>\n<meta property=\"article:publisher\" content=\"https:\/\/www.facebook.com\/MarieClaire.Belgique\/\" \/>\n<meta property=\"article:published_time\" content=\"2024-06-27T08:59:26+00:00\" \/>\n<meta property=\"og:image\" content=\"https:\/\/marieclaire.be\/fr\/wp-content\/uploads\/2024\/06\/couture-chanel.png\" \/>\n\t<meta property=\"og:image:width\" content=\"1200\" \/>\n\t<meta property=\"og:image:height\" content=\"628\" \/>\n\t<meta property=\"og:image:type\" content=\"image\/png\" \/>\n<meta name=\"author\" content=\"Malvine Sevrin\" \/>\n<meta name=\"twitter:label1\" content=\"\u00c9crit par\" \/>\n\t<meta name=\"twitter:data1\" content=\"Malvine Sevrin\" \/>\n\t<meta name=\"twitter:label2\" content=\"Dur\u00e9e de lecture estim\u00e9e\" \/>\n\t<meta name=\"twitter:data2\" content=\"5 minutes\" \/>\n<script type=\"application\/ld+json\" class=\"yoast-schema-graph\">{\"@context\":\"https:\\\/\\\/schema.org\",\"@graph\":[{\"@type\":\"NewsArticle\",\"@id\":\"https:\\\/\\\/marieclaire.be\\\/fr\\\/chanel-defile-couture-palais-garnier\\\/#article\",\"isPartOf\":{\"@id\":\"https:\\\/\\\/marieclaire.be\\\/fr\\\/chanel-defile-couture-palais-garnier\\\/\"},\"author\":{\"name\":\"Malvine Sevrin\",\"@id\":\"https:\\\/\\\/marieclaire.be\\\/fr\\\/#\\\/schema\\\/person\\\/c71bd7a8c3e622513c7531a39292a34e\"},\"headline\":\"Chanel s&#8217;invite \u00e0 l&#8217;Op\u00e9ra avec sa collection haute couture automne-hiver 2024\\\/25\",\"datePublished\":\"2024-06-27T08:59:26+00:00\",\"mainEntityOfPage\":{\"@id\":\"https:\\\/\\\/marieclaire.be\\\/fr\\\/chanel-defile-couture-palais-garnier\\\/\"},\"wordCount\":580,\"publisher\":{\"@id\":\"https:\\\/\\\/marieclaire.be\\\/fr\\\/#organization\"},\"image\":{\"@id\":\"https:\\\/\\\/marieclaire.be\\\/fr\\\/chanel-defile-couture-palais-garnier\\\/#primaryimage\"},\"thumbnailUrl\":\"https:\\\/\\\/marieclaire.be\\\/fr\\\/wp-content\\\/uploads\\\/2024\\\/06\\\/couture-chanel.png\",\"keywords\":[\"chanel\"],\"articleSection\":[\"D\u00e9fil\u00e9s\",\"Mode\"],\"inLanguage\":\"fr-FR\"},{\"@type\":\"WebPage\",\"@id\":\"https:\\\/\\\/marieclaire.be\\\/fr\\\/chanel-defile-couture-palais-garnier\\\/\",\"url\":\"https:\\\/\\\/marieclaire.be\\\/fr\\\/chanel-defile-couture-palais-garnier\\\/\",\"name\":\"Chanel s'invite \u00e0 l'Op\u00e9ra avec sa collection haute couture automne-hiver 2024\\\/25 - Marie Claire Belgique\",\"isPartOf\":{\"@id\":\"https:\\\/\\\/marieclaire.be\\\/fr\\\/#website\"},\"primaryImageOfPage\":{\"@id\":\"https:\\\/\\\/marieclaire.be\\\/fr\\\/chanel-defile-couture-palais-garnier\\\/#primaryimage\"},\"image\":{\"@id\":\"https:\\\/\\\/marieclaire.be\\\/fr\\\/chanel-defile-couture-palais-garnier\\\/#primaryimage\"},\"thumbnailUrl\":\"https:\\\/\\\/marieclaire.be\\\/fr\\\/wp-content\\\/uploads\\\/2024\\\/06\\\/couture-chanel.png\",\"datePublished\":\"2024-06-27T08:59:26+00:00\",\"description\":\"Sophistiqu\u00e9e, luxueuse, th\u00e9\u00e2trale, la collection Haute Couture Automne-Hiver 2024\\\/25 de\u00a0Chanel\u00a0a \u00e9t\u00e9 d\u00e9voil\u00e9e au sein du Palais Garnier.\",\"inLanguage\":\"fr-FR\",\"potentialAction\":[{\"@type\":\"ReadAction\",\"target\":[\"https:\\\/\\\/marieclaire.be\\\/fr\\\/chanel-defile-couture-palais-garnier\\\/\"]}]},{\"@type\":\"ImageObject\",\"inLanguage\":\"fr-FR\",\"@id\":\"https:\\\/\\\/marieclaire.be\\\/fr\\\/chanel-defile-couture-palais-garnier\\\/#primaryimage\",\"url\":\"https:\\\/\\\/marieclaire.be\\\/fr\\\/wp-content\\\/uploads\\\/2024\\\/06\\\/couture-chanel.png\",\"contentUrl\":\"https:\\\/\\\/marieclaire.be\\\/fr\\\/wp-content\\\/uploads\\\/2024\\\/06\\\/couture-chanel.png\",\"width\":1200,\"height\":628,\"caption\":\"Presse\"},{\"@type\":\"WebSite\",\"@id\":\"https:\\\/\\\/marieclaire.be\\\/fr\\\/#website\",\"url\":\"https:\\\/\\\/marieclaire.be\\\/fr\\\/\",\"name\":\"Marie Claire Belgique\",\"description\":\"Marie Claire Belgique, le magazine du style et de l\u2019intelligence qui parle de mode, des tendances, de la beaut\u00e9, de l\u2019actualit\u00e9 et de la culture\",\"publisher\":{\"@id\":\"https:\\\/\\\/marieclaire.be\\\/fr\\\/#organization\"},\"potentialAction\":[{\"@type\":\"SearchAction\",\"target\":{\"@type\":\"EntryPoint\",\"urlTemplate\":\"https:\\\/\\\/marieclaire.be\\\/fr\\\/?s={search_term_string}\"},\"query-input\":{\"@type\":\"PropertyValueSpecification\",\"valueRequired\":true,\"valueName\":\"search_term_string\"}}],\"inLanguage\":\"fr-FR\"},{\"@type\":\"Organization\",\"@id\":\"https:\\\/\\\/marieclaire.be\\\/fr\\\/#organization\",\"name\":\"Marie Claire\",\"url\":\"https:\\\/\\\/marieclaire.be\\\/fr\\\/\",\"logo\":{\"@type\":\"ImageObject\",\"inLanguage\":\"fr-FR\",\"@id\":\"https:\\\/\\\/marieclaire.be\\\/fr\\\/#\\\/schema\\\/logo\\\/image\\\/\",\"url\":\"https:\\\/\\\/marieclaire.be\\\/fr\\\/wp-content\\\/uploads\\\/2018\\\/05\\\/mc-logo2.png\",\"contentUrl\":\"https:\\\/\\\/marieclaire.be\\\/fr\\\/wp-content\\\/uploads\\\/2018\\\/05\\\/mc-logo2.png\",\"width\":1001,\"height\":189,\"caption\":\"Marie Claire\"},\"image\":{\"@id\":\"https:\\\/\\\/marieclaire.be\\\/fr\\\/#\\\/schema\\\/logo\\\/image\\\/\"},\"sameAs\":[\"https:\\\/\\\/www.facebook.com\\\/MarieClaire.Belgique\\\/\",\"https:\\\/\\\/www.instagram.com\\\/marieclaire_belgique\\\/\",\"https:\\\/\\\/fr.pinterest.com\\\/marieclairebe\\\/\",\"https:\\\/\\\/www.youtube.com\\\/user\\\/BelgiumMarieClaire\"]},{\"@type\":\"Person\",\"@id\":\"https:\\\/\\\/marieclaire.be\\\/fr\\\/#\\\/schema\\\/person\\\/c71bd7a8c3e622513c7531a39292a34e\",\"name\":\"Malvine Sevrin\",\"image\":{\"@type\":\"ImageObject\",\"inLanguage\":\"fr-FR\",\"@id\":\"https:\\\/\\\/marieclaire.be\\\/fr\\\/wp-content\\\/uploads\\\/2017\\\/05\\\/capture-decran-2024-02-13-a-145920-96x96.png\",\"url\":\"https:\\\/\\\/marieclaire.be\\\/fr\\\/wp-content\\\/uploads\\\/2017\\\/05\\\/capture-decran-2024-02-13-a-145920-96x96.png\",\"contentUrl\":\"https:\\\/\\\/marieclaire.be\\\/fr\\\/wp-content\\\/uploads\\\/2017\\\/05\\\/capture-decran-2024-02-13-a-145920-96x96.png\",\"caption\":\"Malvine Sevrin\"},\"description\":\"Des podiums parisiens aux derni\u00e8res nouveaut\u00e9s skincare qui enflamment TikTok, je d\u00e9crypte les tendances pour Marie Claire Belgique. Passionn\u00e9e de voyage, de mode et de beaut\u00e9, je partage mes coups de coeur d\u00e9nich\u00e9s aux quatre coins du globe. En tant que r\u00e9dactrice en chef digital, j'ai \u00e9galement \u00e0 coeur de mettre en lumi\u00e8re les histoires inspirantes de femmes \u00e0 travers notre site et sur nos r\u00e9seaux sociaux.\",\"sameAs\":[\"https:\\\/\\\/www.instagram.com\\\/malvinesev\\\/\"],\"url\":\"https:\\\/\\\/marieclaire.be\\\/fr\\\/author\\\/malvine\\\/\"}]}<\/script>\n<!-- \/ Yoast SEO plugin. -->","yoast_head_json":{"title":"Chanel s'invite \u00e0 l'Op\u00e9ra avec sa collection haute couture automne-hiver 2024\/25 - Marie Claire Belgique","description":"Sophistiqu\u00e9e, luxueuse, th\u00e9\u00e2trale, la collection Haute Couture Automne-Hiver 2024\/25 de\u00a0Chanel\u00a0a \u00e9t\u00e9 d\u00e9voil\u00e9e au sein du Palais Garnier.","robots":{"index":"index","follow":"follow","max-snippet":"max-snippet:-1","max-image-preview":"max-image-preview:large","max-video-preview":"max-video-preview:-1"},"canonical":"https:\/\/marieclaire.be\/fr\/chanel-defile-couture-palais-garnier\/","next":"https:\/\/marieclaire.be\/fr\/chanel-defile-couture-palais-garnier\/2\/","og_locale":"fr_FR","og_type":"article","og_title":"Chanel s'invite \u00e0 l'Op\u00e9ra avec sa collection haute couture automne-hiver 2024\/25 - Marie Claire Belgique","og_description":"Sophistiqu\u00e9e, luxueuse, th\u00e9\u00e2trale, la collection Haute Couture Automne-Hiver 2024\/25 de\u00a0Chanel\u00a0a \u00e9t\u00e9 d\u00e9voil\u00e9e au sein du Palais Garnier.","og_url":"https:\/\/marieclaire.be\/fr\/chanel-defile-couture-palais-garnier\/","og_site_name":"Marie Claire Belgique","article_publisher":"https:\/\/www.facebook.com\/MarieClaire.Belgique\/","article_published_time":"2024-06-27T08:59:26+00:00","og_image":[{"width":1200,"height":628,"url":"https:\/\/marieclaire.be\/fr\/wp-content\/uploads\/2024\/06\/couture-chanel.png","type":"image\/png"}],"author":"Malvine Sevrin","twitter_misc":{"\u00c9crit par":"Malvine Sevrin","Dur\u00e9e de lecture estim\u00e9e":"5 minutes"},"schema":{"@context":"https:\/\/schema.org","@graph":[{"@type":"NewsArticle","@id":"https:\/\/marieclaire.be\/fr\/chanel-defile-couture-palais-garnier\/#article","isPartOf":{"@id":"https:\/\/marieclaire.be\/fr\/chanel-defile-couture-palais-garnier\/"},"author":{"name":"Malvine Sevrin","@id":"https:\/\/marieclaire.be\/fr\/#\/schema\/person\/c71bd7a8c3e622513c7531a39292a34e"},"headline":"Chanel s&#8217;invite \u00e0 l&#8217;Op\u00e9ra avec sa collection haute couture automne-hiver 2024\/25","datePublished":"2024-06-27T08:59:26+00:00","mainEntityOfPage":{"@id":"https:\/\/marieclaire.be\/fr\/chanel-defile-couture-palais-garnier\/"},"wordCount":580,"publisher":{"@id":"https:\/\/marieclaire.be\/fr\/#organization"},"image":{"@id":"https:\/\/marieclaire.be\/fr\/chanel-defile-couture-palais-garnier\/#primaryimage"},"thumbnailUrl":"https:\/\/marieclaire.be\/fr\/wp-content\/uploads\/2024\/06\/couture-chanel.png","keywords":["chanel"],"articleSection":["D\u00e9fil\u00e9s","Mode"],"inLanguage":"fr-FR"},{"@type":"WebPage","@id":"https:\/\/marieclaire.be\/fr\/chanel-defile-couture-palais-garnier\/","url":"https:\/\/marieclaire.be\/fr\/chanel-defile-couture-palais-garnier\/","name":"Chanel s'invite \u00e0 l'Op\u00e9ra avec sa collection haute couture automne-hiver 2024\/25 - Marie Claire Belgique","isPartOf":{"@id":"https:\/\/marieclaire.be\/fr\/#website"},"primaryImageOfPage":{"@id":"https:\/\/marieclaire.be\/fr\/chanel-defile-couture-palais-garnier\/#primaryimage"},"image":{"@id":"https:\/\/marieclaire.be\/fr\/chanel-defile-couture-palais-garnier\/#primaryimage"},"thumbnailUrl":"https:\/\/marieclaire.be\/fr\/wp-content\/uploads\/2024\/06\/couture-chanel.png","datePublished":"2024-06-27T08:59:26+00:00","description":"Sophistiqu\u00e9e, luxueuse, th\u00e9\u00e2trale, la collection Haute Couture Automne-Hiver 2024\/25 de\u00a0Chanel\u00a0a \u00e9t\u00e9 d\u00e9voil\u00e9e au sein du Palais Garnier.","inLanguage":"fr-FR","potentialAction":[{"@type":"ReadAction","target":["https:\/\/marieclaire.be\/fr\/chanel-defile-couture-palais-garnier\/"]}]},{"@type":"ImageObject","inLanguage":"fr-FR","@id":"https:\/\/marieclaire.be\/fr\/chanel-defile-couture-palais-garnier\/#primaryimage","url":"https:\/\/marieclaire.be\/fr\/wp-content\/uploads\/2024\/06\/couture-chanel.png","contentUrl":"https:\/\/marieclaire.be\/fr\/wp-content\/uploads\/2024\/06\/couture-chanel.png","width":1200,"height":628,"caption":"Presse"},{"@type":"WebSite","@id":"https:\/\/marieclaire.be\/fr\/#website","url":"https:\/\/marieclaire.be\/fr\/","name":"Marie Claire Belgique","description":"Marie Claire Belgique, le magazine du style et de l\u2019intelligence qui parle de mode, des tendances, de la beaut\u00e9, de l\u2019actualit\u00e9 et de la culture","publisher":{"@id":"https:\/\/marieclaire.be\/fr\/#organization"},"potentialAction":[{"@type":"SearchAction","target":{"@type":"EntryPoint","urlTemplate":"https:\/\/marieclaire.be\/fr\/?s={search_term_string}"},"query-input":{"@type":"PropertyValueSpecification","valueRequired":true,"valueName":"search_term_string"}}],"inLanguage":"fr-FR"},{"@type":"Organization","@id":"https:\/\/marieclaire.be\/fr\/#organization","name":"Marie Claire","url":"https:\/\/marieclaire.be\/fr\/","logo":{"@type":"ImageObject","inLanguage":"fr-FR","@id":"https:\/\/marieclaire.be\/fr\/#\/schema\/logo\/image\/","url":"https:\/\/marieclaire.be\/fr\/wp-content\/uploads\/2018\/05\/mc-logo2.png","contentUrl":"https:\/\/marieclaire.be\/fr\/wp-content\/uploads\/2018\/05\/mc-logo2.png","width":1001,"height":189,"caption":"Marie Claire"},"image":{"@id":"https:\/\/marieclaire.be\/fr\/#\/schema\/logo\/image\/"},"sameAs":["https:\/\/www.facebook.com\/MarieClaire.Belgique\/","https:\/\/www.instagram.com\/marieclaire_belgique\/","https:\/\/fr.pinterest.com\/marieclairebe\/","https:\/\/www.youtube.com\/user\/BelgiumMarieClaire"]},{"@type":"Person","@id":"https:\/\/marieclaire.be\/fr\/#\/schema\/person\/c71bd7a8c3e622513c7531a39292a34e","name":"Malvine Sevrin","image":{"@type":"ImageObject","inLanguage":"fr-FR","@id":"https:\/\/marieclaire.be\/fr\/wp-content\/uploads\/2017\/05\/capture-decran-2024-02-13-a-145920-96x96.png","url":"https:\/\/marieclaire.be\/fr\/wp-content\/uploads\/2017\/05\/capture-decran-2024-02-13-a-145920-96x96.png","contentUrl":"https:\/\/marieclaire.be\/fr\/wp-content\/uploads\/2017\/05\/capture-decran-2024-02-13-a-145920-96x96.png","caption":"Malvine Sevrin"},"description":"Des podiums parisiens aux derni\u00e8res nouveaut\u00e9s skincare qui enflamment TikTok, je d\u00e9crypte les tendances pour Marie Claire Belgique. Passionn\u00e9e de voyage, de mode et de beaut\u00e9, je partage mes coups de coeur d\u00e9nich\u00e9s aux quatre coins du globe. En tant que r\u00e9dactrice en chef digital, j'ai \u00e9galement \u00e0 coeur de mettre en lumi\u00e8re les histoires inspirantes de femmes \u00e0 travers notre site et sur nos r\u00e9seaux sociaux.","sameAs":["https:\/\/www.instagram.com\/malvinesev\/"],"url":"https:\/\/marieclaire.be\/fr\/author\/malvine\/"}]}},"_links":{"self":[{"href":"https:\/\/marieclaire.be\/fr\/wp-json\/wp\/v2\/posts\/136749","targetHints":{"allow":["GET"]}}],"collection":[{"href":"https:\/\/marieclaire.be\/fr\/wp-json\/wp\/v2\/posts"}],"about":[{"href":"https:\/\/marieclaire.be\/fr\/wp-json\/wp\/v2\/types\/post"}],"author":[{"embeddable":true,"href":"https:\/\/marieclaire.be\/fr\/wp-json\/wp\/v2\/users\/30"}],"replies":[{"embeddable":true,"href":"https:\/\/marieclaire.be\/fr\/wp-json\/wp\/v2\/comments?post=136749"}],"version-history":[{"count":2,"href":"https:\/\/marieclaire.be\/fr\/wp-json\/wp\/v2\/posts\/136749\/revisions"}],"predecessor-version":[{"id":136769,"href":"https:\/\/marieclaire.be\/fr\/wp-json\/wp\/v2\/posts\/136749\/revisions\/136769"}],"wp:featuredmedia":[{"embeddable":true,"href":"https:\/\/marieclaire.be\/fr\/wp-json\/wp\/v2\/media\/136751"}],"wp:attachment":[{"href":"https:\/\/marieclaire.be\/fr\/wp-json\/wp\/v2\/media?parent=136749"}],"wp:term":[{"taxonomy":"category","embeddable":true,"href":"https:\/\/marieclaire.be\/fr\/wp-json\/wp\/v2\/categories?post=136749"},{"taxonomy":"post_tag","embeddable":true,"href":"https:\/\/marieclaire.be\/fr\/wp-json\/wp\/v2\/tags?post=136749"}],"curies":[{"name":"wp","href":"https:\/\/api.w.org\/{rel}","templated":true}]}}