{"id":136355,"date":"2024-09-12T13:58:32","date_gmt":"2024-09-12T11:58:32","guid":{"rendered":"https:\/\/marieclaire.be\/fr\/?p=136355"},"modified":"2024-09-16T10:53:22","modified_gmt":"2024-09-16T08:53:22","slug":"club-med-la-palmeraie-marrakech-vacances-en-famille","status":"publish","type":"post","link":"https:\/\/marieclaire.be\/fr\/club-med-la-palmeraie-marrakech-vacances-en-famille\/","title":{"rendered":"Pourquoi le Club Med Marrakech La Palmeraie est la destination id\u00e9ale pour des vacances en famille ?"},"content":{"rendered":"","protected":false},"excerpt":{"rendered":"Avec ses infrastructures adapt\u00e9es, son approche haut de gamme et son hospitalit\u00e9 incomparable, le Club Med Marrakech La Palmeraie red\u00e9finit les vacances en famille.","protected":false},"author":30,"featured_media":138309,"comment_status":"closed","ping_status":"closed","sticky":false,"template":"","format":"standard","meta":{"_acf_changed":false,"footnotes":""},"categories":[29,67],"tags":[535,1015],"class_list":["post-136355","post","type-post","status-publish","format-standard","has-post-thumbnail","hentry","category-voyages","category-lifestyle","tag-hotel","tag-marrakech"],"acf":[],"_yoast_wpseo_title":null,"_yoast_wpseo_metadesc":"En combinant divertissement pour les enfants et relaxation pour les parents, le Club Med La Palmeraie red\u00e9finit les vacances en famille.","image_verticale":"138305","yoast_head":"<!-- This site is optimized with the Yoast SEO plugin v27.3 - https:\/\/yoast.com\/product\/yoast-seo-wordpress\/ -->\n<title>Pourquoi le Club Med Marrakech La Palmeraie est la destination id\u00e9ale pour des vacances en famille ? - Marie Claire Belgique<\/title>\n<meta name=\"description\" content=\"En combinant divertissement pour les enfants et relaxation pour les parents, le Club Med La Palmeraie red\u00e9finit les vacances en famille.\" \/>\n<meta name=\"robots\" content=\"index, follow, max-snippet:-1, max-image-preview:large, max-video-preview:-1\" \/>\n<link rel=\"canonical\" href=\"https:\/\/marieclaire.be\/fr\/club-med-la-palmeraie-marrakech-vacances-en-famille\/\" \/>\n<link rel=\"next\" href=\"https:\/\/marieclaire.be\/fr\/club-med-la-palmeraie-marrakech-vacances-en-famille\/2\/\" \/>\n<meta property=\"og:locale\" content=\"fr_FR\" \/>\n<meta property=\"og:type\" content=\"article\" \/>\n<meta property=\"og:title\" content=\"Pourquoi le Club Med Marrakech La Palmeraie est la destination id\u00e9ale pour des vacances en famille ? - Marie Claire Belgique\" \/>\n<meta property=\"og:description\" content=\"En combinant divertissement pour les enfants et relaxation pour les parents, le Club Med La Palmeraie red\u00e9finit les vacances en famille.\" \/>\n<meta property=\"og:url\" content=\"https:\/\/marieclaire.be\/fr\/club-med-la-palmeraie-marrakech-vacances-en-famille\/\" \/>\n<meta property=\"og:site_name\" content=\"Marie Claire Belgique\" \/>\n<meta property=\"article:publisher\" content=\"https:\/\/www.facebook.com\/MarieClaire.Belgique\/\" \/>\n<meta property=\"article:published_time\" content=\"2024-09-12T11:58:32+00:00\" \/>\n<meta property=\"article:modified_time\" content=\"2024-09-16T08:53:22+00:00\" \/>\n<meta property=\"og:image\" content=\"https:\/\/marieclaire.be\/fr\/wp-content\/uploads\/2024\/09\/club-med-marrakech-famille.png\" \/>\n\t<meta property=\"og:image:width\" content=\"1200\" \/>\n\t<meta property=\"og:image:height\" content=\"628\" \/>\n\t<meta property=\"og:image:type\" content=\"image\/png\" \/>\n<meta name=\"author\" content=\"Malvine Sevrin\" \/>\n<meta name=\"twitter:label1\" content=\"\u00c9crit par\" \/>\n\t<meta name=\"twitter:data1\" content=\"Malvine Sevrin\" \/>\n\t<meta name=\"twitter:label2\" content=\"Dur\u00e9e de lecture estim\u00e9e\" \/>\n\t<meta name=\"twitter:data2\" content=\"5 minutes\" \/>\n<script type=\"application\/ld+json\" class=\"yoast-schema-graph\">{\"@context\":\"https:\\\/\\\/schema.org\",\"@graph\":[{\"@type\":\"NewsArticle\",\"@id\":\"https:\\\/\\\/marieclaire.be\\\/fr\\\/club-med-la-palmeraie-marrakech-vacances-en-famille\\\/#article\",\"isPartOf\":{\"@id\":\"https:\\\/\\\/marieclaire.be\\\/fr\\\/club-med-la-palmeraie-marrakech-vacances-en-famille\\\/\"},\"author\":{\"name\":\"Malvine Sevrin\",\"@id\":\"https:\\\/\\\/marieclaire.be\\\/fr\\\/#\\\/schema\\\/person\\\/c71bd7a8c3e622513c7531a39292a34e\"},\"headline\":\"Pourquoi le Club Med Marrakech La Palmeraie est la destination id\u00e9ale pour des vacances en famille ?\",\"datePublished\":\"2024-09-12T11:58:32+00:00\",\"dateModified\":\"2024-09-16T08:53:22+00:00\",\"mainEntityOfPage\":{\"@id\":\"https:\\\/\\\/marieclaire.be\\\/fr\\\/club-med-la-palmeraie-marrakech-vacances-en-famille\\\/\"},\"wordCount\":1052,\"publisher\":{\"@id\":\"https:\\\/\\\/marieclaire.be\\\/fr\\\/#organization\"},\"image\":{\"@id\":\"https:\\\/\\\/marieclaire.be\\\/fr\\\/club-med-la-palmeraie-marrakech-vacances-en-famille\\\/#primaryimage\"},\"thumbnailUrl\":\"https:\\\/\\\/marieclaire.be\\\/fr\\\/wp-content\\\/uploads\\\/2024\\\/09\\\/club-med-marrakech-famille.png\",\"keywords\":[\"H\u00f4tel\",\"Marrakech\"],\"articleSection\":[\"Evasion\",\"Lifestyle\"],\"inLanguage\":\"fr-FR\"},{\"@type\":\"WebPage\",\"@id\":\"https:\\\/\\\/marieclaire.be\\\/fr\\\/club-med-la-palmeraie-marrakech-vacances-en-famille\\\/\",\"url\":\"https:\\\/\\\/marieclaire.be\\\/fr\\\/club-med-la-palmeraie-marrakech-vacances-en-famille\\\/\",\"name\":\"Pourquoi le Club Med Marrakech La Palmeraie est la destination id\u00e9ale pour des vacances en famille ? - Marie Claire Belgique\",\"isPartOf\":{\"@id\":\"https:\\\/\\\/marieclaire.be\\\/fr\\\/#website\"},\"primaryImageOfPage\":{\"@id\":\"https:\\\/\\\/marieclaire.be\\\/fr\\\/club-med-la-palmeraie-marrakech-vacances-en-famille\\\/#primaryimage\"},\"image\":{\"@id\":\"https:\\\/\\\/marieclaire.be\\\/fr\\\/club-med-la-palmeraie-marrakech-vacances-en-famille\\\/#primaryimage\"},\"thumbnailUrl\":\"https:\\\/\\\/marieclaire.be\\\/fr\\\/wp-content\\\/uploads\\\/2024\\\/09\\\/club-med-marrakech-famille.png\",\"datePublished\":\"2024-09-12T11:58:32+00:00\",\"dateModified\":\"2024-09-16T08:53:22+00:00\",\"description\":\"En combinant divertissement pour les enfants et relaxation pour les parents, le Club Med La Palmeraie red\u00e9finit les vacances en famille.\",\"inLanguage\":\"fr-FR\",\"potentialAction\":[{\"@type\":\"ReadAction\",\"target\":[\"https:\\\/\\\/marieclaire.be\\\/fr\\\/club-med-la-palmeraie-marrakech-vacances-en-famille\\\/\"]}]},{\"@type\":\"ImageObject\",\"inLanguage\":\"fr-FR\",\"@id\":\"https:\\\/\\\/marieclaire.be\\\/fr\\\/club-med-la-palmeraie-marrakech-vacances-en-famille\\\/#primaryimage\",\"url\":\"https:\\\/\\\/marieclaire.be\\\/fr\\\/wp-content\\\/uploads\\\/2024\\\/09\\\/club-med-marrakech-famille.png\",\"contentUrl\":\"https:\\\/\\\/marieclaire.be\\\/fr\\\/wp-content\\\/uploads\\\/2024\\\/09\\\/club-med-marrakech-famille.png\",\"width\":1200,\"height\":628,\"caption\":\"Presse\"},{\"@type\":\"WebSite\",\"@id\":\"https:\\\/\\\/marieclaire.be\\\/fr\\\/#website\",\"url\":\"https:\\\/\\\/marieclaire.be\\\/fr\\\/\",\"name\":\"Marie Claire Belgique\",\"description\":\"Marie Claire Belgique, le magazine du style et de l\u2019intelligence qui parle de mode, des tendances, de la beaut\u00e9, de l\u2019actualit\u00e9 et de la culture\",\"publisher\":{\"@id\":\"https:\\\/\\\/marieclaire.be\\\/fr\\\/#organization\"},\"potentialAction\":[{\"@type\":\"SearchAction\",\"target\":{\"@type\":\"EntryPoint\",\"urlTemplate\":\"https:\\\/\\\/marieclaire.be\\\/fr\\\/?s={search_term_string}\"},\"query-input\":{\"@type\":\"PropertyValueSpecification\",\"valueRequired\":true,\"valueName\":\"search_term_string\"}}],\"inLanguage\":\"fr-FR\"},{\"@type\":\"Organization\",\"@id\":\"https:\\\/\\\/marieclaire.be\\\/fr\\\/#organization\",\"name\":\"Marie Claire\",\"url\":\"https:\\\/\\\/marieclaire.be\\\/fr\\\/\",\"logo\":{\"@type\":\"ImageObject\",\"inLanguage\":\"fr-FR\",\"@id\":\"https:\\\/\\\/marieclaire.be\\\/fr\\\/#\\\/schema\\\/logo\\\/image\\\/\",\"url\":\"https:\\\/\\\/marieclaire.be\\\/fr\\\/wp-content\\\/uploads\\\/2018\\\/05\\\/mc-logo2.png\",\"contentUrl\":\"https:\\\/\\\/marieclaire.be\\\/fr\\\/wp-content\\\/uploads\\\/2018\\\/05\\\/mc-logo2.png\",\"width\":1001,\"height\":189,\"caption\":\"Marie Claire\"},\"image\":{\"@id\":\"https:\\\/\\\/marieclaire.be\\\/fr\\\/#\\\/schema\\\/logo\\\/image\\\/\"},\"sameAs\":[\"https:\\\/\\\/www.facebook.com\\\/MarieClaire.Belgique\\\/\",\"https:\\\/\\\/www.instagram.com\\\/marieclaire_belgique\\\/\",\"https:\\\/\\\/fr.pinterest.com\\\/marieclairebe\\\/\",\"https:\\\/\\\/www.youtube.com\\\/user\\\/BelgiumMarieClaire\"]},{\"@type\":\"Person\",\"@id\":\"https:\\\/\\\/marieclaire.be\\\/fr\\\/#\\\/schema\\\/person\\\/c71bd7a8c3e622513c7531a39292a34e\",\"name\":\"Malvine Sevrin\",\"image\":{\"@type\":\"ImageObject\",\"inLanguage\":\"fr-FR\",\"@id\":\"https:\\\/\\\/marieclaire.be\\\/fr\\\/wp-content\\\/uploads\\\/2017\\\/05\\\/capture-decran-2024-02-13-a-145920-96x96.png\",\"url\":\"https:\\\/\\\/marieclaire.be\\\/fr\\\/wp-content\\\/uploads\\\/2017\\\/05\\\/capture-decran-2024-02-13-a-145920-96x96.png\",\"contentUrl\":\"https:\\\/\\\/marieclaire.be\\\/fr\\\/wp-content\\\/uploads\\\/2017\\\/05\\\/capture-decran-2024-02-13-a-145920-96x96.png\",\"caption\":\"Malvine Sevrin\"},\"description\":\"Des podiums parisiens aux derni\u00e8res nouveaut\u00e9s skincare qui enflamment TikTok, je d\u00e9crypte les tendances pour Marie Claire Belgique. Passionn\u00e9e de voyage, de mode et de beaut\u00e9, je partage mes coups de coeur d\u00e9nich\u00e9s aux quatre coins du globe. En tant que r\u00e9dactrice en chef digital, j'ai \u00e9galement \u00e0 coeur de mettre en lumi\u00e8re les histoires inspirantes de femmes \u00e0 travers notre site et sur nos r\u00e9seaux sociaux.\",\"sameAs\":[\"https:\\\/\\\/www.instagram.com\\\/malvinesev\\\/\"],\"url\":\"https:\\\/\\\/marieclaire.be\\\/fr\\\/author\\\/malvine\\\/\"}]}<\/script>\n<!-- \/ Yoast SEO plugin. -->","yoast_head_json":{"title":"Pourquoi le Club Med Marrakech La Palmeraie est la destination id\u00e9ale pour des vacances en famille ? - Marie Claire Belgique","description":"En combinant divertissement pour les enfants et relaxation pour les parents, le Club Med La Palmeraie red\u00e9finit les vacances en famille.","robots":{"index":"index","follow":"follow","max-snippet":"max-snippet:-1","max-image-preview":"max-image-preview:large","max-video-preview":"max-video-preview:-1"},"canonical":"https:\/\/marieclaire.be\/fr\/club-med-la-palmeraie-marrakech-vacances-en-famille\/","next":"https:\/\/marieclaire.be\/fr\/club-med-la-palmeraie-marrakech-vacances-en-famille\/2\/","og_locale":"fr_FR","og_type":"article","og_title":"Pourquoi le Club Med Marrakech La Palmeraie est la destination id\u00e9ale pour des vacances en famille ? - Marie Claire Belgique","og_description":"En combinant divertissement pour les enfants et relaxation pour les parents, le Club Med La Palmeraie red\u00e9finit les vacances en famille.","og_url":"https:\/\/marieclaire.be\/fr\/club-med-la-palmeraie-marrakech-vacances-en-famille\/","og_site_name":"Marie Claire Belgique","article_publisher":"https:\/\/www.facebook.com\/MarieClaire.Belgique\/","article_published_time":"2024-09-12T11:58:32+00:00","article_modified_time":"2024-09-16T08:53:22+00:00","og_image":[{"width":1200,"height":628,"url":"https:\/\/marieclaire.be\/fr\/wp-content\/uploads\/2024\/09\/club-med-marrakech-famille.png","type":"image\/png"}],"author":"Malvine Sevrin","twitter_misc":{"\u00c9crit par":"Malvine Sevrin","Dur\u00e9e de lecture estim\u00e9e":"5 minutes"},"schema":{"@context":"https:\/\/schema.org","@graph":[{"@type":"NewsArticle","@id":"https:\/\/marieclaire.be\/fr\/club-med-la-palmeraie-marrakech-vacances-en-famille\/#article","isPartOf":{"@id":"https:\/\/marieclaire.be\/fr\/club-med-la-palmeraie-marrakech-vacances-en-famille\/"},"author":{"name":"Malvine Sevrin","@id":"https:\/\/marieclaire.be\/fr\/#\/schema\/person\/c71bd7a8c3e622513c7531a39292a34e"},"headline":"Pourquoi le Club Med Marrakech La Palmeraie est la destination id\u00e9ale pour des vacances en famille ?","datePublished":"2024-09-12T11:58:32+00:00","dateModified":"2024-09-16T08:53:22+00:00","mainEntityOfPage":{"@id":"https:\/\/marieclaire.be\/fr\/club-med-la-palmeraie-marrakech-vacances-en-famille\/"},"wordCount":1052,"publisher":{"@id":"https:\/\/marieclaire.be\/fr\/#organization"},"image":{"@id":"https:\/\/marieclaire.be\/fr\/club-med-la-palmeraie-marrakech-vacances-en-famille\/#primaryimage"},"thumbnailUrl":"https:\/\/marieclaire.be\/fr\/wp-content\/uploads\/2024\/09\/club-med-marrakech-famille.png","keywords":["H\u00f4tel","Marrakech"],"articleSection":["Evasion","Lifestyle"],"inLanguage":"fr-FR"},{"@type":"WebPage","@id":"https:\/\/marieclaire.be\/fr\/club-med-la-palmeraie-marrakech-vacances-en-famille\/","url":"https:\/\/marieclaire.be\/fr\/club-med-la-palmeraie-marrakech-vacances-en-famille\/","name":"Pourquoi le Club Med Marrakech La Palmeraie est la destination id\u00e9ale pour des vacances en famille ? - Marie Claire Belgique","isPartOf":{"@id":"https:\/\/marieclaire.be\/fr\/#website"},"primaryImageOfPage":{"@id":"https:\/\/marieclaire.be\/fr\/club-med-la-palmeraie-marrakech-vacances-en-famille\/#primaryimage"},"image":{"@id":"https:\/\/marieclaire.be\/fr\/club-med-la-palmeraie-marrakech-vacances-en-famille\/#primaryimage"},"thumbnailUrl":"https:\/\/marieclaire.be\/fr\/wp-content\/uploads\/2024\/09\/club-med-marrakech-famille.png","datePublished":"2024-09-12T11:58:32+00:00","dateModified":"2024-09-16T08:53:22+00:00","description":"En combinant divertissement pour les enfants et relaxation pour les parents, le Club Med La Palmeraie red\u00e9finit les vacances en famille.","inLanguage":"fr-FR","potentialAction":[{"@type":"ReadAction","target":["https:\/\/marieclaire.be\/fr\/club-med-la-palmeraie-marrakech-vacances-en-famille\/"]}]},{"@type":"ImageObject","inLanguage":"fr-FR","@id":"https:\/\/marieclaire.be\/fr\/club-med-la-palmeraie-marrakech-vacances-en-famille\/#primaryimage","url":"https:\/\/marieclaire.be\/fr\/wp-content\/uploads\/2024\/09\/club-med-marrakech-famille.png","contentUrl":"https:\/\/marieclaire.be\/fr\/wp-content\/uploads\/2024\/09\/club-med-marrakech-famille.png","width":1200,"height":628,"caption":"Presse"},{"@type":"WebSite","@id":"https:\/\/marieclaire.be\/fr\/#website","url":"https:\/\/marieclaire.be\/fr\/","name":"Marie Claire Belgique","description":"Marie Claire Belgique, le magazine du style et de l\u2019intelligence qui parle de mode, des tendances, de la beaut\u00e9, de l\u2019actualit\u00e9 et de la culture","publisher":{"@id":"https:\/\/marieclaire.be\/fr\/#organization"},"potentialAction":[{"@type":"SearchAction","target":{"@type":"EntryPoint","urlTemplate":"https:\/\/marieclaire.be\/fr\/?s={search_term_string}"},"query-input":{"@type":"PropertyValueSpecification","valueRequired":true,"valueName":"search_term_string"}}],"inLanguage":"fr-FR"},{"@type":"Organization","@id":"https:\/\/marieclaire.be\/fr\/#organization","name":"Marie Claire","url":"https:\/\/marieclaire.be\/fr\/","logo":{"@type":"ImageObject","inLanguage":"fr-FR","@id":"https:\/\/marieclaire.be\/fr\/#\/schema\/logo\/image\/","url":"https:\/\/marieclaire.be\/fr\/wp-content\/uploads\/2018\/05\/mc-logo2.png","contentUrl":"https:\/\/marieclaire.be\/fr\/wp-content\/uploads\/2018\/05\/mc-logo2.png","width":1001,"height":189,"caption":"Marie Claire"},"image":{"@id":"https:\/\/marieclaire.be\/fr\/#\/schema\/logo\/image\/"},"sameAs":["https:\/\/www.facebook.com\/MarieClaire.Belgique\/","https:\/\/www.instagram.com\/marieclaire_belgique\/","https:\/\/fr.pinterest.com\/marieclairebe\/","https:\/\/www.youtube.com\/user\/BelgiumMarieClaire"]},{"@type":"Person","@id":"https:\/\/marieclaire.be\/fr\/#\/schema\/person\/c71bd7a8c3e622513c7531a39292a34e","name":"Malvine Sevrin","image":{"@type":"ImageObject","inLanguage":"fr-FR","@id":"https:\/\/marieclaire.be\/fr\/wp-content\/uploads\/2017\/05\/capture-decran-2024-02-13-a-145920-96x96.png","url":"https:\/\/marieclaire.be\/fr\/wp-content\/uploads\/2017\/05\/capture-decran-2024-02-13-a-145920-96x96.png","contentUrl":"https:\/\/marieclaire.be\/fr\/wp-content\/uploads\/2017\/05\/capture-decran-2024-02-13-a-145920-96x96.png","caption":"Malvine Sevrin"},"description":"Des podiums parisiens aux derni\u00e8res nouveaut\u00e9s skincare qui enflamment TikTok, je d\u00e9crypte les tendances pour Marie Claire Belgique. Passionn\u00e9e de voyage, de mode et de beaut\u00e9, je partage mes coups de coeur d\u00e9nich\u00e9s aux quatre coins du globe. En tant que r\u00e9dactrice en chef digital, j'ai \u00e9galement \u00e0 coeur de mettre en lumi\u00e8re les histoires inspirantes de femmes \u00e0 travers notre site et sur nos r\u00e9seaux sociaux.","sameAs":["https:\/\/www.instagram.com\/malvinesev\/"],"url":"https:\/\/marieclaire.be\/fr\/author\/malvine\/"}]}},"_links":{"self":[{"href":"https:\/\/marieclaire.be\/fr\/wp-json\/wp\/v2\/posts\/136355","targetHints":{"allow":["GET"]}}],"collection":[{"href":"https:\/\/marieclaire.be\/fr\/wp-json\/wp\/v2\/posts"}],"about":[{"href":"https:\/\/marieclaire.be\/fr\/wp-json\/wp\/v2\/types\/post"}],"author":[{"embeddable":true,"href":"https:\/\/marieclaire.be\/fr\/wp-json\/wp\/v2\/users\/30"}],"replies":[{"embeddable":true,"href":"https:\/\/marieclaire.be\/fr\/wp-json\/wp\/v2\/comments?post=136355"}],"version-history":[{"count":34,"href":"https:\/\/marieclaire.be\/fr\/wp-json\/wp\/v2\/posts\/136355\/revisions"}],"predecessor-version":[{"id":138364,"href":"https:\/\/marieclaire.be\/fr\/wp-json\/wp\/v2\/posts\/136355\/revisions\/138364"}],"wp:featuredmedia":[{"embeddable":true,"href":"https:\/\/marieclaire.be\/fr\/wp-json\/wp\/v2\/media\/138309"}],"wp:attachment":[{"href":"https:\/\/marieclaire.be\/fr\/wp-json\/wp\/v2\/media?parent=136355"}],"wp:term":[{"taxonomy":"category","embeddable":true,"href":"https:\/\/marieclaire.be\/fr\/wp-json\/wp\/v2\/categories?post=136355"},{"taxonomy":"post_tag","embeddable":true,"href":"https:\/\/marieclaire.be\/fr\/wp-json\/wp\/v2\/tags?post=136355"}],"curies":[{"name":"wp","href":"https:\/\/api.w.org\/{rel}","templated":true}]}}