{"id":136255,"date":"2024-06-07T07:41:35","date_gmt":"2024-06-07T05:41:35","guid":{"rendered":"https:\/\/marieclaire.be\/fr\/?p=136255"},"modified":"2024-06-06T14:26:15","modified_gmt":"2024-06-06T12:26:15","slug":"manifestation-phenomene-pensee-positive","status":"publish","type":"post","link":"https:\/\/marieclaire.be\/fr\/manifestation-phenomene-pensee-positive\/","title":{"rendered":"La manifestation, ce ph\u00e9nom\u00e8ne \u00e0 la mode qui pr\u00f4ne la pens\u00e9e positive"},"content":{"rendered":"","protected":false},"excerpt":{"rendered":"Vous avez s\u00fbrement d\u00e9j\u00e0 entendu parler de &#8220;manifestation&#8221;, ce concept \u00e0 la mode qui promet d&#8217;attirer dans votre vie tout ce que vous d\u00e9sirez &#8211; de l\u2019\u00e2me s\u0153ur au job de vos r\u00eaves &#8211; par la simple force de la pens\u00e9e positive.","protected":false},"author":30,"featured_media":136337,"comment_status":"closed","ping_status":"closed","sticky":false,"template":"","format":"standard","meta":{"_acf_changed":false,"footnotes":""},"categories":[73,1433],"tags":[],"class_list":["post-136255","post","type-post","status-publish","format-standard","has-post-thumbnail","hentry","category-psycho","category-sante"],"acf":[],"_yoast_wpseo_title":null,"_yoast_wpseo_metadesc":"La manifestation, c'est l'id\u00e9e que l'on attire \u00e0 soi ce que l'on d\u00e9sire par la simple force de la pens\u00e9e. D\u00e9cryptage de ce ph\u00e9nom\u00e8ne en vogue sur les r\u00e9seaux sociaux.","image_verticale":"136326","yoast_head":"<!-- This site is optimized with the Yoast SEO plugin v27.3 - https:\/\/yoast.com\/product\/yoast-seo-wordpress\/ -->\n<title>La manifestation, ce ph\u00e9nom\u00e8ne \u00e0 la mode qui pr\u00f4ne la pens\u00e9e positive - Marie Claire Belgique<\/title>\n<meta name=\"description\" content=\"La manifestation, c&#039;est l&#039;id\u00e9e que l&#039;on attire \u00e0 soi ce que l&#039;on d\u00e9sire par la simple force de la pens\u00e9e. D\u00e9cryptage de ce ph\u00e9nom\u00e8ne en vogue sur les r\u00e9seaux sociaux.\" \/>\n<meta name=\"robots\" content=\"index, follow, max-snippet:-1, max-image-preview:large, max-video-preview:-1\" \/>\n<link rel=\"canonical\" href=\"https:\/\/marieclaire.be\/fr\/manifestation-phenomene-pensee-positive\/\" \/>\n<link rel=\"next\" href=\"https:\/\/marieclaire.be\/fr\/manifestation-phenomene-pensee-positive\/2\/\" \/>\n<meta property=\"og:locale\" content=\"fr_FR\" \/>\n<meta property=\"og:type\" content=\"article\" \/>\n<meta property=\"og:title\" content=\"La manifestation, ce ph\u00e9nom\u00e8ne \u00e0 la mode qui pr\u00f4ne la pens\u00e9e positive - Marie Claire Belgique\" \/>\n<meta property=\"og:description\" content=\"La manifestation, c&#039;est l&#039;id\u00e9e que l&#039;on attire \u00e0 soi ce que l&#039;on d\u00e9sire par la simple force de la pens\u00e9e. D\u00e9cryptage de ce ph\u00e9nom\u00e8ne en vogue sur les r\u00e9seaux sociaux.\" \/>\n<meta property=\"og:url\" content=\"https:\/\/marieclaire.be\/fr\/manifestation-phenomene-pensee-positive\/\" \/>\n<meta property=\"og:site_name\" content=\"Marie Claire Belgique\" \/>\n<meta property=\"article:publisher\" content=\"https:\/\/www.facebook.com\/MarieClaire.Belgique\/\" \/>\n<meta property=\"article:published_time\" content=\"2024-06-07T05:41:35+00:00\" \/>\n<meta property=\"og:image\" content=\"https:\/\/marieclaire.be\/fr\/wp-content\/uploads\/2024\/06\/manifestation-phenomene.png\" \/>\n\t<meta property=\"og:image:width\" content=\"1200\" \/>\n\t<meta property=\"og:image:height\" content=\"628\" \/>\n\t<meta property=\"og:image:type\" content=\"image\/png\" \/>\n<meta name=\"author\" content=\"Malvine Sevrin\" \/>\n<meta name=\"twitter:label1\" content=\"\u00c9crit par\" \/>\n\t<meta name=\"twitter:data1\" content=\"Malvine Sevrin\" \/>\n\t<meta name=\"twitter:label2\" content=\"Dur\u00e9e de lecture estim\u00e9e\" \/>\n\t<meta name=\"twitter:data2\" content=\"4 minutes\" \/>\n<script type=\"application\/ld+json\" class=\"yoast-schema-graph\">{\"@context\":\"https:\\\/\\\/schema.org\",\"@graph\":[{\"@type\":\"NewsArticle\",\"@id\":\"https:\\\/\\\/marieclaire.be\\\/fr\\\/manifestation-phenomene-pensee-positive\\\/#article\",\"isPartOf\":{\"@id\":\"https:\\\/\\\/marieclaire.be\\\/fr\\\/manifestation-phenomene-pensee-positive\\\/\"},\"author\":{\"name\":\"Malvine Sevrin\",\"@id\":\"https:\\\/\\\/marieclaire.be\\\/fr\\\/#\\\/schema\\\/person\\\/c71bd7a8c3e622513c7531a39292a34e\"},\"headline\":\"La manifestation, ce ph\u00e9nom\u00e8ne \u00e0 la mode qui pr\u00f4ne la pens\u00e9e positive\",\"datePublished\":\"2024-06-07T05:41:35+00:00\",\"mainEntityOfPage\":{\"@id\":\"https:\\\/\\\/marieclaire.be\\\/fr\\\/manifestation-phenomene-pensee-positive\\\/\"},\"wordCount\":827,\"publisher\":{\"@id\":\"https:\\\/\\\/marieclaire.be\\\/fr\\\/#organization\"},\"image\":{\"@id\":\"https:\\\/\\\/marieclaire.be\\\/fr\\\/manifestation-phenomene-pensee-positive\\\/#primaryimage\"},\"thumbnailUrl\":\"https:\\\/\\\/marieclaire.be\\\/fr\\\/wp-content\\\/uploads\\\/2024\\\/06\\\/manifestation-phenomene.png\",\"articleSection\":[\"Psycho\",\"Sant\u00e9\"],\"inLanguage\":\"fr-FR\"},{\"@type\":\"WebPage\",\"@id\":\"https:\\\/\\\/marieclaire.be\\\/fr\\\/manifestation-phenomene-pensee-positive\\\/\",\"url\":\"https:\\\/\\\/marieclaire.be\\\/fr\\\/manifestation-phenomene-pensee-positive\\\/\",\"name\":\"La manifestation, ce ph\u00e9nom\u00e8ne \u00e0 la mode qui pr\u00f4ne la pens\u00e9e positive - Marie Claire Belgique\",\"isPartOf\":{\"@id\":\"https:\\\/\\\/marieclaire.be\\\/fr\\\/#website\"},\"primaryImageOfPage\":{\"@id\":\"https:\\\/\\\/marieclaire.be\\\/fr\\\/manifestation-phenomene-pensee-positive\\\/#primaryimage\"},\"image\":{\"@id\":\"https:\\\/\\\/marieclaire.be\\\/fr\\\/manifestation-phenomene-pensee-positive\\\/#primaryimage\"},\"thumbnailUrl\":\"https:\\\/\\\/marieclaire.be\\\/fr\\\/wp-content\\\/uploads\\\/2024\\\/06\\\/manifestation-phenomene.png\",\"datePublished\":\"2024-06-07T05:41:35+00:00\",\"description\":\"La manifestation, c'est l'id\u00e9e que l'on attire \u00e0 soi ce que l'on d\u00e9sire par la simple force de la pens\u00e9e. D\u00e9cryptage de ce ph\u00e9nom\u00e8ne en vogue sur les r\u00e9seaux sociaux.\",\"inLanguage\":\"fr-FR\",\"potentialAction\":[{\"@type\":\"ReadAction\",\"target\":[\"https:\\\/\\\/marieclaire.be\\\/fr\\\/manifestation-phenomene-pensee-positive\\\/\"]}]},{\"@type\":\"ImageObject\",\"inLanguage\":\"fr-FR\",\"@id\":\"https:\\\/\\\/marieclaire.be\\\/fr\\\/manifestation-phenomene-pensee-positive\\\/#primaryimage\",\"url\":\"https:\\\/\\\/marieclaire.be\\\/fr\\\/wp-content\\\/uploads\\\/2024\\\/06\\\/manifestation-phenomene.png\",\"contentUrl\":\"https:\\\/\\\/marieclaire.be\\\/fr\\\/wp-content\\\/uploads\\\/2024\\\/06\\\/manifestation-phenomene.png\",\"width\":1200,\"height\":628,\"caption\":\"Getty Images\"},{\"@type\":\"WebSite\",\"@id\":\"https:\\\/\\\/marieclaire.be\\\/fr\\\/#website\",\"url\":\"https:\\\/\\\/marieclaire.be\\\/fr\\\/\",\"name\":\"Marie Claire Belgique\",\"description\":\"Marie Claire Belgique, le magazine du style et de l\u2019intelligence qui parle de mode, des tendances, de la beaut\u00e9, de l\u2019actualit\u00e9 et de la culture\",\"publisher\":{\"@id\":\"https:\\\/\\\/marieclaire.be\\\/fr\\\/#organization\"},\"potentialAction\":[{\"@type\":\"SearchAction\",\"target\":{\"@type\":\"EntryPoint\",\"urlTemplate\":\"https:\\\/\\\/marieclaire.be\\\/fr\\\/?s={search_term_string}\"},\"query-input\":{\"@type\":\"PropertyValueSpecification\",\"valueRequired\":true,\"valueName\":\"search_term_string\"}}],\"inLanguage\":\"fr-FR\"},{\"@type\":\"Organization\",\"@id\":\"https:\\\/\\\/marieclaire.be\\\/fr\\\/#organization\",\"name\":\"Marie Claire\",\"url\":\"https:\\\/\\\/marieclaire.be\\\/fr\\\/\",\"logo\":{\"@type\":\"ImageObject\",\"inLanguage\":\"fr-FR\",\"@id\":\"https:\\\/\\\/marieclaire.be\\\/fr\\\/#\\\/schema\\\/logo\\\/image\\\/\",\"url\":\"https:\\\/\\\/marieclaire.be\\\/fr\\\/wp-content\\\/uploads\\\/2018\\\/05\\\/mc-logo2.png\",\"contentUrl\":\"https:\\\/\\\/marieclaire.be\\\/fr\\\/wp-content\\\/uploads\\\/2018\\\/05\\\/mc-logo2.png\",\"width\":1001,\"height\":189,\"caption\":\"Marie Claire\"},\"image\":{\"@id\":\"https:\\\/\\\/marieclaire.be\\\/fr\\\/#\\\/schema\\\/logo\\\/image\\\/\"},\"sameAs\":[\"https:\\\/\\\/www.facebook.com\\\/MarieClaire.Belgique\\\/\",\"https:\\\/\\\/www.instagram.com\\\/marieclaire_belgique\\\/\",\"https:\\\/\\\/fr.pinterest.com\\\/marieclairebe\\\/\",\"https:\\\/\\\/www.youtube.com\\\/user\\\/BelgiumMarieClaire\"]},{\"@type\":\"Person\",\"@id\":\"https:\\\/\\\/marieclaire.be\\\/fr\\\/#\\\/schema\\\/person\\\/c71bd7a8c3e622513c7531a39292a34e\",\"name\":\"Malvine Sevrin\",\"image\":{\"@type\":\"ImageObject\",\"inLanguage\":\"fr-FR\",\"@id\":\"https:\\\/\\\/marieclaire.be\\\/fr\\\/wp-content\\\/uploads\\\/2017\\\/05\\\/capture-decran-2024-02-13-a-145920-96x96.png\",\"url\":\"https:\\\/\\\/marieclaire.be\\\/fr\\\/wp-content\\\/uploads\\\/2017\\\/05\\\/capture-decran-2024-02-13-a-145920-96x96.png\",\"contentUrl\":\"https:\\\/\\\/marieclaire.be\\\/fr\\\/wp-content\\\/uploads\\\/2017\\\/05\\\/capture-decran-2024-02-13-a-145920-96x96.png\",\"caption\":\"Malvine Sevrin\"},\"description\":\"Des podiums parisiens aux derni\u00e8res nouveaut\u00e9s skincare qui enflamment TikTok, je d\u00e9crypte les tendances pour Marie Claire Belgique. Passionn\u00e9e de voyage, de mode et de beaut\u00e9, je partage mes coups de coeur d\u00e9nich\u00e9s aux quatre coins du globe. En tant que r\u00e9dactrice en chef digital, j'ai \u00e9galement \u00e0 coeur de mettre en lumi\u00e8re les histoires inspirantes de femmes \u00e0 travers notre site et sur nos r\u00e9seaux sociaux.\",\"sameAs\":[\"https:\\\/\\\/www.instagram.com\\\/malvinesev\\\/\"],\"url\":\"https:\\\/\\\/marieclaire.be\\\/fr\\\/author\\\/malvine\\\/\"}]}<\/script>\n<!-- \/ Yoast SEO plugin. -->","yoast_head_json":{"title":"La manifestation, ce ph\u00e9nom\u00e8ne \u00e0 la mode qui pr\u00f4ne la pens\u00e9e positive - Marie Claire Belgique","description":"La manifestation, c'est l'id\u00e9e que l'on attire \u00e0 soi ce que l'on d\u00e9sire par la simple force de la pens\u00e9e. D\u00e9cryptage de ce ph\u00e9nom\u00e8ne en vogue sur les r\u00e9seaux sociaux.","robots":{"index":"index","follow":"follow","max-snippet":"max-snippet:-1","max-image-preview":"max-image-preview:large","max-video-preview":"max-video-preview:-1"},"canonical":"https:\/\/marieclaire.be\/fr\/manifestation-phenomene-pensee-positive\/","next":"https:\/\/marieclaire.be\/fr\/manifestation-phenomene-pensee-positive\/2\/","og_locale":"fr_FR","og_type":"article","og_title":"La manifestation, ce ph\u00e9nom\u00e8ne \u00e0 la mode qui pr\u00f4ne la pens\u00e9e positive - Marie Claire Belgique","og_description":"La manifestation, c'est l'id\u00e9e que l'on attire \u00e0 soi ce que l'on d\u00e9sire par la simple force de la pens\u00e9e. D\u00e9cryptage de ce ph\u00e9nom\u00e8ne en vogue sur les r\u00e9seaux sociaux.","og_url":"https:\/\/marieclaire.be\/fr\/manifestation-phenomene-pensee-positive\/","og_site_name":"Marie Claire Belgique","article_publisher":"https:\/\/www.facebook.com\/MarieClaire.Belgique\/","article_published_time":"2024-06-07T05:41:35+00:00","og_image":[{"width":1200,"height":628,"url":"https:\/\/marieclaire.be\/fr\/wp-content\/uploads\/2024\/06\/manifestation-phenomene.png","type":"image\/png"}],"author":"Malvine Sevrin","twitter_misc":{"\u00c9crit par":"Malvine Sevrin","Dur\u00e9e de lecture estim\u00e9e":"4 minutes"},"schema":{"@context":"https:\/\/schema.org","@graph":[{"@type":"NewsArticle","@id":"https:\/\/marieclaire.be\/fr\/manifestation-phenomene-pensee-positive\/#article","isPartOf":{"@id":"https:\/\/marieclaire.be\/fr\/manifestation-phenomene-pensee-positive\/"},"author":{"name":"Malvine Sevrin","@id":"https:\/\/marieclaire.be\/fr\/#\/schema\/person\/c71bd7a8c3e622513c7531a39292a34e"},"headline":"La manifestation, ce ph\u00e9nom\u00e8ne \u00e0 la mode qui pr\u00f4ne la pens\u00e9e positive","datePublished":"2024-06-07T05:41:35+00:00","mainEntityOfPage":{"@id":"https:\/\/marieclaire.be\/fr\/manifestation-phenomene-pensee-positive\/"},"wordCount":827,"publisher":{"@id":"https:\/\/marieclaire.be\/fr\/#organization"},"image":{"@id":"https:\/\/marieclaire.be\/fr\/manifestation-phenomene-pensee-positive\/#primaryimage"},"thumbnailUrl":"https:\/\/marieclaire.be\/fr\/wp-content\/uploads\/2024\/06\/manifestation-phenomene.png","articleSection":["Psycho","Sant\u00e9"],"inLanguage":"fr-FR"},{"@type":"WebPage","@id":"https:\/\/marieclaire.be\/fr\/manifestation-phenomene-pensee-positive\/","url":"https:\/\/marieclaire.be\/fr\/manifestation-phenomene-pensee-positive\/","name":"La manifestation, ce ph\u00e9nom\u00e8ne \u00e0 la mode qui pr\u00f4ne la pens\u00e9e positive - Marie Claire Belgique","isPartOf":{"@id":"https:\/\/marieclaire.be\/fr\/#website"},"primaryImageOfPage":{"@id":"https:\/\/marieclaire.be\/fr\/manifestation-phenomene-pensee-positive\/#primaryimage"},"image":{"@id":"https:\/\/marieclaire.be\/fr\/manifestation-phenomene-pensee-positive\/#primaryimage"},"thumbnailUrl":"https:\/\/marieclaire.be\/fr\/wp-content\/uploads\/2024\/06\/manifestation-phenomene.png","datePublished":"2024-06-07T05:41:35+00:00","description":"La manifestation, c'est l'id\u00e9e que l'on attire \u00e0 soi ce que l'on d\u00e9sire par la simple force de la pens\u00e9e. D\u00e9cryptage de ce ph\u00e9nom\u00e8ne en vogue sur les r\u00e9seaux sociaux.","inLanguage":"fr-FR","potentialAction":[{"@type":"ReadAction","target":["https:\/\/marieclaire.be\/fr\/manifestation-phenomene-pensee-positive\/"]}]},{"@type":"ImageObject","inLanguage":"fr-FR","@id":"https:\/\/marieclaire.be\/fr\/manifestation-phenomene-pensee-positive\/#primaryimage","url":"https:\/\/marieclaire.be\/fr\/wp-content\/uploads\/2024\/06\/manifestation-phenomene.png","contentUrl":"https:\/\/marieclaire.be\/fr\/wp-content\/uploads\/2024\/06\/manifestation-phenomene.png","width":1200,"height":628,"caption":"Getty Images"},{"@type":"WebSite","@id":"https:\/\/marieclaire.be\/fr\/#website","url":"https:\/\/marieclaire.be\/fr\/","name":"Marie Claire Belgique","description":"Marie Claire Belgique, le magazine du style et de l\u2019intelligence qui parle de mode, des tendances, de la beaut\u00e9, de l\u2019actualit\u00e9 et de la culture","publisher":{"@id":"https:\/\/marieclaire.be\/fr\/#organization"},"potentialAction":[{"@type":"SearchAction","target":{"@type":"EntryPoint","urlTemplate":"https:\/\/marieclaire.be\/fr\/?s={search_term_string}"},"query-input":{"@type":"PropertyValueSpecification","valueRequired":true,"valueName":"search_term_string"}}],"inLanguage":"fr-FR"},{"@type":"Organization","@id":"https:\/\/marieclaire.be\/fr\/#organization","name":"Marie Claire","url":"https:\/\/marieclaire.be\/fr\/","logo":{"@type":"ImageObject","inLanguage":"fr-FR","@id":"https:\/\/marieclaire.be\/fr\/#\/schema\/logo\/image\/","url":"https:\/\/marieclaire.be\/fr\/wp-content\/uploads\/2018\/05\/mc-logo2.png","contentUrl":"https:\/\/marieclaire.be\/fr\/wp-content\/uploads\/2018\/05\/mc-logo2.png","width":1001,"height":189,"caption":"Marie Claire"},"image":{"@id":"https:\/\/marieclaire.be\/fr\/#\/schema\/logo\/image\/"},"sameAs":["https:\/\/www.facebook.com\/MarieClaire.Belgique\/","https:\/\/www.instagram.com\/marieclaire_belgique\/","https:\/\/fr.pinterest.com\/marieclairebe\/","https:\/\/www.youtube.com\/user\/BelgiumMarieClaire"]},{"@type":"Person","@id":"https:\/\/marieclaire.be\/fr\/#\/schema\/person\/c71bd7a8c3e622513c7531a39292a34e","name":"Malvine Sevrin","image":{"@type":"ImageObject","inLanguage":"fr-FR","@id":"https:\/\/marieclaire.be\/fr\/wp-content\/uploads\/2017\/05\/capture-decran-2024-02-13-a-145920-96x96.png","url":"https:\/\/marieclaire.be\/fr\/wp-content\/uploads\/2017\/05\/capture-decran-2024-02-13-a-145920-96x96.png","contentUrl":"https:\/\/marieclaire.be\/fr\/wp-content\/uploads\/2017\/05\/capture-decran-2024-02-13-a-145920-96x96.png","caption":"Malvine Sevrin"},"description":"Des podiums parisiens aux derni\u00e8res nouveaut\u00e9s skincare qui enflamment TikTok, je d\u00e9crypte les tendances pour Marie Claire Belgique. Passionn\u00e9e de voyage, de mode et de beaut\u00e9, je partage mes coups de coeur d\u00e9nich\u00e9s aux quatre coins du globe. En tant que r\u00e9dactrice en chef digital, j'ai \u00e9galement \u00e0 coeur de mettre en lumi\u00e8re les histoires inspirantes de femmes \u00e0 travers notre site et sur nos r\u00e9seaux sociaux.","sameAs":["https:\/\/www.instagram.com\/malvinesev\/"],"url":"https:\/\/marieclaire.be\/fr\/author\/malvine\/"}]}},"_links":{"self":[{"href":"https:\/\/marieclaire.be\/fr\/wp-json\/wp\/v2\/posts\/136255","targetHints":{"allow":["GET"]}}],"collection":[{"href":"https:\/\/marieclaire.be\/fr\/wp-json\/wp\/v2\/posts"}],"about":[{"href":"https:\/\/marieclaire.be\/fr\/wp-json\/wp\/v2\/types\/post"}],"author":[{"embeddable":true,"href":"https:\/\/marieclaire.be\/fr\/wp-json\/wp\/v2\/users\/30"}],"replies":[{"embeddable":true,"href":"https:\/\/marieclaire.be\/fr\/wp-json\/wp\/v2\/comments?post=136255"}],"version-history":[{"count":7,"href":"https:\/\/marieclaire.be\/fr\/wp-json\/wp\/v2\/posts\/136255\/revisions"}],"predecessor-version":[{"id":136340,"href":"https:\/\/marieclaire.be\/fr\/wp-json\/wp\/v2\/posts\/136255\/revisions\/136340"}],"wp:featuredmedia":[{"embeddable":true,"href":"https:\/\/marieclaire.be\/fr\/wp-json\/wp\/v2\/media\/136337"}],"wp:attachment":[{"href":"https:\/\/marieclaire.be\/fr\/wp-json\/wp\/v2\/media?parent=136255"}],"wp:term":[{"taxonomy":"category","embeddable":true,"href":"https:\/\/marieclaire.be\/fr\/wp-json\/wp\/v2\/categories?post=136255"},{"taxonomy":"post_tag","embeddable":true,"href":"https:\/\/marieclaire.be\/fr\/wp-json\/wp\/v2\/tags?post=136255"}],"curies":[{"name":"wp","href":"https:\/\/api.w.org\/{rel}","templated":true}]}}