{"id":135566,"date":"2024-05-03T10:38:48","date_gmt":"2024-05-03T08:38:48","guid":{"rendered":"https:\/\/marieclaire.be\/fr\/?p=135566"},"modified":"2024-08-01T12:34:04","modified_gmt":"2024-08-01T10:34:04","slug":"declin-natalite-fertilite-enquete","status":"publish","type":"post","link":"https:\/\/marieclaire.be\/fr\/declin-natalite-fertilite-enquete\/","title":{"rendered":"D\u00e9clin de la fertilit\u00e9 : allons-nous vers le baby crash ?"},"content":{"rendered":"","protected":false},"excerpt":{"rendered":"Parce qu\u2019enfanter ne va pas n\u00e9cessairement de soi, la natalit\u00e9 chute drastiquement, en Belgique comme ailleurs en Europe et dans le monde. ...","protected":false},"author":74,"featured_media":135571,"comment_status":"closed","ping_status":"closed","sticky":false,"template":"","format":"standard","meta":{"_acf_changed":false,"footnotes":""},"categories":[3881,1434],"tags":[3216],"class_list":["post-135566","post","type-post","status-publish","format-standard","has-post-thumbnail","hentry","category-famille-relations","category-societe","tag-maternite"],"acf":[],"_yoast_wpseo_title":null,"_yoast_wpseo_metadesc":"En Belgique comme ailleurs dans le monde, la natalit\u00e9 chute drastiquement. Le point sur cette nouvelle r\u00e9alit\u00e9.","image_verticale":"135572","yoast_head":"<!-- This site is optimized with the Yoast SEO plugin v27.3 - https:\/\/yoast.com\/product\/yoast-seo-wordpress\/ -->\n<title>D\u00e9clin de la fertilit\u00e9 : allons-nous vers le baby crash ? - Marie Claire Belgique<\/title>\n<meta name=\"description\" content=\"En Belgique comme ailleurs dans le monde, la natalit\u00e9 chute drastiquement. Le point sur cette nouvelle r\u00e9alit\u00e9.\" \/>\n<meta name=\"robots\" content=\"index, follow, max-snippet:-1, max-image-preview:large, max-video-preview:-1\" \/>\n<link rel=\"canonical\" href=\"https:\/\/marieclaire.be\/fr\/declin-natalite-fertilite-enquete\/\" \/>\n<link rel=\"next\" href=\"https:\/\/marieclaire.be\/fr\/declin-natalite-fertilite-enquete\/2\/\" \/>\n<meta property=\"og:locale\" content=\"fr_FR\" \/>\n<meta property=\"og:type\" content=\"article\" \/>\n<meta property=\"og:title\" content=\"D\u00e9clin de la fertilit\u00e9 : allons-nous vers le baby crash ? - Marie Claire Belgique\" \/>\n<meta property=\"og:description\" content=\"En Belgique comme ailleurs dans le monde, la natalit\u00e9 chute drastiquement. Le point sur cette nouvelle r\u00e9alit\u00e9.\" \/>\n<meta property=\"og:url\" content=\"https:\/\/marieclaire.be\/fr\/declin-natalite-fertilite-enquete\/\" \/>\n<meta property=\"og:site_name\" content=\"Marie Claire Belgique\" \/>\n<meta property=\"article:publisher\" content=\"https:\/\/www.facebook.com\/MarieClaire.Belgique\/\" \/>\n<meta property=\"article:published_time\" content=\"2024-05-03T08:38:48+00:00\" \/>\n<meta property=\"article:modified_time\" content=\"2024-08-01T10:34:04+00:00\" \/>\n<meta property=\"og:image\" content=\"https:\/\/marieclaire.be\/fr\/wp-content\/uploads\/2024\/05\/fertilite-declin.png\" \/>\n\t<meta property=\"og:image:width\" content=\"1200\" \/>\n\t<meta property=\"og:image:height\" content=\"628\" \/>\n\t<meta property=\"og:image:type\" content=\"image\/png\" \/>\n<meta name=\"author\" content=\"Aur\u00e9lia Dejond\" \/>\n<meta name=\"twitter:label1\" content=\"\u00c9crit par\" \/>\n\t<meta name=\"twitter:data1\" content=\"Aur\u00e9lia Dejond\" \/>\n\t<meta name=\"twitter:label2\" content=\"Dur\u00e9e de lecture estim\u00e9e\" \/>\n\t<meta name=\"twitter:data2\" content=\"8 minutes\" \/>\n<script type=\"application\/ld+json\" class=\"yoast-schema-graph\">{\"@context\":\"https:\\\/\\\/schema.org\",\"@graph\":[{\"@type\":\"NewsArticle\",\"@id\":\"https:\\\/\\\/marieclaire.be\\\/fr\\\/declin-natalite-fertilite-enquete\\\/#article\",\"isPartOf\":{\"@id\":\"https:\\\/\\\/marieclaire.be\\\/fr\\\/declin-natalite-fertilite-enquete\\\/\"},\"author\":{\"name\":\"Aur\u00e9lia Dejond\",\"@id\":\"https:\\\/\\\/marieclaire.be\\\/fr\\\/#\\\/schema\\\/person\\\/6662706ba0bec65d82cc51520d640946\"},\"headline\":\"D\u00e9clin de la fertilit\u00e9 : allons-nous vers le baby crash ?\",\"datePublished\":\"2024-05-03T08:38:48+00:00\",\"dateModified\":\"2024-08-01T10:34:04+00:00\",\"mainEntityOfPage\":{\"@id\":\"https:\\\/\\\/marieclaire.be\\\/fr\\\/declin-natalite-fertilite-enquete\\\/\"},\"wordCount\":1687,\"publisher\":{\"@id\":\"https:\\\/\\\/marieclaire.be\\\/fr\\\/#organization\"},\"image\":{\"@id\":\"https:\\\/\\\/marieclaire.be\\\/fr\\\/declin-natalite-fertilite-enquete\\\/#primaryimage\"},\"thumbnailUrl\":\"https:\\\/\\\/marieclaire.be\\\/fr\\\/wp-content\\\/uploads\\\/2024\\\/05\\\/fertilite-declin.png\",\"keywords\":[\"maternit\u00e9\"],\"articleSection\":[\"Famille et relations\",\"Soci\u00e9t\u00e9\"],\"inLanguage\":\"fr-FR\"},{\"@type\":\"WebPage\",\"@id\":\"https:\\\/\\\/marieclaire.be\\\/fr\\\/declin-natalite-fertilite-enquete\\\/\",\"url\":\"https:\\\/\\\/marieclaire.be\\\/fr\\\/declin-natalite-fertilite-enquete\\\/\",\"name\":\"D\u00e9clin de la fertilit\u00e9 : allons-nous vers le baby crash ? - Marie Claire Belgique\",\"isPartOf\":{\"@id\":\"https:\\\/\\\/marieclaire.be\\\/fr\\\/#website\"},\"primaryImageOfPage\":{\"@id\":\"https:\\\/\\\/marieclaire.be\\\/fr\\\/declin-natalite-fertilite-enquete\\\/#primaryimage\"},\"image\":{\"@id\":\"https:\\\/\\\/marieclaire.be\\\/fr\\\/declin-natalite-fertilite-enquete\\\/#primaryimage\"},\"thumbnailUrl\":\"https:\\\/\\\/marieclaire.be\\\/fr\\\/wp-content\\\/uploads\\\/2024\\\/05\\\/fertilite-declin.png\",\"datePublished\":\"2024-05-03T08:38:48+00:00\",\"dateModified\":\"2024-08-01T10:34:04+00:00\",\"description\":\"En Belgique comme ailleurs dans le monde, la natalit\u00e9 chute drastiquement. Le point sur cette nouvelle r\u00e9alit\u00e9.\",\"inLanguage\":\"fr-FR\",\"potentialAction\":[{\"@type\":\"ReadAction\",\"target\":[\"https:\\\/\\\/marieclaire.be\\\/fr\\\/declin-natalite-fertilite-enquete\\\/\"]}]},{\"@type\":\"ImageObject\",\"inLanguage\":\"fr-FR\",\"@id\":\"https:\\\/\\\/marieclaire.be\\\/fr\\\/declin-natalite-fertilite-enquete\\\/#primaryimage\",\"url\":\"https:\\\/\\\/marieclaire.be\\\/fr\\\/wp-content\\\/uploads\\\/2024\\\/05\\\/fertilite-declin.png\",\"contentUrl\":\"https:\\\/\\\/marieclaire.be\\\/fr\\\/wp-content\\\/uploads\\\/2024\\\/05\\\/fertilite-declin.png\",\"width\":1200,\"height\":628,\"caption\":\"Pexels\"},{\"@type\":\"WebSite\",\"@id\":\"https:\\\/\\\/marieclaire.be\\\/fr\\\/#website\",\"url\":\"https:\\\/\\\/marieclaire.be\\\/fr\\\/\",\"name\":\"Marie Claire Belgique\",\"description\":\"Marie Claire Belgique, le magazine du style et de l\u2019intelligence qui parle de mode, des tendances, de la beaut\u00e9, de l\u2019actualit\u00e9 et de la culture\",\"publisher\":{\"@id\":\"https:\\\/\\\/marieclaire.be\\\/fr\\\/#organization\"},\"potentialAction\":[{\"@type\":\"SearchAction\",\"target\":{\"@type\":\"EntryPoint\",\"urlTemplate\":\"https:\\\/\\\/marieclaire.be\\\/fr\\\/?s={search_term_string}\"},\"query-input\":{\"@type\":\"PropertyValueSpecification\",\"valueRequired\":true,\"valueName\":\"search_term_string\"}}],\"inLanguage\":\"fr-FR\"},{\"@type\":\"Organization\",\"@id\":\"https:\\\/\\\/marieclaire.be\\\/fr\\\/#organization\",\"name\":\"Marie Claire\",\"url\":\"https:\\\/\\\/marieclaire.be\\\/fr\\\/\",\"logo\":{\"@type\":\"ImageObject\",\"inLanguage\":\"fr-FR\",\"@id\":\"https:\\\/\\\/marieclaire.be\\\/fr\\\/#\\\/schema\\\/logo\\\/image\\\/\",\"url\":\"https:\\\/\\\/marieclaire.be\\\/fr\\\/wp-content\\\/uploads\\\/2018\\\/05\\\/mc-logo2.png\",\"contentUrl\":\"https:\\\/\\\/marieclaire.be\\\/fr\\\/wp-content\\\/uploads\\\/2018\\\/05\\\/mc-logo2.png\",\"width\":1001,\"height\":189,\"caption\":\"Marie Claire\"},\"image\":{\"@id\":\"https:\\\/\\\/marieclaire.be\\\/fr\\\/#\\\/schema\\\/logo\\\/image\\\/\"},\"sameAs\":[\"https:\\\/\\\/www.facebook.com\\\/MarieClaire.Belgique\\\/\",\"https:\\\/\\\/www.instagram.com\\\/marieclaire_belgique\\\/\",\"https:\\\/\\\/fr.pinterest.com\\\/marieclairebe\\\/\",\"https:\\\/\\\/www.youtube.com\\\/user\\\/BelgiumMarieClaire\"]},{\"@type\":\"Person\",\"@id\":\"https:\\\/\\\/marieclaire.be\\\/fr\\\/#\\\/schema\\\/person\\\/6662706ba0bec65d82cc51520d640946\",\"name\":\"Aur\u00e9lia Dejond\",\"image\":{\"@type\":\"ImageObject\",\"inLanguage\":\"fr-FR\",\"@id\":\"https:\\\/\\\/marieclaire.be\\\/fr\\\/wp-content\\\/uploads\\\/2024\\\/07\\\/aurelia-profil-96x96.jpeg\",\"url\":\"https:\\\/\\\/marieclaire.be\\\/fr\\\/wp-content\\\/uploads\\\/2024\\\/07\\\/aurelia-profil-96x96.jpeg\",\"contentUrl\":\"https:\\\/\\\/marieclaire.be\\\/fr\\\/wp-content\\\/uploads\\\/2024\\\/07\\\/aurelia-profil-96x96.jpeg\",\"caption\":\"Aur\u00e9lia Dejond\"},\"description\":\"\u00c9picurieuse de nature, t\u00eate chercheuse en tous genres, shoes et books addict, collectionneuse des pancartes \u00ab\u00a0Ne pas d\u00e9ranger\u00a0\u00bb. Toujours \u00e0 l\u2019aff\u00fbt d\u2019adresses d\u00e9cal\u00e9es, de concepts atypiques et de rencontres inspirantes.\",\"sameAs\":[\"https:\\\/\\\/www.instagram.com\\\/aurelia.dejond\\\/\"],\"url\":\"https:\\\/\\\/marieclaire.be\\\/fr\\\/author\\\/aurelia-dejondtelenet-be\\\/\"}]}<\/script>\n<!-- \/ Yoast SEO plugin. -->","yoast_head_json":{"title":"D\u00e9clin de la fertilit\u00e9 : allons-nous vers le baby crash ? - Marie Claire Belgique","description":"En Belgique comme ailleurs dans le monde, la natalit\u00e9 chute drastiquement. Le point sur cette nouvelle r\u00e9alit\u00e9.","robots":{"index":"index","follow":"follow","max-snippet":"max-snippet:-1","max-image-preview":"max-image-preview:large","max-video-preview":"max-video-preview:-1"},"canonical":"https:\/\/marieclaire.be\/fr\/declin-natalite-fertilite-enquete\/","next":"https:\/\/marieclaire.be\/fr\/declin-natalite-fertilite-enquete\/2\/","og_locale":"fr_FR","og_type":"article","og_title":"D\u00e9clin de la fertilit\u00e9 : allons-nous vers le baby crash ? - Marie Claire Belgique","og_description":"En Belgique comme ailleurs dans le monde, la natalit\u00e9 chute drastiquement. Le point sur cette nouvelle r\u00e9alit\u00e9.","og_url":"https:\/\/marieclaire.be\/fr\/declin-natalite-fertilite-enquete\/","og_site_name":"Marie Claire Belgique","article_publisher":"https:\/\/www.facebook.com\/MarieClaire.Belgique\/","article_published_time":"2024-05-03T08:38:48+00:00","article_modified_time":"2024-08-01T10:34:04+00:00","og_image":[{"width":1200,"height":628,"url":"https:\/\/marieclaire.be\/fr\/wp-content\/uploads\/2024\/05\/fertilite-declin.png","type":"image\/png"}],"author":"Aur\u00e9lia Dejond","twitter_misc":{"\u00c9crit par":"Aur\u00e9lia Dejond","Dur\u00e9e de lecture estim\u00e9e":"8 minutes"},"schema":{"@context":"https:\/\/schema.org","@graph":[{"@type":"NewsArticle","@id":"https:\/\/marieclaire.be\/fr\/declin-natalite-fertilite-enquete\/#article","isPartOf":{"@id":"https:\/\/marieclaire.be\/fr\/declin-natalite-fertilite-enquete\/"},"author":{"name":"Aur\u00e9lia Dejond","@id":"https:\/\/marieclaire.be\/fr\/#\/schema\/person\/6662706ba0bec65d82cc51520d640946"},"headline":"D\u00e9clin de la fertilit\u00e9 : allons-nous vers le baby crash ?","datePublished":"2024-05-03T08:38:48+00:00","dateModified":"2024-08-01T10:34:04+00:00","mainEntityOfPage":{"@id":"https:\/\/marieclaire.be\/fr\/declin-natalite-fertilite-enquete\/"},"wordCount":1687,"publisher":{"@id":"https:\/\/marieclaire.be\/fr\/#organization"},"image":{"@id":"https:\/\/marieclaire.be\/fr\/declin-natalite-fertilite-enquete\/#primaryimage"},"thumbnailUrl":"https:\/\/marieclaire.be\/fr\/wp-content\/uploads\/2024\/05\/fertilite-declin.png","keywords":["maternit\u00e9"],"articleSection":["Famille et relations","Soci\u00e9t\u00e9"],"inLanguage":"fr-FR"},{"@type":"WebPage","@id":"https:\/\/marieclaire.be\/fr\/declin-natalite-fertilite-enquete\/","url":"https:\/\/marieclaire.be\/fr\/declin-natalite-fertilite-enquete\/","name":"D\u00e9clin de la fertilit\u00e9 : allons-nous vers le baby crash ? - Marie Claire Belgique","isPartOf":{"@id":"https:\/\/marieclaire.be\/fr\/#website"},"primaryImageOfPage":{"@id":"https:\/\/marieclaire.be\/fr\/declin-natalite-fertilite-enquete\/#primaryimage"},"image":{"@id":"https:\/\/marieclaire.be\/fr\/declin-natalite-fertilite-enquete\/#primaryimage"},"thumbnailUrl":"https:\/\/marieclaire.be\/fr\/wp-content\/uploads\/2024\/05\/fertilite-declin.png","datePublished":"2024-05-03T08:38:48+00:00","dateModified":"2024-08-01T10:34:04+00:00","description":"En Belgique comme ailleurs dans le monde, la natalit\u00e9 chute drastiquement. Le point sur cette nouvelle r\u00e9alit\u00e9.","inLanguage":"fr-FR","potentialAction":[{"@type":"ReadAction","target":["https:\/\/marieclaire.be\/fr\/declin-natalite-fertilite-enquete\/"]}]},{"@type":"ImageObject","inLanguage":"fr-FR","@id":"https:\/\/marieclaire.be\/fr\/declin-natalite-fertilite-enquete\/#primaryimage","url":"https:\/\/marieclaire.be\/fr\/wp-content\/uploads\/2024\/05\/fertilite-declin.png","contentUrl":"https:\/\/marieclaire.be\/fr\/wp-content\/uploads\/2024\/05\/fertilite-declin.png","width":1200,"height":628,"caption":"Pexels"},{"@type":"WebSite","@id":"https:\/\/marieclaire.be\/fr\/#website","url":"https:\/\/marieclaire.be\/fr\/","name":"Marie Claire Belgique","description":"Marie Claire Belgique, le magazine du style et de l\u2019intelligence qui parle de mode, des tendances, de la beaut\u00e9, de l\u2019actualit\u00e9 et de la culture","publisher":{"@id":"https:\/\/marieclaire.be\/fr\/#organization"},"potentialAction":[{"@type":"SearchAction","target":{"@type":"EntryPoint","urlTemplate":"https:\/\/marieclaire.be\/fr\/?s={search_term_string}"},"query-input":{"@type":"PropertyValueSpecification","valueRequired":true,"valueName":"search_term_string"}}],"inLanguage":"fr-FR"},{"@type":"Organization","@id":"https:\/\/marieclaire.be\/fr\/#organization","name":"Marie Claire","url":"https:\/\/marieclaire.be\/fr\/","logo":{"@type":"ImageObject","inLanguage":"fr-FR","@id":"https:\/\/marieclaire.be\/fr\/#\/schema\/logo\/image\/","url":"https:\/\/marieclaire.be\/fr\/wp-content\/uploads\/2018\/05\/mc-logo2.png","contentUrl":"https:\/\/marieclaire.be\/fr\/wp-content\/uploads\/2018\/05\/mc-logo2.png","width":1001,"height":189,"caption":"Marie Claire"},"image":{"@id":"https:\/\/marieclaire.be\/fr\/#\/schema\/logo\/image\/"},"sameAs":["https:\/\/www.facebook.com\/MarieClaire.Belgique\/","https:\/\/www.instagram.com\/marieclaire_belgique\/","https:\/\/fr.pinterest.com\/marieclairebe\/","https:\/\/www.youtube.com\/user\/BelgiumMarieClaire"]},{"@type":"Person","@id":"https:\/\/marieclaire.be\/fr\/#\/schema\/person\/6662706ba0bec65d82cc51520d640946","name":"Aur\u00e9lia Dejond","image":{"@type":"ImageObject","inLanguage":"fr-FR","@id":"https:\/\/marieclaire.be\/fr\/wp-content\/uploads\/2024\/07\/aurelia-profil-96x96.jpeg","url":"https:\/\/marieclaire.be\/fr\/wp-content\/uploads\/2024\/07\/aurelia-profil-96x96.jpeg","contentUrl":"https:\/\/marieclaire.be\/fr\/wp-content\/uploads\/2024\/07\/aurelia-profil-96x96.jpeg","caption":"Aur\u00e9lia Dejond"},"description":"\u00c9picurieuse de nature, t\u00eate chercheuse en tous genres, shoes et books addict, collectionneuse des pancartes \u00ab\u00a0Ne pas d\u00e9ranger\u00a0\u00bb. Toujours \u00e0 l\u2019aff\u00fbt d\u2019adresses d\u00e9cal\u00e9es, de concepts atypiques et de rencontres inspirantes.","sameAs":["https:\/\/www.instagram.com\/aurelia.dejond\/"],"url":"https:\/\/marieclaire.be\/fr\/author\/aurelia-dejondtelenet-be\/"}]}},"_links":{"self":[{"href":"https:\/\/marieclaire.be\/fr\/wp-json\/wp\/v2\/posts\/135566","targetHints":{"allow":["GET"]}}],"collection":[{"href":"https:\/\/marieclaire.be\/fr\/wp-json\/wp\/v2\/posts"}],"about":[{"href":"https:\/\/marieclaire.be\/fr\/wp-json\/wp\/v2\/types\/post"}],"author":[{"embeddable":true,"href":"https:\/\/marieclaire.be\/fr\/wp-json\/wp\/v2\/users\/74"}],"replies":[{"embeddable":true,"href":"https:\/\/marieclaire.be\/fr\/wp-json\/wp\/v2\/comments?post=135566"}],"version-history":[{"count":4,"href":"https:\/\/marieclaire.be\/fr\/wp-json\/wp\/v2\/posts\/135566\/revisions"}],"predecessor-version":[{"id":135573,"href":"https:\/\/marieclaire.be\/fr\/wp-json\/wp\/v2\/posts\/135566\/revisions\/135573"}],"wp:featuredmedia":[{"embeddable":true,"href":"https:\/\/marieclaire.be\/fr\/wp-json\/wp\/v2\/media\/135571"}],"wp:attachment":[{"href":"https:\/\/marieclaire.be\/fr\/wp-json\/wp\/v2\/media?parent=135566"}],"wp:term":[{"taxonomy":"category","embeddable":true,"href":"https:\/\/marieclaire.be\/fr\/wp-json\/wp\/v2\/categories?post=135566"},{"taxonomy":"post_tag","embeddable":true,"href":"https:\/\/marieclaire.be\/fr\/wp-json\/wp\/v2\/tags?post=135566"}],"curies":[{"name":"wp","href":"https:\/\/api.w.org\/{rel}","templated":true}]}}