{"id":135011,"date":"2026-03-25T06:30:05","date_gmt":"2026-03-25T05:30:05","guid":{"rendered":"https:\/\/marieclaire.be\/fr\/?p=135011"},"modified":"2026-03-25T13:31:59","modified_gmt":"2026-03-25T12:31:59","slug":"recette-express-de-bibimbap-de-printemps-aux-feves","status":"publish","type":"post","link":"https:\/\/marieclaire.be\/fr\/recette-express-de-bibimbap-de-printemps-aux-feves\/","title":{"rendered":"Recette express de bibimbap de printemps aux f\u00e8ves"},"content":{"rendered":"","protected":false},"excerpt":{"rendered":"Dans la cuisine cor\u00e9enne, le bibimbap est un classique : un savoureux m\u00e9lange de riz, de l\u00e9gumes saut\u00e9s et de boeuf marin\u00e9, agr\u00e9ment\u00e9 de sauces vari\u00e9es et souvent d&#8217;un oeuf.","protected":false},"author":2,"featured_media":142384,"comment_status":"closed","ping_status":"closed","sticky":false,"template":"","format":"standard","meta":{"_acf_changed":false,"footnotes":""},"categories":[67,70],"tags":[],"class_list":["post-135011","post","type-post","status-publish","format-standard","has-post-thumbnail","hentry","category-lifestyle","category-recettes"],"acf":[],"_yoast_wpseo_title":null,"_yoast_wpseo_metadesc":"Adepte de cuisine cor\u00e9enne ? Suivez ces \u00e9tapes simples pour cr\u00e9er un bibimbap frais et color\u00e9 qui ravira vos papilles !","image_verticale":"135012","yoast_head":"<!-- This site is optimized with the Yoast SEO plugin v27.3 - https:\/\/yoast.com\/product\/yoast-seo-wordpress\/ -->\n<title>Recette express de bibimbap de printemps aux f\u00e8ves - Marie Claire Belgique<\/title>\n<meta name=\"description\" content=\"Adepte de cuisine cor\u00e9enne ? Suivez ces \u00e9tapes simples pour cr\u00e9er un bibimbap frais et color\u00e9 qui ravira vos papilles !\" \/>\n<meta name=\"robots\" content=\"index, follow, max-snippet:-1, max-image-preview:large, max-video-preview:-1\" \/>\n<link rel=\"canonical\" href=\"https:\/\/marieclaire.be\/fr\/recette-express-de-bibimbap-de-printemps-aux-feves\/\" \/>\n<link rel=\"next\" href=\"https:\/\/marieclaire.be\/fr\/recette-express-de-bibimbap-de-printemps-aux-feves\/2\/\" \/>\n<meta property=\"og:locale\" content=\"fr_FR\" \/>\n<meta property=\"og:type\" content=\"article\" \/>\n<meta property=\"og:title\" content=\"Recette express de bibimbap de printemps aux f\u00e8ves - Marie Claire Belgique\" \/>\n<meta property=\"og:description\" content=\"Adepte de cuisine cor\u00e9enne ? Suivez ces \u00e9tapes simples pour cr\u00e9er un bibimbap frais et color\u00e9 qui ravira vos papilles !\" \/>\n<meta property=\"og:url\" content=\"https:\/\/marieclaire.be\/fr\/recette-express-de-bibimbap-de-printemps-aux-feves\/\" \/>\n<meta property=\"og:site_name\" content=\"Marie Claire Belgique\" \/>\n<meta property=\"article:publisher\" content=\"https:\/\/www.facebook.com\/MarieClaire.Belgique\/\" \/>\n<meta property=\"article:published_time\" content=\"2026-03-25T05:30:05+00:00\" \/>\n<meta property=\"article:modified_time\" content=\"2026-03-25T12:31:59+00:00\" \/>\n<meta property=\"og:image\" content=\"https:\/\/marieclaire.be\/fr\/wp-content\/uploads\/2025\/04\/bibimbap.png\" \/>\n\t<meta property=\"og:image:width\" content=\"1200\" \/>\n\t<meta property=\"og:image:height\" content=\"628\" \/>\n\t<meta property=\"og:image:type\" content=\"image\/png\" \/>\n<meta name=\"author\" content=\"Marieclaire\" \/>\n<meta name=\"twitter:label1\" content=\"\u00c9crit par\" \/>\n\t<meta name=\"twitter:data1\" content=\"Marieclaire\" \/>\n\t<meta name=\"twitter:label2\" content=\"Dur\u00e9e de lecture estim\u00e9e\" \/>\n\t<meta name=\"twitter:data2\" content=\"3 minutes\" \/>\n<script type=\"application\/ld+json\" class=\"yoast-schema-graph\">{\"@context\":\"https:\\\/\\\/schema.org\",\"@graph\":[{\"@type\":\"NewsArticle\",\"@id\":\"https:\\\/\\\/marieclaire.be\\\/fr\\\/recette-express-de-bibimbap-de-printemps-aux-feves\\\/#article\",\"isPartOf\":{\"@id\":\"https:\\\/\\\/marieclaire.be\\\/fr\\\/recette-express-de-bibimbap-de-printemps-aux-feves\\\/\"},\"author\":{\"name\":\"Marieclaire\",\"@id\":\"https:\\\/\\\/marieclaire.be\\\/fr\\\/#\\\/schema\\\/person\\\/be1fb0a9a9509ad07ea6321bf4bf3524\"},\"headline\":\"Recette express de bibimbap de printemps aux f\u00e8ves\",\"datePublished\":\"2026-03-25T05:30:05+00:00\",\"dateModified\":\"2026-03-25T12:31:59+00:00\",\"mainEntityOfPage\":{\"@id\":\"https:\\\/\\\/marieclaire.be\\\/fr\\\/recette-express-de-bibimbap-de-printemps-aux-feves\\\/\"},\"wordCount\":484,\"publisher\":{\"@id\":\"https:\\\/\\\/marieclaire.be\\\/fr\\\/#organization\"},\"image\":{\"@id\":\"https:\\\/\\\/marieclaire.be\\\/fr\\\/recette-express-de-bibimbap-de-printemps-aux-feves\\\/#primaryimage\"},\"thumbnailUrl\":\"https:\\\/\\\/marieclaire.be\\\/fr\\\/wp-content\\\/uploads\\\/2025\\\/04\\\/bibimbap.png\",\"articleSection\":[\"Lifestyle\",\"Recettes\"],\"inLanguage\":\"fr-FR\"},{\"@type\":\"WebPage\",\"@id\":\"https:\\\/\\\/marieclaire.be\\\/fr\\\/recette-express-de-bibimbap-de-printemps-aux-feves\\\/\",\"url\":\"https:\\\/\\\/marieclaire.be\\\/fr\\\/recette-express-de-bibimbap-de-printemps-aux-feves\\\/\",\"name\":\"Recette express de bibimbap de printemps aux f\u00e8ves - Marie Claire Belgique\",\"isPartOf\":{\"@id\":\"https:\\\/\\\/marieclaire.be\\\/fr\\\/#website\"},\"primaryImageOfPage\":{\"@id\":\"https:\\\/\\\/marieclaire.be\\\/fr\\\/recette-express-de-bibimbap-de-printemps-aux-feves\\\/#primaryimage\"},\"image\":{\"@id\":\"https:\\\/\\\/marieclaire.be\\\/fr\\\/recette-express-de-bibimbap-de-printemps-aux-feves\\\/#primaryimage\"},\"thumbnailUrl\":\"https:\\\/\\\/marieclaire.be\\\/fr\\\/wp-content\\\/uploads\\\/2025\\\/04\\\/bibimbap.png\",\"datePublished\":\"2026-03-25T05:30:05+00:00\",\"dateModified\":\"2026-03-25T12:31:59+00:00\",\"description\":\"Adepte de cuisine cor\u00e9enne ? Suivez ces \u00e9tapes simples pour cr\u00e9er un bibimbap frais et color\u00e9 qui ravira vos papilles !\",\"inLanguage\":\"fr-FR\",\"potentialAction\":[{\"@type\":\"ReadAction\",\"target\":[\"https:\\\/\\\/marieclaire.be\\\/fr\\\/recette-express-de-bibimbap-de-printemps-aux-feves\\\/\"]}]},{\"@type\":\"ImageObject\",\"inLanguage\":\"fr-FR\",\"@id\":\"https:\\\/\\\/marieclaire.be\\\/fr\\\/recette-express-de-bibimbap-de-printemps-aux-feves\\\/#primaryimage\",\"url\":\"https:\\\/\\\/marieclaire.be\\\/fr\\\/wp-content\\\/uploads\\\/2025\\\/04\\\/bibimbap.png\",\"contentUrl\":\"https:\\\/\\\/marieclaire.be\\\/fr\\\/wp-content\\\/uploads\\\/2025\\\/04\\\/bibimbap.png\",\"width\":1200,\"height\":628,\"caption\":\"Unsplash\"},{\"@type\":\"WebSite\",\"@id\":\"https:\\\/\\\/marieclaire.be\\\/fr\\\/#website\",\"url\":\"https:\\\/\\\/marieclaire.be\\\/fr\\\/\",\"name\":\"Marie Claire Belgique\",\"description\":\"Marie Claire Belgique, le magazine du style et de l\u2019intelligence qui parle de mode, des tendances, de la beaut\u00e9, de l\u2019actualit\u00e9 et de la culture\",\"publisher\":{\"@id\":\"https:\\\/\\\/marieclaire.be\\\/fr\\\/#organization\"},\"potentialAction\":[{\"@type\":\"SearchAction\",\"target\":{\"@type\":\"EntryPoint\",\"urlTemplate\":\"https:\\\/\\\/marieclaire.be\\\/fr\\\/?s={search_term_string}\"},\"query-input\":{\"@type\":\"PropertyValueSpecification\",\"valueRequired\":true,\"valueName\":\"search_term_string\"}}],\"inLanguage\":\"fr-FR\"},{\"@type\":\"Organization\",\"@id\":\"https:\\\/\\\/marieclaire.be\\\/fr\\\/#organization\",\"name\":\"Marie Claire\",\"url\":\"https:\\\/\\\/marieclaire.be\\\/fr\\\/\",\"logo\":{\"@type\":\"ImageObject\",\"inLanguage\":\"fr-FR\",\"@id\":\"https:\\\/\\\/marieclaire.be\\\/fr\\\/#\\\/schema\\\/logo\\\/image\\\/\",\"url\":\"https:\\\/\\\/marieclaire.be\\\/fr\\\/wp-content\\\/uploads\\\/2018\\\/05\\\/mc-logo2.png\",\"contentUrl\":\"https:\\\/\\\/marieclaire.be\\\/fr\\\/wp-content\\\/uploads\\\/2018\\\/05\\\/mc-logo2.png\",\"width\":1001,\"height\":189,\"caption\":\"Marie Claire\"},\"image\":{\"@id\":\"https:\\\/\\\/marieclaire.be\\\/fr\\\/#\\\/schema\\\/logo\\\/image\\\/\"},\"sameAs\":[\"https:\\\/\\\/www.facebook.com\\\/MarieClaire.Belgique\\\/\",\"https:\\\/\\\/www.instagram.com\\\/marieclaire_belgique\\\/\",\"https:\\\/\\\/fr.pinterest.com\\\/marieclairebe\\\/\",\"https:\\\/\\\/www.youtube.com\\\/user\\\/BelgiumMarieClaire\"]},{\"@type\":\"Person\",\"@id\":\"https:\\\/\\\/marieclaire.be\\\/fr\\\/#\\\/schema\\\/person\\\/be1fb0a9a9509ad07ea6321bf4bf3524\",\"name\":\"Marieclaire\",\"image\":{\"@type\":\"ImageObject\",\"inLanguage\":\"fr-FR\",\"@id\":\"https:\\\/\\\/marieclaire.be\\\/fr\\\/wp-content\\\/uploads\\\/2016\\\/11\\\/mclogo-96x96.jpg\",\"url\":\"https:\\\/\\\/marieclaire.be\\\/fr\\\/wp-content\\\/uploads\\\/2016\\\/11\\\/mclogo-96x96.jpg\",\"contentUrl\":\"https:\\\/\\\/marieclaire.be\\\/fr\\\/wp-content\\\/uploads\\\/2016\\\/11\\\/mclogo-96x96.jpg\",\"caption\":\"Marieclaire\"},\"url\":\"https:\\\/\\\/marieclaire.be\\\/fr\\\/author\\\/marieclaire\\\/\"}]}<\/script>\n<!-- \/ Yoast SEO plugin. -->","yoast_head_json":{"title":"Recette express de bibimbap de printemps aux f\u00e8ves - Marie Claire Belgique","description":"Adepte de cuisine cor\u00e9enne ? Suivez ces \u00e9tapes simples pour cr\u00e9er un bibimbap frais et color\u00e9 qui ravira vos papilles !","robots":{"index":"index","follow":"follow","max-snippet":"max-snippet:-1","max-image-preview":"max-image-preview:large","max-video-preview":"max-video-preview:-1"},"canonical":"https:\/\/marieclaire.be\/fr\/recette-express-de-bibimbap-de-printemps-aux-feves\/","next":"https:\/\/marieclaire.be\/fr\/recette-express-de-bibimbap-de-printemps-aux-feves\/2\/","og_locale":"fr_FR","og_type":"article","og_title":"Recette express de bibimbap de printemps aux f\u00e8ves - Marie Claire Belgique","og_description":"Adepte de cuisine cor\u00e9enne ? Suivez ces \u00e9tapes simples pour cr\u00e9er un bibimbap frais et color\u00e9 qui ravira vos papilles !","og_url":"https:\/\/marieclaire.be\/fr\/recette-express-de-bibimbap-de-printemps-aux-feves\/","og_site_name":"Marie Claire Belgique","article_publisher":"https:\/\/www.facebook.com\/MarieClaire.Belgique\/","article_published_time":"2026-03-25T05:30:05+00:00","article_modified_time":"2026-03-25T12:31:59+00:00","og_image":[{"width":1200,"height":628,"url":"https:\/\/marieclaire.be\/fr\/wp-content\/uploads\/2025\/04\/bibimbap.png","type":"image\/png"}],"author":"Marieclaire","twitter_misc":{"\u00c9crit par":"Marieclaire","Dur\u00e9e de lecture estim\u00e9e":"3 minutes"},"schema":{"@context":"https:\/\/schema.org","@graph":[{"@type":"NewsArticle","@id":"https:\/\/marieclaire.be\/fr\/recette-express-de-bibimbap-de-printemps-aux-feves\/#article","isPartOf":{"@id":"https:\/\/marieclaire.be\/fr\/recette-express-de-bibimbap-de-printemps-aux-feves\/"},"author":{"name":"Marieclaire","@id":"https:\/\/marieclaire.be\/fr\/#\/schema\/person\/be1fb0a9a9509ad07ea6321bf4bf3524"},"headline":"Recette express de bibimbap de printemps aux f\u00e8ves","datePublished":"2026-03-25T05:30:05+00:00","dateModified":"2026-03-25T12:31:59+00:00","mainEntityOfPage":{"@id":"https:\/\/marieclaire.be\/fr\/recette-express-de-bibimbap-de-printemps-aux-feves\/"},"wordCount":484,"publisher":{"@id":"https:\/\/marieclaire.be\/fr\/#organization"},"image":{"@id":"https:\/\/marieclaire.be\/fr\/recette-express-de-bibimbap-de-printemps-aux-feves\/#primaryimage"},"thumbnailUrl":"https:\/\/marieclaire.be\/fr\/wp-content\/uploads\/2025\/04\/bibimbap.png","articleSection":["Lifestyle","Recettes"],"inLanguage":"fr-FR"},{"@type":"WebPage","@id":"https:\/\/marieclaire.be\/fr\/recette-express-de-bibimbap-de-printemps-aux-feves\/","url":"https:\/\/marieclaire.be\/fr\/recette-express-de-bibimbap-de-printemps-aux-feves\/","name":"Recette express de bibimbap de printemps aux f\u00e8ves - Marie Claire Belgique","isPartOf":{"@id":"https:\/\/marieclaire.be\/fr\/#website"},"primaryImageOfPage":{"@id":"https:\/\/marieclaire.be\/fr\/recette-express-de-bibimbap-de-printemps-aux-feves\/#primaryimage"},"image":{"@id":"https:\/\/marieclaire.be\/fr\/recette-express-de-bibimbap-de-printemps-aux-feves\/#primaryimage"},"thumbnailUrl":"https:\/\/marieclaire.be\/fr\/wp-content\/uploads\/2025\/04\/bibimbap.png","datePublished":"2026-03-25T05:30:05+00:00","dateModified":"2026-03-25T12:31:59+00:00","description":"Adepte de cuisine cor\u00e9enne ? Suivez ces \u00e9tapes simples pour cr\u00e9er un bibimbap frais et color\u00e9 qui ravira vos papilles !","inLanguage":"fr-FR","potentialAction":[{"@type":"ReadAction","target":["https:\/\/marieclaire.be\/fr\/recette-express-de-bibimbap-de-printemps-aux-feves\/"]}]},{"@type":"ImageObject","inLanguage":"fr-FR","@id":"https:\/\/marieclaire.be\/fr\/recette-express-de-bibimbap-de-printemps-aux-feves\/#primaryimage","url":"https:\/\/marieclaire.be\/fr\/wp-content\/uploads\/2025\/04\/bibimbap.png","contentUrl":"https:\/\/marieclaire.be\/fr\/wp-content\/uploads\/2025\/04\/bibimbap.png","width":1200,"height":628,"caption":"Unsplash"},{"@type":"WebSite","@id":"https:\/\/marieclaire.be\/fr\/#website","url":"https:\/\/marieclaire.be\/fr\/","name":"Marie Claire Belgique","description":"Marie Claire Belgique, le magazine du style et de l\u2019intelligence qui parle de mode, des tendances, de la beaut\u00e9, de l\u2019actualit\u00e9 et de la culture","publisher":{"@id":"https:\/\/marieclaire.be\/fr\/#organization"},"potentialAction":[{"@type":"SearchAction","target":{"@type":"EntryPoint","urlTemplate":"https:\/\/marieclaire.be\/fr\/?s={search_term_string}"},"query-input":{"@type":"PropertyValueSpecification","valueRequired":true,"valueName":"search_term_string"}}],"inLanguage":"fr-FR"},{"@type":"Organization","@id":"https:\/\/marieclaire.be\/fr\/#organization","name":"Marie Claire","url":"https:\/\/marieclaire.be\/fr\/","logo":{"@type":"ImageObject","inLanguage":"fr-FR","@id":"https:\/\/marieclaire.be\/fr\/#\/schema\/logo\/image\/","url":"https:\/\/marieclaire.be\/fr\/wp-content\/uploads\/2018\/05\/mc-logo2.png","contentUrl":"https:\/\/marieclaire.be\/fr\/wp-content\/uploads\/2018\/05\/mc-logo2.png","width":1001,"height":189,"caption":"Marie Claire"},"image":{"@id":"https:\/\/marieclaire.be\/fr\/#\/schema\/logo\/image\/"},"sameAs":["https:\/\/www.facebook.com\/MarieClaire.Belgique\/","https:\/\/www.instagram.com\/marieclaire_belgique\/","https:\/\/fr.pinterest.com\/marieclairebe\/","https:\/\/www.youtube.com\/user\/BelgiumMarieClaire"]},{"@type":"Person","@id":"https:\/\/marieclaire.be\/fr\/#\/schema\/person\/be1fb0a9a9509ad07ea6321bf4bf3524","name":"Marieclaire","image":{"@type":"ImageObject","inLanguage":"fr-FR","@id":"https:\/\/marieclaire.be\/fr\/wp-content\/uploads\/2016\/11\/mclogo-96x96.jpg","url":"https:\/\/marieclaire.be\/fr\/wp-content\/uploads\/2016\/11\/mclogo-96x96.jpg","contentUrl":"https:\/\/marieclaire.be\/fr\/wp-content\/uploads\/2016\/11\/mclogo-96x96.jpg","caption":"Marieclaire"},"url":"https:\/\/marieclaire.be\/fr\/author\/marieclaire\/"}]}},"_links":{"self":[{"href":"https:\/\/marieclaire.be\/fr\/wp-json\/wp\/v2\/posts\/135011","targetHints":{"allow":["GET"]}}],"collection":[{"href":"https:\/\/marieclaire.be\/fr\/wp-json\/wp\/v2\/posts"}],"about":[{"href":"https:\/\/marieclaire.be\/fr\/wp-json\/wp\/v2\/types\/post"}],"author":[{"embeddable":true,"href":"https:\/\/marieclaire.be\/fr\/wp-json\/wp\/v2\/users\/2"}],"replies":[{"embeddable":true,"href":"https:\/\/marieclaire.be\/fr\/wp-json\/wp\/v2\/comments?post=135011"}],"version-history":[{"count":8,"href":"https:\/\/marieclaire.be\/fr\/wp-json\/wp\/v2\/posts\/135011\/revisions"}],"predecessor-version":[{"id":142385,"href":"https:\/\/marieclaire.be\/fr\/wp-json\/wp\/v2\/posts\/135011\/revisions\/142385"}],"wp:featuredmedia":[{"embeddable":true,"href":"https:\/\/marieclaire.be\/fr\/wp-json\/wp\/v2\/media\/142384"}],"wp:attachment":[{"href":"https:\/\/marieclaire.be\/fr\/wp-json\/wp\/v2\/media?parent=135011"}],"wp:term":[{"taxonomy":"category","embeddable":true,"href":"https:\/\/marieclaire.be\/fr\/wp-json\/wp\/v2\/categories?post=135011"},{"taxonomy":"post_tag","embeddable":true,"href":"https:\/\/marieclaire.be\/fr\/wp-json\/wp\/v2\/tags?post=135011"}],"curies":[{"name":"wp","href":"https:\/\/api.w.org\/{rel}","templated":true}]}}