{"id":134038,"date":"2024-03-02T16:00:14","date_gmt":"2024-03-02T15:00:14","guid":{"rendered":"https:\/\/marieclaire.be\/fr\/?p=134038"},"modified":"2024-02-27T16:02:03","modified_gmt":"2024-02-27T15:02:03","slug":"une-premiere-legislation-europeenne-pour-proteger-les-femmes-contre-la-violence","status":"publish","type":"post","link":"https:\/\/marieclaire.be\/fr\/une-premiere-legislation-europeenne-pour-proteger-les-femmes-contre-la-violence\/","title":{"rendered":"Une premi\u00e8re l\u00e9gislation europ\u00e9enne pour prot\u00e9ger les femmes contre la violence"},"content":{"rendered":"","protected":false},"excerpt":{"rendered":"Dans l\u2019UE, une femme sur trois a subi des violences physiques ou sexuelles, le plus souvent du fait du partenaire intime. ...","protected":false},"author":44,"featured_media":134043,"comment_status":"closed","ping_status":"closed","sticky":false,"template":"","format":"standard","meta":{"_acf_changed":false,"footnotes":""},"categories":[27,1434],"tags":[],"class_list":["post-134038","post","type-post","status-publish","format-standard","has-post-thumbnail","hentry","category-combats-de-femme","category-societe"],"acf":[],"_yoast_wpseo_title":"Une premi\u00e8re l\u00e9gislation europ\u00e9enne pour prot\u00e9ger les femmes %%page%% %%sep%% %%sitename%%","_yoast_wpseo_metadesc":"Dans l\u2019UE, une femme sur trois a subi des violences physiques ou sexuelles, le plus souvent du fait du partenaire intime...","image_verticale":"134040","yoast_head":"<!-- This site is optimized with the Yoast SEO plugin v27.3 - https:\/\/yoast.com\/product\/yoast-seo-wordpress\/ -->\n<title>Une premi\u00e8re l\u00e9gislation europ\u00e9enne pour prot\u00e9ger les femmes - Marie Claire Belgique<\/title>\n<meta name=\"description\" content=\"Dans l\u2019UE, une femme sur trois a subi des violences physiques ou sexuelles, le plus souvent du fait du partenaire intime...\" \/>\n<meta name=\"robots\" content=\"index, follow, max-snippet:-1, max-image-preview:large, max-video-preview:-1\" \/>\n<link rel=\"canonical\" href=\"https:\/\/marieclaire.be\/fr\/une-premiere-legislation-europeenne-pour-proteger-les-femmes-contre-la-violence\/\" \/>\n<meta property=\"og:locale\" content=\"fr_FR\" \/>\n<meta property=\"og:type\" content=\"article\" \/>\n<meta property=\"og:title\" content=\"Une premi\u00e8re l\u00e9gislation europ\u00e9enne pour prot\u00e9ger les femmes - Marie Claire Belgique\" \/>\n<meta property=\"og:description\" content=\"Dans l\u2019UE, une femme sur trois a subi des violences physiques ou sexuelles, le plus souvent du fait du partenaire intime...\" \/>\n<meta property=\"og:url\" content=\"https:\/\/marieclaire.be\/fr\/une-premiere-legislation-europeenne-pour-proteger-les-femmes-contre-la-violence\/\" \/>\n<meta property=\"og:site_name\" content=\"Marie Claire Belgique\" \/>\n<meta property=\"article:publisher\" content=\"https:\/\/www.facebook.com\/MarieClaire.Belgique\/\" \/>\n<meta property=\"article:published_time\" content=\"2024-03-02T15:00:14+00:00\" \/>\n<meta property=\"og:image\" content=\"https:\/\/marieclaire.be\/fr\/wp-content\/uploads\/2024\/02\/admin-ajaxphp.jpeg\" \/>\n\t<meta property=\"og:image:width\" content=\"400\" \/>\n\t<meta property=\"og:image:height\" content=\"209\" \/>\n\t<meta property=\"og:image:type\" content=\"image\/jpeg\" \/>\n<meta name=\"author\" content=\"Marie Claire Partenaire\" \/>\n<meta name=\"twitter:label1\" content=\"\u00c9crit par\" \/>\n\t<meta name=\"twitter:data1\" content=\"Marie Claire Partenaire\" \/>\n\t<meta name=\"twitter:label2\" content=\"Dur\u00e9e de lecture estim\u00e9e\" \/>\n\t<meta name=\"twitter:data2\" content=\"4 minutes\" \/>\n<script type=\"application\/ld+json\" class=\"yoast-schema-graph\">{\"@context\":\"https:\\\/\\\/schema.org\",\"@graph\":[{\"@type\":\"NewsArticle\",\"@id\":\"https:\\\/\\\/marieclaire.be\\\/fr\\\/une-premiere-legislation-europeenne-pour-proteger-les-femmes-contre-la-violence\\\/#article\",\"isPartOf\":{\"@id\":\"https:\\\/\\\/marieclaire.be\\\/fr\\\/une-premiere-legislation-europeenne-pour-proteger-les-femmes-contre-la-violence\\\/\"},\"author\":{\"name\":\"Marie Claire Partenaire\",\"@id\":\"https:\\\/\\\/marieclaire.be\\\/fr\\\/#\\\/schema\\\/person\\\/bdba51896db3a4a4d511b535c2bfb06c\"},\"headline\":\"Une premi\u00e8re l\u00e9gislation europ\u00e9enne pour prot\u00e9ger les femmes contre la violence\",\"datePublished\":\"2024-03-02T15:00:14+00:00\",\"mainEntityOfPage\":{\"@id\":\"https:\\\/\\\/marieclaire.be\\\/fr\\\/une-premiere-legislation-europeenne-pour-proteger-les-femmes-contre-la-violence\\\/\"},\"wordCount\":697,\"publisher\":{\"@id\":\"https:\\\/\\\/marieclaire.be\\\/fr\\\/#organization\"},\"image\":{\"@id\":\"https:\\\/\\\/marieclaire.be\\\/fr\\\/une-premiere-legislation-europeenne-pour-proteger-les-femmes-contre-la-violence\\\/#primaryimage\"},\"thumbnailUrl\":\"https:\\\/\\\/marieclaire.be\\\/fr\\\/wp-content\\\/uploads\\\/2024\\\/02\\\/admin-ajaxphp.jpeg\",\"articleSection\":[\"Combats de femmes\",\"Soci\u00e9t\u00e9\"],\"inLanguage\":\"fr-FR\"},{\"@type\":\"WebPage\",\"@id\":\"https:\\\/\\\/marieclaire.be\\\/fr\\\/une-premiere-legislation-europeenne-pour-proteger-les-femmes-contre-la-violence\\\/\",\"url\":\"https:\\\/\\\/marieclaire.be\\\/fr\\\/une-premiere-legislation-europeenne-pour-proteger-les-femmes-contre-la-violence\\\/\",\"name\":\"Une premi\u00e8re l\u00e9gislation europ\u00e9enne pour prot\u00e9ger les femmes - Marie Claire Belgique\",\"isPartOf\":{\"@id\":\"https:\\\/\\\/marieclaire.be\\\/fr\\\/#website\"},\"primaryImageOfPage\":{\"@id\":\"https:\\\/\\\/marieclaire.be\\\/fr\\\/une-premiere-legislation-europeenne-pour-proteger-les-femmes-contre-la-violence\\\/#primaryimage\"},\"image\":{\"@id\":\"https:\\\/\\\/marieclaire.be\\\/fr\\\/une-premiere-legislation-europeenne-pour-proteger-les-femmes-contre-la-violence\\\/#primaryimage\"},\"thumbnailUrl\":\"https:\\\/\\\/marieclaire.be\\\/fr\\\/wp-content\\\/uploads\\\/2024\\\/02\\\/admin-ajaxphp.jpeg\",\"datePublished\":\"2024-03-02T15:00:14+00:00\",\"description\":\"Dans l\u2019UE, une femme sur trois a subi des violences physiques ou sexuelles, le plus souvent du fait du partenaire intime...\",\"breadcrumb\":{\"@id\":\"https:\\\/\\\/marieclaire.be\\\/fr\\\/une-premiere-legislation-europeenne-pour-proteger-les-femmes-contre-la-violence\\\/#breadcrumb\"},\"inLanguage\":\"fr-FR\",\"potentialAction\":[{\"@type\":\"ReadAction\",\"target\":[\"https:\\\/\\\/marieclaire.be\\\/fr\\\/une-premiere-legislation-europeenne-pour-proteger-les-femmes-contre-la-violence\\\/\"]}]},{\"@type\":\"ImageObject\",\"inLanguage\":\"fr-FR\",\"@id\":\"https:\\\/\\\/marieclaire.be\\\/fr\\\/une-premiere-legislation-europeenne-pour-proteger-les-femmes-contre-la-violence\\\/#primaryimage\",\"url\":\"https:\\\/\\\/marieclaire.be\\\/fr\\\/wp-content\\\/uploads\\\/2024\\\/02\\\/admin-ajaxphp.jpeg\",\"contentUrl\":\"https:\\\/\\\/marieclaire.be\\\/fr\\\/wp-content\\\/uploads\\\/2024\\\/02\\\/admin-ajaxphp.jpeg\",\"width\":400,\"height\":209,\"caption\":\"Un homme levant la main sur une femme\"},{\"@type\":\"BreadcrumbList\",\"@id\":\"https:\\\/\\\/marieclaire.be\\\/fr\\\/une-premiere-legislation-europeenne-pour-proteger-les-femmes-contre-la-violence\\\/#breadcrumb\",\"itemListElement\":[{\"@type\":\"ListItem\",\"position\":1,\"name\":\"Accueil\",\"item\":\"https:\\\/\\\/marieclaire.be\\\/fr\\\/\"},{\"@type\":\"ListItem\",\"position\":2,\"name\":\"Une premi\u00e8re l\u00e9gislation europ\u00e9enne pour prot\u00e9ger les femmes contre la violence\"}]},{\"@type\":\"WebSite\",\"@id\":\"https:\\\/\\\/marieclaire.be\\\/fr\\\/#website\",\"url\":\"https:\\\/\\\/marieclaire.be\\\/fr\\\/\",\"name\":\"Marie Claire Belgique\",\"description\":\"Marie Claire Belgique, le magazine du style et de l\u2019intelligence qui parle de mode, des tendances, de la beaut\u00e9, de l\u2019actualit\u00e9 et de la culture\",\"publisher\":{\"@id\":\"https:\\\/\\\/marieclaire.be\\\/fr\\\/#organization\"},\"potentialAction\":[{\"@type\":\"SearchAction\",\"target\":{\"@type\":\"EntryPoint\",\"urlTemplate\":\"https:\\\/\\\/marieclaire.be\\\/fr\\\/?s={search_term_string}\"},\"query-input\":{\"@type\":\"PropertyValueSpecification\",\"valueRequired\":true,\"valueName\":\"search_term_string\"}}],\"inLanguage\":\"fr-FR\"},{\"@type\":\"Organization\",\"@id\":\"https:\\\/\\\/marieclaire.be\\\/fr\\\/#organization\",\"name\":\"Marie Claire\",\"url\":\"https:\\\/\\\/marieclaire.be\\\/fr\\\/\",\"logo\":{\"@type\":\"ImageObject\",\"inLanguage\":\"fr-FR\",\"@id\":\"https:\\\/\\\/marieclaire.be\\\/fr\\\/#\\\/schema\\\/logo\\\/image\\\/\",\"url\":\"https:\\\/\\\/marieclaire.be\\\/fr\\\/wp-content\\\/uploads\\\/2018\\\/05\\\/mc-logo2.png\",\"contentUrl\":\"https:\\\/\\\/marieclaire.be\\\/fr\\\/wp-content\\\/uploads\\\/2018\\\/05\\\/mc-logo2.png\",\"width\":1001,\"height\":189,\"caption\":\"Marie Claire\"},\"image\":{\"@id\":\"https:\\\/\\\/marieclaire.be\\\/fr\\\/#\\\/schema\\\/logo\\\/image\\\/\"},\"sameAs\":[\"https:\\\/\\\/www.facebook.com\\\/MarieClaire.Belgique\\\/\",\"https:\\\/\\\/www.instagram.com\\\/marieclaire_belgique\\\/\",\"https:\\\/\\\/fr.pinterest.com\\\/marieclairebe\\\/\",\"https:\\\/\\\/www.youtube.com\\\/user\\\/BelgiumMarieClaire\"]},{\"@type\":\"Person\",\"@id\":\"https:\\\/\\\/marieclaire.be\\\/fr\\\/#\\\/schema\\\/person\\\/bdba51896db3a4a4d511b535c2bfb06c\",\"name\":\"Marie Claire Partenaire\",\"image\":{\"@type\":\"ImageObject\",\"inLanguage\":\"fr-FR\",\"@id\":\"https:\\\/\\\/marieclaire.be\\\/fr\\\/wp-content\\\/uploads\\\/2025\\\/02\\\/mclogo-300x3001-96x96.jpg\",\"url\":\"https:\\\/\\\/marieclaire.be\\\/fr\\\/wp-content\\\/uploads\\\/2025\\\/02\\\/mclogo-300x3001-96x96.jpg\",\"contentUrl\":\"https:\\\/\\\/marieclaire.be\\\/fr\\\/wp-content\\\/uploads\\\/2025\\\/02\\\/mclogo-300x3001-96x96.jpg\",\"caption\":\"Marie Claire Partenaire\"},\"url\":\"https:\\\/\\\/marieclaire.be\\\/fr\\\/author\\\/marie-claire-os\\\/\"}]}<\/script>\n<!-- \/ Yoast SEO plugin. -->","yoast_head_json":{"title":"Une premi\u00e8re l\u00e9gislation europ\u00e9enne pour prot\u00e9ger les femmes - Marie Claire Belgique","description":"Dans l\u2019UE, une femme sur trois a subi des violences physiques ou sexuelles, le plus souvent du fait du partenaire intime...","robots":{"index":"index","follow":"follow","max-snippet":"max-snippet:-1","max-image-preview":"max-image-preview:large","max-video-preview":"max-video-preview:-1"},"canonical":"https:\/\/marieclaire.be\/fr\/une-premiere-legislation-europeenne-pour-proteger-les-femmes-contre-la-violence\/","og_locale":"fr_FR","og_type":"article","og_title":"Une premi\u00e8re l\u00e9gislation europ\u00e9enne pour prot\u00e9ger les femmes - Marie Claire Belgique","og_description":"Dans l\u2019UE, une femme sur trois a subi des violences physiques ou sexuelles, le plus souvent du fait du partenaire intime...","og_url":"https:\/\/marieclaire.be\/fr\/une-premiere-legislation-europeenne-pour-proteger-les-femmes-contre-la-violence\/","og_site_name":"Marie Claire Belgique","article_publisher":"https:\/\/www.facebook.com\/MarieClaire.Belgique\/","article_published_time":"2024-03-02T15:00:14+00:00","og_image":[{"width":400,"height":209,"url":"https:\/\/marieclaire.be\/fr\/wp-content\/uploads\/2024\/02\/admin-ajaxphp.jpeg","type":"image\/jpeg"}],"author":"Marie Claire Partenaire","twitter_misc":{"\u00c9crit par":"Marie Claire Partenaire","Dur\u00e9e de lecture estim\u00e9e":"4 minutes"},"schema":{"@context":"https:\/\/schema.org","@graph":[{"@type":"NewsArticle","@id":"https:\/\/marieclaire.be\/fr\/une-premiere-legislation-europeenne-pour-proteger-les-femmes-contre-la-violence\/#article","isPartOf":{"@id":"https:\/\/marieclaire.be\/fr\/une-premiere-legislation-europeenne-pour-proteger-les-femmes-contre-la-violence\/"},"author":{"name":"Marie Claire Partenaire","@id":"https:\/\/marieclaire.be\/fr\/#\/schema\/person\/bdba51896db3a4a4d511b535c2bfb06c"},"headline":"Une premi\u00e8re l\u00e9gislation europ\u00e9enne pour prot\u00e9ger les femmes contre la violence","datePublished":"2024-03-02T15:00:14+00:00","mainEntityOfPage":{"@id":"https:\/\/marieclaire.be\/fr\/une-premiere-legislation-europeenne-pour-proteger-les-femmes-contre-la-violence\/"},"wordCount":697,"publisher":{"@id":"https:\/\/marieclaire.be\/fr\/#organization"},"image":{"@id":"https:\/\/marieclaire.be\/fr\/une-premiere-legislation-europeenne-pour-proteger-les-femmes-contre-la-violence\/#primaryimage"},"thumbnailUrl":"https:\/\/marieclaire.be\/fr\/wp-content\/uploads\/2024\/02\/admin-ajaxphp.jpeg","articleSection":["Combats de femmes","Soci\u00e9t\u00e9"],"inLanguage":"fr-FR"},{"@type":"WebPage","@id":"https:\/\/marieclaire.be\/fr\/une-premiere-legislation-europeenne-pour-proteger-les-femmes-contre-la-violence\/","url":"https:\/\/marieclaire.be\/fr\/une-premiere-legislation-europeenne-pour-proteger-les-femmes-contre-la-violence\/","name":"Une premi\u00e8re l\u00e9gislation europ\u00e9enne pour prot\u00e9ger les femmes - Marie Claire Belgique","isPartOf":{"@id":"https:\/\/marieclaire.be\/fr\/#website"},"primaryImageOfPage":{"@id":"https:\/\/marieclaire.be\/fr\/une-premiere-legislation-europeenne-pour-proteger-les-femmes-contre-la-violence\/#primaryimage"},"image":{"@id":"https:\/\/marieclaire.be\/fr\/une-premiere-legislation-europeenne-pour-proteger-les-femmes-contre-la-violence\/#primaryimage"},"thumbnailUrl":"https:\/\/marieclaire.be\/fr\/wp-content\/uploads\/2024\/02\/admin-ajaxphp.jpeg","datePublished":"2024-03-02T15:00:14+00:00","description":"Dans l\u2019UE, une femme sur trois a subi des violences physiques ou sexuelles, le plus souvent du fait du partenaire intime...","breadcrumb":{"@id":"https:\/\/marieclaire.be\/fr\/une-premiere-legislation-europeenne-pour-proteger-les-femmes-contre-la-violence\/#breadcrumb"},"inLanguage":"fr-FR","potentialAction":[{"@type":"ReadAction","target":["https:\/\/marieclaire.be\/fr\/une-premiere-legislation-europeenne-pour-proteger-les-femmes-contre-la-violence\/"]}]},{"@type":"ImageObject","inLanguage":"fr-FR","@id":"https:\/\/marieclaire.be\/fr\/une-premiere-legislation-europeenne-pour-proteger-les-femmes-contre-la-violence\/#primaryimage","url":"https:\/\/marieclaire.be\/fr\/wp-content\/uploads\/2024\/02\/admin-ajaxphp.jpeg","contentUrl":"https:\/\/marieclaire.be\/fr\/wp-content\/uploads\/2024\/02\/admin-ajaxphp.jpeg","width":400,"height":209,"caption":"Un homme levant la main sur une femme"},{"@type":"BreadcrumbList","@id":"https:\/\/marieclaire.be\/fr\/une-premiere-legislation-europeenne-pour-proteger-les-femmes-contre-la-violence\/#breadcrumb","itemListElement":[{"@type":"ListItem","position":1,"name":"Accueil","item":"https:\/\/marieclaire.be\/fr\/"},{"@type":"ListItem","position":2,"name":"Une premi\u00e8re l\u00e9gislation europ\u00e9enne pour prot\u00e9ger les femmes contre la violence"}]},{"@type":"WebSite","@id":"https:\/\/marieclaire.be\/fr\/#website","url":"https:\/\/marieclaire.be\/fr\/","name":"Marie Claire Belgique","description":"Marie Claire Belgique, le magazine du style et de l\u2019intelligence qui parle de mode, des tendances, de la beaut\u00e9, de l\u2019actualit\u00e9 et de la culture","publisher":{"@id":"https:\/\/marieclaire.be\/fr\/#organization"},"potentialAction":[{"@type":"SearchAction","target":{"@type":"EntryPoint","urlTemplate":"https:\/\/marieclaire.be\/fr\/?s={search_term_string}"},"query-input":{"@type":"PropertyValueSpecification","valueRequired":true,"valueName":"search_term_string"}}],"inLanguage":"fr-FR"},{"@type":"Organization","@id":"https:\/\/marieclaire.be\/fr\/#organization","name":"Marie Claire","url":"https:\/\/marieclaire.be\/fr\/","logo":{"@type":"ImageObject","inLanguage":"fr-FR","@id":"https:\/\/marieclaire.be\/fr\/#\/schema\/logo\/image\/","url":"https:\/\/marieclaire.be\/fr\/wp-content\/uploads\/2018\/05\/mc-logo2.png","contentUrl":"https:\/\/marieclaire.be\/fr\/wp-content\/uploads\/2018\/05\/mc-logo2.png","width":1001,"height":189,"caption":"Marie Claire"},"image":{"@id":"https:\/\/marieclaire.be\/fr\/#\/schema\/logo\/image\/"},"sameAs":["https:\/\/www.facebook.com\/MarieClaire.Belgique\/","https:\/\/www.instagram.com\/marieclaire_belgique\/","https:\/\/fr.pinterest.com\/marieclairebe\/","https:\/\/www.youtube.com\/user\/BelgiumMarieClaire"]},{"@type":"Person","@id":"https:\/\/marieclaire.be\/fr\/#\/schema\/person\/bdba51896db3a4a4d511b535c2bfb06c","name":"Marie Claire Partenaire","image":{"@type":"ImageObject","inLanguage":"fr-FR","@id":"https:\/\/marieclaire.be\/fr\/wp-content\/uploads\/2025\/02\/mclogo-300x3001-96x96.jpg","url":"https:\/\/marieclaire.be\/fr\/wp-content\/uploads\/2025\/02\/mclogo-300x3001-96x96.jpg","contentUrl":"https:\/\/marieclaire.be\/fr\/wp-content\/uploads\/2025\/02\/mclogo-300x3001-96x96.jpg","caption":"Marie Claire Partenaire"},"url":"https:\/\/marieclaire.be\/fr\/author\/marie-claire-os\/"}]}},"_links":{"self":[{"href":"https:\/\/marieclaire.be\/fr\/wp-json\/wp\/v2\/posts\/134038","targetHints":{"allow":["GET"]}}],"collection":[{"href":"https:\/\/marieclaire.be\/fr\/wp-json\/wp\/v2\/posts"}],"about":[{"href":"https:\/\/marieclaire.be\/fr\/wp-json\/wp\/v2\/types\/post"}],"author":[{"embeddable":true,"href":"https:\/\/marieclaire.be\/fr\/wp-json\/wp\/v2\/users\/44"}],"replies":[{"embeddable":true,"href":"https:\/\/marieclaire.be\/fr\/wp-json\/wp\/v2\/comments?post=134038"}],"version-history":[{"count":7,"href":"https:\/\/marieclaire.be\/fr\/wp-json\/wp\/v2\/posts\/134038\/revisions"}],"predecessor-version":[{"id":134059,"href":"https:\/\/marieclaire.be\/fr\/wp-json\/wp\/v2\/posts\/134038\/revisions\/134059"}],"wp:featuredmedia":[{"embeddable":true,"href":"https:\/\/marieclaire.be\/fr\/wp-json\/wp\/v2\/media\/134043"}],"wp:attachment":[{"href":"https:\/\/marieclaire.be\/fr\/wp-json\/wp\/v2\/media?parent=134038"}],"wp:term":[{"taxonomy":"category","embeddable":true,"href":"https:\/\/marieclaire.be\/fr\/wp-json\/wp\/v2\/categories?post=134038"},{"taxonomy":"post_tag","embeddable":true,"href":"https:\/\/marieclaire.be\/fr\/wp-json\/wp\/v2\/tags?post=134038"}],"curies":[{"name":"wp","href":"https:\/\/api.w.org\/{rel}","templated":true}]}}